{"id":1045,"date":"2026-03-04T00:00:47","date_gmt":"2026-03-04T05:00:47","guid":{"rendered":"https:\/\/amblima.esteri.it\/news\/dall_ambasciata\/2020\/03\/ultima-notizia-emergenza-covid-2\/"},"modified":"2026-03-09T13:44:01","modified_gmt":"2026-03-09T18:44:01","slug":"ultima-notizia-emergenza-covid-2","status":"publish","type":"post","link":"https:\/\/amblima.esteri.it\/es\/news\/dall_ambasciata\/2026\/03\/ultima-notizia-emergenza-covid-2\/","title":{"rendered":"PER\u00da: SITUACI\u00d3N DE EMERGENCIA"},"content":{"rendered":"<p style=\"text-align: justify;\">Se invitan a todos los ciudadanos italianos presentes temporalmente en Per\u00fa por cualquier motivo a registrar su presencia en el portal \u00ab<a href=\"https:\/\/www.dovesiamonelmondo.it\/home.html\"><strong>Dove Siamo nel Mondo<\/strong><\/a>\u00bb (<a href=\"https:\/\/www.dovesiamonelmondo.it\/home.html\">https:\/\/www.dovesiamonelmondo.it\/home.html<\/a>) y a consultar peri\u00f3dicamente la p\u00e1gina de <a href=\"http%20:%20\/www.viaggiaresicuri.it\/country\/PER\"><strong>Viaggiare Sicur<\/strong><\/a>i (<a href=\"http:\/\/www.viaggiaresicuri.it\/country\/PER\">http:\/\/www.viaggiaresicuri.it\/country\/PER<\/a>). Para obtener m\u00e1s informaci\u00f3n sobre los regresos a Italia y descargar la Autocertificaci\u00f3n para la entrada en Italia, consulte el sitio web del Ministro de Asuntos Exteriores y Cooperaci\u00f3n Internacional en el Focus <em>sui rientri dall\u2019estero<\/em> (<a href=\"https:\/\/www.esteri.it\/mae\/it\/ministero\/normativaonline\/decreto-iorestoacasa-frequent-questions\/focus-cittadini-italiani-in-rientro-dall-estero-and-cittadini-tranieri-in-italia.html\">https:\/\/www.esteri.it\/mae\/it\/ministero\/normativaonline\/decreto-iorestoacasa-frequent-questions\/focus-cittadini-italiani-in-rientro-dall-estero-and-cittadini-tranieri-in-italia.html<\/a>), as\u00ed como la p\u00e1gina web del Ministerio de Salud\u00a0(<a href=\"https:\/\/www.salute.gov.it\/portale\/nuovocoronavirus\/dettaglioContenutiNuovoCoronavirus.jsp?lingua=italiano&amp;id=5411&amp;area=nuovoCoronavirus&amp;menu=vuoto\">https:\/\/www.salute.gov.it\/portale\/nuovocoronavirus\/dettaglioContenutiNuovoCoronavirus.jsp?lingua=italiano&amp;id=5411&amp;area=nuovoCoronavirus&amp;menu=vuoto<\/a>)<\/p>\n<p style=\"text-align: justify;\">Con respecto a los viajes a Italia, se recuerda que, a partir del 1 de junio de 2022, ya no se exige el Green Pass u otro certificado equivalente para la entrada \/ regreso a Italia desde el extranjero. Para obtener mayor informaci\u00f3n, s\u00edrvase visitar la secci\u00f3n \u00abapprofondimenti\u00bb (<a href=\"https:\/\/www.viaggiaresicuri.it\/approfondimenti-insights\/saluteinviaggio\">https:\/\/www.viaggiaresicuri.it\/approfondimenti-insights\/saluteinviaggio<\/a>) del portal ViaggiareSicuri.<\/p>\n<p>&nbsp;<\/p>\n<h4><span style=\"text-decoration: underline;\"><strong>ACTUALIZACI\u00d3N 4 DE MARZO DE 2026<\/strong><\/span><\/h4>\n<p style=\"text-align: justify;\">Se informa a los ciudadanos italianos presentes en Per\u00fa que, mediante el <a href=\"https:\/\/busquedas.elperuano.pe\/dispositivo\/NL\/2491454-1\"><strong>Decreto Supremo N.\u00ba 027-2026-PCM<\/strong><\/a>, el Gobierno peruano ha dispuesto <strong>el<\/strong> <strong>estado de emergencia<\/strong> <strong>en Lima Metropolitana y la Provincia Constitucional del Callao por 30 d\u00edas<\/strong>, <strong>desde el 28 de febrero<\/strong><strong>.<\/strong> Entre las medidas adoptadas ha sido establecido el apoyo de las Fuerzas Armadas a la Polic\u00eda Nacional del Per\u00fa en el control del orden interno, la restricci\u00f3n de reuni\u00f3n, patrullas en los paraderos de transporte p\u00fablico, as\u00ed como operaciones m\u00e1s frecuentes de control de identidad. Por lo tanto, se recomienda mantener la m\u00e1xima precauci\u00f3n en los desplazamientos y seguir estrictamente las indicaciones de las autoridades locales.<\/p>\n<p style=\"text-align: justify;\"><strong>Solo<\/strong> en caso de emergencias graves y de amenaza a la seguridad de los ciudadanos italianos, est\u00e1 activo el n\u00famero 997 232 073 (desde Italia +51 997 232 073), disponible las 24 horas del d\u00eda, los 7 d\u00edas de la semana.<\/p>\n<p style=\"text-align: justify;\"><strong>El personal de turno no responder\u00e1 a solicitudes de informaci\u00f3n de car\u00e1cter consular.<\/strong><\/p>\n<p>&nbsp;<\/p>\n<p style=\"text-align: justify;\"><span style=\"text-decoration: underline;\"><strong>ACTUALIZACI\u00d3N 26 DE ENERO DE 2026<\/strong><\/span><\/p>\n<p style=\"text-align: justify;\">Se informa a los ciudadanos italianos presentes en Per\u00fa que, mediante el <strong><a href=\"https:\/\/busquedas.elperuano.pe\/dispositivo\/NL\/2478087-2\">Decreto Supremo N.\u00ba 006-2026-PCM<\/a><\/strong>, el Gobierno peruano ha <span style=\"text-decoration: underline;\">ampliado<\/span>, <strong>desde el 20 de enero hasta el 19 de febrero 2026, el<\/strong> <strong>estado de emergencia<\/strong> <strong>en Lima Metropolitana y la Provincia Constitucional del Callao<\/strong><strong>.<\/strong> Se confirman las medidas adoptadas previamente con respecto al apoyo de las Fuerzas Armadas a la Polic\u00eda Nacional del Per\u00fa en el control del orden interno, la restricci\u00f3n de reuni\u00f3n, patrullas en los paraderos de transporte p\u00fablico y, en las zonas cr\u00edticas, la prohibici\u00f3n de circular con dos adultos en una motocicleta, as\u00ed como operaciones m\u00e1s frecuentes de control de identidad. Por lo tanto, se recomienda mantener la m\u00e1xima precauci\u00f3n en los desplazamientos y seguir estrictamente las indicaciones de las autoridades locales.<\/p>\n<p><strong>Solo<\/strong> en caso de emergencias graves y de amenaza a la seguridad de los ciudadanos italianos, est\u00e1 activo el n\u00famero 997 232 073 (desde Italia +51 997 232 073), disponible las 24 horas del d\u00eda, los 7 d\u00edas de la semana.<\/p>\n<p><strong>El personal de turno no responder\u00e1 a solicitudes de informaci\u00f3n de car\u00e1cter consular.<\/strong><\/p>\n<p>&nbsp;<\/p>\n<p><span style=\"text-decoration: underline;\"><strong>ACTUALIZACI\u00d3N 22 DE DICIEMBRE DE 2025<\/strong><\/span><\/p>\n<p style=\"text-align: justify;\">Se informa a los ciudadanos italianos presentes en Per\u00fa que, mediante el <a href=\"https:\/\/busquedas.elperuano.pe\/dispositivo\/NL\/2470573-1\">Decreto Supremo N\u00ba 140-2025-PCM<\/a>, el Gobierno peruano ha <strong>ampliado<\/strong>, a partir del domingo 21 de diciembre de 2025, el <strong>estado de emergencia<\/strong> <strong>en Lima Metropolitana y la Provincia Constitucional del Callao <\/strong> <strong>por un per\u00edodo de 30 d\u00edas.<\/strong> Se confirman las medidas adoptadas previamente con respecto al apoyo de las Fuerzas Armadas a la Polic\u00eda Nacional del Per\u00fa en el control del orden interno, la restricci\u00f3n de reuni\u00f3n, patrullas en los paraderos de transporte p\u00fablico y, en las zonas cr\u00edticas, la prohibici\u00f3n de circular con dos adultos en una motocicleta, as\u00ed como operaciones m\u00e1s frecuentes de control de identidad. Por lo tanto, se recomienda mantener la m\u00e1xima precauci\u00f3n en los desplazamientos y seguir estrictamente las indicaciones de las autoridades locales.<\/p>\n<p style=\"text-align: justify;\"><strong>Solo<\/strong> en caso de emergencias graves y de amenaza a la seguridad de los ciudadanos italianos, est\u00e1 activo el n\u00famero 997 232 073 (desde Italia +51 997 232 073), disponible las 24 horas del d\u00eda, los 7 d\u00edas de la semana.<\/p>\n<p style=\"text-align: justify;\"><strong>El personal de turno no responder\u00e1 a solicitudes de informaci\u00f3n de car\u00e1cter consular.<\/strong><\/p>\n<p>&nbsp;<\/p>\n<p style=\"text-align: justify;\"><span style=\"text-decoration: underline;\"><strong>ACTUALIZACI\u00d3N 21 DE NOVIEMBRE DE 2025<\/strong><\/span><\/p>\n<p style=\"text-align: justify;\">Se informa a los ciudadanos italianos presentes en Per\u00fa que, mediante el <a href=\"https:\/\/busquedas.elperuano.pe\/dispositivo\/NL\/2460562-1\">Decreto Supremo N\u00ba 132-2025-PCM<\/a>, el Gobierno peruano ha <strong>ampliado<\/strong>, a partir del viernes 21 de noviembre de 2025, el <strong>estado de emergencia<\/strong> <strong>en Lima Metropolitana y la Provincia Constitucional del Callao <\/strong> <strong>por un per\u00edodo de 30 d\u00edas.<\/strong> Se confirman las medidas adoptadas previamente en relaci\u00f3n con el apoyo de las Fuerzas Armadas a la Polic\u00eda Nacional del Per\u00fa en el control del orden interno, la restricci\u00f3n de reuni\u00f3n, patrullas en los paraderos de transporte p\u00fablico y, en las zonas cr\u00edticas, la prohibici\u00f3n de circular con dos adultos en una motocicleta, as\u00ed como operaciones m\u00e1s frecuentes de control de identidad. Por lo tanto, se recomienda mantener la m\u00e1xima precauci\u00f3n en los desplazamientos y seguir estrictamente las indicaciones de las autoridades locales.<\/p>\n<p style=\"text-align: justify;\"><span style=\"text-decoration: underline;\">Solo<\/span> en caso de emergencias graves y de amenaza a la seguridad de los ciudadanos italianos, est\u00e1 activo el n\u00famero 997 232 073 (desde Italia +51 997 232 073), disponible las 24 horas del d\u00eda, los 7 d\u00edas de la semana. <span style=\"text-decoration: underline;\">El operador de turno no responder\u00e1 a solicitudes de informaci\u00f3n de car\u00e1cter consular.<\/span><\/p>\n<p>&nbsp;<\/p>\n<p><span style=\"text-decoration: underline;\"><strong>ACTUALIZACI\u00d3N 22 DE OCTUBRE DE 2025<\/strong><\/span><\/p>\n<p style=\"text-align: justify;\">Se informa a los ciudadanos italianos presentes en Per\u00fa que, tras el notable aumento de la delincuencia organizada en Lima, <strong>el Gobierno del Per\u00fa ha declarado, mediante <a href=\"https:\/\/busquedas.elperuano.pe\/dispositivo\/NL\/2450678-1\">Decreto Supremo N\u00ba 124-2025-PCM<\/a>, a partir de la medianoche del mi\u00e9rcoles 22 de octubre de 2025, el estado de emergencia en Lima Metropolitana y la Provincia Constitucional del Callao por un per\u00edodo de 30 d\u00edas.<\/strong> Entre las medidas aprobadas, se prev\u00e9 el apoyo de las Fuerzas Armadas a la Polic\u00eda Nacional del Per\u00fa en el control del orden interno, la restricci\u00f3n de reuni\u00f3n, patrullas en los paraderos de transporte p\u00fablico y, en las zonas cr\u00edticas, la prohibici\u00f3n de circular con dos adultos en una motocicleta y operativos m\u00e1s frecuentes finalizados al control de identidad. Por lo tanto, se recomienda mantener la m\u00e1xima precauci\u00f3n en los desplazamientos y seguir estrictamente las indicaciones de las autoridades locales.<\/p>\n<p style=\"text-align: justify;\"><u>Solo<\/u> en caso de emergencias graves y de amenaza para la seguridad de los ciudadanos italianos, se encuentra activo el n\u00famero 997 232 073 (desde Italia +51 997 232 073), disponible h 24\/7. <u>El operador de turno no responder\u00e1 a solicitudes de informaci\u00f3n de car\u00e1cter consular.<\/u><\/p>\n<p>&nbsp;<\/p>\n<p><span style=\"text-decoration: underline;\"><strong>ACTUALIZACI\u00d3N 17 DE OCTUBRE DE 2025<\/strong><\/span><\/p>\n<p style=\"text-align: justify;\"><strong>ALERTA \u2013 ESTADO DE EMERGENCIA EN LIMA METROPOLITANA<\/strong><\/p>\n<p style=\"text-align: justify;\">Se informa a los ciudadanos italianos presentes en Per\u00fa que, tras el notable aumento de la delincuencia organizada en Lima, el Gobierno peruano declarar\u00e1 el estado de emergencia. Por lo tanto, se recomienda mantener la m\u00e1xima precauci\u00f3n en los desplazamientos y seguir las indicaciones de las autoridades locales, evitando las zonas (centro hist\u00f3rico de Lima y \u00e1reas cercanas a los edificios institucionales) en las que se prev\u00e9n manifestaciones, que a menudo pueden derivar en episodios de violencia, como ocurri\u00f3 el pasado 15 de octubre en Cercado de Lima, con el balance de un muerto y unos 100 heridos.<\/p>\n<p style=\"text-align: justify;\">Esta Embajada seguir\u00e1 monitoreando la situaci\u00f3n y proporcionar\u00e1 m\u00e1s informaci\u00f3n sobre las medidas adoptadas por el Gobierno peruano.<\/p>\n<p style=\"text-align: justify;\"><span style=\"text-decoration: underline;\">Solo<\/span> en caso de emergencias graves y de amenaza para la seguridad de los ciudadanos italianos, se encuentra activo el n\u00famero 997 232 073 (desde Italia +51 997 232 073), disponible h 24\/7. <span style=\"text-decoration: underline;\">El operador de turno no responder\u00e1 a solicitudes de informaci\u00f3n de car\u00e1cter consular.<\/span><\/p>\n<p style=\"text-align: justify;\"><span style=\"text-decoration: underline;\"><strong>AGGIORNAMENTO 8 LUGLIO 2025<\/strong><\/span><\/p>\n<p style=\"text-align: justify;\"><strong>PERU\u2019: BLOCCO STRADALE SULLA PANAMERICANA SUD PER LE PROTESTE MESSE IN ATTO DAI MINATORI<\/strong><\/p>\n<p style=\"text-align: justify;\">Si segnala che, da venerd\u00ec 4 luglio, nove importanti tratti di strada in varie regioni del Per\u00f9 sono attualmente bloccati a causa della protesta dei minatori associati alla Confederazione nazionale delle piccole miniere artigianali del Per\u00f9 (Confemin) contro le misure adottate dall\u2019Esecutivo per combattere il fenomeno dell\u2019estrazione mineraria illegale. Tali blocchi stradali, in particolare sull&#8217;Autostrada Panamericana Sud, nel tratto che attraversa la provincia di Nasca (nella regione di Ica), stanno interessando autobus interprovinciali, bus turistici e mezzi pesanti. Una lunga fila di circa 2.000 veicoli &#8211; provenienti da regioni come Moquegua, Arequipa, Puno e Tacna &#8211; si estende per almeno 2 km, con autisti e utenti a bordo delle unit\u00e0 a cui viene impedito di procedere normalmente. Mentre i manifestanti continuano a bloccare l\u2019Autostrada al chilometro 440, in particolare all&#8217;accesso alla citt\u00e0 di Nasca, si segnalano al contempo alcuni temporanei allentamenti del blocco stradale che ha permesso al flusso di auto, autobus interprovinciali e camion merci di rimettersi in marcia, seppur a rilento. A causa di questa situazione, viaggi come quello tra la citt\u00e0 di Arequipa e la capitale, per i quali solitamente si impiegano tra le 15 e le 16 ore, possono richiedere attualmente oltre due giorni, dovuto all\u2019attesa di un allentamento temporaneo concesso dai manifestanti o al passaggio attraverso vie alternative.<\/p>\n<p><span style=\"text-decoration: underline;\"><strong>ACTUALIZACI\u00d3N MARZO 2025<\/strong><\/span><\/p>\n<p style=\"text-align: justify;\">Debido al incremento de la delincuencia y a los episodios de extorsi\u00f3n a empresarios, instituciones educativas y ciudadanos en general a manos de organizaciones criminales, el 16 de marzo de 2025 se decret\u00f3 el estado de emergencia en la provincia de Lima y en la provincia constitucional del Callao (en virtud del cual se podr\u00edan aplicar restricciones a las libertades de los individuos y se prev\u00e9 que las Fuerzas Armadas apoyen a la Polic\u00eda Nacional en la supervisi\u00f3n y protecci\u00f3n del orden p\u00fablico). Por consiguiente, se recomienda mantener <strong>extrema precauci\u00f3n<\/strong>, en especial al desplazarse por las zonas perif\u00e9ricas de la capital y zonas aleda\u00f1as, as\u00ed como seguir estrictamente las indicaciones de las autoridades locales.<\/p>\n<p style=\"text-align: justify;\">El 20 de febrero de 2025, las autoridades peruanas han declarado el estado de emergencia en varios distritos de veinte regiones del pa\u00eds (Amazonas, Ancash, Apur\u00edmac, Arequipa, Ayacucho, Cajamarca, Cusco, Huancavelica, Hu\u00e1nuco, Ica, Jun\u00edn, La Libertad, Lima, Loreto, Madre de Dios, Piura, Puno, San Mart\u00edn, Tacna y Ucayali), debido a los da\u00f1os causados por las intensas precipitaciones. Las fuertes lluvias podr\u00edan causar deslizamientos de rocas, desbordamientos de r\u00edos, huaicos y el colapso de puentes e infraestructuras, lo que podr\u00eda ocasionar el cierre imprevisto de carreteras, autopistas y rutas de excursi\u00f3n, sobre todo en las regiones m\u00e1s internas.<\/p>\n<p style=\"text-align: justify;\">El Gobierno peruano ha anunciado asimismo el <span style=\"text-decoration: underline;\">cierre temporal del Camino Inca hasta el 31 de marzo de 2025<\/span>, debido a las condiciones meteorol\u00f3gicas extremas. El cierre se debe a los crecientes peligros para los visitantes provocados por las fuertes lluvias de la temporada, que han causado deslizamientos y desprendimientos en toda la regi\u00f3n. Las atracciones tur\u00edsticas cercanas, como la laguna Humantay y el camino de Salkantay, tambi\u00e9n se han visto afectadas por los desprendimientos, que en algunos casos han dejado a los excursionistas varados durante largos periodos de tiempo. El gobierno regional ha informado de que tambi\u00e9n el camino de Salkantay est\u00e1 cerrado hasta nuevo aviso. Los turistas pueden a\u00fan acceder a Machu Picchu por rutas alternativas, ya que el sitio hist\u00f3rico permanece abierto. El sendero paisaj\u00edstico dentro de Machu Picchu (Ruta 1A) est\u00e1 cerrado debido a los deslizamientos de tierra hasta nuevo aviso.<\/p>\n<p style=\"text-align: justify;\">Se recomienda firmemente, a quienes tengan previsto un viaje a estas zonas, que sigan de forma escrupulosa las indicaciones de las autoridades locales, evitando las zonas y caminos afectados por fuertes lluvias o inundaciones, consultando la disponibilidad de rutas alternas, as\u00ed como manteni\u00e9ndose constantemente informados a trav\u00e9s de los medios de comunicaci\u00f3n del lugar.<\/p>\n<p style=\"text-align: justify;\">Se invita a todos los conciudadanos temporalmente presentes a descargar la APP \u00abViaggiare Sicuri\u00bb, activando la geolocalizaci\u00f3n, y a registrar su viaje en la p\u00e1gina web \u00abDove Siamo nel Mondo\u00bb.<\/p>\n<p style=\"text-align: justify;\">Los viajeros tambi\u00e9n pueden descargar la app de la Polic\u00eda de Turismo del Per\u00fa en su smartphone o laptop (POLTUR Lima Central 01 4601060; IPER\u00da WhatsApp +51 944492314; email proteccionalturista@mincetur.gob.pe ).<\/p>\n<p style=\"text-align: justify;\">Finalmente, se recuerda que, para emergencias comprobadas, la Embajada en Lima est\u00e1 disponible 24\/7 al n\u00famero de emergencia +51 997232073.<\/p>\n<p><span style=\"text-decoration: underline;\"><strong>ACTUALIZACI\u00d3N NOVIEMBRE 2024<\/strong><\/span><\/p>\n<p style=\"text-align: justify;\">Debido al aumento constante y generalizado de la delincuencia y a la presencia de movimientos de narcoterrorismo en amplias zonas del interior del Pa\u00eds, as\u00ed como a los riesgos relacionados con un alto nivel de conflicto social -que podr\u00eda generar incluso disturbios violentos- se recomienda extremar la precauci\u00f3n si se desea viajar a este pa\u00eds. Adem\u00e1s, a la fecha se encuentran en vigencia m\u00faltiples estados de emergencia en casi la totalidad del territorio peruano. Tales medidas restringen considerablemente las libertades de la persona, por lo que se recomienda leer atentamente el apartado \u00abAree di Particolare Cautela\u00bb del portal <a href=\"https:\/\/www.viaggiaresicuri.it\/find-country\/country\/PER\"><em>Viaggiare Sicuri<\/em><\/a>.<\/p>\n<p style=\"text-align: justify;\">En particular, debido a los alt\u00edsimos \u00edndices de criminalidad que ponen en riesgo la seguridad de todos los ciudadanos, las autoridades peruanas han declarado el estado de emergencia, con vigencia hasta el 26 de noviembre de 2024, en los distritos de Anc\u00f3n, Carabayllo, Comas, Independencia, Los Olivos, Lurigancho &#8211; Chosica, Puente Piedra, R\u00edmac, San Mart\u00edn de Porres, San Juan de Lurigancho, Santa Rosa, Villa El Salvador y Ventanilla en la Provincia Constitucional del Callao.<\/p>\n<p style=\"text-align: justify;\">En general, se sugiere mantener la m\u00e1xima precauci\u00f3n. En particular, evitar cualquier forma de aglomeraci\u00f3n, seguir las instrucciones de las autoridades locales y mantenerse en contacto con las autoridades locales, sobre todo en las zonas del interior del pa\u00eds, donde es poco probable que la ayuda llegue con prontitud dada la extensi\u00f3n de los terrenos y las complejas rutas de acceso.<\/p>\n<p style=\"text-align: justify;\">Finalmente, se invita a todos los conciudadanos que se encuentran temporalmente en Per\u00fa a descargar la APP \u00abViaggiare Sicuri\u00bb y activar la geolocalizaci\u00f3n, adem\u00e1s de registrar su viaje en la p\u00e1gina web \u00abDove Siamo nel Mondo\u00bb. Para emergencias debidamente justificadas, la Embajada en Lima est\u00e1 disponible h 24\/7 al n\u00famero de emergencia +51 997232073. Los turistas tambi\u00e9n pueden descargar la aplicaci\u00f3n de la Polic\u00eda de Turismo del Per\u00fa en su smartphone o laptop (POLTUR Central Lima 01 4601060; IPER\u00da WhatsApp +51 944492314; email proteccionalturista@mincetur.gob.pe ).<\/p>\n<p style=\"text-align: justify;\">Finalmente, cabe resaltar que, para emergencias comprobadas, la Embajada en Lima est\u00e1 disponible 24\/7 al n\u00famero de emergencia +51 997232073.<\/p>\n<p style=\"text-align: justify;\"><span style=\"text-decoration: underline;\"><strong>PROTESTAS Y MARCHAS JULIO 2024<\/strong><\/span><\/p>\n<p style=\"text-align: justify;\">Se informa a los conciudadanos en Per\u00fa que con motivo de las pr\u00f3ximas fiestas patrias peruanas, se han convocado marchas y protestas en varias ciudades del pa\u00eds, por lo que se recomienda mantenerse siempre en contacto con las autoridades policiales locales. Ante la continua delicada situaci\u00f3n de seguridad, para lo cual se recomienda una atenta lectura de los avisos publicados en el portal Viaggiare Sicuri, se aconseja asimismo tener la m\u00e1xima precauci\u00f3n, evitar lugares concurridos y en todo caso utilizar de preferencia el transporte a\u00e9reo, ante los riesgos relacionados con los desplazamientos terrestres (posibles bloqueos de carreteras, asaltos, etc.), especialmente en zonas alejadas y\/o de dif\u00edcil acceso y en todo caso en zonas urbanas que pudieran verse involucradas en las manifestaciones antes mencionadas.<\/p>\n<p style=\"text-align: justify;\">Se invita a todos los conciudadanos temporalmente presentes a descargar la APP \u00abViaggiare Sicuri\u00bb, activando la geolocalizaci\u00f3n, y a registrar su viaje en la p\u00e1gina web \u00abDove Siamo nel Mondo\u00bb.<\/p>\n<p style=\"text-align: justify;\">Los viajeros tambi\u00e9n pueden descargar la app de la Polic\u00eda de Turismo del Per\u00fa en su smartphone o laptop (POLTUR Lima Central 01 4601060; IPER\u00da WhatsApp +51 944492314; email proteccionalturista@mincetur.gob.pe ).<\/p>\n<p style=\"text-align: justify;\">Finalmente, se recuerda que, para emergencias comprobadas, la Embajada en Lima est\u00e1 disponible 24\/7 al n\u00famero de emergencia +51 997232073.<\/p>\n<p style=\"text-align: justify;\"><span style=\"text-decoration: underline;\"><strong>ACTUALIZACI\u00d3N 21 DE JUNIO 2024<br \/>\n<\/strong><\/span><\/p>\n<p style=\"text-align: justify;\"><strong>PER\u00da: SITUACI\u00d3N GENERAL DE SEGURIDAD<\/strong><\/p>\n<p style=\"text-align: justify;\">Debido al aumento constante y generalizado de la delincuencia y a la presencia de movimientos de narcoterrorismo en amplias zonas del interior del Pa\u00eds, as\u00ed como a los riesgos relacionados con un alto nivel de conflicto social -que podr\u00eda generar incluso disturbios violentos- se recomienda extremar la precauci\u00f3n si se desea viajar a este pa\u00eds. Adem\u00e1s, a la fecha se encuentran en vigencia m\u00faltiples estados de emergencia en casi la totalidad del territorio peruano. Tales medidas restringen considerablemente las libertades de la persona, por lo que se recomienda leer atentamente el apartado \u00abzonas de especial precauci\u00f3n\u00bb de <a href=\"https:\/\/www.viaggiaresicuri.it\/find-country\/country\/PER\">esta p\u00e1gina<\/a>.<\/p>\n<p style=\"text-align: justify;\">Por lo tanto, con excepci\u00f3n del acceso al sitio hist\u00f3rico de Macchu Picchu, para el cual las v\u00edas de comunicaci\u00f3n hacia Cusco -a las que se llega por v\u00eda a\u00e9rea- se encuentran actualmente bajo control, se recomienda a los compatriotas evitar viajar a zonas del interior del pa\u00eds, o en todo caso de dif\u00edcil acceso, debido al deterioro de la situaci\u00f3n general de seguridad y en consideraci\u00f3n de la peligrosidad de la red vial y de la cordillera andina, as\u00ed como de las zonas perif\u00e9ricas de las principales ciudades, especialmente en las regiones fronterizas (Ecuador, Colombia, Brasil, Bolivia, Chile).<\/p>\n<p style=\"text-align: justify;\">En general, se sugiere mantener la m\u00e1xima precauci\u00f3n. En particular, evitar cualquier forma de aglomeraci\u00f3n, seguir las instrucciones de las autoridades locales y mantenerse en contacto con las autoridades locales, sobre todo en las zonas del interior del pa\u00eds, donde es poco probable que la ayuda llegue con prontitud dada la extensi\u00f3n de los terrenos y las complejas rutas de acceso.<\/p>\n<p style=\"text-align: justify;\">Finalmente, se invita a todos los conciudadanos que se encuentran temporalmente en Per\u00fa a descargar la APP \u00abViaggiare Sicuri\u00bb y activar la geolocalizaci\u00f3n, adem\u00e1s de registrar su viaje en la p\u00e1gina web \u00abDove Siamo nel Mondo\u00bb. Para emergencias debidamente justificadas, la Embajada en Lima est\u00e1 disponible h 24\/7 al n\u00famero de emergencia +51 997232073. Los turistas tambi\u00e9n pueden descargar la aplicaci\u00f3n de la Polic\u00eda de Turismo del Per\u00fa en su smartphone o laptop (POLTUR Central Lima 01 4601060; IPER\u00da WhatsApp +51 944492314; email proteccionalturista@mincetur.gob.pe ).<\/p>\n<p style=\"text-align: justify;\"><strong>PER\u00da: SITUACI\u00d3N SANITARIA<\/strong><\/p>\n<p style=\"text-align: justify;\">En parte debido al persistente fen\u00f3meno de \u00abEl Ni\u00f1o\u00bb, los casos de dengue han aumentado de forma alarmante y significativa en los \u00faltimos tres a\u00f1os en todo el pa\u00eds. Asimismo, a causa del extraordinario aumento del n\u00famero de contagios y a las correspondientes criticidades estructurales del sistema de salud peruano, a menudo en grave crisis, se recomienda a los viajeros tener la m\u00e1xima precauci\u00f3n y consultar detenidamente las secciones \u00abPrevenci\u00f3n\u00bb y \u00abRecomendaciones para viajeros\u00bb, publicadas en la p\u00e1gina web institucional del Ministerio de Salud del Gobierno italiano (https:\/\/www.salute.gov.it\/portale\/malattieInfettive\/dettaglioSchedeMalattieInfettive.jsp?lingua=italiano&amp;id=215&amp;area=Malattie%20infettive&amp;menu=indiceAZ&amp;tab=7 ).<\/p>\n<p style=\"text-align: justify;\">Por tal motivo, las autoridades peruanas han ampliado el estado de emergencia sanitaria en varias regiones del Per\u00fa (Decreto Supremo N\u00ba 012-2024-SA) hasta el 28 de julio de 2024. Esta medida se aplica a casi la totalidad de los siguientes departamentos: Amazonas, Ancash Amazonas, Ancash, Ayacucho, Cajamarca, Cusco, Hu\u00e1nuco, Ica, Jun\u00edn, La Libertad, Lambayeque, Lima, Loreto, Madre de Dios, Pasco, Piura, Puno, San Mart\u00edn, Tumbes, Ucayali y la Provincia Constitucional del Callao.<\/p>\n<p><span style=\"text-decoration: underline;\"><strong>ACTUALIZACI\u00d3N 28 DE MAYO 2024<\/strong><\/span><\/p>\n<p><span style=\"text-decoration: underline;\">PER\u00da: SITUACI\u00d3N SANITARIA<\/span><\/p>\n<p>Los casos de dengue en todo el pa\u00eds, debido tambi\u00e9n al fen\u00f3meno de \u00abEl Ni\u00f1o\u00bb, se han incrementado de manera preocupante y exponencial: debido al extraordinario aumento del n\u00famero de casos y a las consiguientes situaciones cr\u00edticas estructurales del sistema de salud peruano, que se encuentra en grave crisis, se recomienda a los turistas tomar las m\u00e1ximas precauciones y consultar detenidamente las secciones \u00abPrevenci\u00f3n\u00bb y \u00abRecomendaciones para los viajeros\u00bb publicadas en la p\u00e1gina web institucional del Ministerio de Salud italiano (<a href=\"https:\/\/www.salute.gov.it\/portale\/malattieInfettive\/dettaglioSchedeMalattieInfettive.jsp?lingua=italiano&amp;id=215&amp;area=Malattie%20infettive&amp;menu=indiceAZ&amp;tab=7\">https:\/\/www.salute.gov.it\/portale\/malattieInfettive\/dettaglioSchedeMalattieInfettive.jsp?lingua=italiano&amp;id=215&amp;area=Malattie%20infettive&amp;menu=indiceAZ&amp;tab=7<\/a> ).<\/p>\n<p>En virtud de lo expuesto, se informa que las Autoridades peruanas han extendido el estado de emergencia sanitaria en varias zonas del Per\u00fa (Decreto Supremo N\u00ba 012-2024-SA) hasta el 28 de julio de 2024: se trata de casi la totalidad de los siguientes departamentos: Amazonas, Ancash, Ayacucho, Cajamarca, Cusco, Hu\u00e1nuco, Ica, Jun\u00edn, La Libertad, Lambayeque, Lima, Loreto, Madre de Dios, Pasco, Piura, Puno, San Mart\u00edn, Tumbes, Ucayali y la Provincia Constitucional del Callao.<\/p>\n<p><span style=\"text-decoration: underline;\"><strong>ACTUALIZACI\u00d3N 22 DE MAYO 2024<\/strong><\/span><\/p>\n<p><span style=\"text-decoration: underline;\">PER\u00da: SITUACI\u00d3N DE SEGURIDAD<\/span><\/p>\n<p style=\"text-align: justify;\">A ra\u00edz de los violentos disturbios pol\u00edticos y sociales que se produjeron en Per\u00fa tras el fallido golpe de Estado del ex presidente Castillo, gran parte del pa\u00eds sigue bajo estado de emergencia, debido a las amenazas al orden interno y por terrorismo.<\/p>\n<p style=\"text-align: justify;\">En febrero \u00faltimo, los colectivos rurales en la regi\u00f3n de Cusco, que hab\u00edan iniciado nuevas protestas contra el gobierno central bloqueando el acceso a la ciudadela de Machu Picchu, suspendieron su huelga. Actualmente, la situaci\u00f3n general de seguridad en la regi\u00f3n est\u00e1 bajo control. No obstante, se insta a los conciudadanos que puedan encontrarse en la zona a que adopten las m\u00e1ximas precauciones<\/p>\n<p style=\"text-align: justify;\">Asimismo, se informa que se ha prorrogado el estado de emergencia espec\u00edfico, actualmente vigente hasta el 9 de julio de 2024, en la frontera con Ecuador, donde se encuentra el departamento de Tumbes (Decreto Supremo N\u00b0 048-2024-PCM), debido a muy graves episodios de narcotr\u00e1fico y criminalidad organizada.<\/p>\n<p style=\"text-align: justify;\">Adem\u00e1s, se prorrog\u00f3 el estado de emergencia por graves amenazas al orden interno y, principalmente, a la criminalidad en casi la totalidad de los departamentos de La Libertad hasta el 13 de junio de 2024 (Decreto Supremo N\u00b0 041-2024-PCM y 042-2024-PCM) y Loreto hasta el 12 de junio de 2024 (Decreto Supremo N\u00b0 040-2024-PCM ).<\/p>\n<p style=\"text-align: justify;\">Adicionalmente, ante posibles nuevas olas de protesta, mediante Decreto Supremo N\u00b0 047-2024-PCM, se prorrog\u00f3 el estado de emergencia en la Red Vial Sur Apur\u00edmac-Cusco-Arequipa hasta el 4 de junio de 2024: en la \u00faltima pr\u00f3rroga se ampliaron las facultades de control otorgadas al Ej\u00e9rcito y a la Polic\u00eda. En este contexto, cabe se\u00f1alar que no siempre se podr\u00e1 garantizar la plena operatividad de los aeropuertos nacionales, especialmente en Cusco, Arequipa y Puno.<\/p>\n<p style=\"text-align: justify;\">A trav\u00e9s de los Decretos Supremos N\u00b0039-2024-PCM, N\u00b0044-2024-PCM, N\u00b0045-2024-PCM, N\u00b0049-2024-PCM, las Autoridades peruanas declararon en estado de emergencia, con vigencia hasta el 29 de junio de 2024, a los Departamentos de \u00c1ncash, Apur\u00edmac, Arequipa, Ayacucho, Cajamarca, Cusco, Huancavelica, Hu\u00e1nuco, Jun\u00edn, La Libertad, Lima, Loreto, Moquegua, Puno, San Mart\u00edn y Ucayali debido al peligro inminente de nuevas inundaciones. A su vez, el departamento de Cusco se encuentra en estado de emergencia hasta el 7 de julio de 2024 debido a los graves da\u00f1os ocasionados por las recientes lluvias y movimientos s\u00edsmicos (Decreto Supremo N\u00ba 046-2024-PCM, N\u00ba 050-2024-PCM).<\/p>\n<p style=\"text-align: justify;\">Ante el deterioro generalizado de la situaci\u00f3n de seguridad, exhortamos a nuestros conciudadanos que se encuentren temporalmente en el pa\u00eds o que tengan la intenci\u00f3n de planificar un viaje a evitar, por cualquier motivo, acudir a las zonas perif\u00e9ricas de las principales ciudades, as\u00ed como a las zonas al interior del pa\u00eds o de dif\u00edcil acceso, evitar siempre cualquier forma de aglomeraci\u00f3n, tener extrema precauci\u00f3n, seguir las instrucciones de las autoridades locales y mantenerse en contacto con la polic\u00eda del lugar donde se encuentren, para que puedan ser localizados con mayor facilidad en caso de emergencia. Los turistas tambi\u00e9n pueden descargar la aplicaci\u00f3n de la Polic\u00eda de Turismo del Per\u00fa en su smartphone o laptop (POLTUR Central Lima 01 4601060; IPER\u00da WhatsApp +51 944492314; email proteccionalturista@mincetur.gob.pe ).<\/p>\n<p>Finalmente, se invita a todos los conciudadanos temporalmente en el Per\u00fa a descargar la APP \u00abViaggiare Sicuri\u00bb, activando la geolocalizaci\u00f3n, y a registrar su viaje en el sitio web \u00abDove Siamo nel Mondo\u00bb. Para emergencias debidamente justificadas, la Embajada en Lima est\u00e1 disponible, h 24\/7, al n\u00famero de emergencia +51 997232073.<\/p>\n<div class=\"row\">\n<div><\/div>\n<div class=\"col-12 mt-5 fst-italic\" style=\"text-align: justify;\"><span style=\"text-decoration: underline;\"><strong>AGGIORNAMENTO 3 APRILE 2024<\/strong><\/span><\/div>\n<\/div>\n<div class=\"row\" style=\"text-align: justify;\">\n<div><\/div>\n<div class=\"col-12\">A causa dei violenti disordini politici e sociali, che si stanno registrando in Per\u00f9, dopo il fallito Colpo di Stato dell\u2019ex Presidente Castillo, ampie aree del Paese si trovano ancora in stato di emergenza, per minacce all\u2019ordine interno e per terrorismo.<br \/>\nDa ultimo, i collettivi rurali spontanei della regione di Cusco, che avevano avviato nuove proteste contro il Governo centrale, bloccando gli accessi alla cittadella di Machu Picchu, hanno sospeso lo sciopero lo scorso febbraio: si raccomanda, tuttavia, massima cautela, poich\u00e9 la tensione potrebbe riacutizzarsi. Al momento, la situazione generale di sicurezza nella regione \u00e8 sotto controllo. Ciononostante, si invitano i connazionali eventualmente presenti in loco, ad esercitare massima prudenza.<br \/>\nSi informa altres\u00ec che \u00e8 stato dichiarato uno specifico stato di emergenza, al momento in vigore fino al 10 maggio 2024, alla frontiera con l\u2019Ecuador, in cui si trova il dipartimento di Tumbes (Decreto Supremo N\u00b0 025-2024-PCM), per gravissimi episodi di narcotraffico e di criminalit\u00e0 organizzata.<br \/>\n\u00c8 stato poi prorogato lo stato d\u2019emergenza per gravi minacce all&#8217;ordine interno, e in primo luogo, criminalit\u00e0 comune ed organizzata nella quasi totalit\u00e0 dei seguenti Dipartimenti: La Libertad fino al 13 aprile 2024 (Decreto Supremo N\u00b0 018-2024-PCM e N\u00b0 019-2024-PCM), Loreto fino al 13 aprile 2024 (Decreto Supremo N\u00b0 013-2024-PCM ), Madre de Dios fino al 1 aprile 2024\u00a0 (Decreto Supremo N\u00b0 009-2024-PCM), Ayacucho, Huancavelica, Cusco, Jun\u00edn, H\u00faanuco, Pasco e Ucayali fino 05 aprile 2024 (Decreto Supremo N\u00b0 010-2024-PCM).<br \/>\nInoltre, alla luce di potenziali nuove ondate di protesta, con il Decreto Supremo n. 024-2024-PCM, \u00e8 stato prorogato fino al 5 aprile 2024 lo stato di emergenza sulla Rete Stradale Sud Apurimac-Cusco-Arequipa: nell\u2019ultima proroga sono stati ampliati i poteri di controllo conferiti all\u2019Esercito e alla Polizia. In questo contesto, si segnala che potrebbe non essere sempre garantita la piena operativit\u00e0 degli aeroporti interni, soprattutto di Cusco, di Arequipa e di Puno.<br \/>\nCon un nuovo Decreto Supremo (N\u00b0006-2024-PCM, N\u00b0020-2024-PCM e N\u00b0020-2024-PCM), le Autorit\u00e0 peruviane hanno dichiarato lo stato di emergenza, con scadenza al 26 aprile 2024, nei Dipartimenti di Amazonas, \u00c1ncash, Apur\u00edmac, Arequipa, Ayacucho, Cajamarca, Cusco, Huancavelica, Hu\u00e1nuco, Ica, Jun\u00edn, La Libertad, Lima, Loreto, Madre de Dios, Moquegua, Pasco, Piura, Puno, San Mart\u00edn, Tacna, Tumbes e Ucayali a causa del concreto pericolo di nuove alluvioni.\u00a0 Inoltre, \u00e8 in stato di emergenza fino al 13 maggio 2024 il Dipartimento di Cusco a causa dei gravi danni delle recenti piogge (Decreto Supremo N\u00ba 026-2024-PCM, N\u00ba 027-2024-PCM e N\u00b0 031-2024-PCM).<br \/>\nDato il deterioramento generale della situazione di sicurezza, si invitano i connazionali &#8211; temporaneamente presenti nel Paese o che intendano pianificare un viaggio &#8211; ad evitare, per qualsiasi ragione, di recarsi nelle zone periferiche delle principali citt\u00e0, cos\u00ec come nelle zone all\u2019interno del Paese o comunque di difficile accesso, ad evitare sempre ogni forma di assembramento, ad adottare estrema prudenza, ad attenersi alle indicazioni delle Autorit\u00e0 locali e a mantenersi in contatto con le Forze dell\u2019Ordine del luogo in cui ci si trovi, in modo da poter essere pi\u00f9 facilmente raggiunti in caso di emergenza. I viaggiatori possono, inoltre, scaricare l&#8217;applicazione della Polizia Turistica del Per\u00f9 sul proprio smartphone o laptop (POLTUR Central Lima 01 4601060; IPER\u00da WhatsApp +51 944492314; mail <a href=\"mailto:proteccionalturista@mincetur.gob.pe\" target=\"_blank\" rel=\"noopener\">proteccionalturista@mincetur.gob.pe<\/a> ).<br \/>\nSi invitano, parimenti, tutti i connazionali temporaneamente presenti a scaricare la APP \u201cViaggiare Sicuri\u00bb, attivando la geolocalizzazione, e a registrare il proprio viaggio sul sito \u201cDove Siamo nel Mondo\u201d. Per comprovate emergenze, l&#8217;Ambasciata a Lima \u00e8 reperibile, h 24\/7, al\u00a0 numero di emergenza +51 997232073.<\/div>\n<div><\/div>\n<\/div>\n<div class=\"row\">\n<div class=\"col-12 title\" style=\"text-align: justify;\"><strong>PERU\u2019: situazione sanitaria<\/strong><\/div>\n<div class=\"col-12\" style=\"text-align: justify;\">I casi di Dengue in tutto il Paese, anche a causa del fenomeno \u00abEl Ni\u00f1o\u00bb, stanno aumentando in modo preoccupante ed esponenziale: in ragione di questo straordinario incremento dei contagi e delle correlate criticit\u00e0 strutturali del sistema sanitario peruviano, in forte crisi, si raccomanda ai viaggiatori massima prudenza e di consultare attentamente la sezione \u201cPrevenzione\u201d e \u201cRaccomandazioni per i viaggiatori\u201d pubblicate sul sito istituzionale del Ministero della Salute (<a href=\"https:\/\/www.salute.gov.it\/portale\/malattieInfettive\/dettaglioSchedeMalattieInfettive.jsp?lingua=italiano&amp;id=215&amp;area=Malattie%20infettive&amp;menu=indiceAZ&amp;tab=7\" target=\"_blank\" rel=\"noopener\">https:\/\/www.salute.gov.it\/portale\/malattieInfettive\/dettaglioSchedeMalattieInfettive.jsp?lingua=italiano&amp;id=215&amp;area=Malattie%20infettive&amp;menu=indiceAZ&amp;tab=7<\/a> ).<br \/>\nSi informa altres\u00ec che le Autorit\u00e0 peruviane hanno gi\u00e0 dichiarato in stato di emergenza diverse regioni del Per\u00f9 (Decreto Supremo n.\u00b0 004-2024-SA), fino al 28 maggio 2024: si tratta della quasi totalit\u00e0 dei seguenti Dipartimenti: Amazonas, Ancash, Ayacucho, Cajamarca, Cusco, Hu\u00e1nuco, Ica, Jun\u00edn, La Libertad, Lambayeque, Lima, Loreto, Madre de Dios, Pasco, Piura, Puno, San Mart\u00edn, Tumbes y Ucayali e la Provincia Costituzionale del Callao.<\/div>\n<\/div>\n<p>&nbsp;<\/p>\n<div class=\"col-12 mt-5 fst-italic\">\n<div class=\"col-12 mt-5 fst-italic\"><span style=\"text-decoration: underline;\"><strong>AGGIORNAMENTO 4 MARZO 2024<\/strong><\/span><\/div>\n<\/div>\n<div>\n<p style=\"text-align: justify;\"><strong>PERU\u2019: situazione generale di sicurezza<\/strong><\/p>\n<p style=\"text-align: justify;\">A causa dei violenti disordini politici e sociali che si stanno registrando in Per\u00f9 dopo il fallito Colpo di Stato dell\u2019ex Presidente Castillo, ampie aree del Paese si trovano ancora in stato di emergenza per minacce all\u2019ordine interno e per terrorismo.<\/p>\n<p style=\"text-align: justify;\">Da ultimo, i collettivi rurali spontanei della regione di Cusco, che avevano avviato nuove proteste contro il Governo centrale bloccando gli accessi alla cittadella di Machu Picchu, hanno sospeso lo sciopero. Si raccomanda, tuttavia, massima cautela, poich\u00e9 la tensione potrebbe riacutizzarsi. Al momento, la situazione generale di sicurezza nella regione \u00e8 sotto controllo. Ciononostante, si invitano i connazionali eventualmente presenti in loco ad esercitare massima prudenza.<\/p>\n<p style=\"text-align: justify;\">Si informa altres\u00ec che \u00e8 stato dichiarato uno specifico stato di emergenza, al momento in vigore fino al 10 marzo 2024, alla frontiera con l\u2019Ecuador, in cui si trovano i dipartimenti di Tumbes, Piura, Cajamarca, Amazonas e Loreto (Decreto Supremo N\u00b0 003-2024-PCM), per gravissimi episodi di narcotraffico e criminalit\u00e0 organizzata.<\/p>\n<p style=\"text-align: justify;\">\u00c8 stato poi prorogato lo stato d\u2019emergenza per gravi minacce all\u2019ordine interno, e in primo luogo, criminalit\u00e0 comune e organizzata nella quasi totalit\u00e0 dei seguenti Dipartimenti: La Libertad fino al 13 aprile 2024 (Decreto Supremo N\u00b0 018-2024-PCM e N\u00b0 019-2024-PCM), Loreto fino al 13 aprile 2024 (Decreto Supremo N\u00b0 013-2024-PCM ), Tumbes, Piura, Cajamarca, Amazonas e Loreto fino al 10 marzo 2024 (Decreto Supremo N\u00b0 003-2024-PCM), Madre de Dios fino al 1 aprile 2024\u00a0 (Decreto Supremo N\u00b0 009-2024-PCM), Ayacucho, Huancavelica, Cusco, Jun\u00edn, H\u00faanuco, Pasco e Ucayali fino 05 aprile 2024 (Decreto Supremo N\u00b0 010-2024-PCM).<\/p>\n<p style=\"text-align: justify;\">Inoltre, alla luce di potenziali nuove ondate di protesta, \u00e8 stato prorogato fino al 6 marzo 2024 lo stato di emergenza sulla Rete Stradale Sud Apurimac-Cusco-Arequipa: nell\u2019ultima proroga sono stati ampliati i poteri di controllo conferiti all\u2019Esercito e alla Polizia. In questo contesto, si segnala che potrebbe non essere sempre garantita la piena operativit\u00e0 degli aeroporti interni, soprattutto di Cusco, di Arequipa e di Puno.<\/p>\n<p style=\"text-align: justify;\">Con un nuovo Decreto Supremo (N\u00b0006-2024-PCM, N\u00b0020-2024-PCM e N\u00b0020-2024-PCM), le Autorit\u00e0 peruviane hanno dichiarato lo stato di emergenza, con scadenza al 26 aprile 2024, nei Dipartimenti di Amazonas, \u00c1ncash, Apur\u00edmac, Arequipa, Ayacucho, Cajamarca, Cusco, Huancavelica, Hu\u00e1nuco, Ica, Jun\u00edn, La Libertad, Lima, Loreto, Madre de Dios, Moquegua, Pasco, Piura, Puno, San Mart\u00edn, Tumbes e Ucayali a causa del concreto pericolo di nuove alluvioni.\u00a0 Inoltre, \u00e8 in stato di emergenza fino al 5 aprile 2024 il Dipartimento di Cusco a causa dei gravi danni delle recenti piogge (Decreto Supremo N\u00ba 007-2024-PCM).<\/p>\n<p style=\"text-align: justify;\">Dato il deterioramento generale della situazione di sicurezza, si invitano i connazionali \u2013 temporaneamente presenti nel Paese o che intendano pianificare un viaggio \u2013 ad evitare per qualsiasi ragione di recarsi nelle zone periferiche delle principali citt\u00e0, cos\u00ec come nelle zone all\u2019interno del Paese o comunque di difficile accesso, ad evitare sempre ogni forma di assembramento, ad adottare estrema prudenza, ad attenersi alle indicazioni delle Autorit\u00e0 locali e a mantenersi in contatto con le Forze dell\u2019Ordine del luogo in cui ci si trovi, in modo da poter essere pi\u00f9 facilmente raggiunti in caso di emergenza. I viaggiatori possono, inoltre, scaricare l\u2019applicazione della Polizia Turistica del Per\u00f9 sul proprio smartphone o laptop (POLTUR Central Lima 01 4601060; IPER\u00da WhatsApp +51 944492314; mail <a href=\"mailto:proteccionalturista@mincetur.gob.pe\">proteccionalturista@mincetur.gob.pe<\/a> ).<\/p>\n<p style=\"text-align: justify;\">Si invitano, parimenti, tutti i connazionali temporaneamente presenti a scaricare la APP \u201cViaggiare Sicuri\u201d, attivando la geolocalizzazione, e a registrare il proprio viaggio sul sito \u201cDove Siamo nel Mondo\u201d. Per comprovate emergenze, l\u2019Ambasciata a Lima \u00e8 reperibile 24\/7 al\u00a0 numero di emergenza +51 997232073.<\/p>\n<p style=\"text-align: justify;\"><strong>PERU\u2019: situazione sanitaria<\/strong><\/p>\n<p style=\"text-align: justify;\">Si informa che, a seguito dell\u2019elevato incremento dei contagi da Dengue in diverse regioni del Per\u00f9, il Governo, con Decreto Supremo n.\u00b0 004-2024-SA, ha dichiarato lo stato di emergenza fino al 28 maggio 2024 nella quasi totalit\u00e0 dei seguenti Dipartimenti: Amazonas, Ancash, Ayacucho, Cajamarca, Cusco, Hu\u00e1nuco, Ica, Jun\u00edn, La Libertad, Lambayeque, Lima, Loreto, Madre de Dios, Pasco, Piura, Puno, San Mart\u00edn, Tumbes y Ucayali e la Provincia Costituzionale del Callao. Si raccomanda pertanto la massima cautela.<\/p>\n<p>&nbsp;<\/p>\n<\/div>\n<div class=\"col-12 mt-5 fst-italic\"><span style=\"text-decoration: underline;\"><strong>AGGIORNAMENTO 3 FEBBRAIO 2024<\/strong><\/span><\/div>\n<div><\/div>\n<div class=\"col-12 title\"><strong>PERU\u2019: situazione di sicurezza.<\/strong><\/div>\n<div><\/div>\n<div class=\"col-12\">A causa dei violenti disordini politici e sociali che si stanno registrando in Per\u00f9 dopo il fallito Colpo di Stato dell\u2019ex Presidente Castillo, ampie aree del Paese si trovano ancora in stato di emergenza per minacce all\u2019ordine interno e per terrorismo. Da ultimo, i collettivi rurali spontanei della regione di Cusco, che avevano avviato nuove proteste contro il Governo centrale bloccando gli accessi alla cittadella di Macchu Picchu, hanno sospeso lo sciopero. Si raccomanda, tuttavia, massima cautela, poich\u00e9 la tensione potrebbe riacutizzarsi. Al momento, la situazione generale di sicurezza nella regione \u00e8 sotto controllo. Ciononostante, si invitano i connazionali eventualmente presenti in loco ad esercitare massima prudenza.<\/div>\n<div class=\"col-12\">Si informa altres\u00ec che \u00e8 stato dichiarato uno specifico stato di emergenza, al momento in vigore fino al 10 marzo 2024, alla frontiera con l\u2019Ecuador, in cui si trovano i dipartimenti di Tumbes, Piura, Cajamarca, Amazonas e Loreto (Decreto Supremo N\u00b0 003-2024-PCM), per gravissimi episodi di narcotraffico e criminalit\u00e0 organizzata.<\/div>\n<div class=\"col-12\">\u00c8 stato poi prorogato lo stato d\u2019emergenza nella quasi totalit\u00e0 dei seguenti Dipartimenti: La Libertad fino al 14 febbraio 2024 (Decreto Supremo N\u00b0 002-2024-PCM), Loreto fino al 29 febbraio (Decreto Supremo N\u00b0 147-2023-PCM), Tumbes, Piura, Cajamarca, Amazonas e Loreto fino al 10 marzo 2024 (Decreto Supremo N\u00b0 003-2024-PCM), Madre de Dios fino al 1 aprile 2024\u00a0 (Decreto Supremo N\u00b0 009-2024-PCM), Ayacucho, Huancavelica, Cusco e Jun\u00edn H\u00faanuco, Pasco e Ucayali fino 05 aprile 2024 (Decreto Supremo N\u00b0 010-2024-PCM).<\/div>\n<div class=\"col-12\">Inoltre, alla luce di potenziali nuove ondate di protesta, \u00e8 stato prorogato fino al 5 febbraio 2024 lo stato di emergenza su tutta la rete stradale peruviana (Decreto Supremo N\u00b0 001-2024-PCM) e fino al 6 marzo 2024 sulla Rete Stradale Sud Apurimac-Cusco-Arequipa: nell\u2019ultima proroga sono stati ampliati i poteri di controllo conferiti all\u2019Esercito e alla Polizia. In questo contesto, si segnala che potrebbe non essere sempre garantita la piena operativit\u00e0 degli aeroporti interni, soprattutto di Cusco, di Arequipa e di Puno.<\/div>\n<div class=\"col-12\">Con un nuovo Decreto Supremo (N\u00b0006-2024-PCM), le Autorit\u00e0 peruviane hanno dichiarato lo stato di emergenza, con scadenza al 4 aprile 2024, nei Dipartimenti di Amazonas, \u00c1ncash, Arequipa, Ayacucho, Cajamarca, Ica, La Libertad, Lambayeque, Lima, Pasco, Piura, San Mart\u00edn e Tumbes a causa del concreto pericolo di nuove alluvioni. \u00a0Inoltre, \u00e8 in stato di emergenza fino al 5 aprile 2024 il Dipartimento di Cusco a causa dei gravi danni delle recenti piogge (Decreto Supremo N\u00ba 007-2024-PCM). Infine, a causa della grave siccit\u00e0 causata dal fenomeno del Ni\u00f1o, sono in stato di emergenza i Dipartimenti di \u00c1ncash, Apur\u00edmac, Arequipa, Ayacucho, Cusco, Huancavelica, Hu\u00e1nuco, Ica, Jun\u00edn, Lima, Pasco, Puno e Tacna fino al 29 febbraio 2024 (Decreto Supremo N\u00b0 142-2023-PCM).<\/div>\n<div class=\"col-12\">Dato il deterioramento generale della situazione di sicurezza, si invitano i connazionali \u2013 temporaneamente presenti nel Paese o che intendano pianificare un viaggio \u2013 ad evitare per qualsiasi ragione di recarsi nelle zone periferiche delle principali citt\u00e0, cos\u00ec come nelle zone all\u2019interno del Paese o comunque di difficile accesso, ad evitare sempre ogni forma di assembramento, ad adottare estrema prudenza, ad attenersi alle indicazioni delle Autorit\u00e0 locali e a mantenersi in contatto con le Forze dell\u2019Ordine del luogo in cui ci si trovi, in modo da poter essere pi\u00f9 facilmente raggiunti in caso di emergenza. I viaggiatori possono, inoltre, scaricare l\u2019applicazione della Polizia Turistica del Per\u00f9 sul proprio smartphone o laptop (POLTUR Central Lima 01 4601060; IPER\u00da WhatsApp +51 944492314; mail <a href=\"mailto:proteccionalturista@mincetur.gob.pe\" target=\"_blank\" rel=\"noopener\">proteccionalturista@mincetur.gob.pe<\/a> ).<\/div>\n<div class=\"col-12\">Si invitano, parimenti, tutti i connazionali temporaneamente presenti a scaricare la APP \u201cViaggiare Sicuri\u201d, attivando la geolocalizzazione, e a registrare il proprio viaggio sul sito \u201cDove Siamo nel Mondo\u201d. Per comprovate emergenze, l\u2019Ambasciata a Lima \u00e8 reperibile 24\/7 al\u00a0 numero di emergenza +51 997232073.<\/div>\n<p><span style=\"text-decoration: underline;\"><strong>AGGIORNAMENTO 29 GENNAIO 2024<\/strong><\/span><\/p>\n<p><strong>PERU\u2019: situazione di sicurezza.<\/strong><\/p>\n<p>A causa dei violenti disordini politici e sociali, che si stanno registrando in Per\u00f9, dopo il fallito Colpo di Stato dell\u2019ex Presidente Castillo, ampie aree del Paese si trovano ancora in stato di emergenza, per minacce all\u2019ordine interno e per terrorismo.<\/p>\n<p>Da ultimo, collettivi rurali spontanei hanno bloccato l\u2019accesso al sito archeologico di Macchu Picchu, che risulta quindi inaccessibile, in aperta opposizione al Governo centrale. Al momento la situazione generale di sicurezza nel distretto di Cusco \u00e8 sotto controllo ma si invitano i connazionali eventualmente presenti in loco ad esercitare massima prudenza in vista di un possibile aggravarsi delle proteste e, ove possibile, prevedere altre destinazioni di viaggio.<br \/>\nE\u2019 stato dichiarato uno specifico stato di emergenza, al momento in vigore fino al 10 marzo 2024, nella frontiera con l\u2019Ecuador, in cui si trovano i dipartimenti di Tumbes, Piura, Cajamarca, Amazonas e Loreto (Decreto Supremo N\u00b0 003-2024-PCM) per narcotraffico e criminalit\u00e0 organizzata.<\/p>\n<p>E\u2019 stato poi prorogato lo stato d\u2019emergenza nella quasi totalit\u00e0 dei seguenti Dipartimenti: La Libertad fino al 14 febbraio 2024 (Decreto Supremo N\u00b0 003-2024-PCM), Loreto fino al 29 febbraio (Decreto Supremo N\u00b0 147-2023-PCM), Tumbes, Piura e Tacna fino al 23 gennaio 2024 (Decreto Supremo N\u00b0 127-2023-PCM), Madre de Dios fino al 1 febbraio 2024\u00a0 (Decreto Supremo N\u00b0 131-2023-PCM), Ayacucho, Huancavelica, Cusco, Jun\u00edn H\u00faanuco, Pasco e Ucayali fino 05 febbraio 2024 (Decreto Supremo N\u00b0 132-2023-PCM e N\u00b0 134-2023-PCM).<br \/>\nInoltre, alla luce di potenziali nuove ondate di protesta, \u00e8 stato prorogato fino al 5 febbraio 2024 lo stato di emergenza su tutta la rete stradale peruviana (Decreto Supremo N\u00b0 001-2024-PCM): nell\u2019ultima proroga sono stati ampliati i poteri di controllo conferiti all\u2019Esercito e alla Polizia. In questo contesto, si segnala che potrebbe non essere sempre garantita la piena operativit\u00e0 degli aeroporti interni, soprattutto di Cusco, di Arequipa e di Puno.<br \/>\nCon un nuovo Decreto Supremo (N\u00b0130-2023-PCM), le Autorit\u00e0 peruviane hanno dichiarato lo stato di emergenza, con scadenza al 04 febbraio 2024, nei Dipartimenti di Amazonas, \u00c1ncash, Arequipa, Ayacucho, Cajamarca, Huancavelica, Hu\u00e1nuco, Ica, Jun\u00edn, La Libertad, Lambayeque, Lima, Moquegua, Pasco, Piura, San Mart\u00edn, Tacna e Tumbes a causa del concreto pericolo di nuove alluvioni. \u00a0Inoltre, \u00e8 in stato di emergenza fino al 3 febbraio 2024 il Dipartimento di Cusco a causa dei gravi danni delle recenti piogge (Decreto Supremo N\u00ba 135-2023-PCM). Infine, a causa della grave siccit\u00e0 causata dal fenomeno del Ni\u00f1o, sono in stato di emergenza i Dipartimenti di \u00c1ncash, Apur\u00edmac, Arequipa, Ayacucho, Cusco, Huancavelica, Hu\u00e1nuco, Ica, Jun\u00edn, Lima, Pasco, Puno e Tacna fino al 29 febbraio 2024 (Decreto Supremo N\u00b0 142-2023-PCM).<br \/>\nDato il deterioramento generale della situazione di sicurezza, si invitano i connazionali \u2013 temporaneamente presenti nel Paese o che intendano pianificare un viaggio \u2013 ad evitare per qualsiasi ragione di recarsi nelle zone periferiche delle principali citt\u00e0, cos\u00ec come nelle zone all\u2019interno del Paese o comunque di difficile accesso, ad evitare sempre ogni forma di assembramento, ad adottare estrema prudenza, ad attenersi alle indicazioni delle Autorit\u00e0 locali e a mantenersi in contatto con le Forze dell\u2019Ordine del luogo in cui ci si trovi, in modo da poter essere pi\u00f9 facilmente raggiunti in caso di emergenza. I viaggiatori possono, inoltre, scaricare l\u2019applicazione della Polizia Turistica del Per\u00f9 sul proprio smartphone o laptop (POLTUR Central Lima 01 4601060; IPER\u00da WhatsApp +51 944492314; mail proteccionalturista@mincetur.gob.pe ).<br \/>\nSi invitano, parimenti, tutti i connazionali temporaneamente presenti a scaricare la APP \u201cUnit\u00e0 di Crisi\u201d, attivando la geolocalizzazione, e a registrare il proprio viaggio sul sito \u201cDove Siamo nel Mondo\u201d. Per comprovate emergenze, l\u2019Ambasciata a Lima \u00e8 reperibile 24\/7 al\u00a0 numero di emergenza +51 997232073<\/p>\n<p style=\"text-align: justify;\"><span style=\"text-decoration: underline;\"><strong>AGGIORNAMENTO 26 MAGGIO 2023<\/strong><\/span><\/p>\n<p style=\"text-align: justify;\"><strong>PERU&#8217;: situazione sanitaria: aggiornamento.<\/strong><\/p>\n<p style=\"text-align: justify;\">Si segnala che le Autorit\u00e0 peruviane hanno prorogato e ulteriormente ampliato lo stato di emergenza sanitaria -gi\u00e0 in vigore dallo scorso febbraio &#8211; fino al 22 settembre 2023, a causa dell\u2019epidemia di Dengue, che coinvolge gran parte del Paese, in particolare i Dipartimenti Amazonas, Ancash, Ayacucho, Cajamarca, Cusco, Hu\u00e1nuco, Ica, Jun\u00edn, La Libertad, Lambayeque, Lima provincia, Lima metropolitana e Callao, Loreto, Madre de Dios, Pasco, Puno, Piura, San Mart\u00edn Tumbes, Ucayali.<br \/>\nInoltre, a partire dal 25 maggio 2023 e fino al 24 agosto 2023, i Dipartimenti di Amazonas, Arequipa, Lambayeque, Lima, Loreto, Madre de Dios, Moquegua, Puno, San Martin, Tacna, Tumbes, Ucayaly e il porto del Callao si trovano in stato di emergenza sanitaria a causa dell\u2019esplosione di casi di morbillo e poliomielite. In considerazione delle note e gravi fragilit\u00e0 del sistema sanitario locale e della possibilit\u00e0 di non ricevere adeguati trattamenti medici, soprattutto in provincia, si raccomanda di tenere alto il livello di attenzione e di consultare il sito web del locale Ministero della Salute per aggiornamenti sull\u2019evoluzione dell\u2019epidemia.<\/p>\n<p style=\"text-align: justify;\"><strong>PERU&#8217;: SITUAZIONE DI SICUREZZA.<\/strong><\/p>\n<p style=\"text-align: justify;\">A causa dei violenti disordini politici e sociali che si stanno registrando in Per\u00f9, dopo il fallito Colpo di Stato dell\u2019ex Presidente Castillo, ampie aree del Paese si trovano in stato di emergenza: il Dipartimento di Puno, dove il controllo dell\u2019ordine interno \u00e8 assunto direttamente dalle Forze Armate, fino al 5 giugno 2023; la quasi totalit\u00e0 dei Dipartimenti di Huanuco, Pasco, Hucayali fino all\u201911 giugno 2023; la quasi totalit\u00e0 dei Dipartimenti di Cusco, Ayacucho, Huancavelica, Junin fino al 10 giugno 2023 e Loreto fino al 19 giugno 2023; la quasi totalit\u00e0 del Dipartimento de La Libertad fino al 20 giugno 2023.<br \/>\nInoltre, alla luce di potenziali nuove ondate di proteste, \u00e8 stato prorogato fino al 14 luglio 2023 lo stato di emergenza sulla rete stradale peruviana: nell\u2019ultima proroga sono stati ampliati i poteri di controllo conferiti all\u2019Esercito e alla Polizia. In particolare, si evidenzia la pericolosit\u00e0 delle seguenti strade: \u00abPanamericana Sur, Panamericana Norte, Carretera Central, corredor vial sur Apur\u00edmac-Cusco-Arequipa y corredor vial Interoce\u00e1nica Sur\u201d. Si tratta delle principali arterie stradali del Paese. In questo contesto si segnala che non \u00e8 sempre garantita la piena operativit\u00e0 degli aeroporti interni di Cusco, Arequipa e Puno.<br \/>\nSi evidenzia, infine, che la pressoch\u00e9 totalit\u00e0 dei Dipartimenti di Tubes, Lambayeque Piura si trova in stato di emergenza per gravissimi disastri ambientali fino al 24 luglio 2023, cos\u00ec come la pressoch\u00e9 totalit\u00e0 del Dipartimento di San Martin si trova in stato emergenza fino al 16 giugno 2023, a seguito dei danni causati dal passaggio del ciclone amazzonico \u201cYaku\u201d e da successive alluvioni.<br \/>\nDato il deterioramento della situazione di sicurezza, si invitano i connazionali &#8211; temporaneamente presenti nel Paese o che intendano pianificare un viaggio &#8211; ad evitare di recarsi per qualsiasi ragione nelle zone periferiche delle principali citt\u00e0, cos\u00ec come nelle zone all\u2019interno del Paese, ad evitare ogni forma di assembramento, ad adottare estrema prudenza, ad attenersi alle indicazioni delle Autorit\u00e0 locali e a mantenersi in contatto con le Forze dell\u2019Ordine del luogo in cui ci si trovi, in modo da poter essere pi\u00f9 facilmente raggiunti in caso di emergenza. I viaggiatori possono, inoltre, scaricare l&#8217;applicazione della Polizia Turistica del Per\u00f9 sul proprio smartphone o laptop (POLTUR Central Lima 01 4601060; IPER\u00da WhatsApp +51 944492314; mail proteccionalturista@mincetur.gob.pe ).<br \/>\nSi invitano, parimenti, tutti i connazionali temporaneamente presenti a scaricare la APP \u201cUnit\u00e0 di Crisi\u201d, attivando la geolocalizzazione, e a registrare il proprio viaggio sul sito \u201cDove Siamo nel Mondo\u201d.<br \/>\nPer comprovate emergenze, l&#8217;Ambasciata a Lima \u00e8 reperibile 24\/7 al numero di emergenza +51 997232073.<\/p>\n<p style=\"text-align: justify;\"><span style=\"text-decoration: underline;\"><strong>AGGIORNAMENTO 13 MARZO 2023<\/strong><\/span><\/p>\n<p style=\"text-align: justify;\">STATO DI EMERGENZA METEREOLOGICA<\/p>\n<p style=\"text-align: justify;\">A causa del passaggio del ciclone Yaku, le Autorit\u00e0 Peruviane hanno decretato in data 13 marzo 2023 lo stato di emergenza per 60 giorni nei Dipartimenti di \u00c1ncash, Apur\u00edmac, Arequipa, Ayacucho, Cusco, Huancavelica, Hu\u00e1nuco, Ica, Jun\u00edn, Lima, Moquegua, Puno y Tacna. Si raccomanda di seguire le indicazioni e gli aggiornamenti delle Autorit\u00e0 locali ed esercitare massima cautela negli spostamenti, limitandoli al massimo nelle aree interessate.<\/p>\n<p style=\"text-align: justify;\"><span style=\"text-decoration: underline;\"><strong>ACTUALIZACI\u00d3N (24 DE FEBRERO DE 2023)<\/strong><\/span><\/p>\n<p style=\"text-align: justify;\">Mediante el <a href=\"https:\/\/busquedas.elperuano.pe\/download\/url\/decreto-supremo-que-prorroga-la-emergencia-sanitaria-declara-decreto-supremo-no-003-2023-sa-2154787-1\">Decreto Supremo n. 003-2023-SA<\/a>, el Gobierno ha dispuesto la <strong>ampliaci\u00f3n<\/strong> del <strong>estado de emergencia sanitaria<\/strong> en todo el Pa\u00eds\u00a0por un plazo de <strong>90 d\u00edas calendario<\/strong>, desde el 25 de febrero de 2023 <strong>hasta el 25 de mayo de 2023<\/strong>. La referida pr\u00f3rroga se ejecuta de acuerdo con lo se\u00f1alado por la Organizaci\u00f3n Mundial de la Salud (OMS), la cual determin\u00f3 que el SARS-CoV-2 contin\u00faa constituyendo una Emergencia de Salud P\u00fablica de Importancia Internacional (ESPII), calificada a\u00fan como pandemia.\u00a0Por lo tanto, se insta a todos los conciudadanos a prestar la m\u00e1xima atenci\u00f3n y acatar rigurosamente las disposiciones de las autoridades sanitarias locales.<\/p>\n<p style=\"text-align: justify;\"><span style=\"text-decoration: underline;\"><strong>ACTUALIZACI\u00d3N (14 DE FEBRERO DE 2023)<\/strong><\/span><\/p>\n<p style=\"text-align: justify;\">A trav\u00e9s del\u00a0<a href=\"https:\/\/busquedas.elperuano.pe\/normaslegales\/decreto-supremo-que-prorroga-el-estado-de-emergencia-declara-decreto-supremo-n-022-pcm-2023-2151462-1\/\">Decreto Supremo n. 022-2023-PCM<\/a>, el Gobierno ha dispuesto la <strong>pr\u00f3rroga<\/strong> del estado de emergencia <strong>por 30 d\u00edas<\/strong> adicionales en la regi\u00f3n de <strong>Lima<\/strong>, la Provincia Constitucional del <strong>Callao<\/strong> y las principales v\u00edas \u00ab<strong>Panamericana Sur, Panamericana Norte, Central, corredor vial sur Apur\u00edmac-Cusco-Arequipa y corredor vial Interoce\u00e1nica Su<\/strong>r\u00bb.<\/p>\n<p>V\u00e9anse las recomendaciones de los avisos anteriores.<\/p>\n<p style=\"text-align: justify;\"><span style=\"text-decoration: underline;\"><strong>ACTUALIZACI\u00d3N (05 DE FEBRERO DE 2023)<\/strong><\/span><\/p>\n<p style=\"text-align: justify;\">Mediante <a href=\"https:\/\/busquedas.elperuano.pe\/download\/url\/declaran-el-estado-de-emergencia-en-los-departamentos-de-mad-decreto-supremo-n-018-2023-pcm-2149044-1\">Decreto Supremo N.\u00ba 018-2023-PCM<\/a>, publicado el domingo 5 de febrero, el Gobierno declar\u00f3, a partir de la fecha, el estado de emergencia por<strong> 60 d\u00edas<\/strong> en <strong>7 regiones<\/strong> (<strong>Madre de Dios, Cusco, Puno, Apur\u00edmac, Arequipa, Moquegua y Tacna<\/strong>). Adem\u00e1s, se declar\u00f3 la medida del<strong> toque de queda<\/strong> en la regi\u00f3n de <strong>Puno<\/strong> por <strong>10 d\u00edas<\/strong> con la prohibici\u00f3n de desplazarse <strong>desde las 8 de la noche hasta las 4 de la ma\u00f1ana<\/strong>.<\/p>\n<p style=\"text-align: justify;\">Por consiguiente, se recomienda adoptar las m\u00e1ximas precauciones, seguir escrupulosamente las instrucciones de las autoridades locales, limitar al m\u00e1ximo los desplazamientos, mantener una actitud sobria y reservada, evitar cualquier forma de reuni\u00f3n, evitar en cualquier caso los desplazamientos por el interior del pa\u00eds o en lugares concurridos, salvo por razones de extrema necesidad y urgencia, y mantenerse informado a trav\u00e9s de los medios de comunicaci\u00f3n locales y en contacto con las autoridades policiales locales.<\/p>\n<p style=\"text-align: justify;\"><span style=\"text-decoration: underline;\">Dada la situaci\u00f3n, se insta a los conciudadanos temporalmente presentes en el pa\u00eds a que consideren la oportunidad de anticipar su partida.<\/span><\/p>\n<p style=\"text-align: justify;\"><span style=\"text-decoration: underline;\">Se aconseja a quienes tengan previsto viajar a Per\u00fa que posterguen o cancelen su viaje.<\/span><\/p>\n<p style=\"text-align: justify;\">Se recomienda, en cualquier caso, <strong>no viajar a las zonas perif\u00e9ricas de las principales ciudades de Per\u00fa<\/strong>, as\u00ed como a las zonas del interior y\/o de dif\u00edcil acceso y, en particular, a las afectadas por el estado de emergencia, salvo en casos justificados de necesidad y\/o urgencia.<\/p>\n<p style=\"text-align: justify;\">Adem\u00e1s, se recomienda descargar la APP gratuita \u00abUnit\u00e0 di Crisi\u00bb, activando el modo de geolocalizaci\u00f3n e ingresando los respectivos datos de viaje\/domicilio.<\/p>\n<p>Para situaciones de emergencia justificada, la Embajada en Lima est\u00e1 disponible 24\/7 al n\u00famero +51 997232073.<\/p>\n<p style=\"text-align: justify;\">Asimismo, se aconseja a los turistas que a\u00fan se encuentren en el pa\u00eds que se registren ante las autoridades locales peruanas completando el formulario de identificaci\u00f3n y localizaci\u00f3n disponible en el enlace: <a href=\"https:\/\/forms.office.com\/r\/RYXYgzJU3G\">https:\/\/forms.office.com\/r\/RYXYgzJU3G<\/a> para que las fuerzas del orden locales puedan localizarlos m\u00e1s f\u00e1cilmente en caso necesario a ra\u00edz de las fuertes protestas en curso. Los viajeros tambi\u00e9n pueden descargar la aplicaci\u00f3n de la Polic\u00eda Tur\u00edstica del Per\u00fa en su tel\u00e9fono o laptop. Adem\u00e1s, est\u00e1n disponibles los siguientes datos de contacto de la Polic\u00eda de Turismo del Per\u00fa: POLTUR Lima Central 01 4601060; IPER\u00da WhatsApp +51 944492314; as\u00ed como el correo electr\u00f3nico <a href=\"mailto:proteccionalturista@mincetur.gob.pe\">proteccionalturista@mincetur.gob.pe<\/a> y <a href=\"mailto:iperu@promperu.gob.pe.\">iperu@promperu.gob.pe.<\/a><\/p>\n<p style=\"text-align: justify;\">Se invitan a todos los ciudadanos italianos presentes temporalmente en Per\u00fa por cualquier motivo a registrar su presencia en el portal \u00ab<strong>Dove Siamo nel Mondo<\/strong>\u00bb (<a href=\"https:\/\/www.dovesiamonelmondo.it\/home.html\">https:\/\/www.dovesiamonelmondo.it\/home.html<\/a>) y a consultar peri\u00f3dicamente la p\u00e1gina de <strong>Viaggiare Sicuri<\/strong> (<a href=\"http:\/\/www.viaggiaresicuri.it\/country\/PER\">http:\/\/www.viaggiaresicuri.it\/country\/PER<\/a>). Para obtener m\u00e1s informaci\u00f3n sobre los regresos a Italia y descargar la Autocertificaci\u00f3n para la entrada en Italia, consulte el sitio web del Ministro de Asuntos Exteriores y Cooperaci\u00f3n Internacional en el Focus sui rientri dall\u2019estero (<a href=\"https:\/\/www.esteri.it\/mae\/it\/ministero\/normativaonline\/decreto-iorestoacasa-frequent-questions\/focus-cittadini-italiani-in-rientro-dall-estero-and-cittadini-tranieri-in-italia.html\">https:\/\/www.esteri.it\/mae\/it\/ministero\/normativaonline\/decreto-iorestoacasa-frequent-questions\/focus-cittadini-italiani-in-rientro-dall-estero-and-cittadini-tranieri-in-italia.html<\/a>), as\u00ed como la p\u00e1gina web del Ministerio de Salud (<a href=\"https:\/\/www.salute.gov.it\/portale\/nuovocoronavirus\/dettaglioContenutiNuovoCoronavirus.jsp?lingua=italiano&amp;id=5411&amp;area=nuovoCoronavirus&amp;menu=vuoto\">https:\/\/www.salute.gov.it\/portale\/nuovocoronavirus\/dettaglioContenutiNuovoCoronavirus.jsp?lingua=italiano&amp;id=5411&amp;area=nuovoCoronavirus&amp;menu=vuoto<\/a>)<\/p>\n<p>Con respecto a los viajes a Italia, se recuerda que, a partir del 1 de junio de 2022, ya no se exige el Green Pass u otro certificado equivalente para la entrada \/ regreso a Italia desde el extranjero. Para obtener mayor informaci\u00f3n, s\u00edrvase visitar la secci\u00f3n \u00abapprofondimenti\u00bb (<a href=\"https:\/\/www.viaggiaresicuri.it\/approfondimenti-insights\/saluteinviaggio\">https:\/\/www.viaggiaresicuri.it\/approfondimenti-insights\/saluteinviaggio<\/a>) del portal ViaggiareSicuri.<\/p>\n<p><span style=\"text-decoration: underline;\"><strong style=\"text-align: justify;\">ACTUALIZACI\u00d3N (30 DE ENERO DE 2023)<\/strong><\/span><\/p>\n<p style=\"text-align: justify;\">La <a href=\"resource\/resource\/2023\/02\/ordinanza_del_ministero_della_salute_del_30.01.2023.pdf\">Resoluci\u00f3n promulgada por el Ministro de Salud de Italia el 30 de enero<\/a> del presente a\u00f1o regula el ingreso a Italia de personas procedentes de la Rep\u00fablica Popular China, con vigencia desde el 1 de febrero hasta el 28 de febrero del a\u00f1o en curso.<\/p>\n<p>En particular, con el fin de identificar y controlar posibles variantes del virus Sars-CoV-2, se recuerda a todas las personas que ingresen a Italia procedentes de la Rep\u00fablica Popular China lo siguiente:<\/p>\n<ul>\n<li>es obligatorio presentar, en el momento del embarque, una certificaci\u00f3n adecuada de haber sido sometido, en las 48 horas anteriores a la salida de la Rep\u00fablica Popular China, a una prueba molecular o ant\u00edgena mediante hisopado con resultado negativo;<\/li>\n<li>se recomienda utilizar una mascarilla FFP2 o superior durante los vuelos y en los aeropuertos.<\/li>\n<\/ul>\n<p>Adem\u00e1s, cabe se\u00f1alar que al llegar al aeropuerto, a los pasajeros se le podr\u00edan tomar adicionales pruebas de hisopado de manera aleatoria.<\/p>\n<p>Para m\u00e1s informaci\u00f3n, se recomienda consultar la Resoluci\u00f3n en asunto.<\/p>\n<p style=\"text-align: justify;\"><span style=\"text-decoration: underline;\"><strong>ACTUALIZACI\u00d3N (18 DE ENERO DE 2023)<\/strong><\/span><\/p>\n<p style=\"text-align: justify;\">Ante las manifestaciones y protestas que se llevar\u00e1n a cabo en Lima durante el d\u00eda de hoy y ma\u00f1ana, as\u00ed como la huelga general convocada para el jueves 19 de enero, y en referencia a las recomendaciones indicadas anteriormente, se recomienda a los conciudadanos <strong>tomar las m\u00e1ximas precauciones en sus desplazamientos dentro de la ciudad de Lima<\/strong>; en particular, evitando las zonas que pudieran verse involucradas en las mencionadas manifestaciones.<\/p>\n<p style=\"text-align: justify;\">Por consiguiente, se recomienda firmemente guardar la m\u00e1xima prudencia, seguir rigurosamente las indicaciones de las autoridades locales, limitar al m\u00e1ximo los desplazamientos, mantener una conducta moderada y reservada, as\u00ed como evitar cualquier forma de aglomeraci\u00f3n. Para cualquier emergencia, s\u00edrvase ponerse en contacto con la Embajada en Lima llamando al <a href=\"+51%20997232073\">+51 997232073<\/a> activo h24\/7.<\/p>\n<p style=\"text-align: justify;\"><span style=\"text-decoration: underline;\"><strong>ACTUALIZACI\u00d3N (15 DE ENERO DE 2023)<\/strong><\/span><\/p>\n<p>Mediante <a href=\"https:\/\/busquedas.elperuano.pe\/normaslegales\/decreto-supremo-que-declara-el-estado-de-emergencia-en-los-d-decreto-supremo-n-009-2023-pcm-2143247-1\/\">Decreto Supremo n.\u00ba 009-2023-PCM<\/a> publicado el s\u00e1bado 14 de enero, el Gobierno declar\u00f3, a partir del 15 de enero, el <strong>estado de emergencia por 30 d\u00edas<\/strong> en 3 regiones (<strong>Cusco, Puno, Lima)<\/strong>, en la provincia constitucional del <strong>Callao<\/strong> y en las provincias de <strong>Andahuaylas<\/strong> (departamento de Apur\u00edmac), <strong>Tambopata<\/strong> y <strong>Tahuamanu<\/strong> (Madre de Dios), as\u00ed como en el distrito de <strong>Torata<\/strong> (Moquegua). Adem\u00e1s, el<strong> toque de queda<\/strong> en la regi\u00f3n de <strong>Puno<\/strong> se extendi\u00f3 por <strong>10 d\u00edas<\/strong> con la prohibici\u00f3n de desplazarse <span style=\"text-decoration: underline;\">desde las 8 de la noche hasta las 4 de la ma\u00f1ana<\/span>.<\/p>\n<p style=\"text-align: justify;\">Por consiguiente, se recomienda adoptar las m\u00e1ximas precauciones, seguir escrupulosamente las instrucciones de las autoridades locales, <strong>limitar al m\u00e1ximo los desplazamientos, mantener una actitud sobria y reservada, evitar cualquier forma de reuni\u00f3n, evitar en cualquier caso los desplazamientos por el interior del pa\u00eds o en lugares concurridos, salvo por razones de extrema necesidad y urgencia<\/strong>, y mantenerse informado a trav\u00e9s de los medios de comunicaci\u00f3n locales y en contacto con las autoridades policiales locales.<\/p>\n<p style=\"text-align: justify;\"><strong>Dada la situaci\u00f3n, se insta a los conciudadanos temporalmente presentes en el pa\u00eds a que consideren la oportunidad de anticipar su partida.<\/strong><\/p>\n<p style=\"text-align: justify;\"><strong>Se aconseja a quienes tengan previsto viajar a Per\u00fa que posterguen o cancelen su viaje.<\/strong><\/p>\n<p style=\"text-align: justify;\"><strong>Se recomienda, en cualquier caso, no viajar a las zonas perif\u00e9ricas de las principales ciudades de Per\u00fa, as\u00ed como a las zonas del interior y\/o de dif\u00edcil acceso y, en particular, a las afectadas por el estado de emergencia, salvo en casos justificados de necesidad y\/o urgencia.<\/strong><\/p>\n<p style=\"text-align: justify;\">Adem\u00e1s, se recomienda descargar la APP gratuita \u00abUnit\u00e0 di Crisi\u00bb, activando el modo de geolocalizaci\u00f3n e ingresando los respectivos datos de viaje\/domicilio.<\/p>\n<p style=\"text-align: justify;\">Para situaciones de emergencia justificada, la Embajada en Lima est\u00e1 disponible 24\/7 al n\u00famero <a href=\"+51%20997232073\">+51 997232073<\/a>.<\/p>\n<p style=\"text-align: justify;\">Asimismo, se aconseja a los turistas que a\u00fan se encuentren en el pa\u00eds que se registren ante las autoridades locales peruanas completando el formulario de identificaci\u00f3n y localizaci\u00f3n disponible en el enlace:<a href=\"https:\/\/forms.office.com\/r\/RYXYgzJU3G\"> https:\/\/forms.office.com\/r\/RYXYgzJU3G<\/a> para que las fuerzas del orden locales puedan localizarlos m\u00e1s f\u00e1cilmente en caso necesario a ra\u00edz de las fuertes protestas en curso. Los viajeros tambi\u00e9n pueden descargar la aplicaci\u00f3n de la Polic\u00eda Tur\u00edstica del Per\u00fa en su tel\u00e9fono o laptop. Adem\u00e1s, est\u00e1n disponibles los siguientes datos de contacto de la Polic\u00eda de Turismo del Per\u00fa: POLTUR Lima Central <a href=\"01%204601060\">01 4601060<\/a>; IPER\u00da WhatsApp <a href=\"+51%20944492314\">+51 944492314<\/a>; as\u00ed como el correo electr\u00f3nico <a href=\"mailto:proteccionalturista@mincetur.gob.pe\">proteccionalturista@mincetur.gob.pe<\/a> y <a href=\"mailto:iperu@promperu.gob.pe\">iperu@promperu.gob.pe<\/a>.<\/p>\n<p>Se invitan a todos los ciudadanos italianos presentes temporalmente en Per\u00fa por cualquier motivo a registrar su presencia en el portal \u00abDove Siamo nel Mondo\u00bb (<a href=\"https:\/\/www.dovesiamonelmondo.it\/home.html\">https:\/\/www.dovesiamonelmondo.it\/home.html<\/a>) y a consultar peri\u00f3dicamente la p\u00e1gina de Viaggiare Sicuri (<a href=\"http:\/\/www.viaggiaresicuri.it\/country\/PER\">http:\/\/www.viaggiaresicuri.it\/country\/PER<\/a>). Para obtener m\u00e1s informaci\u00f3n sobre los regresos a Italia y descargar la Autocertificaci\u00f3n para la entrada en Italia, consulte el sitio web del Ministro de Asuntos Exteriores y Cooperaci\u00f3n Internacional en el Focus sui rientri dall\u2019estero (<a href=\"https:\/\/www.esteri.it\/mae\/it\/ministero\/normativaonline\/decreto-iorestoacasa-frequent-questions\/focus-cittadini-italiani-in-rientro-dall-estero-and-cittadini-tranieri-in-italia.html\">https:\/\/www.esteri.it\/mae\/it\/ministero\/normativaonline\/decreto-iorestoacasa-frequent-questions\/focus-cittadini-italiani-in-rientro-dall-estero-and-cittadini-tranieri-in-italia.html<\/a>), as\u00ed como la p\u00e1gina web del Ministerio de Salud (<a href=\"https:\/\/www.salute.gov.it\/portale\/nuovocoronavirus\/dettaglioContenutiNuovoCoronavirus.jsp?lingua=italiano&amp;id=5411&amp;area=nuovoCoronavirus&amp;menu=vuoto\">https:\/\/www.salute.gov.it\/portale\/nuovocoronavirus\/dettaglioContenutiNuovoCoronavirus.jsp?lingua=italiano&amp;id=5411&amp;area=nuovoCoronavirus&amp;menu=vuoto<\/a>)<\/p>\n<p>Con respecto a los viajes a Italia, se recuerda que, a partir del 1 de junio de 2022, ya no se exige el Green Pass u otro certificado equivalente para la entrada \/ regreso a Italia desde el extranjero. Para obtener mayor informaci\u00f3n, s\u00edrvase visitar la secci\u00f3n \u00abapprofondimenti\u00bb (<a href=\"https:\/\/www.viaggiaresicuri.it\/approfondimenti-insights\/saluteinviaggio\">https:\/\/www.viaggiaresicuri.it\/approfondimenti-insights\/saluteinviaggio<\/a>) del portal ViaggiareSicuri.<\/p>\n<p><span style=\"text-decoration: underline;\"><strong style=\"text-align: justify;\">ACTUALIZACI\u00d3N (5 DE ENERO DE 2023)<\/strong><\/span><\/p>\n<p style=\"text-align: justify;\">Tras el fallido intento de golpe de Estado del \u00faltimo 7 de diciembre de Pedro Castillo, comenzaron las protestas y los enfrentamientos violentos en varias provincias del sur del pa\u00eds. A estas graves circunstancias, se a\u00f1ade el incremento de los episodios de delincuencia com\u00fan (asesinatos, sicariatos, asaltos, robos, etc.) y organizada (principalmente relacionada con el narcotr\u00e1fico y la miner\u00eda ilegal), as\u00ed como una red de carreteras extremadamente peligrosa en provincias, a menudo con escaso mantenimiento.<\/p>\n<p style=\"text-align: justify;\">Actualmente, luego de la tregua por las fiestas, los levantamientos se han reanudado con fuerza con importantes y peligrosos bloqueos incluso en carreteras internas en diversas provincias y especialmente en Jun\u00edn, Cusco, Huancavelica, Apur\u00edmac, Ayacucho, Arequipa, Puno, Moquegua, Tacna.<\/p>\n<p style=\"text-align: justify;\">Cabe recordar que, para hacer frente a la grave situaci\u00f3n de seguridad tras el fallido golpe de Estado y las protestas que estallaron en el interior del pa\u00eds, la presidente Boluarte declar\u00f3 -a partir <strong>del 15 de diciembre de 2022 y hasta el 16 de enero de 2023- un nuevo estado de emergencia a nivel nacional<\/strong> que sustituye a todos los anteriores reg\u00edmenes de excepci\u00f3n hasta ahora vigentes. El nuevo estado de emergencia otorga al Ej\u00e9rcito y a la Polic\u00eda mayores facultades en materia de orden p\u00fablico para hacer frente a los des\u00f3rdenes armados, las manifestaciones violentas y la delincuencia com\u00fan y organizada. Este r\u00e9gimen de excepci\u00f3n limita considerablemente los derechos constitucionales de inviolabilidad del domicilio, libertad de tr\u00e1nsito por el territorio nacional peruano, libertad de reuni\u00f3n, as\u00ed como las libertades personales.<\/p>\n<p style=\"text-align: justify;\"><strong>El toque de queda nocturno, establecido inicialmente por unos d\u00edas y luego no prorrogado, podr\u00eda reintroducirse si las circunstancias lo requieren. Por lo tanto, se recomienda prestar la m\u00e1xima atenci\u00f3n a los avisos de las autoridades locales.<\/strong><\/p>\n<p style=\"text-align: justify;\">En Lima, por el momento, el orden p\u00fablico permanece bajo control, aunque contin\u00faan algunos episodios de protesta, principalmente concentrados en el centro de la ciudad, en conjunto con la llegada de manifestantes del interior del pa\u00eds.<\/p>\n<p style=\"text-align: justify;\">Por todo ello, se recomienda adoptar las m\u00e1ximas precauciones, seguir escrupulosamente las instrucciones de las autoridades locales, limitar al m\u00e1ximo los desplazamientos, mantener una actitud sobria y reservada, <strong>evitar cualquier forma de aglomeraci\u00f3n, evitar en todo caso los desplazamientos en el interior del pa\u00eds o en lugares concurridos, salvo por razones de extrema necesidad y urgencia<\/strong>, as\u00ed como mantenerse informado a trav\u00e9s de los medios de comunicaci\u00f3n local y en contacto con la polic\u00eda local.<br \/>\n<strong>Dada la situaci\u00f3n, se insta a los conciudadanos temporalmente presentes en el pa\u00eds a que consideren la oportunidad de anticipar su partida.<\/strong><\/p>\n<p style=\"text-align: justify;\"><strong>Se aconseja a quienes tengan previsto viajar a Per\u00fa que posterguen o cancelen su viaje.<\/strong><br \/>\n<strong>En cualquier caso, se recomienda no viajar a zonas perif\u00e9ricas de las principales ciudades de Per\u00fa, as\u00ed como a zonas del interior y\/o de dif\u00edcil acceso, salvo en casos justificados de necesidad y\/o urgencia<\/strong><\/p>\n<p style=\"text-align: justify;\">Adem\u00e1s, se recomienda descargar la APP gratuita \u00abUnit\u00e0 di Crisi\u00bb, activando el modo de geolocalizaci\u00f3n e ingresando los respectivos datos de viaje\/domicilio.<\/p>\n<p style=\"text-align: justify;\">Para situaciones de emergencia justificada, la Embajada en Lima est\u00e1 disponible 24\/7 al n\u00famero +51 997232073.<\/p>\n<p>Asimismo, se aconseja a los turistas que a\u00fan se encuentren en el pa\u00eds que se registren ante las autoridades locales peruanas completando el formulario de identificaci\u00f3n y localizaci\u00f3n disponible en el enlace: <a href=\"https:\/\/forms.office.com\/r\/RYXYgzJU3G\">https:\/\/forms.office.com\/r\/RYXYgzJU3G<\/a> para que las fuerzas del orden locales puedan localizarlos m\u00e1s f\u00e1cilmente en caso necesario a ra\u00edz de las fuertes protestas en curso. Los viajeros tambi\u00e9n pueden descargar la aplicaci\u00f3n de la Polic\u00eda Tur\u00edstica del Per\u00fa en su tel\u00e9fono o laptop. Adem\u00e1s, est\u00e1n disponibles los siguientes datos de contacto de la Polic\u00eda de Turismo del Per\u00fa: POLTUR Lima Central 01 4601060; IPER\u00da WhatsApp +51 944492314; as\u00ed como el correo electr\u00f3nico <a href=\"mailto:proteccionalturista@mincetur.gob.pe\">proteccionalturista@mincetur.gob.pe<\/a> y <a href=\"mailto:iperu@promperu.gob.pe\">iperu@promperu.gob.pe<\/a>.<\/p>\n<p style=\"text-align: justify;\"><span style=\"text-decoration: underline;\"><strong>ACTUALIZACI\u00d3N (7 DE DICIEMBRE DE 2022)<\/strong><\/span><\/p>\n<p style=\"text-align: justify;\">Debido a los \u00faltimos y muy graves acontecimientos pol\u00edticos y, en particular, a la decisi\u00f3n del Presidente de la Rep\u00fablica de cerrar el Congreso e imponer un toque de queda desde las 10 de la noche hasta las 4 de la ma\u00f1ana a partir de hoy, se recomienda a todos los conciudadanos presentes en Per\u00fa por cualquier motivo la m\u00e1xima prudencia, permanecer en todo caso en sus domicilios y salir de ellos solo por razones de necesidad y urgencia.<\/p>\n<p style=\"text-align: justify;\">Se aconseja a quienes tengan la posibilidad de salir del pa\u00eds que anticipen su partida. Del mismo modo, quienes tengan intenci\u00f3n de viajar a Per\u00fa deben cancelar o postergar su viaje a una pr\u00f3xima fecha.<br \/>\nPara casos de urgencia y necesidad justificada, sigue operativo el n\u00famero de emergencia de la Embajada activo 24 horas, tambi\u00e9n v\u00eda WhatsApp +51 997232073.<\/p>\n<p style=\"text-align: justify;\"><span style=\"text-decoration: underline;\"><strong>ACTUALIZACI\u00d3N (26 DE NOVIEMBRE DE 2022)<\/strong><\/span><\/p>\n<p style=\"text-align: justify;\">Ante las graves circunstancias sociopol\u00edticas y el grave deterioro de las condiciones de vida y seguridad en Per\u00fa, se sugiere posponer o cancelar los viajes cuyo destino final se encuentre fuera de Lima. En cualquier caso, se recomienda no viajar a zonas perif\u00e9ricas de las principales ciudades de Per\u00fa, as\u00ed como a zonas del interior y\/o de dif\u00edcil acceso, salvo en casos motivados de necesidad y\/o urgencia.<\/p>\n<p style=\"text-align: justify;\">Por lo tanto, se aconseja mantener la m\u00e1xima prudencia, y en caso de tener que viajar a zonas fuera de la ciudad de Lima por situaciones de comprobada e impostergable necesidad y\/o urgencia, se invita a tomar todas las precauciones posibles y siempre despu\u00e9s de monitorear la situaci\u00f3n local, a menudo caracterizada por huelgas repentinas, bloqueos de carreteras y otras situaciones de violencia y peligro potencial, inform\u00e1ndose ampliamente sobre la ruta a seguir, consultando tambi\u00e9n a las autoridades locales.<\/p>\n<p style=\"text-align: justify;\"><span style=\"text-decoration: underline;\"><strong>ACTUALIZACI\u00d3N (10 DE NOVIEMBRE DE 2022)<\/strong><\/span><\/p>\n<p style=\"text-align: justify;\">Se comunica que, mediante el <a href=\"https:\/\/busquedas.elperuano.pe\/normaslegales\/decreto-supremo-que-deroga-el-decreto-supremo-n-016-2022-pc-decreto-supremo-n-130-2022-pcm-2119571-1\/\">Decreto Supremo N\u00ba 130-2022-PCM<\/a>, a partir del 28 de octubre de 2022, se ha derogado el Estado de Emergencia Nacional en el Per\u00fa, declarado a partir del 16 de marzo de 2020 por la pandemia del virus Sars-CoV-2. Sin embargo, ante el grave rebrote de los contagios de Covid-19 en Lima, Callao y los departamentos de Loreto, Arequipa, Cusco, Ancash e Ica, el Ministerio de Salud del Per\u00fa emiti\u00f3 una nueva alerta epidemiol\u00f3gica. Cabe se\u00f1alar, en este contexto, que el Estado de Emergencia Sanitaria por Covid-19 sigue vigente en todo el pa\u00eds hasta el 25 de febrero de 2023. Por lo tanto, se insta a todos los conciudadanos a prestar la m\u00e1xima atenci\u00f3n y acatar rigurosamente las disposiciones de las autoridades sanitarias locales.<\/p>\n<p style=\"text-align: justify;\">En relaci\u00f3n con lo anterior, cabe indicar que el <a href=\"https:\/\/epdoc2.elperuano.pe\/EpPo\/Descarga.asp?Referencias=RVgyMDIyMTAyOQ==\">Decreto Supremo N\u00ba 131-2022-PCM<\/a> prorrog\u00f3 el Estado de Emergencia en el Departamento de Lima y en la Provincia Constitucional del Callao por 45 d\u00edas m\u00e1s -es decir, hasta el 14 de diciembre de 2022- debido a la emergencia de la delincuencia com\u00fan y organizada.<\/p>\n<p style=\"text-align: justify;\">Como consecuencia de lo anterior y de los incidentes cada vez m\u00e1s frecuentes en los que se ven implicados ciudadanos occidentales en todo el pa\u00eds, a veces con desenlaces tr\u00e1gicos, se recomienda a los conciudadanos evitar cualquier forma de aglomeraci\u00f3n, seguir escrupulosamente las disposiciones de las autoridades locales, mantenerse informados en los medios de comunicaci\u00f3n y tener la m\u00e1xima precauci\u00f3n. En caso de emergencia, contactar la Embajada de Italia llamando al 0051997232073, activo las 24 horas del d\u00eda.<\/p>\n<p style=\"text-align: justify;\">Frente a las circunstancias actuales, se aconseja la m\u00e1xima precauci\u00f3n a todos aquellos que pretendan viajar a Per\u00fa y, en todo caso, no viajar al interior del pa\u00eds y\/o en cualquier caso de dif\u00edcil acceso, salvo por razones de necesidad y emergencia comprobadas.<\/p>\n<p style=\"text-align: justify;\"><span style=\"text-decoration: underline;\"><strong>ACTUALIZACI\u00d3N (12 DE OCTUBRE DE 2022)<\/strong><\/span><\/p>\n<p style=\"text-align: justify;\">Se comunica que, seg\u00fan la\u00a0Resoluci\u00f3n Ministerial N\u00b0 811-2022\/MINSA, a partir del 12 de octubre de 2022, no se requerir\u00e1 declaraci\u00f3n jurada para el ingreso en Per\u00fa.<\/p>\n<p style=\"text-align: justify;\"><span style=\"text-decoration: underline;\"><strong>ACTUALIZACI\u00d3N (24 DE AGOSTO DE 2022)<\/strong><\/span><\/p>\n<p style=\"text-align: justify;\">Se comunica que el 22.08.2022 el Ministerio de Salud del Per\u00fa (Minsa) anunci\u00f3 que los ciudadanos podr\u00e1n obtener un pasaporte internacional COVID-19 que les permitir\u00e1 acreditar su inoculaci\u00f3n a trav\u00e9s de la lectura de un c\u00f3digo QR. De esta forma, podr\u00e1n ingresar a pa\u00edses de la Uni\u00f3n Europea (UE).<\/p>\n<p style=\"text-align: justify;\">Este certificado internacional se encuentra disponible en el aplicativo \u201cCarnet de vacunaci\u00f3n\u201d (<a href=\"https:\/\/carnetvacunacion.minsa.gob.pe\/#\/auth\" target=\"_blank\" rel=\"noopener\">https:\/\/carnetvacunacion.minsa.gob.pe\/<\/a>) y en la p\u00e1gina web del <a href=\"https:\/\/www.gob.pe\/institucion\/minsa\/noticias\/643397-minsa-pone-a-disposicion-pasaporte-covid-19-para-ingresar-a-paises-de-la-union-europea\" target=\"_blank\" rel=\"noopener\">Minsa<\/a>.<\/p>\n<p style=\"text-align: justify;\"><span style=\"text-decoration: underline;\"><strong>ACTUALIZACI\u00d3N (02 DE MAYO DE 2022)<\/strong><\/span><\/p>\n<p style=\"text-align: justify;\">Se comunica que, con esta <a href=\"resource\/doc\/2022\/05\/ordinanza-ministero-salute-28-aprile-2022.pdf\" target=\"_blank\" rel=\"noopener\">Ordenanza<\/a> del Ministro de Salud, se han prorrogado hasta el 31 de mayo de 2022 las medidas establecidas con la Ordenanza del 22.02.2022 relacionadas con los viajes hacia y desde el extranjero, con excepci\u00f3n del requisito de presentar el formulario digital de localizaci\u00f3n \u201cdigital Passenger Locator Form\u201d a la llegada a Italia.<\/p>\n<p style=\"text-align: justify;\">A partir del 1 de mayo, por lo tanto, para entrar en Italia ser\u00e1 suficiente presentar el certificado verde Covid-19 (certificado de vacunaci\u00f3n, certificado de curaci\u00f3n o prueba molecular o de ant\u00edgeno negativa) u otro certificado de vacunaci\u00f3n reconocido como equivalente.<\/p>\n<p style=\"text-align: justify;\"><span style=\"text-decoration: underline;\"><strong>ACTUALIZACI\u00d3N (08 DE ABRIL DE 2022)<\/strong><\/span><\/p>\n<p style=\"text-align: justify;\">Se comunica que, con esta <a href=\"https:\/\/www.gazzettaufficiale.it\/atto\/vediMenuHTML?atto.dataPubblicazioneGazzetta=2022-03-30&amp;atto.codiceRedazionale=22A02126&amp;tipoSerie=serie_generale&amp;tipoVigenza=originario\" target=\"_blank\" rel=\"noopener\">Ordenanza del Ministro de Salud<\/a> del 29 de marzo, publicada en el Bolet\u00edn Oficial, se han prorrogado hasta el 30 de abril de 2022 las medidas establecidas en la <a href=\"resource\/doc\/2022\/02\/circolare_min_salute_22_febbraio_2022.pdf\" target=\"_blank\" rel=\"noopener\">Ordenanza<\/a> del 22.02.2022 relacionadas con los viajes hacia y desde el exterior.<\/p>\n<p style=\"text-align: justify;\"><span style=\"text-decoration: underline;\"><strong>ACTUALIZACI\u00d3N (23 DE FEBRERO DE 2022)<\/strong><\/span><\/p>\n<p style=\"text-align: justify;\">Con esta <a href=\"resource\/doc\/2022\/02\/circolare_min_salute_22_febbraio_2022.pdf\" target=\"_blank\" rel=\"noopener\">Ordenanza del Ministro de Salud<\/a>\u00a0del 22 de febrero, se modifican las normas relacionadas con los viajes desde y hacia el exterior, desde el 1 de marzo hasta el 31 de marzo 2022. (fecha en la que finalizar\u00e1 el estado de emergencia).<\/p>\n<p style=\"text-align: justify;\">En concreto, se eliminan las listas de pa\u00edses y se uniforman las normas de entrada en el territorio nacional entre los pa\u00edses UE\/Schengen y el resto del mundo. Por lo tanto, se permitir\u00e1 la entrada en Italia presentando:<\/p>\n<ul style=\"text-align: justify;\">\n<li>formulario de localizaci\u00f3n de pasajeros (PLF) digital en formato digital o en papel;<\/li>\n<li>certificaci\u00f3n verde Covid-19 (certificado de vacunaci\u00f3n, certificado de curaci\u00f3n o prueba molecular o ant\u00edgena negativa) u otra certificaci\u00f3n de vacunaci\u00f3n reconocida como equivalente.<\/li>\n<\/ul>\n<p style=\"text-align: justify;\">En caso de no presentaci\u00f3n de una de las certificaciones anteriores, la medida de cuarentena se aplica por un per\u00edodo de 5 d\u00edas con la obligaci\u00f3n de someterse a pruebas moleculares o ant\u00edgenas al final del per\u00edodo.<\/p>\n<p style=\"text-align: justify;\">Contin\u00faan las excepciones para determinadas categor\u00edas indicadas en el art. 2 de la ordenanza.<\/p>\n<p style=\"text-align: justify;\">Por otro lado, los viajes hacia y desde la Rep\u00fablica de San Marino y el Estado Vaticano no est\u00e1n sujetos a restricciones.<\/p>\n<p style=\"text-align: justify;\"><span style=\"text-decoration: underline;\"><strong>ACTUALIZACI\u00d3N (26 DE NOVIEMBRE DE 2021)\u00a0<\/strong><\/span><\/p>\n<p style=\"text-align: justify;\">Se comunica que del 26 de noviembre al 15 de diciembre de 2021, con esta <a href=\"resource\/doc\/2021\/12\/ordinanza-26112021-.pdf\">Ordenanza del Ministro de Salud<\/a>, se ha prohibido el ingreso y tr\u00e1nsito en el territorio nacional a las personas que en los catorce d\u00edas anteriores hayan permanecido o transitado en Sud\u00e1frica, Lesotho, Botswana , Zimbabwe, Malawi, Mozambique, Namibia, Eswatini, con excepci\u00f3n de los ciudadanos italianos que hayan registrado su residencia en Italia desde una fecha anterior a la misma ordenanza, y siempre que no presenten s\u00edntomas de Covid-19. Para obtener m\u00e1s detalles, haga clic en el enlace en la parte interior del mensaje.<\/p>\n<p>La Ordenanza tambi\u00e9n prev\u00e9 la prohibici\u00f3n del tr\u00e1fico a\u00e9reo desde los pa\u00edses anteriormente indicados.<\/p>\n<p style=\"text-align: justify;\"><span style=\"text-decoration: underline;\"><strong>ACTUALIZACI\u00d3N (25 DE OCTUBRE DE 2021)<\/strong><\/span><\/p>\n<p style=\"text-align: justify;\">Se informa que con Decreto del Ministerio de\u00a0Salud de fecha 23 de octubre 2021 la normativa sobre el ingreso de extranjeros, indicada en el DPCM del 2 de marzo 2021 (espec\u00edficamente art. 49 y 50) ha sido prorrogada hasta el <strong>15 de diciembre 2021\u00a0<\/strong>(incluido). Las medidas para el ingreso en Italia permanecen sin cambios. Para mayor informaci\u00f3n consultar el siguiente enlace:<br \/>\n<a href=\"es\/ambasciata\/noticias\/dall_ambasciata\/2021\/07\/dichiarazioni-consolari-per-cittadini.html\">https:\/\/amblima.esteri.it\/ambasciata_lima\/es\/ambasciata\/noticias\/dall_ambasciata\/2021\/07\/dichiarazioni-consolari-per-cittadini.html<\/a><\/p>\n<p style=\"text-align: justify;\"><span style=\"text-decoration: underline;\"><strong>ACTUALIZACI\u00d3N (27 DE SETIEMBRE DE 2021)<\/strong><\/span><\/p>\n<p style=\"text-align: justify;\"><strong>Equivalencia de vacunas anti SARS-CoV-2\/COVID suministradas en el extranjero<\/strong><\/p>\n<p style=\"text-align: justify;\">Con <a href=\"resource\/doc\/2021\/09\/circolare_equivalenza_vaccini_estero.pdf\">circular del 23 de setiembre 2021<\/a> el Ministerio de Salud ha reconocido la equivalencia de algunas vacunas, administradas por las Autoridades extranjeras competentes, con las exigidas en el \u00e1mbito del Plan estrat\u00e9gico nacional de vacunaci\u00f3n para la prevenci\u00f3n de las infecciones por SARS-CoV-2:<\/p>\n<p>&#8211; <a href=\"resource\/doc\/2021\/09\/allegato_1.pdf\">vacunas cuyo laboratorio autorizado para la comercializaci\u00f3n sean los mismos que los establecidos en la Uni\u00f3n Europea (ver lista)<\/a>;<br \/>\n&#8211; Covishield (Serum Institute of India), productos bajo licencia de AstraZeneca;<br \/>\n&#8211; R-CoVI (R-Pharm), producto con licencia de AstraZeneca;<br \/>\n&#8211; Covid-19 vaccine-recombinant (Fiocruz), producto con licencia de Astrazeneca.<\/p>\n<p style=\"text-align: justify;\">Las vacunas arriba mencionadas, se consideran v\u00e1lidas para los fines de la emisi\u00f3n de la Certificaci\u00f3n verde COVID-19 a favor de los ciudadanos italianos (tambi\u00e9n residentes en el extranjero), sus familiares convivientes y a los ciudadanos extranjeros que residen en Italia por motivos de trabajo o estudio y a todas las personas inscritas en el Servicio Sanitario Nacional que se hayan vacunado en el extranjero.<\/p>\n<p style=\"text-align: justify;\">La certificaci\u00f3n verde COVID-19 emitida por las Autoridades sanitarias extranjeras, luego de la vacunaci\u00f3n con las vacunas arriba mencionadas (adem\u00e1s de las vacunas autorizadas por el EMA \u2013 Agencia Europea de Medicamentos), son consideradas como equivalentes para los fines previstos por ley, siempre que contengan la informaci\u00f3n solicitada en la circular, arriba indicada (datos del titular, datos relativos a la vacuna, fecha\/s de vacunaci\u00f3n, datos de identificaci\u00f3n que qui\u00e9n ha emitido el certificado), y est\u00e9 redactado en italiano, ingl\u00e9s, franc\u00e9s, espa\u00f1ol y alem\u00e1n (si estuviese emitido en otro idioma se deber\u00e1 acompa\u00f1ar con una traducci\u00f3n oficial).<\/p>\n<p style=\"text-align: justify;\"><strong>ACTUALIZACI\u00d3N (18 DE SETIEMBRE DE 2021)<\/strong><\/p>\n<p style=\"text-align: justify;\"><strong>&#8211;&gt; Se informa que el Ministerio de Salud, en respuesta a consultas formuladas, comunica\u00a0 que los peruanos,\u00a0residentes y extranjeros deben contar con una prueba molecular negativa como requisito para ingresar en Per\u00fa (19\/9\/2021).<\/strong><\/p>\n<p style=\"text-align: justify;\">El Gobierno peruano con Decreto Supremo n.152-2021-PCM del 17\/09\/2021, art.8.7 ha dispuesto que los peruanos, extranjeros residentes, y extranjeros no residentes cuyo destino final sea el territorio nacional, en calidad de pasajeros e independientemente del pa\u00eds de procedencia, deben contar con una prueba molecular negativa con fecha de resultado no mayor a 72 horas antes de abordar en su punto de origen y haber completado las respectivas dosis de vacunas seg\u00fan las exigencias del pa\u00eds donde se vacun\u00f3.<\/p>\n<p style=\"text-align: justify;\">Aquellas personas que muestren s\u00edntomas al ingresar a territorio nacional ingresan a aislamiento obligatorio, seg\u00fan regulaciones sobre la materia.<\/p>\n<p style=\"text-align: justify;\">Susp\u00e9ndase hasta el 3 de octubre de 2021, el ingreso al territorio nacional de extranjeros no residentes de procedencia de la Rep\u00fablica de Sud\u00e1frica, o que hayan realizado escala en este lugar en los \u00faltimos catorce (14) d\u00edas calendario.<\/p>\n<p style=\"text-align: justify;\">Los peruanos y extranjeros residentes que ingresen al territorio nacional provenientes de la Rep\u00fablica de Sud\u00e1frica, o que hayan realizado escala en este lugar, realizar\u00e1n cuarentena obligatoria en su domicilio, hospedaje u otro centro de aislamiento temporal por un periodo de catorce (14) d\u00edas calendario, contados desde el arribo al territorio nacional.<\/p>\n<p><a href=\"https:\/\/busquedas.elperuano.pe\/normaslegales\/decreto-supremo-que-prorroga-el-estado-de-emergencia-naciona-decreto-supremo-no-152-2021-pcm-1992708-1\/\">https:\/\/busquedas.elperuano.pe\/normaslegales\/decreto-supremo-que-prorroga-el-estado-de-emergencia-naciona-decreto-supremo-no-152-2021-pcm-1992708-1\/<\/a><\/p>\n<p style=\"text-align: justify;\"><strong>ACTUALIZACI\u00d3N (27 DE ENERO DE 2021)<\/strong><\/p>\n<p style=\"text-align: justify;\">Con Decreto Supremo 008\/2021 del 27 de enero de 2021, el Gobierno peruano ha dispuesto un serio endurecimiento de las medidas para evitar la propagaci\u00f3n del virus COVID 19 en el pa\u00eds que se divide en 4 zonas. Las nuevas medidas entrar\u00e1n en vigencia desde la medianoche del domingo 31 de enero hasta el 14 de febrero inclusive. No se excluye una posible extensi\u00f3n si los datos epidemiol\u00f3gicos no mejoran significativamente.<\/p>\n<p style=\"text-align: justify;\">En diez regiones del pa\u00eds hay un retorno al bloqueo total debido al riesgo epidemiol\u00f3gico \u00abextremo\u00bb. El resto del pa\u00eds se divide en zonas de riesgo \u00abmuy alto\u00bb y \u00abalto\u00bb. No hay m\u00e1s regiones en el rango \u00abmoderado\u00bb.<\/p>\n<p style=\"text-align: justify;\">En resumen, la Capital (Lima metropolitana) y el distrito aut\u00f3nomo del puerto del Callao, junto con las regiones de Ancash, Pasco, Hu\u00e1nuco, Jun\u00edn, Huancavelica, Ica, Apur\u00edmac y la provincia de Lima pasan a ser parte de la zona de riesgo extremo con las siguientes restricciones:<\/p>\n<p style=\"text-align: justify;\">&#8211; Inmovilizaci\u00f3n social obligatoria las 24 horas del d\u00eda todos los d\u00edas de la semana (solo una persona por familia puede ir de compra todos los d\u00edas &#8211; alimentos y medicinas);<\/p>\n<p style=\"text-align: justify;\">&#8211; Esta suspendido el Transporte interprovincial por tierra y aire;<\/p>\n<p style=\"text-align: justify;\">&#8211; Los centros comerciales, galer\u00edas y todos los dem\u00e1s establecimientos comerciales est\u00e1n cerrados al p\u00fablico y solo se permite la entrega a domicilio;<\/p>\n<p style=\"text-align: justify;\">&#8211; Todos los centros recreativos de todo tipo, iglesias, escuelas de todos los niveles, centros arqueol\u00f3gicos, monumentos, lugares p\u00fablicos y centros culturales en general est\u00e1n cerrados;<\/p>\n<p style=\"text-align: justify;\">&#8211; Establecimientos comerciales que venden art\u00edculos de primera necesidad, farmacias y supermercados: capacidad limitada al 40%;<\/p>\n<p style=\"text-align: justify;\">&#8211; Restaurantes podr\u00e1n operan solo en modo de entrega a domicilio;<\/p>\n<p style=\"text-align: justify;\">&#8211; Actividades de clubes deportivos y asociaciones cerradas;<\/p>\n<p style=\"text-align: justify;\">Otras 9 regiones (Tumbes, Amazonas, Cajamarca, Ayacucho, Cusco, Puno, Arequipa, Moquegua, Tacna) est\u00e1n incluidas en el rango de riesgo \u00abmuy alto\u00bb con inmovilizaci\u00f3n social obligatoria de lunes a viernes desde las 20:00 hrs. hasta las 4:00 hrs. y con la prohibici\u00f3n de tr\u00e1nsito vehicular particular los s\u00e1bados y domingos, y reducciones significativas en la capacidad de todos los establecimientos p\u00fablicos y privados. El transporte terrestre y a\u00e9reo interprovincial est\u00e1 limitado a una capacidad del 50%.<\/p>\n<p style=\"text-align: justify;\">El resto del pa\u00eds (Piura, Loreto, Lambayeque, La Libertad, San Mart\u00edn, Ucayali, Madre de Dios) se ha movido al rango \u00abalto\u00bb con inmovilizaci\u00f3n social obligatoria todos los d\u00edas de la semana de 9:00 pm hasta las 4:00 am; est\u00e1 prohibido y el tr\u00e1nsito vehicular particular los domingos.<\/p>\n<p style=\"text-align: justify;\">Se ha confirmado la suspensi\u00f3n de los vuelos internacionales desde Europa y Sud\u00e1frica, incorpor\u00e1ndose ahora Brasil. Solo es posible llegar a destinos que requieren de 8 horas de vuelo desde Lima.<\/p>\n<p style=\"text-align: justify;\">La entrada de extranjeros no residentes de Europa, Sud\u00e1frica y Brasil est\u00e1 prohibida hasta el 28 de febrero as\u00ed como cualquier persona que haya transitado en estas zonas.<\/p>\n<p style=\"text-align: justify;\">A<strong>CTUALIZACI\u00d3N (17 DE ENERO DE 2021)<\/strong><\/p>\n<p>Se informa que por decisi\u00f3n del Ministro de Salud (Ordenanza del 16 de enero 2021 v\u00e1lida hasta el 31 de enero del 2021) se decidi\u00f3 el bloqueo total de vuelos desde Brasil a Italia as\u00ed como la prohibici\u00f3n total de entrada a Italia para los que han estado en Brasil en los \u00faltimos 14 d\u00edas. No hay excepciones, ni siquiera presentando una doble prueba molecular o antig\u00e9nica.<\/p>\n<p><strong><span lang=\"ES-PE\">ACTUALIZACI\u00d3N (15 DE ENERO DE 2021)<\/span><\/strong><\/p>\n<p class=\"MsoListParagraph\" style=\"margin-bottom: .0001pt; mso-add-space: auto; text-indent: -18.0pt; line-height: normal; mso-list: l0 level1 lfo1;\"><!-- [if !supportLists]--><span class=\"jlqj4b\"><span lang=\"ES-PE\" style=\"font-size: 12pt; font-family: Helvetica, sans-serif;\">1.<span style=\"font-variant-numeric: normal; font-variant-east-asian: normal; font-stretch: normal; font-size: 7pt; line-height: normal; font-family: 'Times New Roman';\">\u00a0<strong>\u00a0<\/strong><\/span><\/span><\/span><span lang=\"ES-PE\"><strong>\u00a0 1. Ingresos<\/strong>\u00a0<\/span><strong><span lang=\"ES-PE\">en Per\u00fa<\/span><\/strong><\/p>\n<p><span lang=\"ES-PE\" style=\"text-align: justify;\">Se informa que el d\u00eda de hoy ha sido publicado el Decreto Supremo, n.<\/span><span lang=\"ES-PE\" style=\"text-align: justify;\"> <span data-language-for-alternatives=\"es\" data-language-to-translate-into=\"it\" data-phrase-index=\"5\">4\/2021 del Presidente de la Rep\u00fablica del Per\u00fa que en su art. 4 establece\u00a0<\/span><span lang=\"ES-PE\">la <span style=\"text-decoration: underline;\">prohibici\u00f3n hasta el 31 de enero de 2021\u00a0<\/span><span style=\"text-decoration: underline;\">de ingreso en Per\u00fa para todos los extranjeros no residentes en el pa\u00eds procedentes e\/o que hayan transitado en Europa o Sud\u00e1frica en los \u00faltimos 14 d\u00edas<\/span> calendario<\/span>.<\/span><\/p>\n<p style=\"text-align: justify;\"><span lang=\"ES-PE\">Quedan <span style=\"text-decoration: underline;\">excluidas<\/span> de esta prohibici\u00f3n y de la obligaci\u00f3n de cuarentena de 14 d\u00edas las siguientes categor\u00edas: tripulaciones de aeronaves, misiones especiales de tipo pol\u00edticos, m\u00e9dicos o policiales, personal de representaciones diplom\u00e1ticas acreditadas en el Per\u00fa, personal enviado para brindar ayuda humanitaria o en todo caso<\/span><span lang=\"ES-PE\"> <span data-language-for-alternatives=\"es\" data-language-to-translate-into=\"it\" data-phrase-index=\"1\">involucrado en proyectos de cooperaci\u00f3n internacional.<\/span> <span lang=\"ES-PE\"><span data-language-for-alternatives=\"es\" data-language-to-translate-into=\"it\" data-phrase-index=\"2\">Asimismo, quedan excluidos los trabajadores extranjeros de empresas o instituciones que operan en el Per\u00fa que necesiten de dichos trabajadores \/ profesionales para el ejercicio de sus funciones.<\/span><\/span><\/span><span lang=\"ES-PE\"> <span data-language-for-alternatives=\"es\" data-language-to-translate-into=\"it\" data-phrase-index=\"3\">El empleador debe notificar a la Direcci\u00f3n de Salud Internacional del Ministerio de Salud del Per\u00fa (Director Ejecutivo de Sanidades Internacionales: Dr. Rigoberto Cilis Robles Camarena: Celular 985790019, Email: sanidadinternacional@minsa.gob.pe; <a href=\"https:\/\/www.diresacallao.gob.pe\/wdiresa\/trans_directorio.php),\">https:\/\/www.diresacallao.gob.pe\/wdiresa\/trans_directorio.php)<\/a>\u00a0la llegada de dichas personas con al menos 72 horas de anticipaci\u00f3n<\/span><\/span><\/p>\n<p style=\"text-align: justify;\"><span style=\"text-decoration: underline;\">Se permiten vuelos de conexi\u00f3n dentro de las 16 horas, siempre que los viajeros no abandonen el \u00e1rea de tr\u00e1nsito del Aeropuerto Internacional Jorge Ch\u00e1vez de Lima.<\/span><\/p>\n<p><!-- [if !supportLists]--><strong><span lang=\"ES-PE\">2.\u00a0 Ingresos\u00a0<\/span><span lang=\"ES-PE\">en Italia<\/span><\/strong><\/p>\n<p><span style=\"text-align: justify;\">Se informa que el Decreto del Primer Ministro del 14 de enero de 2021, vigente desde el 16 de enero hasta el 5 de marzo 2021, ha dispuesto la prorroga de las restricciones actualmente vigentes para el ingreso en Italia (en particular los art\u00edculos 6, 7, 8).<\/span> <span style=\"text-align: justify;\" data-language-for-alternatives=\"es\" data-language-to-translate-into=\"it\" data-phrase-index=\"4\">Invitando a los interesados \u200b\u200ba leer detenidamente esta legislaci\u00f3n, les recordamos que el ingreso y tr\u00e1nsito en el territorio nacional est\u00e1 permitido a las personas que hayan transitado o permanecido en los estados y territorios referidos en el listado E en los catorce d\u00edas anteriores, <\/span><span data-language-for-alternatives=\"es\" data-language-to-translate-into=\"it\" data-phrase-index=\"4\">solo si<\/span> <span data-language-for-alternatives=\"es\" data-language-to-translate-into=\"it\" data-phrase-index=\"5\">solo si cumplen uno o m\u00e1s de los siguientes motivos, comprobados mediante la correspondiente auto-declaraci\u00f3n<\/span>:<\/p>\n<p>a) exigencias laborales;<\/p>\n<p>b) absoluta urgencia;<\/p>\n<p>c) motivos de salud;<\/p>\n<p><span style=\"text-align: justify;\">d) motivos de estudio;<\/span><\/p>\n<p><span style=\"text-align: justify;\">e) retorno al propio domicilio, habitaci\u00f3n o residencia;<\/span><\/p>\n<p style=\"text-align: justify;\">f) ingreso en el territorio nacional de ciudadanos de Estados miembros de la Uni\u00f3n Europea, Estados parte del Acuerdo Schengen, del Reino Unido, Gran Breta\u00f1a e Irlanda del norte, de Andorra, del Principado de M\u00f3naco, de la Rep\u00fablica de San Marino y del Estado de la Ciudad del Vaticano;<\/p>\n<p style=\"text-align: justify;\">g) ingreso en el territorio nacional de familiares de las personas f\u00edsicas mencionadas en la letra f);<\/p>\n<p style=\"text-align: justify;\">h) ingreso en el territorio nacional de ciudadanos de Estados terceros con estad\u00edas largas;<\/p>\n<p style=\"text-align: justify;\">i) ingreso en el territorio nacional de familiares de las personas f\u00edsicas mencionadas en la letra h);<\/p>\n<p style=\"text-align: justify;\">l) ingreso en el territorio nacional para llegar al domicilio, hogar o residencia de una persona mencionada en la letra f) y h),\u00a0no conviviente, con quien exista una relaci\u00f3n afectiva probada y estable.<\/p>\n<p><span style=\"text-align: justify;\">En todo caso, es obligatorio presentar, al momento de embarque o a cualquier persona designada para realizar los debidos controles,\u00a0un certificado de haber sido sometido, las 48 horas previas al ingreso en territorio nacional, a una prueba molecular o antig\u00e9nica realizada mediante hisopo y con resultado negativo.<\/span><\/p>\n<p style=\"text-align: justify;\">Las personas, que hayan permanecido o transitado, en los catorce d\u00edas previos al ingreso en Italia, en los Estados o territorios mencionados en el listado E, entre ellos Per\u00fa, tambi\u00e9n si son asintom\u00e1ticos,\u00a0est\u00e1n obligados a comunicar inmediatamente su ingreso en el territorio nacional al Departamento de prevenci\u00f3n de la autoridad sanitaria local\u00a0y, tambi\u00e9n si es asintom\u00e1tico, deben cumplir las siguientes normas:<\/p>\n<p style=\"text-align: justify;\">a)\u00a0cumplir el recorrido desde el lugar de ingreso en el territorio nacional o del lugar de desembarque del medio utilizado\u00a0para ingresar en Italia hasta el domicilio o residencia en donde se realizar\u00e1 el periodo de vigilancia sanitaria y aislamiento fiduciario, exclusivamente\u00a0con medio privado, excepto el caso de tr\u00e1nsito aeroportuario con la condici\u00f3n de no alejarse de las \u00e1reas espec\u00edficamente destinadas en el interior de las terminales.<\/p>\n<p style=\"text-align: justify;\">b)\u00a0estar\u00e1n sometidos a vigilancia sanitaria y aislamiento fiduciario por un periodo de catorce d\u00edas en el domicilio o residencia\u00a0indicada en la auto-declaraci\u00f3n arriba indicada.<\/p>\n<p><strong>ACTUALIZACI\u00d3N (13 DE ENERO DE 2021)<\/strong><\/p>\n<p style=\"text-align: justify;\">Se informa que a la fecha las autoridades peruanas, han prorrogado el bloqueo de los vuelos con Europa hasta el 31 de enero del 2021, y a ra\u00edz de la reciente reintroducci\u00f3n de la cuarentena obligatoria de 14 d\u00edas para todos aquellos (tanto ciudadanos peruanos como residentes y turistas) que ingresen al pa\u00eds desde cualquier origen (ver actualizaci\u00f3n del 1 de enero pasado) han dispuesto para quienes los deseen la posibilidad de realizar un hisopado molecular (PCR) despu\u00e9s de 6 d\u00edas de cuarentena y en caso de que esta prueba sea negativa, evitar completar la cuarentena de 14 d\u00edas.<\/p>\n<p style=\"text-align: justify;\">En el caso de que el pasajero no opte por esta posibilidad, deber\u00e1 completar el per\u00edodo de cuarentena de 14 d\u00edas.<\/p>\n<p><strong>ACTUALIZACI\u00d3N (7 DE ENERO DE 2021)<\/strong><\/p>\n<p style=\"text-align: justify;\">Se informa que el 6 de enero ha sido publicada en el Diario \u00abEl Peruano\u00bb (Diario Oficial local) la Resoluci\u00f3n Ministerial N 001-2021-MTC \/ 01, con la cual se prorrogan por quince dias calendario a partir del 6 de enero la suspensi\u00f3n de los vuelos de los pasajeros provenientes de los destinos con una duraci\u00f3n mayor de ocho horas. Esto de hecho excluye la posibilidad de vuelos directos desde Europa y obliga a los pasajeros de la Uni\u00f3n Europea a hacer escalas en otros pa\u00edses de Am\u00e9rica del Sur para llegar a Lima.<\/p>\n<p style=\"text-align: justify;\">Dicho esto, al recordar que la legislaci\u00f3n italiana no permite viajes por motivos tur\u00edsticos al Per\u00fa, se agradecer\u00e1 a los que hayan comprado pasajes para viajar en el per\u00edodo en cuesti\u00f3n por motivos permitidos por la legislaci\u00f3n italiana vigente (DPCM del pasado 3 de diciembre) por contactar con sus respectivas l\u00edneas A\u00e9reas para reprogramar los vuelos.<\/p>\n<p><strong>ACTUALIZACI\u00d3N (1 DE ENERO DE 2021)<\/strong><\/p>\n<p>Luego de haber dispuesto la pr\u00f3rroga por un mes (hasta el 31 de enero) del estado de emergencia nacional, el gobierno peruano, emiti\u00f3 ayer un nuevo Decreto Supremo que prev\u00e9 la reintroducci\u00f3n de la cuarentena obligatoria de 14 d\u00edas para todos aquellos (tanto ciudadanos peruanos, que turistas) que ingresan al pa\u00eds desde cualquier pa\u00eds. As\u00ed como se les aplicar\u00e1, el mismo d\u00eda de su arribo al pa\u00eds, la prueba de ant\u00edgeno para el descarte de la COVID-19 a los que hayan transitado o permanecido en Reino Unido o Sud\u00e1frica (debido a la nueva variante Covid) mientras para los que provengan de un destino distinto se les realizar\u00e1 la prueba de ant\u00edgeno de manera aleatoria.<\/p>\n<p>La cuarentena se llevar\u00e1 a cabo en el proprio domicilio o en las instalaciones sanitarias que indiquen las autoridades sanitarias competentes en el momento de la entrada al Pa\u00eds.<\/p>\n<p>Por lo antes expuesto, no se recomienda por el momento viajar a Per\u00fa excepto en situaciones de probada necesidad.<\/p>\n<p><strong>ACTUALIZACI\u00d3N (21 DE DICIEMBRE 2020)<\/strong><\/p>\n<p style=\"text-align: justify;\">El Presidente de la Rep\u00fablica Francisco Sagasti anunci\u00f3 esta ma\u00f1ana el cierre de los vuelos comerciales hacia y desde Europa debido a la propagaci\u00f3n de la nueva variante inglesa del virus Sars Covid-19. Esta medida, que a\u00fan debe ser formalizada con un Decreto Supremo y publicada en el \u00abPeruano\u00bb (Diario Oficial Local), tendr\u00e1 una vigencia inicial de 15 d\u00edas.<\/p>\n<p style=\"text-align: justify;\">Desde ayer, el Ejecutivo ha suspendido, como medida de precauci\u00f3n, todos los vuelos que ten\u00edan prevista una escala en Reino Unido, as\u00ed como los vuelos directos a ese pa\u00eds. Adem\u00e1s, ha dispuesto la prohibici\u00f3n de entrada al Per\u00fa para todos aquellos que hayan transitado o alojado en Inglaterra en los 14 d\u00edas previos a su entrada prevista al pa\u00eds.<\/p>\n<p style=\"text-align: justify;\">Todos aquellos que ya han ingresado deber\u00e1n respetar los 14 d\u00edas de aislamiento domiciliario obligatorio y notificar sus condiciones a las autoridades sanitarias.<\/p>\n<p style=\"text-align: justify;\">Se publica la siguiente informaci\u00f3n para oportuno conocimiento de los interesados.<\/p>\n<p style=\"text-align: justify;\"><strong>SE INFORMA QUE LAS AUTORIDADES PERUANAS HAN AUTORIZADO LA REANUDACI\u00d3N\u00a0DE LOS VUELOS COMERCIALES CON EUROPA A PARTIR DEL 15 DE DICIEMBRE A TRAV\u00c9S DE\u00a0LOS AEROPUERTOS DE MADRID, AMSTERDAM, PARIS Y LONDRES. PARA MAYOR INFORMACI\u00d3N SE\u00a0RUEGA CONTACTAR LAS RESPECTIVAS LINEAS A\u00c9REAS.<\/strong><\/p>\n<p style=\"text-align: center;\"><strong>RETORNO DEL EXTRANJERO PARA RELACIONES AFECTIVAS ESTABLES<\/strong><\/p>\n<p style=\"text-align: justify;\">El Art. 6, inc.1, letra L del DPCM del 3 de diciembre 2020, en vigor hasta el 15 de enero 2021, ha extendido tambi\u00e9n a Per\u00fa la posibilidad de ingreso en Italia de ciudadanos peruanos que tengan una relaci\u00f3n afectiva estable \u2013 tambi\u00e9n sin convivencia \u2013 con un ciudadano italiano o con un ciudadano extranjero residente de largo periodo en Italia.<\/p>\n<p><span style=\"text-decoration: underline;\"><strong>Nota<\/strong><\/span>: En caso la pareja italiana est\u00e9 inscrita en el AIRE y desee retornar a Italia, el viaje ser\u00e1 posible solo documentando el motivo de la necesidad, urgencia, salud o trabajo.<\/p>\n<p>El ingreso en Italia por turismo no est\u00e1 permitido por el momento.<\/p>\n<p>Se recuerda que la relaci\u00f3n afectiva se refiere exclusivamente a parejas y no familiares.<\/p>\n<p style=\"text-align: justify;\">En ausencia de vuelos directos hacia Italia, se informa que la Polic\u00eda de Frontera de Holanda y Espa\u00f1a, al momento del ingreso de un ciudadano peruano en el espacio Schengen con destino final Italia, puede solicitar a los ciudadanos peruanos, que indican como motivo de ingreso en el \u00e1rea Schengen una relaci\u00f3n afectiva en Italia, documentar y justificar el ingreso con una declaraci\u00f3n consular emitida por esta Embajada, que certifique una \u201crelaci\u00f3n afectiva comprobada y estable con un ciudadano europeo o un extranjero residente en nuestro pa\u00eds y la consiguiente posibilidad de ingreso en Italia y de tr\u00e1nsito aeroportuario dentro del espacio Schengen\u201d.<\/p>\n<p style=\"text-align: justify;\">Al respecto, se se\u00f1ala que aquellos que deseen solicitar dicho documento para exhibir a la polic\u00eda de frontera en las fronteras Schengen, deber\u00e1n presentarse a esta Embajada en horario de atenci\u00f3n al p\u00fablico (8:00 \u2013 11:30) con documentaci\u00f3n id\u00f3nea que demuestre que existe una \u201ccomprobada relaci\u00f3n afectiva estable\u201d, adem\u00e1s de una declaraci\u00f3n de responsabilidad de la parte invitante sobre la duraci\u00f3n y estabilidad de la relaci\u00f3n afectiva, acompa\u00f1ada de una copia de un documento de identidad v\u00e1lido. Entre los documentos podr\u00e1n exhibir, como ejemplo, contratos de alquiler u otra documentaci\u00f3n id\u00f3nea que demuestre una residencia en com\u00fan, prueba de viajes efectuados conjuntamente, si fuese el caso visados pasados solicitados, no necesariamente a esta Embajada, trabajo en la misma empresa y similares. Esta Embajada se reserva el derecho de solicitar documentaci\u00f3n adicional y de evaluar de manera integral la documentaci\u00f3n presentada por el interesado.<\/p>\n<p style=\"text-align: justify;\">Esta Embajada podr\u00eda, adem\u00e1s, entrevistar a los interesados, asimismo,\u00a0hace presente desde ya, que no ser\u00e1 posible emitir la mencionada declaraci\u00f3n consular en ausencia de documentaci\u00f3n que sustente y demuestre la existencia de relaciones estables y continuas en el tiempo. Como ejemplo, enlaces o relaciones fugaces y\/u ocasionales no podr\u00e1n ser consideradas por esta Embajada.<\/p>\n<p><strong>ACTUALIZACI\u00d3N (4 DE DICIEMBRE 2020)<\/strong><\/p>\n<p style=\"text-align: justify;\">Se informa que luego de la aprobaci\u00f3n del DPCM del 3 de diciembre pasado (<a href=\"resource\/doc\/2020\/12\/dpcm_3_dicembre_2020.pdf\">ver adjunto<\/a>), en vigencia desde hoy 4 de diciembre 2020 cuyas normas estar\u00e1n vigentes <span style=\"text-decoration: underline;\"><strong>hasta el 15 de enero 2021<\/strong><\/span>, se han introducido diversas novedades en referencia al ingreso de y hacia el extranjero.<\/p>\n<p style=\"text-align: justify;\">La principal modificaci\u00f3n consiste en la <span style=\"text-decoration: underline;\">eliminaci\u00f3n del listado F<\/span>, es decir, el listado de los Pa\u00edses mayormente de riesgo con normas y restricciones que han afectado algunos Pa\u00edses extracomunitarios, entre ellos Per\u00fa.<\/p>\n<p style=\"text-align: justify;\">Con la eliminaci\u00f3n del listado F, y el consiguiente pase de los Pa\u00edses (entre ellos Per\u00fa) que conforman el listado E (<a href=\"resource\/doc\/2020\/12\/allegato_20.pdf\">ver adjunto<\/a>), la normativa para el ingreso en Italia de pasajeros provenientes de Per\u00fa es esencialmente la siguiente:<\/p>\n<p style=\"text-align: justify;\">Est\u00e1 permitido el ingreso y el tr\u00e1nsito en el territorio nacional a las personas que hayan transitado o permanecido en los Estados y territorios seg\u00fan el mencionado listado E en los catorce d\u00edas anteriores, <strong>solo si cumplen uno o m\u00e1s de los siguientes motivos, comprobados mediante la correspondiente auto-declaraci\u00f3n<\/strong>:<\/p>\n<p style=\"text-align: justify;\">a) exigencias laborales;<br \/>\nb) absoluta urgencia;<br \/>\nc) motivos de salud;<br \/>\nd) motivos de estudio;<br \/>\ne) retorno al propio domicilio, habitaci\u00f3n o residencia;<br \/>\nf) ingreso en el territorio nacional de ciudadanos de Estados miembros de la Uni\u00f3n Europea, Estados parte del Acuerdo Schengen, del Reino Unido, Gran Breta\u00f1a e Irlanda del norte, de Andorra, del Principado de M\u00f3naco, de la Rep\u00fablica de San Marino y del Estado de la Ciudad del Vaticano;<br \/>\ng) ingreso en el territorio nacional de familiares de las personas f\u00edsicas mencionadas en la letra f);<br \/>\nh) ingreso en el territorio nacional de ciudadanos de Estados terceros con estad\u00edas largas;<br \/>\ni) ingreso en el territorio nacional de familiares de las personas f\u00edsicas mencionadas en la letra h);<br \/>\nl) ingreso en el territorio nacional para llegar al domicilio, hogar o residencia de una persona mencionada en la letra f) y h), <strong>no conviviente, con quien exista una relaci\u00f3n afectiva probada y estable<\/strong>.<\/p>\n<p style=\"text-align: justify;\">En todo caso, es obligatorio presentar, al momento de embarque o a cualquier persona designada para realizar los debidos controles, <strong>un certificado de haber sido sometido, las 48 horas previas al ingreso en territorio nacional, a una prueba molecular o antig\u00e9nica realizada mediante hisopo y con resultado negativo<\/strong>.<\/p>\n<p style=\"text-align: justify;\">Las personas, que hayan permanecido o transitado, en los catorce d\u00edas previos al ingreso en Italia, en los Estados o territorios mencionados en el listado E, entre ellos Per\u00fa, tambi\u00e9n si son asintom\u00e1ticos, <strong>est\u00e1n obligados a comunicar inmediatamente su ingreso en el territorio nacional al Departamento de prevenci\u00f3n de la autoridad sanitaria local<\/strong> y, tambi\u00e9n si es asintom\u00e1tico, deben cumplir las siguientes normas:<\/p>\n<p style=\"text-align: justify;\">a) <strong>cumplir el recorrido desde el lugar de ingreso en el territorio nacional o del lugar de desembarque del medio utilizado<\/strong> para ingresar en Italia hasta el domicilio o residencia en donde se realizar\u00e1 el periodo de vigilancia sanitaria y aislamiento fiduciario, exclusivamente <strong>con medio privado<\/strong>, excepto el caso de tr\u00e1nsito aeroportuario con la condici\u00f3n de no alejarse de las \u00e1reas espec\u00edficamente destinadas en el interior de las terminales.<\/p>\n<p style=\"text-align: justify;\">b) <strong>estar\u00e1n sometidos a vigilancia sanitaria y aislamiento fiduciario por un periodo de catorce d\u00edas en el domicilio o residencia<\/strong> indicada en la auto-declaraci\u00f3n arriba indicada.<\/p>\n<p><strong>ACTUALIZACION (16 DE NOVIMEBRE 2020)<\/strong><\/p>\n<p>Se comunica que con el Decreto del Primer Ministro del 3 de noviembre las restricciones para los pasajeros provenientes de pa\u00edses en riesgo (la denominada lista \u00abF\u00bb), incluido el Per\u00fa, han sido prorrogadas hasta finales de noviembre.<\/p>\n<p><strong>ACTUALIZACI\u00d3N (27 DE OCTUBRE 2020)<\/strong><\/p>\n<p style=\"text-align: justify;\">Se informa que las autoridades peruanas, como parte del inicio de la fase 4 de la Reanudaci\u00f3n de Actividades econ\u00f3micas, han dispuesto, a partir del 1 de noviembre pr\u00f3ximo y bajo estrictos protocolos sanitarios, el reinicio de los vuelos comerciales a algunos destinos del continente americano con hasta 8 horas de vuelo. Los vuelos comerciales hacia y desde Europa a\u00fan no se reiniciaran, al menos durante el pr\u00f3ximo mes de noviembre.<\/p>\n<p style=\"text-align: justify;\">Para llegar a Europa, queda la posibilidad de los vuelos especiales que algunas embajadas de la UE organizan a destinos europeos.<\/p>\n<p style=\"text-align: justify;\">Actualmente se organizan los siguientes vuelos:<\/p>\n<p style=\"text-align: justify;\">&#8211; Air Europa: vuelos hacia Madrid el 4 y el 18 de noviembre (<a href=\"resource\/img\/2020\/10\/vuelos_air_europa_noviembre.jpg\">descargar folleto<\/a>);<\/p>\n<p style=\"text-align: justify;\">&#8211; KLM: un vuelo hacia \u00c1msterdam todos los dias jueves del mes de noviembre;<\/p>\n<p style=\"text-align: justify;\">&#8211; Air France: un vuelo hacia Paris todos los viernes del mes;<\/p>\n<p style=\"text-align: justify;\">&#8211; Iberia: consultar con la Linea Aerea.<\/p>\n<p style=\"text-align: justify;\">Asimismo se comunica que con el DPCM del 24 de octubre de 2020, el Gobierno italiano ha dispuesto la pr\u00f3rroga, hasta el 24 de noviembre 2020, de las medidas cautelares para combatir y contener la propagaci\u00f3n del Covid-19, mencionadas tambi\u00e9n en las anteriores disposiciones sanitarias, inclusive la prohibici\u00f3n de reingreso a Italia para aquellos que en los 14 d\u00edas anteriores se hayan alojado o transitado en algunos pa\u00edses de riesgo de contagio COVID, entre los cuales el Per\u00fa.<\/p>\n<p style=\"text-align: justify;\">Las excepciones a la prohibici\u00f3n son para: ciudadanos italianos, ciudadanos de un estado de la UE, un pa\u00eds parte del Acuerdo Schengen, del Reino Unido, Andorra, del Principado de M\u00f3naco, de la Rep\u00fablica de San Marino o del Vaticano y sus familiares directos siempre que sean residentes convivientes en Italia desde una fecha anterior al 9 de julio de 2020, adem\u00e1s de los ciudadanos extranjeros titulares de un Permiso de Residencia de largo plazo y sus familiares directos convivientes en Italia desde una fecha anterior al 9 de julio de 2020.<\/p>\n<p style=\"text-align: justify;\">Esta Embajada queda disponible para eventuales aclaraciones sobre las disposiciones sanitarias italianas arribas mencionadas relativas a la prohibici\u00f3n de ingreso a Italia para los pasajeros procedente de Per\u00fa mediante el correo ambasciata.lima@esteri.it mientras, sobre los aspectos operativos de los vuelos (reservas, boletos, etc.) sugerimos contactar las respectivas l\u00edneas \u00e1reas.<\/p>\n<p><strong>ACTUALIZACI\u00d3N (13 DE OCTUBRE DE 2020)<\/strong><\/p>\n<p style=\"text-align: justify;\">Se comunica que el DPCM del 13 de octubre de 2020 (<a href=\"resource\/doc\/2020\/10\/dpcm_13_ottobre_2020.pdf\">aqu\u00ed adjunto<\/a>) que produce efectos por un mes a partir de ma\u00f1ana 14 de octubre ha sido dispuesto por el Gobierno italiano la pr\u00f3rroga de las anteriores disposiciones sanitarias en materia de reingreso a Italia para aquellos que en los 14 d\u00edas anteriores se hayan alojado o transitado en algunos pa\u00edses de riesgo de contagio COVID, entre los cuales el Per\u00fa, con <strong>una importante novedad<\/strong>, es decir que incluso los <strong>extranjeros residentes de largo plazo y sus familiares directos,\u00a0convivientes y residentes en Italia\u00a0procedentes de Per\u00fa<\/strong> y otros pa\u00edses de riesgo que se indican en el \u201cAllegato F\u201d <strong>podr\u00e1n ahora ingresar a Italia<\/strong>.<\/p>\n<p style=\"text-align: justify;\">Adem\u00e1s se dispone la obligatoriedad, a partir del 14 de octubre pr\u00f3ximo, para los ciudadanos europeos y no europeos y sus familiares residentes en Italia que deseen ingresar a nuestro Pa\u00eds procedentes de Pa\u00edses de riesgo, entre los cuales el Per\u00fa, la obligaci\u00f3n de presentar al ingresar a Italia una prueba (molecular o antig\u00e9nica) NEGATIVA realizada en el transcurso de las 72 horas anteriores al ingreso a territorio italiano (art. 4, p\u00e1rrafo 2, inciso a del citado DPCM). Permanece la obligaci\u00f3n guardar cuarentena domiciliaria por 14 d\u00edas una vez llegados a sus respectivos domicilios en Italia.<\/p>\n<p style=\"text-align: justify;\">Al se\u00f1alar que las l\u00edneas a\u00e9reas operantes desde Per\u00fa hacia Europa han sido notificadas de tales nuevas disposiciones e invitadas a realizar los controles oportunos a los pasajeros que se dirigen a Italia, se invita a contactar a esta Embajada para eventuales aclaraciones o mayores informes mediante el correo institucional <a href=\"mailto:ambasciata.lima@esteri.it\">ambasciata.lima@esteri.it<\/a>.<\/p>\n<p style=\"text-align: justify;\"><strong>ACTUALIZACI\u00d3N (8 DE OCTUBRE 2020)<\/strong><\/p>\n<p style=\"text-align: justify;\">Se informa que, con la Ordenanza del Ministerio de Salud de 7 de octubre de 2020 (<a href=\"resource\/doc\/2020\/10\/ordinanza_ingressi_paesi_esteri_7_ottobre_2020_def.pdf\">adjunta<\/a>), que produce efectos a partir de hoy y hasta la posterior emisi\u00f3n de un Decreto del Presidente del Consejo de Ministros, se dispuso lo siguiente:<\/p>\n<p style=\"text-align: justify;\">&#8211; La obligaci\u00f3n, para quienes ingresen al territorio nacional despu\u00e9s de haber permanecido o transitado en B\u00e9lgica, Francia, Pa\u00edses Bajos, Reino Unido, Rep\u00fablica Checa y Espa\u00f1a en los catorce d\u00edas anteriores, de someterse a una prueba molecular (hisopo) en las 72 horas anteriores al ingreso o dentro de las 48 horas siguientes al ingreso al territorio nacional;<\/p>\n<p style=\"text-align: justify;\">&#8211; La eliminaci\u00f3n de Grecia, Croacia y Malta de la lista de pa\u00edses para los que es obligatorio someterse a pruebas moleculares al regresar a Italia;<\/p>\n<p style=\"text-align: justify;\">&#8211; La pr\u00f3rroga, hasta el 15 de octubre de 2020, relativa a los casos a que se refieren en los puntos anteriores, de la vigencia de las ordenanzas del Ministro de Salud del 21 de septiembre de 2020 y del 25 de septiembre de 2020.<\/p>\n<p style=\"text-align: justify;\">En base a lo expuesto, se confirma, por lo tanto, la prohibici\u00f3n de entrada a Italia hasta que se adopten nuevas disposiciones para quienes en los 14 d\u00edas anteriores hayan permanecido o transitado en algunos pa\u00edses en riesgo de contagio, incluido el Per\u00fa. Las excepciones a la prohibici\u00f3n son para: ciudadanos italianos, ciudadanos de un estado de la UE, un pa\u00eds parte del Acuerdo Schengen, del Reino Unido, Andorra, del Principado de M\u00f3naco, de la Rep\u00fablica de San Marino o del Vaticano y sus familiares siempre que sean residentes convivientes en Italia desde una fecha anterior al 9 de julio de 2020. Al regresar a Italia, los pasajeros a\u00fan deber\u00e1n someterse a aislamiento fiduciario y vigilancia, completar un auto declaraci\u00f3n en la que deber\u00e1n indicar el motivo que le permite el regreso. Podr\u00e1n llegar a su destino final en Italia solo en veh\u00edculo privado (se permite el tr\u00e1nsito aeroportuario, sin salir de las \u00e1reas dedicadas del aeropuerto).<\/p>\n<p style=\"text-align: justify;\">Se recuerda que los pasajeros que hayan permanecido o transitado en los catorce d\u00edas anteriores en <strong>B\u00e9lgica, Francia, Pa\u00edses Bajos, Reino Unido, Rep\u00fablica Checa y Espa\u00f1a<\/strong> ahora deber\u00e1n someterse a una prueba molecular (tamp\u00f3n) en las 72 horas previas al ingreso o dentro de las 48 horas posteriores al ingreso al territorio nacional.<\/p>\n<p style=\"text-align: justify;\">Para obtener m\u00e1s informaci\u00f3n y descargar el auto certificaci\u00f3n para entrar en Italia, visite el sitio web <a href=\"http:\/\/www.esteri.it\">www.esteri.it<\/a><\/p>\n<p><strong>ACTUALIZACI\u00d3N (5 DE OCTUBRE 2020)<\/strong><\/p>\n<p><strong>Vuelos especiales a partir del 5 de octubre de 2020<\/strong><\/p>\n<p style=\"text-align: justify;\">De conformidad con las disposiciones espec\u00edficas dictadas por el Ministerio de Transportes y Comunicaciones en coordinaci\u00f3n con el Ministerio de Salud, el 5 de octubre se reiniciar\u00e1n los vuelos comerciales a Guayaquil, La Paz, Quito, Bogot\u00e1, Santa Cruz, Cali, Medell\u00edn, Panam\u00e1, Asunci\u00f3n, Montevideo y Santiago. Todas las categor\u00edas migratorias est\u00e1n permitidas desde y hacia estos destinos.<\/p>\n<p style=\"text-align: justify;\">Los destinos no considerados en esta lista inicial continuar\u00e1n siendo atendidos a trav\u00e9s de vuelos especiales, en el marco del DS 045-2020-PCM y la Resoluci\u00f3n Ministerial 627-2020-MINSA y la \u201cGu\u00eda T\u00e9cnica: Protocolo de Atenci\u00f3n a Viajeros que entran y salen del pa\u00eds en vuelos especiales\u201d.<\/p>\n<p style=\"text-align: justify;\">Cabe recordar que para los viajes especiales el viajero completar\u00e1 una declaraci\u00f3n jurada, 72 horas antes del viaje, indicando el lugar donde pasar\u00e1 un aislamiento obligatorio de hasta catorce d\u00edas. El llenado de dicho formulario es un requisito obligatorio y se deber\u00e1 presentar la constancia de llenado para abordar el respectivo vuelo. El enlace del formulario es el siguiente: <a href=\"https:\/\/e-notificacion.migraciones.gob.pe\/dj-salud\/\">https:\/\/e-notificacion.migraciones.gob.pe\/dj-salud\/<\/a><\/p>\n<p style=\"text-align: justify;\">Los pasajeros que no presenten ning\u00fan s\u00edntoma compatible al COVID-19 a su arribo, no cumplir\u00e1n cuarentena y podr\u00e1n retirarse a su destino con el compromiso de comunicar a la autoridad de salud de su jurisdicci\u00f3n si presentan tales s\u00edntomas dentro de los 14 d\u00edas de llegada al pa\u00eds. En caso de presentar tales s\u00edntomas, el pasajero deber\u00e1 cumplir 14 d\u00edas de aislamiento obligatorio en su domicilio u hospedaje de elecci\u00f3n; la autoridad sanitaria har\u00e1 el monitoreo correspondiente.<\/p>\n<p style=\"text-align: justify;\">En el marco del DS 045-PCM-2020 y la disposici\u00f3n relativa a la lista de pasajeros, los peruanos que requieren salir al extranjero deben hacer llegar su solicitud a trav\u00e9s de la direcci\u00f3n electr\u00f3nica: <a href=\"mailto:solicitudesdgc@rree.gob.pe\">solicitudesdgc@rree.gob.pe<\/a>\u00a0y llenar el formulario electr\u00f3nico: <a href=\"https:\/\/docs.google.com\/forms\/d\/e\/1FAIpQLSc3xX5_NgrNm8gGl3KDhiKJNmbuxGlrkijIm3wIQ9bb9xskwQ\/viewform\">https:\/\/docs.google.com\/forms\/d\/e\/1FAIpQLSc3xX5_NgrNm8gGl3KDhiKJNmbuxGlrkijIm3wIQ9bb9xskwQ\/viewform<\/a><\/p>\n<p style=\"text-align: justify;\">En los vuelos especiales, no est\u00e1 permitido a\u00fan en esta etapa, el viaje por razones de turismo ni a peruanos ni a extranjeros.<\/p>\n<p style=\"text-align: justify;\">No se podr\u00e1 reingresar a territorio peruano mientras dure el cierre de fronteras, salvo autorizaci\u00f3n expresa del Ministerio de Relaciones Exteriores para ser incorporado en las listas de los Consulados peruanos en el exterior.<\/p>\n<p style=\"text-align: justify;\">Para Mayor informaciones sobre los \u201cLineamientos Sectoriales para la Prevenci\u00f3n del COVID 19 en la Prestaci\u00f3n del Servicio de Transporte A\u00e9reo Internacional de Pasajeros\u201d, entrar en este link:<\/p>\n<p style=\"text-align: justify;\"><a href=\"https:\/\/cdn.www.gob.pe\/uploads\/document\/file\/1345243\/Guia%20Explicativa%20.pdf\">https:\/\/cdn.www.gob.pe\/uploads\/document\/file\/1345243\/Guia%20Explicativa%20.pdf<\/a><\/p>\n<p><strong>\u00daLTIMA ACTUALIZACI\u00d3N (7 DE AGOSTO)<\/strong><\/p>\n<p style=\"text-align: justify;\">Dada la extensi\u00f3n de la emergencia sanitaria promulgada por el Gobierno italiano hasta el 15 de octubre pr\u00f3ximo, con Decreto DPCM del 7 de agosto ha sido prorrogado en particular la prohibici\u00f3n de ingreso en Italia de las personas que en los \u00faltimos 14 d\u00edas permanecieron o recorrieron por uno de los siguientes pa\u00edses: Armenia, Bahrein, Bangladesh, Brasil, Bosnia y Herzegovina, Chile, Kuwait, Macedonia del Norte, Moldavia, Om\u00e1n, Panam\u00e1, Per\u00fa, Rep\u00fablica Dominicana, Bulgaria y Rumania.<\/p>\n<p style=\"text-align: justify;\">Excepcionalmente pueden ingresar a Italia solo los ciudadanos europeos (UE, Schengen, UK, micro estados europeos) y sus familiares (ascendientes y descendientes directos, c\u00f3nyuges, convivientes, partes de uni\u00f3n civil) con residencia registrada en Italia antes del 9 de julio \u00faltimo (es decir, declarar de querer establecer su residencia en Italia no es suficiente, la residencia en Italia debe constatar en los registros municipales). Adicionalmente, ser\u00e1 obligatorio cumplir la cuarentena.<\/p>\n<p style=\"text-align: justify;\">Sigue vigente la suspensi\u00f3n de vuelos directos e indirectos desde los pa\u00edses arriba indicados.<\/p>\n<p style=\"text-align: justify;\">Todos los que ingresen a Italia deben llenar un formulario de auto certificaci\u00f3n, en el cual se declarar\u00e1 los traslados realizados en los \u00faltimos 14 d\u00edas.<\/p>\n<p style=\"text-align: justify;\">Por lo antes expuesto, se agradecer\u00e1 a las personas que desean viajar a Italia durante las pr\u00f3ximas semanas de examinar su situaci\u00f3n y tomar las medidas correspondiente contactando las respectivas aerol\u00edneas en caso de pertenecer a la categor\u00eda de pasajeros que tienen prohibido el ingreso a Italia.<\/p>\n<p style=\"text-align: justify;\">Esta Embajada queda disponible para cualquier aclaraci\u00f3n adicional sobre la ordenanza en cuesti\u00f3n al mail <a href=\"mailto:ambasciata.lima@esteri.it\">ambasciata.lima@esteri.it<\/a>\u00a0 mientras, sobre los aspectos operativos de los boletos sugerimos contactar las respectivas l\u00edneas \u00e1reas.<\/p>\n<p><strong>\u00daLTIMA ACTUALIZACI\u00d3N (4 DE AGOSTO)<\/strong><\/p>\n<p style=\"text-align: justify;\">Se informa que luego de la suspensi\u00f3n de los vuelos especiales desde el aeropuerto militar a partir del 3 de agosto, las autoridades peruanas y las del aeropuerto civil Jorge Ch\u00e1vez (LAP) est\u00e1n negociando sobre la posibilidad de permitir la reanudaci\u00f3n de vuelos especiales desde ese aeropuerto, aunque por el momento no se conocen los resultados.<\/p>\n<p style=\"text-align: justify;\">Los vuelos de KLM y AF programados para esta semana han sido por el momento suspendidos. Se espera que los vuelos especiales programados despu\u00e9s del 15 de agosto puedan reanudarse desde el aeropuerto civil Jorge Ch\u00e1vez, pero a\u00fan no hay certeza al respecto.<\/p>\n<p style=\"text-align: justify;\">Se comunicar\u00e1n, en cuanto sea posible, los resultados sobre la evoluci\u00f3n de las negociaciones.<\/p>\n<p><strong>\u00daLTIMA ACTUALIZACI\u00d3N (3 DE AGOSTO)<\/strong><\/p>\n<p style=\"text-align: justify;\">El Instituto Nacional de Defensa Civil del Per\u00fa (INDECI) ha comunicado que a partir del <strong>3 de agosto y sin previo aviso<\/strong>, ya no se autorizar\u00e1n vuelos especiales de repatriaci\u00f3n desde el aeropuerto militar G8 del Callao. Seg\u00fan la informaci\u00f3n recibida, se est\u00e1n llevando a cabo negociaciones entre las autoridades peruanas y el aeropuerto civil Jorge Ch\u00e1vez (LAP) con el fin de reanudar los vuelos especiales desde este aeropuerto.<\/p>\n<p style=\"text-align: justify;\">A la fecha no es posible definir el periodo de duraci\u00f3n de dichas negociaciones y cu\u00e1l ser\u00e1 el resultado, motivo por el cual el vuelo de KLM del 6 de agosto, Lima &#8211; \u00c1msterdam, ha sido cancelado, a la espera de nuevas informaciones.<\/p>\n<p style=\"text-align: justify;\">Se comunicar\u00e1, en cuanto sea posible, sobre la evoluci\u00f3n de las negociaciones.<\/p>\n<p>\u00a0<strong>ACTUALIZACI\u00d3N (31 DE JULIO)<\/strong><\/p>\n<p style=\"text-align: justify;\">Dada la extensi\u00f3n de la emergencia sanitaria promulgada por el Gobierno italiano hasta el 15 de octubre pr\u00f3ximo, y en espera de conocer las medidas implementadas relacionadas, el Ministerio de Salud con Ordenanza del 30 de julio pasado, ha extendido los efectos, hasta una fecha por definir, de las anteriores ordenanzas, respectivamente del 16 y 24 de julio del presente, que prev\u00e9n en particular la prohibici\u00f3n de ingreso en Italia de las personas que en los \u00faltimos 14 d\u00edas permanecieron o recorrieron por uno de los Siguientes pa\u00edses: Armenia, Bahrein, Bangladesh, Brasil, Bosnia y Herzegovina, Chile, Kuwait, Macedonia del Norte, Moldavia, Om\u00e1n, Panam\u00e1, Per\u00fa, Rep\u00fablica Dominicana, Bulgaria y Rumania.<\/p>\n<p style=\"text-align: justify;\">Excepcionalmente pueden ingresar a Italia solo los ciudadanos europeos (UE, Schengen, UK, micro estados europeos) y sus familiares (ascendientes y descendientes directos, c\u00f3nyuges, convivientes, partes de uni\u00f3n civil) con residencia registrada en Italia antes del 9 de julio \u00faltimo (es decir, declarar de querer establecer su residencia en Italia no es suficiente, la residencia en Italia debe constatar en los registros municipales). Adicionalmente, ser\u00e1 obligatorio cumplir la cuarentena.<\/p>\n<p style=\"text-align: justify;\">Sigue vigente la suspensi\u00f3n de vuelos directos e indirectos desde los pa\u00edses arriba indicados.<\/p>\n<p style=\"text-align: justify;\">Todos los que ingresen a Italia deben llenar un formulario de auto certificaci\u00f3n, publicado en el sitio web del Ministerio de Relaciones Exteriores de Italia, a la fecha en fase de actualizaci\u00f3n, en el cual se declarar\u00e1 los traslados realizados en los \u00faltimos 14 d\u00edas.<\/p>\n<p style=\"text-align: justify;\">Por lo antes expuesto, se agradecer\u00e1 a las personas que desean viajar a Italia en los pr\u00f3ximos d\u00edas (o inclusive m\u00e1s adelante, en caso que se extienda la ordenanza en cuesti\u00f3n) de examinar su situaci\u00f3n y tomar las medidas correspondiente contactando las respectivas aerol\u00edneas en caso de pertenecer a la categor\u00eda de pasajeros que tienen prohibido el ingreso a Italia.<\/p>\n<p style=\"text-align: justify;\">Esta Embajada queda disponible para cualquier aclaraci\u00f3n adicional sobre la ordenanza en cuesti\u00f3n al mail <a href=\"mailto:ambasciata.lima@esteri.it\">ambasciata.lima@esteri.it<\/a>\u00a0mientras, sobre los aspectos operativos de los boletos sugerimos contactar las respectivas l\u00edneas \u00e1reas.<\/p>\n<p>&#8212;&#8212;&#8211;<\/p>\n<p>Ha sido publicado el texto del Decreto de Urgencia n.008-2020-MTC con el que el Presidente de la Rep\u00fablica del Per\u00fa ha dispuesto la suspensi\u00f3n de todo el tr\u00e1fico a\u00e9reo hacia y desde Europa a partir del 16 de marzo pr\u00f3ximo.<\/p>\n<p class=\"MsoNormal\" style=\"margin-bottom: .0001pt; line-height: normal;\"><span class=\"jlqj4b\"><strong><span lang=\"ES-PE\" style=\"font-size: 12pt; background: whitesmoke;\">ACTUALIZACI\u00d3N (15 DE ENERO DE 2021)<\/span><\/strong><\/span><\/p>\n<p class=\"MsoListParagraph\" style=\"margin-bottom: .0001pt; mso-add-space: auto; text-indent: -18.0pt; line-height: normal; mso-list: l0 level1 lfo1;\"><!-- [if !supportLists]--><span class=\"jlqj4b\"><span lang=\"ES-PE\" style=\"font-size: 12pt; font-family: Helvetica, sans-serif;\">1.<span style=\"font-variant-numeric: normal; font-variant-east-asian: normal; font-stretch: normal; font-size: 7pt; line-height: normal; font-family: 'Times New Roman';\">\u00a0\u00a0\u00a0 <\/span><\/span><\/span><!--[endif]--><span class=\"jlqj4b\"><span lang=\"ES-PE\" style=\"font-size: 12pt; background: whitesmoke;\">Entradas en Per\u00fa<\/span><\/span><\/p>\n<p class=\"MsoNormal\" style=\"margin-bottom: .0001pt; line-height: normal;\"><span class=\"jlqj4b\"><span lang=\"ES-PE\" style=\"font-size: 12pt; background: whitesmoke;\">Se informa que el d\u00eda de hoy ha sido publicado el Decreto Supremo, n.<\/span><\/span><span lang=\"ES-PE\" style=\"font-size: 12pt; background: whitesmoke;\"> <span style=\"-webkit-tap-highlight-color: transparent; cursor: pointer;\" data-language-for-alternatives=\"es\" data-language-to-translate-into=\"it\" data-phrase-index=\"5\"><span style=\"-webkit-tap-highlight-color: transparent;\">4\/2021 del Presidente de la Rep\u00fablica del Per\u00fa que en su art. 4 establece <\/span><\/span><span class=\"jlqj4b\"><span lang=\"ES-PE\" style=\"font-size: 12pt; background: #d2e3fc;\">la prohibici\u00f3n hasta el 31 de enero de 2021de entrada en Per\u00fa para todos los extranjeros no residentes en el pa\u00eds procedentes e\/o que hayan transitado en Europa o Sud\u00e1frica en los \u00faltimos 14 d\u00edas calendario<\/span><\/span>. <\/span><\/p>\n<p class=\"MsoNormal\" style=\"margin-bottom: .0001pt; line-height: normal;\"><span style=\"font-size: 12.0pt; mso-fareast-font-family: 'Times New Roman'; mso-bidi-font-family: Calibri; mso-bidi-theme-font: minor-latin; color: #1f497d; mso-ansi-language: ES; mso-fareast-language: ES;\">Sono <span style=\"text-decoration: underline;\">escluse<\/span> da tale divieto e dall\u2019obbligo generale di quarantena di 14 giorni le seguenti categorie: equipaggi di aereonavi, <\/span><span lang=\"IT\" style=\"font-size: 12.0pt; mso-fareast-font-family: 'Times New Roman'; mso-bidi-font-family: Calibri; mso-bidi-theme-font: minor-latin; color: #1f497d; mso-ansi-language: IT; mso-fareast-language: ES;\">missioni speciali di tipo politico, medico o di polizia, personale delle rappresentanze diplomatiche accreditate in Per\u00f9, personale inviato per prestare aiuto umanitario o comunque coinvolto in progetti di cooperazione internazionale. Parimenti, sono esclusi lavoratori stranieri di imprese o istituzioni operanti in Per\u00f9 che necessitano di tali lavoratori\/professionisti per l\u2019esercizio delle loro funzioni. Il datore di lavoro deve comunicare alla Direzione di Salute Internazionale del Ministero della Salute peruviana l\u2019arrivo di tali persone <span style=\"text-decoration: underline;\">con un preavviso di almeno 72 ore<\/span>. <\/span><\/p>\n<p class=\"MsoNormal\" style=\"margin-bottom: .0001pt; line-height: normal;\"><span class=\"jlqj4b\"><span lang=\"ES-PE\" style=\"font-size: 12pt; background: whitesmoke;\">Quedan excluidas de esta prohibici\u00f3n y de la obligaci\u00f3n de cuarentena de 14 d\u00edas las siguientes categor\u00edas: tripulaciones de aeronaves, misiones especiales de tipo pol\u00edticos, m\u00e9dicos o policiales, personal de representaciones diplom\u00e1ticas acreditadas en el Per\u00fa, personal enviado para brindar ayuda humanitaria o en todo caso<\/span><\/span><span lang=\"ES-PE\" style=\"font-size: 12pt; background: whitesmoke;\"> <span style=\"-webkit-tap-highlight-color: transparent; cursor: pointer;\" data-language-for-alternatives=\"es\" data-language-to-translate-into=\"it\" data-phrase-index=\"1\"><span style=\"-webkit-tap-highlight-color: transparent;\">involucrado en proyectos de cooperaci\u00f3n internacional.<\/span><\/span> <span lang=\"ES-PE\" style=\"font-size: 12pt; background: #d2e3fc;\"><span style=\"-webkit-tap-highlight-color: transparent;\"><span style=\"-webkit-tap-highlight-color: transparent; cursor: pointer;\" data-language-for-alternatives=\"es\" data-language-to-translate-into=\"it\" data-phrase-index=\"2\">Asimismo, quedan excluidos los trabajadores extranjeros de empresas o instituciones que operan en el Per\u00fa que necesiten de dichos trabajadores \/ profesionales para el ejercicio de sus funciones.<\/span><\/span><\/span><\/span><span lang=\"ES-PE\" style=\"font-size: 12pt; background: whitesmoke;\"> <span style=\"-webkit-tap-highlight-color: transparent; cursor: pointer;\" data-language-for-alternatives=\"es\" data-language-to-translate-into=\"it\" data-phrase-index=\"3\"><span style=\"-webkit-tap-highlight-color: transparent;\">El empleador debe notificar a la Direcci\u00f3n de Salud Internacional del Ministerio de Salud del Per\u00fa la llegada de dichas personas con al menos 72 horas de anticipaci\u00f3n<\/span><\/span><\/span><\/p>\n<p class=\"MsoNormal\" style=\"margin-bottom: .0001pt; line-height: normal;\"><span lang=\"IT\" style=\"font-size: 12.0pt; mso-fareast-font-family: 'Times New Roman'; mso-bidi-font-family: Calibri; mso-bidi-theme-font: minor-latin; color: #1f497d; mso-ansi-language: IT; mso-fareast-language: ES;\">Sono permesse le <span style=\"text-decoration: underline;\">connessioni aeroportuali entro le 16 ore<\/span> purch\u00e9 i <span style=\"text-decoration: underline;\">viaggiatori non escano dall\u2019area dei transiti dell\u2019aeroporto internazionale Jorge Chavez di Lima. <\/span><\/span><\/p>\n<p class=\"MsoNormal\" style=\"margin-bottom: .0001pt; line-height: normal;\"><span lang=\"ES-PE\" style=\"font-size: 12pt; background: #d2e3fc;\">Se permiten vuelos de conexi\u00f3n dentro de las 16 horas, siempre que los viajeros no abandonen el \u00e1rea de tr\u00e1nsito del Aeropuerto Internacional Jorge Ch\u00e1vez de Lima.<\/span><\/p>\n<p class=\"MsoNormal\" style=\"margin-bottom: .0001pt; line-height: normal;\"><strong><span lang=\"IT\" style=\"font-size: 12.0pt; mso-fareast-font-family: 'Times New Roman'; mso-bidi-font-family: Calibri; mso-bidi-theme-font: minor-latin; color: #1f497d; mso-ansi-language: IT; mso-fareast-language: ES;\">2. Ingressi in Italia<\/span><\/strong><\/p>\n<p class=\"MsoNormal\" style=\"margin-bottom: .0001pt; line-height: normal;\"><span lang=\"IT\" style=\"font-size: 12.0pt; mso-fareast-font-family: 'Times New Roman'; mso-bidi-font-family: Calibri; mso-bidi-theme-font: minor-latin; color: #1f497d; mso-ansi-language: IT; mso-fareast-language: ES;\">Si segnala che il DPCM 14 gennaio 2021, in vigore dal 16 gennaio fino al 5 marzo pp.vv., ha disposto la proroga delle restrizioni attualmente in vigore per l\u2019ingresso in Italia (segnatamente artt. 6, 7, 8). <\/span><\/p>\n<p class=\"MsoNormal\" style=\"margin-bottom: .0001pt; line-height: normal;\"><span lang=\"IT\" style=\"font-size: 12.0pt; mso-fareast-font-family: 'Times New Roman'; mso-bidi-font-family: Calibri; mso-bidi-theme-font: minor-latin; color: #1f497d; mso-ansi-language: IT; mso-fareast-language: ES;\">Invitando gli interessati a prendere attenta visione di tale normativa, si ricorda che e\u2019 consentito l&#8217;ingresso e il transito nel territorio nazionale alle persone che hanno transitato o soggiornato negli Stati e territori di cui all\u2019elenco E nei quattordici giorni antecedenti, solo se ricorrano uno o pi\u00f9 dei seguenti motivi, comprovati mediante la apposita autodichiarazione:<\/span><\/p>\n<p class=\"MsoListParagraph\" style=\"margin-bottom: .0001pt; mso-add-space: auto; text-indent: -18.0pt; line-height: normal; mso-list: l0 level1 lfo1;\"><!-- [if !supportLists]--><span class=\"jlqj4b\"><span lang=\"ES-PE\" style=\"font-size: 12pt; font-family: Helvetica, sans-serif;\">2.<span style=\"font-variant-numeric: normal; font-variant-east-asian: normal; font-stretch: normal; font-size: 7pt; line-height: normal; font-family: 'Times New Roman';\">\u00a0\u00a0\u00a0 <\/span><\/span><\/span><!--[endif]--><span class=\"jlqj4b\"><span lang=\"ES-PE\" style=\"font-size: 12pt; background: whitesmoke;\">Entradas en Italia<\/span><\/span><\/p>\n<p style=\"margin: 0cm 0cm 0.0001pt; background-image: initial; background-position: initial; background-size: initial; background-repeat: initial; background-attachment: initial; background-origin: initial; background-clip: initial;\"><span class=\"jlqj4b\"><span style=\"font-family: Calibri, sans-serif; background: whitesmoke;\">Se informa que el Decreto del Primer Ministro del 14 de enero de 2021, vigente desde el 16 de enero hasta el 5 de marzo 2021, ha dispuesto la prorroga de las restricciones actualmente vigentes para el ingreso en Italia (en particular los art\u00edculos 6, 7, 8).<\/span><\/span> <span style=\"-webkit-tap-highlight-color: transparent; cursor: pointer;\" data-language-for-alternatives=\"es\" data-language-to-translate-into=\"it\" data-phrase-index=\"4\"><span style=\"-webkit-tap-highlight-color: transparent;\">Invitando a los interesados \u200b\u200ba leer detenidamente esta legislaci\u00f3n, les recordamos que el ingreso y tr\u00e1nsito en el territorio nacional est\u00e1 permitido a las personas que hayan transitado o permanecido en los estados y territorios referidos en el listado E en los catorce d\u00edas anteriores, solo si<\/span><\/span><span style=\"font-family: Calibri, sans-serif; background: whitesmoke;\"> <strong><span style=\"-webkit-tap-highlight-color: transparent; cursor: pointer;\" data-language-for-alternatives=\"es\" data-language-to-translate-into=\"it\" data-phrase-index=\"5\"><span style=\"-webkit-tap-highlight-color: transparent;\">solo si cumplen uno o m\u00e1s de los siguientes motivos, comprobados mediante la correspondiente auto-declaraci\u00f3n<\/span><\/span><\/strong><span style=\"font-family: 'Calibri','sans-serif'; mso-ascii-theme-font: minor-latin; mso-hansi-theme-font: minor-latin; mso-bidi-theme-font: minor-latin; color: #484848;\">:<\/span><\/span><\/p>\n<p style=\"margin: 0cm 0cm 0.0001pt; background-image: initial; background-position: initial; background-size: initial; background-repeat: initial; background-attachment: initial; background-origin: initial; background-clip: initial; box-sizing: border-box; overflow-wrap: break-word;\"><span style=\"font-family: 'Calibri','sans-serif'; mso-ascii-theme-font: minor-latin; mso-hansi-theme-font: minor-latin; mso-bidi-theme-font: minor-latin; color: #484848;\">a) exigencias laborales;<br style=\"box-sizing: border-box; overflow-wrap: break-word;\" \/>b) absoluta urgencia;<br style=\"box-sizing: border-box; overflow-wrap: break-word;\" \/>c) motivos de salud;<br style=\"box-sizing: border-box; overflow-wrap: break-word;\" \/>d) motivos de estudio;<br style=\"box-sizing: border-box; overflow-wrap: break-word;\" \/>e) retorno al propio domicilio, habitaci\u00f3n o residencia;<br style=\"box-sizing: border-box; overflow-wrap: break-word;\" \/>f) ingreso en el territorio nacional de ciudadanos de Estados miembros de la Uni\u00f3n Europea, Estados parte del Acuerdo Schengen, del Reino Unido, Gran Breta\u00f1a e Irlanda del norte, de Andorra, del Principado de M\u00f3naco, de la Rep\u00fablica de San Marino y del Estado de la Ciudad del Vaticano;<br style=\"box-sizing: border-box; overflow-wrap: break-word;\" \/>g) ingreso en el territorio nacional de familiares de las personas f\u00edsicas mencionadas en la letra f);<br style=\"box-sizing: border-box; overflow-wrap: break-word;\" \/>h) ingreso en el territorio nacional de ciudadanos de Estados terceros con estad\u00edas largas;<br style=\"box-sizing: border-box; overflow-wrap: break-word;\" \/>i) ingreso en el territorio nacional de familiares de las personas f\u00edsicas mencionadas en la letra h);<br style=\"box-sizing: border-box; overflow-wrap: break-word;\" \/>l) ingreso en el territorio nacional para llegar al domicilio, hogar o residencia de una persona mencionada en la letra f) y h),\u00a0<strong style=\"box-sizing: border-box; overflow-wrap: break-word;\">no conviviente, con quien exista una relaci\u00f3n afectiva probada y estable<\/strong>.<\/span><\/p>\n<p style=\"margin: 0cm 0cm 0.0001pt; background-image: initial; background-position: initial; background-size: initial; background-repeat: initial; background-attachment: initial; background-origin: initial; background-clip: initial; box-sizing: border-box; overflow-wrap: break-word;\"><span style=\"font-family: 'Calibri','sans-serif'; mso-ascii-theme-font: minor-latin; mso-hansi-theme-font: minor-latin; mso-bidi-theme-font: minor-latin; color: #484848;\">En todo caso, es obligatorio presentar, al momento de embarque o a cualquier persona designada para realizar los debidos controles,\u00a0<strong style=\"box-sizing: border-box; overflow-wrap: break-word;\">un certificado de haber sido sometido, las 48 horas previas al ingreso en territorio nacional, a una prueba molecular o antig\u00e9nica realizada mediante hisopo y con resultado negativo<\/strong>.<\/span><\/p>\n<p style=\"margin: 0cm 0cm 0.0001pt; background-image: initial; background-position: initial; background-size: initial; background-repeat: initial; background-attachment: initial; background-origin: initial; background-clip: initial; box-sizing: border-box; overflow-wrap: break-word;\"><span style=\"font-family: 'Calibri','sans-serif'; mso-ascii-theme-font: minor-latin; mso-hansi-theme-font: minor-latin; mso-bidi-theme-font: minor-latin; color: #484848;\">Las personas, que hayan permanecido o transitado, en los catorce d\u00edas previos al ingreso en Italia, en los Estados o territorios mencionados en el listado E, entre ellos Per\u00fa, tambi\u00e9n si son asintom\u00e1ticos,\u00a0<strong style=\"box-sizing: border-box; overflow-wrap: break-word;\">est\u00e1n obligados a comunicar inmediatamente su ingreso en el territorio nacional al Departamento de prevenci\u00f3n de la autoridad sanitaria local<\/strong>\u00a0y, tambi\u00e9n si es asintom\u00e1tico, deben cumplir las siguientes normas:<\/span><\/p>\n<p style=\"margin: 0cm 0cm 0.0001pt; background-image: initial; background-position: initial; background-size: initial; background-repeat: initial; background-attachment: initial; background-origin: initial; background-clip: initial; box-sizing: border-box; overflow-wrap: break-word;\"><span style=\"font-family: 'Calibri','sans-serif'; mso-ascii-theme-font: minor-latin; mso-hansi-theme-font: minor-latin; mso-bidi-theme-font: minor-latin; color: #484848;\">a)\u00a0<strong style=\"box-sizing: border-box; overflow-wrap: break-word;\">cumplir el recorrido desde el lugar de ingreso en el territorio nacional o del lugar de desembarque del medio utilizado<\/strong>\u00a0para ingresar en Italia hasta el domicilio o residencia en donde se realizar\u00e1 el periodo de vigilancia sanitaria y aislamiento fiduciario, exclusivamente\u00a0<strong style=\"box-sizing: border-box; overflow-wrap: break-word;\">con medio privado<\/strong>, excepto el caso de tr\u00e1nsito aeroportuario con la condici\u00f3n de no alejarse de las \u00e1reas espec\u00edficamente destinadas en el interior de las terminales.<\/span><\/p>\n<p style=\"margin: 0cm 0cm 0.0001pt; background-image: initial; background-position: initial; background-size: initial; background-repeat: initial; background-attachment: initial; background-origin: initial; background-clip: initial; box-sizing: border-box; overflow-wrap: break-word;\"><span style=\"font-family: 'Calibri','sans-serif'; mso-ascii-theme-font: minor-latin; mso-hansi-theme-font: minor-latin; mso-bidi-theme-font: minor-latin; color: #484848;\">b)\u00a0<strong style=\"box-sizing: border-box; overflow-wrap: break-word;\">estar\u00e1n sometidos a vigilancia sanitaria y aislamiento fiduciario por un periodo de catorce d\u00edas en el domicilio o residencia<\/strong>\u00a0indicada en la auto-declaraci\u00f3n arriba indicada.<\/span><\/p>\n<p class=\"MsoNormal\" style=\"margin-bottom: .0001pt; line-height: normal;\">\n","protected":false},"excerpt":{"rendered":"Se invitan a todos los ciudadanos italianos presentes temporalmente en Per\u00fa por cualquier motivo a registrar su presencia en el portal \u00abDove Siamo nel Mondo\u00bb (https:\/\/www.dovesiamonelmondo.it\/home.html) y a consultar peri\u00f3dicamente la p\u00e1gina de Viaggiare Sicuri (http:\/\/www.viaggiaresicuri.it\/country\/PER). Para obtener m\u00e1s informaci\u00f3n sobre los regresos a Italia y descargar la Autocertificaci\u00f3n para la entrada en Italia, consulte [&hellip;]","protected":false},"author":1,"featured_media":0,"comment_status":"closed","ping_status":"closed","sticky":false,"template":"","format":"standard","meta":{"footnotes":""},"tags":[],"class_list":["post-1045","post","type-post","status-publish","format-standard","hentry"],"_links":{"self":[{"href":"https:\/\/amblima.esteri.it\/es\/wp-json\/wp\/v2\/posts\/1045","targetHints":{"allow":["GET"]}}],"collection":[{"href":"https:\/\/amblima.esteri.it\/es\/wp-json\/wp\/v2\/posts"}],"about":[{"href":"https:\/\/amblima.esteri.it\/es\/wp-json\/wp\/v2\/types\/post"}],"author":[{"embeddable":true,"href":"https:\/\/amblima.esteri.it\/es\/wp-json\/wp\/v2\/users\/1"}],"replies":[{"embeddable":true,"href":"https:\/\/amblima.esteri.it\/es\/wp-json\/wp\/v2\/comments?post=1045"}],"version-history":[{"count":6,"href":"https:\/\/amblima.esteri.it\/es\/wp-json\/wp\/v2\/posts\/1045\/revisions"}],"predecessor-version":[{"id":7577,"href":"https:\/\/amblima.esteri.it\/es\/wp-json\/wp\/v2\/posts\/1045\/revisions\/7577"}],"wp:attachment":[{"href":"https:\/\/amblima.esteri.it\/es\/wp-json\/wp\/v2\/media?parent=1045"}],"wp:term":[{"taxonomy":"post_tag","embeddable":true,"href":"https:\/\/amblima.esteri.it\/es\/wp-json\/wp\/v2\/tags?post=1045"}],"curies":[{"name":"wp","href":"https:\/\/api.w.org\/{rel}","templated":true}]}}