{"id":1109,"date":"2020-02-11T00:54:57","date_gmt":"2020-02-11T05:54:57","guid":{"rendered":"https:\/\/amblima.esteri.it\/news\/dall_ambasciata\/2020\/02\/urgente-referendum-costituzionale-2\/"},"modified":"2020-02-11T00:54:57","modified_gmt":"2020-02-11T05:54:57","slug":"urgente-referendum-costituzionale-2","status":"publish","type":"post","link":"https:\/\/amblima.esteri.it\/es\/news\/dall_ambasciata\/2020\/02\/urgente-referendum-costituzionale-2\/","title":{"rendered":"URGENTE &#8211; REFER\u00c9NDUM CONSTITUCIONAL 2020 &#8211; ELECTORES TEMPORALMENTE EN EL EXTERIOR &#8211; OPCI\u00d3N VOTO POR CORRESPONDENCIA HASTA EL 26\/02\/2020"},"content":{"rendered":"<p style=\"text-align: justify;\">Se informa que los votantes RESIDENTES EN ITALIA y que por motivos de trabajo, estudio o tratamiento m\u00e9dico se encuentren TEMPORALMENTE EN EL EXTERIOR, por un per\u00edodo de por lo menos tres meses, que incluya la fecha de realizaci\u00f3n del Refer\u00e9ndum popular confirmativo del 29 de marzo de 2020, as\u00ed como sus familiares convivientes, podr\u00e1n ejercer el derecho al VOTO POR CORRESPONDENCIA recibiendo el sobre electoral con la boleta para el voto en el domicilio de residencia temporal en el exterior.<\/p>\n<p style=\"text-align: justify;\">Para ejercer el propio derecho al voto por correspondiencia, los votantes en cuesti\u00f3n deber\u00e1n informar a la COMUNA donde se encuentren inscritos en el padr\u00f3n electoral la solicitud de OPCI\u00d3N hasta el 26 de febrero de 2020 inclusive.<\/p>\n<p>Ver:<\/p>\n<p><a href=\"it\/ambasciata\/noticias\/dall_ambasciata\/2020\/02\/urgente-referendum-costituzionale.html\">Comunicado de Prensa <\/a><\/p>\n<p><a href=\"resource\/doc\/2020\/02\/all.1.2_modello_opzione_votanti_in_italia.doc\">Solicitud de OPCI\u00d3N<\/a><\/p>\n","protected":false},"excerpt":{"rendered":"Se informa que los votantes RESIDENTES EN ITALIA y que por motivos de trabajo, estudio o tratamiento m\u00e9dico se encuentren TEMPORALMENTE EN EL EXTERIOR, por un per\u00edodo de por lo menos tres meses, que incluya la fecha de realizaci\u00f3n del Refer\u00e9ndum popular confirmativo del 29 de marzo de 2020, as\u00ed como sus familiares convivientes, podr\u00e1n [&hellip;]","protected":false},"author":1,"featured_media":0,"comment_status":"","ping_status":"","sticky":false,"template":"","format":"standard","meta":{"footnotes":""},"tags":[],"class_list":["post-1109","post","type-post","status-publish","format-standard","hentry"],"_links":{"self":[{"href":"https:\/\/amblima.esteri.it\/es\/wp-json\/wp\/v2\/posts\/1109","targetHints":{"allow":["GET"]}}],"collection":[{"href":"https:\/\/amblima.esteri.it\/es\/wp-json\/wp\/v2\/posts"}],"about":[{"href":"https:\/\/amblima.esteri.it\/es\/wp-json\/wp\/v2\/types\/post"}],"author":[{"embeddable":true,"href":"https:\/\/amblima.esteri.it\/es\/wp-json\/wp\/v2\/users\/1"}],"replies":[{"embeddable":true,"href":"https:\/\/amblima.esteri.it\/es\/wp-json\/wp\/v2\/comments?post=1109"}],"version-history":[{"count":0,"href":"https:\/\/amblima.esteri.it\/es\/wp-json\/wp\/v2\/posts\/1109\/revisions"}],"wp:attachment":[{"href":"https:\/\/amblima.esteri.it\/es\/wp-json\/wp\/v2\/media?parent=1109"}],"wp:term":[{"taxonomy":"post_tag","embeddable":true,"href":"https:\/\/amblima.esteri.it\/es\/wp-json\/wp\/v2\/tags?post=1109"}],"curies":[{"name":"wp","href":"https:\/\/api.w.org\/{rel}","templated":true}]}}