{"id":1237,"date":"2019-02-22T16:40:05","date_gmt":"2019-02-22T21:40:05","guid":{"rendered":"https:\/\/amblima.esteri.it\/news\/dall_ambasciata\/2019\/02\/vivo-d-arte-concorso-per-giovani-2\/"},"modified":"2019-02-22T16:40:05","modified_gmt":"2019-02-22T21:40:05","slug":"vivo-d-arte-concorso-per-giovani-2","status":"publish","type":"post","link":"https:\/\/amblima.esteri.it\/es\/news\/dall_ambasciata\/2019\/02\/vivo-d-arte-concorso-per-giovani-2\/","title":{"rendered":"\u00abVIVO D&#8217;ARTE\u00bb, CONCURSO PARA JOVENES ARTISTAS ITALIANOS EN EL EXTRANJERO"},"content":{"rendered":"<p style=\"text-align: justify;\">Un premio anual para valorizar y apoyar la creatividad y el talento de los j\u00f3venes artistas italianos que residen de manera estable en el extranjero. Lo ha instituido el Ministerio italiano de Asuntos Exteriores y de Cooperaci\u00f3n Internacional, con el objetivo de facilitar un instrumento de visibilidad y fomentar la colaboraci\u00f3n entre los artistas italianos y la escena cultural del pa\u00eds de residencia, estimulando la producci\u00f3n de nuevas obras que desarrollen el tema de la \u00abcontaminaci\u00f3n\u00bb y del di\u00e1logo entre culturas y que aspiren a contar con la participaci\u00f3n de artistas locales.<\/p>\n<p style=\"text-align: justify;\">Para el concurso-premio \u00abVivo d&#8217;arte\u00bb, reservado a j\u00f3venes menores de 36 a\u00f1os, est\u00e1 previsto establecer dos secciones distintas: una dedicada a las artes \u00abperformativas\u00bb (m\u00fasica, teatro y danza contempor\u00e1nea) y la otra a las artes visuales (artes figurativas, escultura y video-arte), en colaboraci\u00f3n con, respectivamente, la Fundaci\u00f3n Romaeuropa y el Museo de Arte Moderno de Bolonia y con la participaci\u00f3n del MiBAC. Con esta iniciativa se pretende crear una red de artistas italianos en el extranjero y llamar la atenci\u00f3n sobre la nueva emigraci\u00f3n italiana, valorizando en clave contempor\u00e1nea dos rasgos distintivos de Italia en el mundo: su creatividad y la capacidad de sus excelencias art\u00edsticas de manifestarse tambi\u00e9n m\u00e1s all\u00e1 de las fronteras nacionales.<\/p>\n<p>Desc\u00e1rgate aqu\u00ed la <a href=\"resource\/doc\/2019\/02\/bando_vivo_d_arte___arti_performative.pdf\">convocatoria<\/a>.<\/p>\n<p>Plazo hasta el 31 de marzo de 2019<\/p>\n","protected":false},"excerpt":{"rendered":"Un premio anual para valorizar y apoyar la creatividad y el talento de los j\u00f3venes artistas italianos que residen de manera estable en el extranjero. Lo ha instituido el Ministerio italiano de Asuntos Exteriores y de Cooperaci\u00f3n Internacional, con el objetivo de facilitar un instrumento de visibilidad y fomentar la colaboraci\u00f3n entre los artistas italianos [&hellip;]","protected":false},"author":1,"featured_media":0,"comment_status":"","ping_status":"","sticky":false,"template":"","format":"standard","meta":{"footnotes":""},"tags":[],"class_list":["post-1237","post","type-post","status-publish","format-standard","hentry"],"_links":{"self":[{"href":"https:\/\/amblima.esteri.it\/es\/wp-json\/wp\/v2\/posts\/1237","targetHints":{"allow":["GET"]}}],"collection":[{"href":"https:\/\/amblima.esteri.it\/es\/wp-json\/wp\/v2\/posts"}],"about":[{"href":"https:\/\/amblima.esteri.it\/es\/wp-json\/wp\/v2\/types\/post"}],"author":[{"embeddable":true,"href":"https:\/\/amblima.esteri.it\/es\/wp-json\/wp\/v2\/users\/1"}],"replies":[{"embeddable":true,"href":"https:\/\/amblima.esteri.it\/es\/wp-json\/wp\/v2\/comments?post=1237"}],"version-history":[{"count":0,"href":"https:\/\/amblima.esteri.it\/es\/wp-json\/wp\/v2\/posts\/1237\/revisions"}],"wp:attachment":[{"href":"https:\/\/amblima.esteri.it\/es\/wp-json\/wp\/v2\/media?parent=1237"}],"wp:term":[{"taxonomy":"post_tag","embeddable":true,"href":"https:\/\/amblima.esteri.it\/es\/wp-json\/wp\/v2\/tags?post=1237"}],"curies":[{"name":"wp","href":"https:\/\/api.w.org\/{rel}","templated":true}]}}