{"id":1969,"date":"2016-09-05T20:07:37","date_gmt":"2016-09-06T01:07:37","guid":{"rendered":"https:\/\/amblima.esteri.it\/news\/dall_ambasciata\/2016\/09\/donazione-terremoto-2\/"},"modified":"2016-09-05T20:07:37","modified_gmt":"2016-09-06T01:07:37","slug":"donazione-terremoto-2","status":"publish","type":"post","link":"https:\/\/amblima.esteri.it\/es\/news\/dall_ambasciata\/2016\/09\/donazione-terremoto-2\/","title":{"rendered":"TERREMOTO\u00a0EN EL\u00a0CENTRO DE ITALIA:\u00a0DONACIONES E INICIATIVAS DE SOLIDARIDAD"},"content":{"rendered":"<p align=\"justify\">Tras el terrible terremoto que afect\u00f3 el centro de Italia, damos a conocer los canales para las\u00a0donaciones:\u00a0<\/p>\n<p><strong><em>A) Colecta Regional <br \/><\/em><\/strong><br \/><strong>REGIONE LAZIO<\/strong><br \/>Cuenta corriente a nombre de: Regione Lazio per Amatrice e Accumoli<br \/>N\u00f9mero de cuenta corriente : IBAN IT 60 P 02008 05255 000104428939<br \/>\u00f3<br \/>Cuenta corriente postal a nombre de : Regione Lazio per Amatrice e Accumoli<br \/>Numero CC postal: 1034116671<br \/>Iban: IT 42 H 07601 03200 001034116671<br \/>Para mayor informaci\u00f3n consultar la p\u00e1gina web de la Regi\u00f3n:<br \/><a href=\"http:\/\/www.regione.lazio.it\/rl_main\/?vw=newsDettaglio&#038;id=3551\">http:\/\/www.regione.lazio.it\/rl_main\/?vw=newsDettaglio&#038;id=3551<\/a>\u00a0 <\/p>\n<p><strong>REGIONE MARCHE<br \/><\/strong>Cuenta corriente postal a nombre de : Regione Marche, Donaz. Favore Territori Marche Colpiti Sisma 24 agosto 2016<br \/>Numero de cuenta: 1034116044<br \/>IBAN: IT-17-Y-07601-02600-001034116044<br \/>Para mayor informaci\u00f3n consultar la p\u00e1gina web de la Regi\u00f3n:<br \/><a href=\"http:\/\/www.regione.marche.it\/In-Primo-Pia\u2026\/ComunicatiStampa?id=25778\">http:\/\/www.regione.marche.it\/In-Primo-Pia\u2026\/ComunicatiStampa?id=25778<\/a> \u00a0<\/p>\n<p><strong>REGIONE UMBRIA<\/strong><br \/>Cuenta Corriente a nombre de: Regione Umbria<br \/>IBAN IT 32 R 0200803033000104429137<br \/>\/c REGIONE UMBRIA<br \/>Causale: Regione Umbria sisma agosto 2016<br \/>Para mayor informaci\u00f3n consultar la p\u00e1gina web de la Regi\u00f3n:<br \/><a href=\"http:\/\/www.regione.umbria.it\/home\" target=\"_blank\" rel=\"noopener\">http:\/\/www.regione.umbria.it\/home<\/a>\u00a0\u00a0 <\/p>\n<p><strong><em>B) Colecta de donaciones de parte de organismos<\/em><\/strong> <\/p>\n<p><strong>Cruz Roja Italiana en colaboraci\u00f3n con Correos Italianos:<br \/><\/strong>Cuenta Corriente Postal a nombre de: Associazione italiana della Croce Rossa<br \/>IBAN: IT38R0760103000000000900050<br \/>BIC\/SWIFT: BPPIITRRXXX<br \/>Causale: \u00abPoste Italiane con Croce Rossa Italiana &#8211; Terremoto Centro Italia\u00bb<br \/>Otras indicaciones de c\u00f3mo ofrecer una contribuci\u00f3n en las actividades de la Cruz Roja:<br \/><a href=\"https:\/\/www.cri.it\/terremoto-centro-italia\" target=\"_blank\" rel=\"noopener\">https:\/\/www.cri.it\/terremoto-centro-italia\u00a0<br \/><\/a><br \/><strong>Asociaci\u00f3n Nacional de Municipios Italianos (ANCI):<br \/><\/strong>Cuenta Corriente a nombre de: ANCI<br \/>Iban: IT27A 06230 03202 000056748129<br \/>Causale: Emergenza Terremoto Centro Italia<br \/>Mayor informaci\u00f3n acerca de la actividad de ANCI est\u00e1 disponible en la p\u00e1gina web:<br \/><a href=\"http:\/\/www.anci.it\/\">http:\/\/www.anci.it\/<\/a><\/p>\n<p><strong>Otras<br \/><\/strong><br \/>Se encuentran activas diversas iniciativas de solidaridad por parte de Arci, Chiesa Cattolica, Confcommercio. Mayor informaci\u00f3n sobre las modalidades de gesti\u00f3n de dichas contribuciones se encuentran disponibles en las respectivas p\u00e1ginas web:<\/p>\n<p><a href=\"http:\/\/www.arci.it\/blog\/ambiente\/archivio\/ambiente\/emergenza-terremoto-centro-italia\/\">http:\/\/www.arci.it\/blog\/ambiente\/archivio\/ambiente\/emergenza-terremoto-centro-italia\/<\/a><a href=\"http:\/\/www.arci.it\/\u2026\/amb\u2026\/emergenza-terremoto-centro-italia\/http:\/\/www.chiesacattolica.it\/\u2026\/V3_S2EW_CONSULTAZIONE.mostr\"><\/p>\n<p>http:\/\/www.chiesacattolica.it\/pls\/cci_new_v3\/V3_S2EW_CONSULTAZIONE.mostra_pagina?id_pagina=83994&#038;rifi=guest&#038;rifp=guest<\/a><\/p>\n<p><a href=\"http:\/\/www.confcommercio.it\/-\/terremoto-sangalli-sostegno-immediato-a-famiglie-e-imprese\">http:\/\/www.confcommercio.it\/-\/terremoto-sangalli-sostegno-immediato-a-famiglie-e-imprese<\/a> <\/p>\n<p>C) Colecta de fondos con n\u00famero de tel\u00e9fono dedicado (sms solidarios)<\/p>\n<p>Se informa que la campa\u00f1a de sms solidarios\/llamadas de red fija a favor de la poblaci\u00f3n afectada no esta disponible desde el extranjero,\u00a0es exclusivamente en el territorio italiano (tel. 45 500).<\/p>\n","protected":false},"excerpt":{"rendered":"Tras el terrible terremoto que afect\u00f3 el centro de Italia, damos a conocer los canales para las\u00a0donaciones:\u00a0 A) Colecta Regional REGIONE LAZIOCuenta corriente a nombre de: Regione Lazio per Amatrice e AccumoliN\u00f9mero de cuenta corriente : IBAN IT 60 P 02008 05255 000104428939\u00f3Cuenta corriente postal a nombre de : Regione Lazio per Amatrice e AccumoliNumero [&hellip;]","protected":false},"author":1,"featured_media":0,"comment_status":"","ping_status":"","sticky":false,"template":"","format":"standard","meta":{"footnotes":""},"tags":[],"class_list":["post-1969","post","type-post","status-publish","format-standard","hentry"],"_links":{"self":[{"href":"https:\/\/amblima.esteri.it\/es\/wp-json\/wp\/v2\/posts\/1969","targetHints":{"allow":["GET"]}}],"collection":[{"href":"https:\/\/amblima.esteri.it\/es\/wp-json\/wp\/v2\/posts"}],"about":[{"href":"https:\/\/amblima.esteri.it\/es\/wp-json\/wp\/v2\/types\/post"}],"author":[{"embeddable":true,"href":"https:\/\/amblima.esteri.it\/es\/wp-json\/wp\/v2\/users\/1"}],"replies":[{"embeddable":true,"href":"https:\/\/amblima.esteri.it\/es\/wp-json\/wp\/v2\/comments?post=1969"}],"version-history":[{"count":0,"href":"https:\/\/amblima.esteri.it\/es\/wp-json\/wp\/v2\/posts\/1969\/revisions"}],"wp:attachment":[{"href":"https:\/\/amblima.esteri.it\/es\/wp-json\/wp\/v2\/media?parent=1969"}],"wp:term":[{"taxonomy":"post_tag","embeddable":true,"href":"https:\/\/amblima.esteri.it\/es\/wp-json\/wp\/v2\/tags?post=1969"}],"curies":[{"name":"wp","href":"https:\/\/api.w.org\/{rel}","templated":true}]}}