{"id":5236,"date":"2024-09-23T09:58:52","date_gmt":"2024-09-23T14:58:52","guid":{"rendered":"https:\/\/amblima.esteri.it\/?p=5236"},"modified":"2024-09-23T10:11:24","modified_gmt":"2024-09-23T15:11:24","slug":"viceministro-tripodi-en-peru-inaugura-el-ano-escolar-y-sostiene-encuentro-con-la-comunidad-italiana","status":"publish","type":"post","link":"https:\/\/amblima.esteri.it\/es\/news\/dall_ambasciata\/2024\/09\/viceministro-tripodi-en-peru-inaugura-el-ano-escolar-y-sostiene-encuentro-con-la-comunidad-italiana\/","title":{"rendered":"Viceministro Tripodi en Per\u00fa inaugura el a\u00f1o escolar y sostiene encuentro con la comunidad italiana"},"content":{"rendered":"<p style=\"text-align: justify;\">La Viceministro de Relaciones Exteriores y Cooperaci\u00f3n Internacional, Mar\u00eda Tripodi, en misi\u00f3n de dos d\u00edas en el Per\u00fa, acompa\u00f1ada por el Embajador Massimiliano Mazzanti, particip\u00f3 en la Ceremonia de Inauguraci\u00f3n del A\u00f1o Escolar de los colegios italianos \u00abAntonio Raimondi\u00bb y \u00abDante Alighieri\u00bb, realizada en Lima.<\/p>\n<p style=\"text-align: justify;\">\u00abNo puedo ocultar cierta emoci\u00f3n al ver a tantos j\u00f3venes reunidos, confirmando la calidad que expresan nuestras dos instituciones escolares, combinada con los valores educativos que los profesores han logrado transmitir a los alumnos\u00bb, dijo la Hon. Maria Tripodi. A\u00f1adi\u00f3:\u00bb Mi misi\u00f3n en Per\u00fa se produce en un a\u00f1o marcado por importantes aniversarios. Entre ellos, el Bicentenario del nacimiento de Antonio Raimondi, explorador, investigador, cient\u00edfico, el primero en concebir un nuevo modelo educativo, realizando esa fusi\u00f3n entre la cultura italiana y la peruana que hoy encuentra aqu\u00ed su m\u00e1xima expresi\u00f3n. La escuela es estudio, conocimiento, aprendizaje.<\/p>\n<p style=\"text-align: justify;\">Es teatro de crecimiento civil en el que se forma la clase dirigente del pa\u00eds, y es libertad, porque queridos ni\u00f1as y ni\u00f1os, la cultura los hace libres. Sue\u00f1en en grande\u00bb. Posteriormente, la Viceministro visit\u00f3 el sitio arqueol\u00f3gico precolombino de Huaca Pucllana y se reuni\u00f3 con el alcalde de Miraflores, Carlos Canales, y numerosos representantes del Sistema Italia: Comites, CGIE y C\u00e1mara de Comercio.<\/p>\n","protected":false},"excerpt":{"rendered":"La Viceministro de Relaciones Exteriores y Cooperaci\u00f3n Internacional, Mar\u00eda Tripodi, en misi\u00f3n de dos d\u00edas en el Per\u00fa, acompa\u00f1ada por el Embajador Massimiliano Mazzanti, particip\u00f3 en la Ceremonia de Inauguraci\u00f3n del A\u00f1o Escolar de los colegios italianos \u00abAntonio Raimondi\u00bb y \u00abDante Alighieri\u00bb, realizada en Lima. \u00abNo puedo ocultar cierta emoci\u00f3n al ver a tantos j\u00f3venes [&hellip;]","protected":false},"author":6,"featured_media":5218,"comment_status":"closed","ping_status":"closed","sticky":false,"template":"","format":"standard","meta":{"footnotes":""},"tags":[],"class_list":["post-5236","post","type-post","status-publish","format-standard","has-post-thumbnail","hentry"],"_links":{"self":[{"href":"https:\/\/amblima.esteri.it\/es\/wp-json\/wp\/v2\/posts\/5236","targetHints":{"allow":["GET"]}}],"collection":[{"href":"https:\/\/amblima.esteri.it\/es\/wp-json\/wp\/v2\/posts"}],"about":[{"href":"https:\/\/amblima.esteri.it\/es\/wp-json\/wp\/v2\/types\/post"}],"author":[{"embeddable":true,"href":"https:\/\/amblima.esteri.it\/es\/wp-json\/wp\/v2\/users\/6"}],"replies":[{"embeddable":true,"href":"https:\/\/amblima.esteri.it\/es\/wp-json\/wp\/v2\/comments?post=5236"}],"version-history":[{"count":1,"href":"https:\/\/amblima.esteri.it\/es\/wp-json\/wp\/v2\/posts\/5236\/revisions"}],"predecessor-version":[{"id":5239,"href":"https:\/\/amblima.esteri.it\/es\/wp-json\/wp\/v2\/posts\/5236\/revisions\/5239"}],"wp:featuredmedia":[{"embeddable":true,"href":"https:\/\/amblima.esteri.it\/es\/wp-json\/wp\/v2\/media\/5218"}],"wp:attachment":[{"href":"https:\/\/amblima.esteri.it\/es\/wp-json\/wp\/v2\/media?parent=5236"}],"wp:term":[{"taxonomy":"post_tag","embeddable":true,"href":"https:\/\/amblima.esteri.it\/es\/wp-json\/wp\/v2\/tags?post=5236"}],"curies":[{"name":"wp","href":"https:\/\/api.w.org\/{rel}","templated":true}]}}