{"id":5563,"date":"2025-02-10T15:47:48","date_gmt":"2025-02-10T20:47:48","guid":{"rendered":"https:\/\/amblima.esteri.it\/?p=5563"},"modified":"2025-02-10T16:24:41","modified_gmt":"2025-02-10T21:24:41","slug":"10-febbraio-2025-21-anniversario-del-giorno-del-ricordo-per-le-vittime-delle-foibe","status":"publish","type":"post","link":"https:\/\/amblima.esteri.it\/es\/news\/dall_ambasciata\/2025\/02\/10-febbraio-2025-21-anniversario-del-giorno-del-ricordo-per-le-vittime-delle-foibe\/","title":{"rendered":"10 FEBRERO 2025 \u2013 21\u00b0 ANIVERSARIO DEL D\u00cdA DEL RECUERDO DE LAS V\u00cdCTIMAS DE LAS FOIBE"},"content":{"rendered":"<div class=\"entry-content\">\n<div class=\"entry-content\">\n<p style=\"text-align: justify;\">El Ministro de Asuntos Exteriores, Antonio Tajani, ha participado hoy en los principales actos conmemorativos del D\u00eda del Recuerdo, en homenaje a las v\u00edctimas de las foibe y del \u00e9xodo istriano, fiumano y d\u00e1lmata. La Farnesina y toda la red diplom\u00e1tico-consular y los Institutos Italianos de Cultura se unieron a las manifestaciones con el prop\u00f3sito de mantener vivo en el mundo el recuerdo de la tragedia.<\/p>\n<p style=\"text-align: justify;\">El Ministro intervino en la ceremonia conmemorativa celebrada el 10 de febrero de 2025 en el Palacio del Quirinale, con la presencia del Presidente de la Rep\u00fablica, Sergio Mattarella. Tajani concluy\u00f3 su discurso resaltando que \u00abcultivando la memoria de las tragedias que conmemoramos en el D\u00eda del Recuerdo, debemos mantenernos en guardia contra quienes niegan los valores y principios fundamentales de la convivencia civil\u00bb.<\/p>\n<p style=\"text-align: justify;\">Con ocasi\u00f3n de la reuni\u00f3n ministerial de los \u00abAmigos de los Balcanes\u00bb, el Ministro Tajani subray\u00f3 c\u00f3mo el recuerdo de las v\u00edctimas de la violencia y el \u00e9xodo de Istria, Rijeka y Dalmacia debe contribuir a la construcci\u00f3n de una memoria com\u00fan con los pa\u00edses vecinos sobre los dolorosos acontecimientos de nuestra frontera oriental. El ejemplo de Nova Gorica &#8211; Gorizia capital europea de la cultura en 2025 representa un paso significativo para superar las oposiciones basadas en antiguas ideolog\u00edas y divisiones \u00e9tnicas, en el esp\u00edritu m\u00e1s aut\u00e9ntico de la pertenencia com\u00fan de Italia, Eslovenia y Croacia a la Uni\u00f3n Europea.<\/p>\n<p style=\"text-align: justify;\">Por iniciativa del Ministro, la frase \u00abIo Ricordo\u00bb (Yo Recuerdo) iluminar\u00e1 hoy el Palacio de la Farnesina.<\/p>\n<\/div>\n<\/div>\n","protected":false},"excerpt":{"rendered":"El Ministro de Asuntos Exteriores, Antonio Tajani, ha participado hoy en los principales actos conmemorativos del D\u00eda del Recuerdo, en homenaje a las v\u00edctimas de las foibe y del \u00e9xodo istriano, fiumano y d\u00e1lmata. La Farnesina y toda la red diplom\u00e1tico-consular y los Institutos Italianos de Cultura se unieron a las manifestaciones con el prop\u00f3sito [&hellip;]","protected":false},"author":6,"featured_media":0,"comment_status":"closed","ping_status":"closed","sticky":false,"template":"","format":"standard","meta":{"footnotes":""},"tags":[],"class_list":["post-5563","post","type-post","status-publish","format-standard","hentry"],"_links":{"self":[{"href":"https:\/\/amblima.esteri.it\/es\/wp-json\/wp\/v2\/posts\/5563","targetHints":{"allow":["GET"]}}],"collection":[{"href":"https:\/\/amblima.esteri.it\/es\/wp-json\/wp\/v2\/posts"}],"about":[{"href":"https:\/\/amblima.esteri.it\/es\/wp-json\/wp\/v2\/types\/post"}],"author":[{"embeddable":true,"href":"https:\/\/amblima.esteri.it\/es\/wp-json\/wp\/v2\/users\/6"}],"replies":[{"embeddable":true,"href":"https:\/\/amblima.esteri.it\/es\/wp-json\/wp\/v2\/comments?post=5563"}],"version-history":[{"count":4,"href":"https:\/\/amblima.esteri.it\/es\/wp-json\/wp\/v2\/posts\/5563\/revisions"}],"predecessor-version":[{"id":5572,"href":"https:\/\/amblima.esteri.it\/es\/wp-json\/wp\/v2\/posts\/5563\/revisions\/5572"}],"wp:attachment":[{"href":"https:\/\/amblima.esteri.it\/es\/wp-json\/wp\/v2\/media?parent=5563"}],"wp:term":[{"taxonomy":"post_tag","embeddable":true,"href":"https:\/\/amblima.esteri.it\/es\/wp-json\/wp\/v2\/tags?post=5563"}],"curies":[{"name":"wp","href":"https:\/\/api.w.org\/{rel}","templated":true}]}}