{"id":5691,"date":"2025-03-28T14:09:29","date_gmt":"2025-03-28T19:09:29","guid":{"rendered":"https:\/\/amblima.esteri.it\/?p=5691"},"modified":"2025-04-21T20:59:11","modified_gmt":"2025-04-22T01:59:11","slug":"el-consejo-de-ministros-aprueba-modificaciones-de-la-ley-sobre-ciudadania-ius-sanguinis","status":"publish","type":"post","link":"https:\/\/amblima.esteri.it\/es\/news\/dall_ambasciata\/2025\/03\/el-consejo-de-ministros-aprueba-modificaciones-de-la-ley-sobre-ciudadania-ius-sanguinis\/","title":{"rendered":"Modificaciones a la ley sobre ciudadan\u00eda \u00abius sanguinis\u00bb"},"content":{"rendered":"<h1 style=\"text-align: justify;\">Modificaciones a la ley sobre ciudadan\u00eda \u00abius sanguinis\u00bb<\/h1>\n<p style=\"text-align: justify;\">El 28 de marzo, el Consejo de Ministros adopt\u00f3 el \u00abpaquete ciudadan\u00eda\u00bb, un conjunto de medidas legislativas propuestas por el Ministerio de Asuntos Exteriores y Cooperaci\u00f3n Internacional para reformar la disciplina sobre ciudadan\u00eda. El objetivo de las medidas aprobadas es reforzar el v\u00ednculo efectivo entre Italia y sus ciudadanos en el extranjero. El Ministro de Asuntos Exteriores, Antonio Tajani, dej\u00f3 claro que \u00abel principio del ius sanguinis no se ver\u00e1 menoscabado y muchos descendientes de emigrantes podr\u00e1n seguir obteniendo la ciudadan\u00eda italiana, pero se fijar\u00e1n l\u00edmites precisos, sobre todo para evitar abusos o el fen\u00f3meno de la \u201ccomercializaci\u00f3n\u201d de pasaportes italianos\u00bb. La ciudadan\u00eda debe ser un asunto serio\u00bb.<\/p>\n<p style=\"text-align: justify;\">La reforma, que alinea los criterios de reconocimiento de la ciudadan\u00eda italiana con los de nuestros partners europeos, liberar\u00e1 recursos para mejorar la eficiencia de los servicios consulares, en la medida en que podr\u00e1n dedicarse exclusivamente a quienes tienen una necesidad real, en virtud de su v\u00ednculo concreto con Italia. De hecho, el sistema actual incide en la eficiencia de las oficinas administrativas o judiciales italianas, que se ven sometidas a la presi\u00f3n de quienes viajan a Italia s\u00f3lo para intentar acelerar el proceso de reconocimiento de su ciudadan\u00eda, alimentando tambi\u00e9n el fraude o las malas pr\u00e1cticas.<\/p>\n<p style=\"text-align: justify;\">Para lograr este objetivo, se proceder\u00e1 en dos etapas: algunas normas entran en vigencia de inmediato por decreto-ley y, posteriormente, se procede a una reforma org\u00e1nica de los requisitos esenciales y los procedimientos de ciudadan\u00eda.<\/p>\n<p style=\"text-align: justify;\">El decreto ley aprobado hoy establece que<strong> los descendientes de italianos nacidos en el extranjero solo ser\u00e1n autom\u00e1ticamente ciudadanos italianos hasta <span style=\"text-decoration: underline;\">dos<\/span> generaciones: solo quienes tenga al menos un progenitor o abuelo <span style=\"text-decoration: underline;\">nacido en Italia<\/span> ser\u00e1n ciudadanos italianos desde el nacimiento.<\/strong><\/p>\n<p style=\"text-align: justify;\">En la segunda etapa, un primer proyecto de ley (tambi\u00e9n aprobado hoy) introduce cambios adicionales m\u00e1s a detalle en la ley de ciudadan\u00eda italiana. En primer lugar, obliga a los ciudadanos nacidos y residentes en el extranjero a mantener v\u00ednculos reales con nuestro pa\u00eds a lo largo del tiempo, ejerciendo los derechos y deberes del ciudadano al menos una vez cada veinticinco a\u00f1os.<\/p>\n<p style=\"text-align: justify;\">La reforma se completa con un segundo proyecto de ley que tambi\u00e9n reexamina los procedimientos de reconocimiento de la ciudadan\u00eda italiana. En particular, quienes residan en el extranjero ya no se dirigir\u00e1n a los consulados, sino a una oficina centralizada espec\u00edfica en la Farnesina, para lo cual habr\u00e1 un periodo transitorio de aproximadamente un a\u00f1o para la organizaci\u00f3n de la misma. El prop\u00f3sito es convertir los procedimientos m\u00e1s eficientes, con evidentes econom\u00edas de escala. Los consulados tendr\u00e1n que centrarse en brindar servicios a los que ya son ciudadanos y dejar de \u00abcrear\u00bb nuevos ciudadanos.<\/p>\n<p style=\"text-align: justify;\">Finalmente, la medida incluye otras disposiciones destinadas a mejorar y modernizar la prestaci\u00f3n de servicios: legalizaciones, registro civil, pasaportes, documentos de identidad v\u00e1lidos para la expatriaci\u00f3n. Asimismo, se prev\u00e9n medidas de organizaci\u00f3n que permitan acercar cada vez m\u00e1s la estructura de la Farnesina al servicio de los ciudadanos y las empresas.<\/p>\n<p style=\"text-align: justify;\">Por lo antes expuesto, <span style=\"text-decoration: underline;\">se suspenden a partir de hoy todas las citas para la presentaci\u00f3n de documentos a efectos del reconocimiento \u00abiure sanguinis\u00bb, as\u00ed como la asignaci\u00f3n de nuevas citas (tambi\u00e9n a trav\u00e9s del portal Prenotami), y la inscripci\u00f3n (tambi\u00e9n a trav\u00e9s del portal Prenotami).<\/span> Pr\u00f3ximamente se informar\u00e1 sobre las actualizaciones al respecto.<\/p>\n","protected":false},"excerpt":{"rendered":"Modificaciones a la ley sobre ciudadan\u00eda \u00abius sanguinis\u00bb El 28 de marzo, el Consejo de Ministros adopt\u00f3 el \u00abpaquete ciudadan\u00eda\u00bb, un conjunto de medidas legislativas propuestas por el Ministerio de Asuntos Exteriores y Cooperaci\u00f3n Internacional para reformar la disciplina sobre ciudadan\u00eda. El objetivo de las medidas aprobadas es reforzar el v\u00ednculo efectivo entre Italia y [&hellip;]","protected":false},"author":6,"featured_media":5788,"comment_status":"closed","ping_status":"closed","sticky":false,"template":"","format":"standard","meta":{"footnotes":""},"tags":[],"class_list":["post-5691","post","type-post","status-publish","format-standard","has-post-thumbnail","hentry"],"_links":{"self":[{"href":"https:\/\/amblima.esteri.it\/es\/wp-json\/wp\/v2\/posts\/5691","targetHints":{"allow":["GET"]}}],"collection":[{"href":"https:\/\/amblima.esteri.it\/es\/wp-json\/wp\/v2\/posts"}],"about":[{"href":"https:\/\/amblima.esteri.it\/es\/wp-json\/wp\/v2\/types\/post"}],"author":[{"embeddable":true,"href":"https:\/\/amblima.esteri.it\/es\/wp-json\/wp\/v2\/users\/6"}],"replies":[{"embeddable":true,"href":"https:\/\/amblima.esteri.it\/es\/wp-json\/wp\/v2\/comments?post=5691"}],"version-history":[{"count":6,"href":"https:\/\/amblima.esteri.it\/es\/wp-json\/wp\/v2\/posts\/5691\/revisions"}],"predecessor-version":[{"id":5822,"href":"https:\/\/amblima.esteri.it\/es\/wp-json\/wp\/v2\/posts\/5691\/revisions\/5822"}],"wp:featuredmedia":[{"embeddable":true,"href":"https:\/\/amblima.esteri.it\/es\/wp-json\/wp\/v2\/media\/5788"}],"wp:attachment":[{"href":"https:\/\/amblima.esteri.it\/es\/wp-json\/wp\/v2\/media?parent=5691"}],"wp:term":[{"taxonomy":"post_tag","embeddable":true,"href":"https:\/\/amblima.esteri.it\/es\/wp-json\/wp\/v2\/tags?post=5691"}],"curies":[{"name":"wp","href":"https:\/\/api.w.org\/{rel}","templated":true}]}}