{"id":5873,"date":"2025-05-02T09:10:25","date_gmt":"2025-05-02T14:10:25","guid":{"rendered":"https:\/\/amblima.esteri.it\/?p=5873"},"modified":"2025-05-02T22:12:27","modified_gmt":"2025-05-03T03:12:27","slug":"v-edicion-de-los-estados-generales-de-la-lengua-italiana-en-el-mundo-hacia-una-comunidad-global-de-italofonia","status":"publish","type":"post","link":"https:\/\/amblima.esteri.it\/es\/news\/dall_ambasciata\/2025\/05\/v-edicion-de-los-estados-generales-de-la-lengua-italiana-en-el-mundo-hacia-una-comunidad-global-de-italofonia\/","title":{"rendered":"V EDICI\u00d3N DE LOS ESTADOS GENERALES DE LA LENGUA ITALIANA EN EL MUNDO: HACIA UNA COMUNIDAD GLOBAL DE ITALOFON\u00cdA"},"content":{"rendered":"<p style=\"text-align: justify;\">El 16 de abril se celebr\u00f3 en el Museo Nacional de Arte del siglo XXI (MAXXI) de Roma la quinta edici\u00f3n de los Estados Generales de la Lengua italiana en el mundo, dedicada al tema: \u00abHacia una comunidad global de la italofon\u00eda\u00bb.<\/p>\n<p style=\"text-align: justify;\">En la sesi\u00f3n se ley\u00f3 un mensaje del Presidente de la Rep\u00fablica, Sergio Mattarella, y un discurso del Viceprimer Ministro y Ministro de Asuntos Exteriores y Cooperaci\u00f3n Internacional, Antonio Tajani.<\/p>\n<p style=\"text-align: justify;\">Los Estados Generales exhortaron a la creaci\u00f3n de una Comunidad de la Italofon\u00eda compuesta por Estados y representantes de la sociedad civil unidos por su inter\u00e9s y pasi\u00f3n por la lengua italiana.<\/p>\n<p style=\"text-align: justify;\">Precedi\u00f3 al acto, el 14 de abril, la Primera Conferencia de las escuelas italianas en el extranjero, a la que seguir\u00e1 la nueva edici\u00f3n de la Semana de la lengua italiana en el mundo, del 13 al 19 de octubre de 2025.<\/p>\n<p style=\"text-align: justify;\"><a href=\"https:\/\/amblima.esteri.it\/wp-content\/uploads\/2025\/05\/Dichiarazione-finale.pdf\">Declaraci\u00f3n de los Estados generales<\/a><\/p>\n","protected":false},"excerpt":{"rendered":"El 16 de abril se celebr\u00f3 en el Museo Nacional de Arte del siglo XXI (MAXXI) de Roma la quinta edici\u00f3n de los Estados Generales de la Lengua italiana en el mundo, dedicada al tema: \u00abHacia una comunidad global de la italofon\u00eda\u00bb. En la sesi\u00f3n se ley\u00f3 un mensaje del Presidente de la Rep\u00fablica, Sergio [&hellip;]","protected":false},"author":6,"featured_media":0,"comment_status":"closed","ping_status":"closed","sticky":false,"template":"","format":"standard","meta":{"footnotes":""},"tags":[],"class_list":["post-5873","post","type-post","status-publish","format-standard","hentry"],"_links":{"self":[{"href":"https:\/\/amblima.esteri.it\/es\/wp-json\/wp\/v2\/posts\/5873","targetHints":{"allow":["GET"]}}],"collection":[{"href":"https:\/\/amblima.esteri.it\/es\/wp-json\/wp\/v2\/posts"}],"about":[{"href":"https:\/\/amblima.esteri.it\/es\/wp-json\/wp\/v2\/types\/post"}],"author":[{"embeddable":true,"href":"https:\/\/amblima.esteri.it\/es\/wp-json\/wp\/v2\/users\/6"}],"replies":[{"embeddable":true,"href":"https:\/\/amblima.esteri.it\/es\/wp-json\/wp\/v2\/comments?post=5873"}],"version-history":[{"count":1,"href":"https:\/\/amblima.esteri.it\/es\/wp-json\/wp\/v2\/posts\/5873\/revisions"}],"predecessor-version":[{"id":5875,"href":"https:\/\/amblima.esteri.it\/es\/wp-json\/wp\/v2\/posts\/5873\/revisions\/5875"}],"wp:attachment":[{"href":"https:\/\/amblima.esteri.it\/es\/wp-json\/wp\/v2\/media?parent=5873"}],"wp:term":[{"taxonomy":"post_tag","embeddable":true,"href":"https:\/\/amblima.esteri.it\/es\/wp-json\/wp\/v2\/tags?post=5873"}],"curies":[{"name":"wp","href":"https:\/\/api.w.org\/{rel}","templated":true}]}}