{"id":5919,"date":"2025-05-05T14:20:32","date_gmt":"2025-05-05T19:20:32","guid":{"rendered":"https:\/\/amblima.esteri.it\/?p=5919"},"modified":"2025-05-05T14:22:43","modified_gmt":"2025-05-05T19:22:43","slug":"empoderando-a-las-mujeres-que-lideran-la-economia-circular","status":"publish","type":"post","link":"https:\/\/amblima.esteri.it\/es\/news\/dall_ambasciata\/2025\/05\/empoderando-a-las-mujeres-que-lideran-la-economia-circular\/","title":{"rendered":"Empoderando a las mujeres que lideran la econom\u00eda circular"},"content":{"rendered":"<h1 class=\"field field--name-title field--type-string field--label-hidden\" style=\"text-align: justify;\">Ocho mujeres l\u00edderes son reconocidas por su contribuci\u00f3n a la construcci\u00f3n de un futuro sostenible y circular para el Per\u00fa<\/h1>\n<div class=\"clearfix text-formatted field field--name-field-text field--type-text-long field--label-hidden field__item\">\n<p class=\"text-align-justify\" style=\"text-align: justify;\">Por tercer a\u00f1o consecutivo, se desarroll\u00f3 la campa\u00f1a \u201cMujeres Futuro Circular\u201d, una iniciativa que promueve y visibiliza el liderazgo de las mujeres en la transici\u00f3n hacia una econom\u00eda circular, un modelo que est\u00e1 redefiniendo la competitividad y sostenibilidad empresarial a nivel global.<\/p>\n<p class=\"text-align-justify\" style=\"text-align: justify;\">En el marco de la campa\u00f1a, que cuenta con el respaldo de la Uni\u00f3n Europea (UE), as\u00ed como de las embajadas de Italia y Alemania, se reconoci\u00f3 este a\u00f1o a ocho mujeres l\u00edderes emprendedoras de Cusco, \u00c1ncash, Pasco, San Martin y Lima, quienes han implementado modelos de negocio circulares, generando un impacto significativo en sus entornos y en la econom\u00eda familiar, impactando positivamente en la agroecolog\u00eda, la innovaci\u00f3n textil, la alimentaci\u00f3n consciente, la cultura viva y el desarrollo territorial.<\/p>\n<p class=\"text-align-justify\" style=\"text-align: justify;\">El evento de cierre de la campa\u00f1a cont\u00f3 con la participaci\u00f3n del embajador de la Uni\u00f3n Europea en Per\u00fa, Jonathan Hatwell; el embajador de Italia,\u00a0Massimiliano Mazzanti; el segundo secretario de la cooperaci\u00f3n al desarrollo de la Embajada de la Rep\u00fablica Federal de Alemania, Michael Eichholtz; la directora general de Promoci\u00f3n y Desarrollo de la Autonom\u00eda Econ\u00f3mica de las Mujeres del MIMP, Flor de Mar\u00eda C\u00f3rdova; Ronny Fischer, director del Centro de Sostenibilidad de la Universidad de Lima; as\u00ed como representantes de las organizaciones e instituciones que han apoyado la implementaci\u00f3n de esta iniciativa.<\/p>\n<p class=\"text-align-justify\" style=\"text-align: justify;\">Durante su intervenci\u00f3n, el embajador de la Uni\u00f3n Europea en Per\u00fa manifest\u00f3 que las experiencias y logros de estas mujeres l\u00edderes son un ejemplo claro de c\u00f3mo, desde sus emprendimientos, se puede generar un impacto positivo en las comunidades y contribuir a los grandes objetivos globales.<\/p>\n<p class=\"text-align-justify\" style=\"text-align: justify;\"><em>\u201cPara nosotros las mujeres emprendedoras son aliadas importantes en la transici\u00f3n circular del Per\u00fa. Peruanas con un alto nivel de compromiso y responsabilidad con sus entornos que tambi\u00e9n se refleja en la manera de hacer negocios. Quiero reiterar que el camino hacia una econom\u00eda circular no s\u00f3lo representa una oportunidad para un desarrollo m\u00e1s sostenible y justo, sino tambi\u00e9n un espacio para la inclusi\u00f3n, la equidad y la innovaci\u00f3n\u201d<\/em>, indic\u00f3.<\/p>\n<p class=\"text-align-justify\" style=\"text-align: justify;\">Es importante mencionar que la UE se ha comprometido a ser un continente carbono neutro para el a\u00f1o 2050. Es por ello que, en el 2019, lanz\u00f3 el Pacto Verde Europeo, una estrategia integral para un desarrollo econ\u00f3mico sostenible y justo. En \u00e9l se subraya la importancia de asegurar que las pol\u00edticas verdes no dejen atr\u00e1s a las mujeres, sino que las incluyan activamente en la toma de decisiones y en los procesos de innovaci\u00f3n ecol\u00f3gica.<\/p>\n<p class=\"text-align-justify\" style=\"text-align: justify;\">La campa\u00f1a Mujeres Futuro Circular fue implementada por ASPEm, CESVI, Diakonia, IDMA, Tejiendo Sonrisas, la Comisi\u00f3n para una Econom\u00eda Circular Manufacturera en el Per\u00fa (Mi Empresa Circular) y WHH, en colaboraci\u00f3n con la Universidad de Lima y la cooperaci\u00f3n alemana para el desarrollo implementada por la GIZ, en alianza con Impulso Circular Media y AHORA Per\u00fa.<\/p>\n<p class=\"text-align-justify\" style=\"text-align: justify;\">Conoce las historias de las ocho mujeres l\u00edderes reconocidas en: <a class=\"ext\" title=\"(opens in a new window)\" href=\"https:\/\/mujeresfuturocircular.com\/&amp;nbsp\" target=\"_blank\" rel=\"noopener noreferrer\" data-extlink=\"\" aria-label=\"(link is external)\">https:\/\/mujeresfuturocircular.com\/&amp;nbsp<\/a>;<\/p>\n<p class=\"text-align-justify\" style=\"text-align: justify;\">Dato: La campa\u00f1a cont\u00f3 adem\u00e1s con actividades en la Universidad de Lima, donde se desarroll\u00f3 un Programa de Voluntariado con alumnas de la facultad de comunicaciones, as\u00ed como capacitaciones sobre el uso de calculador de la circularidad, est\u00e1ndares de calidad para negocios circulares y ferias de emprendimientos.<\/p>\n<p>Fuente: <a href=\"https:\/\/www.eeas.europa.eu\/delegations\/per%C3%BA\/ocho-mujeres-l%C3%ADderes-son-reconocidas-por-su-contribuci%C3%B3n-la-construcci%C3%B3n-de-un-futuro-sostenible-y_es\">Uni\u00f3n Europea en Per\u00fa<\/a><\/p>\n<\/div>\n","protected":false},"excerpt":{"rendered":"Ocho mujeres l\u00edderes son reconocidas por su contribuci\u00f3n a la construcci\u00f3n de un futuro sostenible y circular para el Per\u00fa Por tercer a\u00f1o consecutivo, se desarroll\u00f3 la campa\u00f1a \u201cMujeres Futuro Circular\u201d, una iniciativa que promueve y visibiliza el liderazgo de las mujeres en la transici\u00f3n hacia una econom\u00eda circular, un modelo que est\u00e1 redefiniendo la [&hellip;]","protected":false},"author":6,"featured_media":5895,"comment_status":"closed","ping_status":"closed","sticky":false,"template":"","format":"standard","meta":{"footnotes":""},"tags":[],"class_list":["post-5919","post","type-post","status-publish","format-standard","has-post-thumbnail","hentry"],"_links":{"self":[{"href":"https:\/\/amblima.esteri.it\/es\/wp-json\/wp\/v2\/posts\/5919","targetHints":{"allow":["GET"]}}],"collection":[{"href":"https:\/\/amblima.esteri.it\/es\/wp-json\/wp\/v2\/posts"}],"about":[{"href":"https:\/\/amblima.esteri.it\/es\/wp-json\/wp\/v2\/types\/post"}],"author":[{"embeddable":true,"href":"https:\/\/amblima.esteri.it\/es\/wp-json\/wp\/v2\/users\/6"}],"replies":[{"embeddable":true,"href":"https:\/\/amblima.esteri.it\/es\/wp-json\/wp\/v2\/comments?post=5919"}],"version-history":[{"count":1,"href":"https:\/\/amblima.esteri.it\/es\/wp-json\/wp\/v2\/posts\/5919\/revisions"}],"predecessor-version":[{"id":5920,"href":"https:\/\/amblima.esteri.it\/es\/wp-json\/wp\/v2\/posts\/5919\/revisions\/5920"}],"wp:featuredmedia":[{"embeddable":true,"href":"https:\/\/amblima.esteri.it\/es\/wp-json\/wp\/v2\/media\/5895"}],"wp:attachment":[{"href":"https:\/\/amblima.esteri.it\/es\/wp-json\/wp\/v2\/media?parent=5919"}],"wp:term":[{"taxonomy":"post_tag","embeddable":true,"href":"https:\/\/amblima.esteri.it\/es\/wp-json\/wp\/v2\/tags?post=5919"}],"curies":[{"name":"wp","href":"https:\/\/api.w.org\/{rel}","templated":true}]}}