{"id":5991,"date":"2025-05-21T10:10:11","date_gmt":"2025-05-21T15:10:11","guid":{"rendered":"https:\/\/amblima.esteri.it\/?p=5991"},"modified":"2025-05-21T10:15:30","modified_gmt":"2025-05-21T15:15:30","slug":"el-aclamado-director-de-orquesta-evelino-pido-en-lima","status":"publish","type":"post","link":"https:\/\/amblima.esteri.it\/es\/news\/dall_ambasciata\/2025\/05\/el-aclamado-director-de-orquesta-evelino-pido-en-lima\/","title":{"rendered":"EL ACLAMADO DIRECTOR DE ORQUESTA EVELINO PIDO&#8217; EN LIMA"},"content":{"rendered":"<div class=\"xdj266r x11i5rnm xat24cr x1mh8g0r x1vvkbs x126k92a\">\n<h1 dir=\"auto\"><span class=\"html-span xexx8yu x4uap5 x18d9i69 xkhd6sd x1hl2dhg x16tdsg8 x1vvkbs x3nfvp2 x1j61x8r x1fcty0u xdj266r xat24cr xgzva0m xhhsvwb xxymvpz xlup9mm x1kky2od\"><img loading=\"lazy\" decoding=\"async\" class=\"xz74otr x168nmei x13lgxp2 x5pf9jr xo71vjh\" src=\"https:\/\/static.xx.fbcdn.net\/images\/emoji.php\/v9\/tf4\/1\/16\/2728.png\" alt=\"\u2728\" width=\"24\" height=\"24\" \/><\/span>\u00a1\ud835\udc06\ud835\udc2b\ud835\udc1a\ud835\udc27\ud835\udc1d\ud835\udc1e\ud835\udc2c \ud835\udc26\ud835\udc28\ud835\udc26\ud835\udc1e\ud835\udc27\ud835\udc2d\ud835\udc28\ud835\udc2c \ud835\udc1c\ud835\udc28\ud835\udc2b\ud835\udc1a\ud835\udc25\ud835\udc1e\ud835\udc2c \ud835\udc1d\ud835\udc1e \ud835\udc25\ud835\udc1a \ud835\udc28\u0301\ud835\udc29\ud835\udc1e\ud835\udc2b\ud835\udc1a \ud835\udc22\ud835\udc2d\ud835\udc1a\ud835\udc25\ud835\udc22\ud835\udc1a\ud835\udc27\ud835\udc1a \ud835\udc1c\ud835\udc28\ud835\udc27 \ud835\udc1e\ud835\udc25 \ud835\udc1a\ud835\udc1c\ud835\udc25\ud835\udc1a\ud835\udc26\ud835\udc1a\ud835\udc1d\ud835\udc28 \ud835\udc1d\ud835\udc22\ud835\udc2b\ud835\udc1e\ud835\udc1c\ud835\udc2d\ud835\udc28\ud835\udc2b \ud835\udc04\ud835\udc2f\ud835\udc1e\ud835\udc25\ud835\udc22\ud835\udc27\ud835\udc28 \ud835\udc0f\ud835\udc22\ud835\udc1d\ud835\udc28\u0300!<span class=\"html-span xexx8yu x4uap5 x18d9i69 xkhd6sd x1hl2dhg x16tdsg8 x1vvkbs x3nfvp2 x1j61x8r x1fcty0u xdj266r xat24cr xgzva0m xhhsvwb xxymvpz xlup9mm x1kky2od\"><img loading=\"lazy\" decoding=\"async\" class=\"xz74otr x168nmei x13lgxp2 x5pf9jr xo71vjh\" src=\"https:\/\/static.xx.fbcdn.net\/images\/emoji.php\/v9\/tcc\/1\/16\/1f3bc.png\" alt=\"\ud83c\udfbc\" width=\"20\" height=\"20\" \/><\/span><\/h1>\n<div dir=\"auto\" style=\"text-align: justify;\"><\/div>\n<\/div>\n<div class=\"x11i5rnm xat24cr x1mh8g0r x1vvkbs xtlvy1s x126k92a\">\n<div dir=\"auto\" style=\"text-align: justify;\">Considerado como uno de los principales int\u00e9rpretes internacionales del repertorio italiano y franc\u00e9s, su carrera lo llev\u00f3 a los m\u00e1s ilustres teatros de \u00f3pera del mundo, colaborando con renombrados artistas, directores y orquestas. Ha sido aclamado por su meticulosa direcci\u00f3n, histrionismo y la manera en que sus gestos expresan la estructura de las obras. Por primera vez en Lima, en un concierto con la Orquesta y Coro del Teatro Municipal de Lima, en una noche que promete ser inolvidable.<\/div>\n<\/div>\n<p>&nbsp;<\/p>\n<div dir=\"auto\"><\/div>\n<div dir=\"auto\">\ud83d\udc49 <a href=\"https:\/\/www.instagram.com\/reel\/DJUec3LPi69\/\">Teatro Municipal de Lima<\/a><\/div>\n<div dir=\"auto\">\ud83d\udc49 <a href=\"https:\/\/www.ticketmaster.pe\/event\/viva-l-italia-evelino-pido-director-y-orquesta-del-teatro-municipal-home\">Entradas<\/a><\/div>\n<div dir=\"auto\"><\/div>\n<div dir=\"auto\"><\/div>\n","protected":false},"excerpt":{"rendered":"\u00a1\ud835\udc06\ud835\udc2b\ud835\udc1a\ud835\udc27\ud835\udc1d\ud835\udc1e\ud835\udc2c \ud835\udc26\ud835\udc28\ud835\udc26\ud835\udc1e\ud835\udc27\ud835\udc2d\ud835\udc28\ud835\udc2c \ud835\udc1c\ud835\udc28\ud835\udc2b\ud835\udc1a\ud835\udc25\ud835\udc1e\ud835\udc2c \ud835\udc1d\ud835\udc1e \ud835\udc25\ud835\udc1a \ud835\udc28\u0301\ud835\udc29\ud835\udc1e\ud835\udc2b\ud835\udc1a \ud835\udc22\ud835\udc2d\ud835\udc1a\ud835\udc25\ud835\udc22\ud835\udc1a\ud835\udc27\ud835\udc1a \ud835\udc1c\ud835\udc28\ud835\udc27 \ud835\udc1e\ud835\udc25 \ud835\udc1a\ud835\udc1c\ud835\udc25\ud835\udc1a\ud835\udc26\ud835\udc1a\ud835\udc1d\ud835\udc28 \ud835\udc1d\ud835\udc22\ud835\udc2b\ud835\udc1e\ud835\udc1c\ud835\udc2d\ud835\udc28\ud835\udc2b \ud835\udc04\ud835\udc2f\ud835\udc1e\ud835\udc25\ud835\udc22\ud835\udc27\ud835\udc28 \ud835\udc0f\ud835\udc22\ud835\udc1d\ud835\udc28\u0300! Considerado como uno de los principales int\u00e9rpretes internacionales del repertorio italiano y franc\u00e9s, su carrera lo llev\u00f3 a los m\u00e1s ilustres teatros de \u00f3pera del mundo, colaborando con renombrados artistas, directores y orquestas. Ha sido aclamado por su meticulosa direcci\u00f3n, histrionismo y [&hellip;]","protected":false},"author":6,"featured_media":5981,"comment_status":"closed","ping_status":"closed","sticky":false,"template":"","format":"standard","meta":{"footnotes":""},"tags":[],"class_list":["post-5991","post","type-post","status-publish","format-standard","has-post-thumbnail","hentry"],"_links":{"self":[{"href":"https:\/\/amblima.esteri.it\/es\/wp-json\/wp\/v2\/posts\/5991","targetHints":{"allow":["GET"]}}],"collection":[{"href":"https:\/\/amblima.esteri.it\/es\/wp-json\/wp\/v2\/posts"}],"about":[{"href":"https:\/\/amblima.esteri.it\/es\/wp-json\/wp\/v2\/types\/post"}],"author":[{"embeddable":true,"href":"https:\/\/amblima.esteri.it\/es\/wp-json\/wp\/v2\/users\/6"}],"replies":[{"embeddable":true,"href":"https:\/\/amblima.esteri.it\/es\/wp-json\/wp\/v2\/comments?post=5991"}],"version-history":[{"count":1,"href":"https:\/\/amblima.esteri.it\/es\/wp-json\/wp\/v2\/posts\/5991\/revisions"}],"predecessor-version":[{"id":5992,"href":"https:\/\/amblima.esteri.it\/es\/wp-json\/wp\/v2\/posts\/5991\/revisions\/5992"}],"wp:featuredmedia":[{"embeddable":true,"href":"https:\/\/amblima.esteri.it\/es\/wp-json\/wp\/v2\/media\/5981"}],"wp:attachment":[{"href":"https:\/\/amblima.esteri.it\/es\/wp-json\/wp\/v2\/media?parent=5991"}],"wp:term":[{"taxonomy":"post_tag","embeddable":true,"href":"https:\/\/amblima.esteri.it\/es\/wp-json\/wp\/v2\/tags?post=5991"}],"curies":[{"name":"wp","href":"https:\/\/api.w.org\/{rel}","templated":true}]}}