{"id":6086,"date":"2025-06-11T09:51:34","date_gmt":"2025-06-11T14:51:34","guid":{"rendered":"https:\/\/amblima.esteri.it\/?p=6086"},"modified":"2025-06-11T13:46:34","modified_gmt":"2025-06-11T18:46:34","slug":"fiesta-de-la-republica-italiana-2025","status":"publish","type":"post","link":"https:\/\/amblima.esteri.it\/es\/news\/dall_ambasciata\/2025\/06\/fiesta-de-la-republica-italiana-2025\/","title":{"rendered":"Fiesta de la Rep\u00fablica Italiana 2025"},"content":{"rendered":"<h3 class=\"_ap3a _aaco _aacu _aacx _aad7 _aade\" dir=\"auto\" style=\"text-align: justify;\">Con gran emoci\u00f3n celebramos el 2 de junio con un evento que reuni\u00f3 a la comunidad italiana y a nuestros amigos peruanos en un momento de uni\u00f3n, cultura y orgullo nacional.<\/h3>\n<p>Nuestro sincero agradecimiento a los invitados de honor por su presencia y apoyo.<br \/>\nUn agradecimiento especial a los patrocinadores, cuyo generoso apoyo hizo posible esta maravillosa velada.<br \/>\nY un gracias de coraz\u00f3n a la orquesta, que nos acompa\u00f1\u00f3 con una actuaci\u00f3n musical extraordinaria.<\/p>\n<p>Gracias a todos por celebrar con nosotros.<br \/>\n\ud83c\uddee\ud83c\uddf9 \u00a1Viva Italia!<\/p>\n<p><a href=\"https:\/\/www.instagram.com\/reel\/DKu8n39CGcq\/?utm_source=ig_web_copy_link&amp;igsh=MzRlODBiNWFlZA==\">Mirar aqu\u00ed el video<\/a><\/p>\n","protected":false},"excerpt":{"rendered":"Con gran emoci\u00f3n celebramos el 2 de junio con un evento que reuni\u00f3 a la comunidad italiana y a nuestros amigos peruanos en un momento de uni\u00f3n, cultura y orgullo nacional. Nuestro sincero agradecimiento a los invitados de honor por su presencia y apoyo. Un agradecimiento especial a los patrocinadores, cuyo generoso apoyo hizo posible [&hellip;]","protected":false},"author":6,"featured_media":6082,"comment_status":"closed","ping_status":"closed","sticky":false,"template":"","format":"standard","meta":{"footnotes":""},"tags":[],"class_list":["post-6086","post","type-post","status-publish","format-standard","has-post-thumbnail","hentry"],"_links":{"self":[{"href":"https:\/\/amblima.esteri.it\/es\/wp-json\/wp\/v2\/posts\/6086","targetHints":{"allow":["GET"]}}],"collection":[{"href":"https:\/\/amblima.esteri.it\/es\/wp-json\/wp\/v2\/posts"}],"about":[{"href":"https:\/\/amblima.esteri.it\/es\/wp-json\/wp\/v2\/types\/post"}],"author":[{"embeddable":true,"href":"https:\/\/amblima.esteri.it\/es\/wp-json\/wp\/v2\/users\/6"}],"replies":[{"embeddable":true,"href":"https:\/\/amblima.esteri.it\/es\/wp-json\/wp\/v2\/comments?post=6086"}],"version-history":[{"count":2,"href":"https:\/\/amblima.esteri.it\/es\/wp-json\/wp\/v2\/posts\/6086\/revisions"}],"predecessor-version":[{"id":6090,"href":"https:\/\/amblima.esteri.it\/es\/wp-json\/wp\/v2\/posts\/6086\/revisions\/6090"}],"wp:featuredmedia":[{"embeddable":true,"href":"https:\/\/amblima.esteri.it\/es\/wp-json\/wp\/v2\/media\/6082"}],"wp:attachment":[{"href":"https:\/\/amblima.esteri.it\/es\/wp-json\/wp\/v2\/media?parent=6086"}],"wp:term":[{"taxonomy":"post_tag","embeddable":true,"href":"https:\/\/amblima.esteri.it\/es\/wp-json\/wp\/v2\/tags?post=6086"}],"curies":[{"name":"wp","href":"https:\/\/api.w.org\/{rel}","templated":true}]}}