{"id":6147,"date":"2025-06-25T11:15:52","date_gmt":"2025-06-25T16:15:52","guid":{"rendered":"https:\/\/amblima.esteri.it\/?p=6147"},"modified":"2025-07-08T09:49:27","modified_gmt":"2025-07-08T14:49:27","slug":"prima-volta-dellitalia-ospite-donore-a-fiera-del-libro-di-lima","status":"publish","type":"post","link":"https:\/\/amblima.esteri.it\/es\/news\/dall_ambasciata\/2025\/06\/prima-volta-dellitalia-ospite-donore-a-fiera-del-libro-di-lima\/","title":{"rendered":"Italia ospite d&#8217;onore a Fiera del Libro di Lima"},"content":{"rendered":"<h3 style=\"text-align: justify;\">Dal 18 luglio al 6 agosto 2025, 50 appuntamenti e 13 autori<\/h3>\n<p style=\"text-align: justify;\">Per la prima volta nella storia della Fiera Internazionale del Libro di Lima, l&#8217;Italia \u00e8 Ospite d&#8217;Onore, dal 18 luglio al 6 agosto 2025, con un programma che celebra le &#8216;Connessioni latine\u00bb e i 150 di amicizia culturale con il Per\u00f9.<\/p>\n<p style=\"text-align: justify;\">Cinquanta gli appuntamenti a cui partecipa una delegazione di 13 autori composta da Bruno Arpaia, Marino Bartoletti, Marta Cai, Mario Calabresi, Lorena Canottiere, Rita Charbonnier, Ilaria Gaspari, Gud, Eva Montanari, Aurora Tamigio, Nadeesha Uyangoda, Carlo Vecce e Dario Voltolini.<\/p>\n<p style=\"text-align: justify;\">A raccontare il volto contemporaneo della cultura italiana in Sudamerica saranno anche cinque mostre, tre concerti e una rassegna cinematografica. Gli appuntamenti in programma saranno moderati da alcuni esponenti del mondo culturale, istituzionale, editoriale e accademico italiano e peruviano. \u00abPur partendo da lontano le Connessioni latine tracciate dal programma continuano ancora oggi ad arricchirsi di visioni e prospettive, anche grazie alla presenza di una comunit\u00e0 italiana in Per\u00f9 attiva e partecipe, a cui si aggiungono i quasi due milioni di discendenti italo-peruviani profondamente legati alle proprie radici\u00bb afferma l&#8217;ambasciatore d&#8217;Italia a Lima, Massimiliano Mazzanti.<\/p>\n<p style=\"text-align: justify;\">\u00abCon la Fiera Internazionale del Libro di Lima si chiude un 2025 che ha visto l&#8217;Italia Ospite d&#8217;Onore in tre continenti, prima in Asia con Taipei, poi in Europa con Salonicco e adesso in Sud America\u00bb sottolinea il presidente dell&#8217;Associazione Italiana Editori, Innocenzo Cipolletta. \u00abLo spagnolo &#8211; aggiunge &#8211; \u00e8 da sempre la lingua in cui i libri italiani vengono pi\u00f9 frequentemente tradotti. Nel 2023, ultimo dato disponibile, i titoli venduti per la traduzione in spagnolo sono stati 993, il 13% del totale. Se guardiamo invece al numero di titoli venduti sui mercati sudamericani, nel 2001 erano stati 125, nel 2023 sono stati 456, quasi quadruplicati\u00bb.<\/p>\n<p style=\"text-align: justify;\">Sei le sezioni del programma &#8211; che si svolge nei 200 mq che la Fiera, ospitata all&#8217;interno del Parque Pr\u00f3ceres de la Independencia, riserva al Padiglione italiano allestito da Ice- Agenzia per la promozione all&#8217;estero e l&#8217;internazionalizzazione delle imprese italiane, Istituto Italiano di Cultura di Lima e Camera di Commercio Italiana in Per\u00f9.<\/p>\n<p style=\"text-align: justify;\">Accanto a Paola Seghi (Aie), esponenti di differenti realt\u00e0 editoriali italiane condivideranno le loro linee editoriali ed esperienze: Elena Biagi (Mondadori), Mara Nascimben (EL Edizioni), Antonella Fabbrini (IT Publishing), Giulio Perrone (Giulio Perrone Editore), Stefano Romanini (Edizioni NPE \/ Burno Edizioni) e Livia De Paoli (Donzelli Editore), quest&#8217;ultima curatrice de La finestra andina, libro fotografico e narrativo di Riccardo Specchia.<\/p>\n<p style=\"text-align: justify;\">Presenteranno uno spaccato del dietro le quinte di due importanti Festival italiani Antonella Ferrara e Alfio Bonaccorso per Taobuk &#8211; Taormina Book Festival e Claudio Pozzani, direttore di Parole Spalancate, il Festival Internazionale di Poesia di Genova (dal 2023 citt\u00e0 gemellata con Lima) e curatore di alcuni degli incontri in programma dedicati alla poesia. Silvia Nucini, autrice di Voce ai libri, il podcast che ha ospitato pi\u00f9 di 150 interviste ad autrici e autori contemporanei italiani guider\u00e0 un viaggio tra le parole che negli spazi del Padiglione Italiano diventer\u00e0 anche interattivo.<\/p>\n<p style=\"text-align: justify;\">Tra gli appuntamenti speciali Parole in gioco, condotto da Giorgio Massei, che porta in Sudamerica lo sport italiano tra lessico e cultura; Parliamo italiano, mini-corso pensato per avvicinarsi alla lingua italiana in modo semplice; Visioni della memoria, ciclo di proiezioni sulle tante sfaccettature del Novecento italiano e Letture in versi, dedicato alla poesia. Tra gli eventi dedicati al pubblico di bambini e bambine i sei coloratissimi personaggi di Italy. Land of Wonders, il videogioco originale e interattivo realizzato grazie al Ministero degli Affari Esteri e della Cooperazione Internazionale per scoprire le meraviglie del Bel Paese.<\/p>\n<p style=\"text-align: justify;\">Tra le mostre Tra due mondi. Memoria e celebrazione di Antonio Raimondi in Italia e in Per\u00f9. La rassegna cinematografica Lettere in movimento propone quindici pellicole di varie epoche (sette delle quali sono prime visioni in Per\u00f9), tratte da altrettante opere letterarie di autrici e autori italiani, tra cui Pinocchio, Le otto montagne, Il Gattopardo e L&#8217;Arminuta.<\/p>\n<p style=\"text-align: justify;\">Per la musica il tenore Gianluca Sciarpelletti accompagnato al pianoforte dal Maestro Mirco Roverelli e la serata Morricone &amp; Friends in cui rivivere le storie di grandi film attraverso le colonne sonore composte da Ennio Morricone, Luis Bacalov, Piero Piccioni e Armando Trovajoli.<\/p>\n<p>Fonte: <a href=\"https:\/\/www.ansa.it\/sito\/notizie\/cultura\/libri\/2025\/06\/25\/prima-volta-dellitalia-ospite-donore-a-fiera-del-libro-di-lima_4e739c69-3742-4c73-9298-0642e5a49e09.html\">Ansa Italia<\/a><\/p>\n","protected":false},"excerpt":{"rendered":"Dal 18 luglio al 6 agosto 2025, 50 appuntamenti e 13 autori Per la prima volta nella storia della Fiera Internazionale del Libro di Lima, l&#8217;Italia \u00e8 Ospite d&#8217;Onore, dal 18 luglio al 6 agosto 2025, con un programma che celebra le &#8216;Connessioni latine\u00bb e i 150 di amicizia culturale con il Per\u00f9. Cinquanta gli [&hellip;]","protected":false},"author":6,"featured_media":6140,"comment_status":"closed","ping_status":"closed","sticky":false,"template":"","format":"standard","meta":{"footnotes":""},"tags":[],"class_list":["post-6147","post","type-post","status-publish","format-standard","has-post-thumbnail","hentry"],"_links":{"self":[{"href":"https:\/\/amblima.esteri.it\/es\/wp-json\/wp\/v2\/posts\/6147","targetHints":{"allow":["GET"]}}],"collection":[{"href":"https:\/\/amblima.esteri.it\/es\/wp-json\/wp\/v2\/posts"}],"about":[{"href":"https:\/\/amblima.esteri.it\/es\/wp-json\/wp\/v2\/types\/post"}],"author":[{"embeddable":true,"href":"https:\/\/amblima.esteri.it\/es\/wp-json\/wp\/v2\/users\/6"}],"replies":[{"embeddable":true,"href":"https:\/\/amblima.esteri.it\/es\/wp-json\/wp\/v2\/comments?post=6147"}],"version-history":[{"count":2,"href":"https:\/\/amblima.esteri.it\/es\/wp-json\/wp\/v2\/posts\/6147\/revisions"}],"predecessor-version":[{"id":6327,"href":"https:\/\/amblima.esteri.it\/es\/wp-json\/wp\/v2\/posts\/6147\/revisions\/6327"}],"wp:featuredmedia":[{"embeddable":true,"href":"https:\/\/amblima.esteri.it\/es\/wp-json\/wp\/v2\/media\/6140"}],"wp:attachment":[{"href":"https:\/\/amblima.esteri.it\/es\/wp-json\/wp\/v2\/media?parent=6147"}],"wp:term":[{"taxonomy":"post_tag","embeddable":true,"href":"https:\/\/amblima.esteri.it\/es\/wp-json\/wp\/v2\/tags?post=6147"}],"curies":[{"name":"wp","href":"https:\/\/api.w.org\/{rel}","templated":true}]}}