{"id":6193,"date":"2025-06-27T12:15:39","date_gmt":"2025-06-27T17:15:39","guid":{"rendered":"https:\/\/amblima.esteri.it\/?p=6193"},"modified":"2025-06-27T12:15:39","modified_gmt":"2025-06-27T17:15:39","slug":"un-ultimo-saluto-al-prof-giuseppe-orefici","status":"publish","type":"post","link":"https:\/\/amblima.esteri.it\/es\/news\/dall_ambasciata\/2025\/06\/un-ultimo-saluto-al-prof-giuseppe-orefici\/","title":{"rendered":"Un ultimo saluto al Prof. Giuseppe Orefici"},"content":{"rendered":"<p style=\"text-align: justify;\">L\u2019Ambasciatore Massimiliano Mazzanti e l\u2019Ambasciata d\u2019Italia a Lima si uniscono nel formulare un ultimo caro saluto all\u2019illustre archeologo italiano di fama internazionale, Prof. Giuseppe Orefici, Direttore del Centro Italiano Studi e Ricerche Archeologiche Precolombiane e Direttore del Museo Antonini di Nasca in Per\u00f9.<br \/>\nDa oltre 40 anni il Prof. Orefici ha dedicato la sua carriera allo studio delle civilt\u00e0 preispaniche in Sudamerica, contraddistinto soprattutto per le straordinarie attivit\u00e0 di ricerca svolte in Per\u00f9. Dal 1982 ha infatti iniziato uno studio sistematico del territorio di Nasca, esaminando a livello globale aspetti culturali presenti sul territorio. In tale zona ha condotto gli scavi nel centro cerimoniale di Cahuachi, principale sito cerimoniale della cultura Nazca, in collaborazione con le autorit\u00e0 peruviane e varie universit\u00e0 europee.<br \/>\nLa sua esperienza, impegno e dedizione hanno permesso lo sviluppo in gran misura del settore archeologico in Per\u00f9, motivo per cui ha ottenuto diversi riconoscimenti a livello mondiale ed ha partecipato ad interventi in radio, televisione e stampa internazionale.<\/p>\n<p style=\"text-align: justify;\">Caro Giuseppe, grazie per il magnifico lavoro, un indelebile esempio di contributo storico della comunit\u00e0 italiana all\u2019estero.<\/p>\n<p style=\"text-align: justify;\">L\u2019Ambasciata d\u2019Italia in Peru\u2019 desidera estendere alla famiglia Orefici e a tutti coloro che gli hanno voluto bene le pi\u00f9 sincere ed affettuose condoglianze.<\/p>\n","protected":false},"excerpt":{"rendered":"L\u2019Ambasciatore Massimiliano Mazzanti e l\u2019Ambasciata d\u2019Italia a Lima si uniscono nel formulare un ultimo caro saluto all\u2019illustre archeologo italiano di fama internazionale, Prof. Giuseppe Orefici, Direttore del Centro Italiano Studi e Ricerche Archeologiche Precolombiane e Direttore del Museo Antonini di Nasca in Per\u00f9. Da oltre 40 anni il Prof. Orefici ha dedicato la sua carriera [&hellip;]","protected":false},"author":6,"featured_media":6195,"comment_status":"closed","ping_status":"closed","sticky":false,"template":"","format":"standard","meta":{"footnotes":""},"tags":[],"class_list":["post-6193","post","type-post","status-publish","format-standard","has-post-thumbnail","hentry"],"_links":{"self":[{"href":"https:\/\/amblima.esteri.it\/es\/wp-json\/wp\/v2\/posts\/6193","targetHints":{"allow":["GET"]}}],"collection":[{"href":"https:\/\/amblima.esteri.it\/es\/wp-json\/wp\/v2\/posts"}],"about":[{"href":"https:\/\/amblima.esteri.it\/es\/wp-json\/wp\/v2\/types\/post"}],"author":[{"embeddable":true,"href":"https:\/\/amblima.esteri.it\/es\/wp-json\/wp\/v2\/users\/6"}],"replies":[{"embeddable":true,"href":"https:\/\/amblima.esteri.it\/es\/wp-json\/wp\/v2\/comments?post=6193"}],"version-history":[{"count":1,"href":"https:\/\/amblima.esteri.it\/es\/wp-json\/wp\/v2\/posts\/6193\/revisions"}],"predecessor-version":[{"id":6198,"href":"https:\/\/amblima.esteri.it\/es\/wp-json\/wp\/v2\/posts\/6193\/revisions\/6198"}],"wp:featuredmedia":[{"embeddable":true,"href":"https:\/\/amblima.esteri.it\/es\/wp-json\/wp\/v2\/media\/6195"}],"wp:attachment":[{"href":"https:\/\/amblima.esteri.it\/es\/wp-json\/wp\/v2\/media?parent=6193"}],"wp:term":[{"taxonomy":"post_tag","embeddable":true,"href":"https:\/\/amblima.esteri.it\/es\/wp-json\/wp\/v2\/tags?post=6193"}],"curies":[{"name":"wp","href":"https:\/\/api.w.org\/{rel}","templated":true}]}}