{"id":6206,"date":"2025-06-26T17:04:11","date_gmt":"2025-06-26T22:04:11","guid":{"rendered":"https:\/\/amblima.esteri.it\/?p=6206"},"modified":"2025-06-27T12:18:23","modified_gmt":"2025-06-27T17:18:23","slug":"istituzione-e-aggiornamento-dellalbo-consolare-degli-enti-gestori-promotori-di-iniziative-a-favore-della-lingua-e-della-cultura-italiana-nel-peru","status":"publish","type":"post","link":"https:\/\/amblima.esteri.it\/es\/news\/dall_ambasciata\/2025\/06\/istituzione-e-aggiornamento-dellalbo-consolare-degli-enti-gestori-promotori-di-iniziative-a-favore-della-lingua-e-della-cultura-italiana-nel-peru\/","title":{"rendered":"Istituzione e aggiornamento dell\u2019Albo consolare degli Enti gestori \/ promotori di iniziative a favore della lingua e della cultura italiana nel Per\u00f9"},"content":{"rendered":"<div class=\"entry-content\">\n<p style=\"text-align: justify;\">Ai sensi dell\u2019articolo 2\u00a0<a href=\"https:\/\/www.esteri.it\/wp-content\/uploads\/2022\/03\/Circolare_4.pdf\">della\u00a0Circolare del Ministero degli Affari Esteri e della Cooperazione Internazionale n. 4 dell\u20198 marzo 2022<\/a>, applicativa dell\u2019articolo 11 del Decreto legislativo n.64\/2017, sono aperte le iscrizioni per la costituzione dell\u2019Albo consolare degli Enti gestori e promotori di iniziative a favore della lingua e della cultura italiana (di seguito: Albo) che operano nel Per\u00f9.<\/p>\n<p style=\"text-align: justify;\">La precitata Circolare n. 4, infatti, disciplina gli interventi a favore della promozione della lingua e della cultura italiana all\u2019estero per quanto riguarda il settore scolastico e prevede l\u2019istituzione di un apposito albo consolare in cui gli enti richiedenti possono registrarsi per un periodo <strong>quadriennale<\/strong> allo scopo di richiedere eventuali contributi ministeriali per l\u2019attuazione dei propri progetti.<\/p>\n<p style=\"text-align: justify;\"><strong>Possono\u00a0presentare domanda<\/strong>\u00a0di iscrizione all\u2019Albo gli Enti che, ai sensi della Circolare n. 4, siano in possesso dei seguenti requisiti:<\/p>\n<ol style=\"text-align: justify;\">\n<li>essere Enti gestori di cui all\u2019articolo 11 del Decreto legislativo 64\/2017, ovvero soggetti di diritto locale senza scopo di lucro, dotati di personalit\u00e0 giuridica e promotori delle iniziative a favore della lingua e della cultura italiana di cui all\u2019articolo 10 dello stesso Decreto;<\/li>\n<li>essere dotati di uno Statuto conforme al diritto locale, che ne delinei le caratteristiche, i compiti, gli obiettivi, i mezzi finanziari e l\u2019ambito di intervento e che includa, tra le proprie finalit\u00e0, la promozione della lingua e della cultura italiana.<\/li>\n<\/ol>\n<p style=\"text-align: justify;\"><strong>NON possono essere iscritti<\/strong>\u00a0all\u2019Albo consolare e, conseguentemente, richiedere un contributo ministeriale enti o soggetti che:<\/p>\n<ul style=\"text-align: justify;\">\n<li>riuniscano al loro interno altri enti con caratteristiche e finalit\u00e0 analoghe;<\/li>\n<li>al cui interno ricoprano cariche statutarie o direttive, anche se onorarie, rappresentanti delle Sedi diplomatico\/consolari, degli Istituti di Cultura, degli Uffici scolastici e dei Com.It.Es;<\/li>\n<li>il cui statuto non sia conforme al diritto locale.<\/li>\n<\/ul>\n<p style=\"text-align: justify;\">Per la registrazione all\u2019Albo <strong>per l\u2019anno 2025<\/strong> occorre presentare la seguente documentazione:<\/p>\n<ul style=\"text-align: justify;\">\n<li>modulo di domanda qui allegato debitamente compilato e firmato: <a href=\"https:\/\/amblima.esteri.it\/wp-content\/uploads\/2025\/06\/2-Modulo-Domanda-di-iscrizione-Albo-Consoalre-Enti-gestori-promotori.docx\">Modulo di domanda<\/a><\/li>\n<li>Scheda anagrafica dell\u2019Ente richiedente: <a href=\"https:\/\/amblima.esteri.it\/wp-content\/uploads\/2025\/06\/3-ALLEGATO-1-Anagrafica-Ente.docx\">Scheda anagrafica<\/a><\/li>\n<li>Copia del Documento di identit\u00e0 del suo Legale rappresentante;<\/li>\n<li>Copia dello Statuto dell\u2019ente.<\/li>\n<\/ul>\n<p style=\"text-align: justify;\">La richiesta di iscrizione all\u2019Albo, completa di tutti gli allegati, dovr\u00e0 essere inoltrata,\u00a0<strong>entro il 01 settembre 2025<\/strong>:<\/p>\n<ul style=\"text-align: justify;\">\n<li>al seguente indirizzo di posta elettronica certificata:\u00a0<a href=\"mailto:amb.lima@cert.esteri.it\">amb.lima@cert.esteri.it<\/a> oppure <a href=\"mailto:ambasciata.lima@esteri.it\">ambasciata.lima@esteri.it<\/a><\/li>\n<\/ul>\n<ul style=\"text-align: justify;\">\n<li>oppure tramite lettera raccomandata al seguente indirizzo: Ufficio scolastico, c\/o <strong>Ambasciata d\u2019Italia a Lima \u2013 <\/strong> Giuseppe Garibaldi, 298 -Jesus Maria \u2013 Lima 15072;<\/li>\n<\/ul>\n<ul style=\"text-align: justify;\">\n<li>oppure tramite consegna a mano in busta sigillata presso la sede dell\u2019Ambasciata con l\u2019accortezza di indirizzarla all\u2019Ufficio scolastico e di indicare: \u201cDomanda di iscrizione all\u2019Albo degli Enti gestori e promotori di iniziative a favore della lingua e della cultura italiana\u201d.<\/li>\n<\/ul>\n<p style=\"text-align: justify;\">Dopo verifica e valutazione delle istanze da parte dell\u2019Ufficio, entro il <u>15 settembre 2025<\/u>, si proceder\u00e0 alla pubblicazione del nuovo Albo nella sezione\u00a0 <a href=\"https:\/\/amblima.esteri.it\/wp-content\/uploads\/2025\/06\/Albo-consolare-Lima.pdf\">\u201cAlbo Consolare\u201d<\/a> sul sito dell\u2019Ambasciata di Lima.<\/p>\n<p style=\"text-align: justify;\"><u>L\u2019Albo avr\u00e0 validit\u00e0 quadriennale e la verifica del mantenimento del possesso dei requisiti di ogni Ente iscritto sar\u00e0 annuale.<\/u><\/p>\n<p style=\"text-align: justify;\">Scaduto il termine di presentazione delle istanze previsto inizialmente per il <strong>1 settembre 2025<\/strong>, per la costituzione dell\u2019Albo per l\u2019anno in corso, eventuali richieste per nuovi inserimenti potranno essere trasmesse in qualunque momento successivo a tale data, ma la loro valutazione sar\u00e0 effettuata solo successivamente al <strong>1 settembre dell\u2019anno successivo<\/strong>, che rimarr\u00e0, quindi, permanentemente la data ultima per la richiesta di inserimento nell\u2019Albo degli Enti gestori per l\u2019anno di riferimento.<\/p>\n<p style=\"text-align: justify;\">Gli enti gestori che risulteranno inseriti nell\u2019Albo, superata la data di scadenza dell\u2019iscrizione prevista per la durata di quattro anni, se desiderano permanere nell\u2019Albo sono tenuti a ripresentare ex novo l\u2019istanza per l\u2019inserimento.<\/p>\n<p style=\"text-align: justify;\">Dopo aver ricevuto conferma della propria iscrizione all\u2019Albo, gli Enti possono eventualmente richiedere, entro il 15 ottobre precedente all\u2019anno scolastico di riferimento, un finanziamento al MAECI per la realizzazione di progetti di insegnamento e diffusione della lingua e della cultura italiana \u2013 attraverso l\u2019apposita modulistica sotto riportata per studenti che vanno dalla Scuola dell\u2019infanzia fino alla Scuola secondaria.<\/p>\n<p style=\"text-align: justify;\">Si delineano inoltre\u00a0qui di seguito alcuni aspetti della Circolare ministeriale n. 4 dell\u20198 marzo 2022 che gli Enti gestori interessati all\u2019organizzazione di corsi di lingua e cultura italiana\u00a0dovranno prendere in considerazione in fase di richiesta di contributo a valere sul capitolo 3153:<\/p>\n<ul style=\"text-align: justify;\">\n<li>\u00a0l\u2019accento viene posto sulle attivit\u00e0 di natura promozionale della lingua e della cultura italiana;<\/li>\n<li>viene richiesto un progetto, anche di durata biennale, con erogazioni che saranno suddivise in pi\u00f9 tranches e comunque collegate alla competenza di ciascun esercizio finanziario e all\u2019andamento delle attivit\u00e0 didattiche;<\/li>\n<li>gli Enti richiedenti sono invitati a concorrere con risorse proprie ai costi dei progetti presentati. I progetti saranno inoltre commisurati agli anni scolastici e non agli anni solari;<\/li>\n<li>si intende inoltre accentuare il focus sui risultati che gli Enti si propongono di conseguire nel campo della promozione della lingua e della cultura italiana;<\/li>\n<li>le attivit\u00e0 che possono essere oggetto di contributo ministeriale attengono ai segmenti scolastici sino alla Scuola secondaria di secondo grado. Dal sostegno ministeriale rimangono esclusi i corsi per adulti, dal momento che esulano dal perimento normativo di riferimento costituito dal Decreto Legislativo n. 64\/2017 sulla Scuola italiana all\u2019estero;<\/li>\n<li>l\u2019erogazione del contributo avverr\u00e0 a seguito della presentazione di un progetto di durata pari a uno o due anni scolastici, che illustri il piano delle attivit\u00e0 che l\u2019Ente intende porre in essere.<\/li>\n<\/ul>\n<p style=\"text-align: justify;\">Per ogni eventuale richiesta di informazioni o chiarimenti in merito \u00e8 possibile contattare il Dirigente dell\u2019Ufficio Istruzione al seguente indirizzo\u00a0<u>marinella.lollo@esteri.it<\/u><\/p>\n<p style=\"text-align: justify;\"><strong>Documenti:<\/strong><\/p>\n<p style=\"text-align: justify;\"><a href=\"https:\/\/amblima.esteri.it\/wp-content\/uploads\/2025\/06\/D.Lgs_.-64-del-13.04.2017.pdf\"><strong><u>Decreto Legislativo n. 64\/2017<\/u><\/strong><\/a><\/p>\n<p style=\"text-align: justify;\"><a href=\"https:\/\/amblima.esteri.it\/wp-content\/uploads\/2025\/06\/Circolare-4-del-08.03.2022.pdf\"><strong><u>Circolare MAECI n. 4 dell\u20198 marzo 2022<\/u><\/strong><\/a><\/p>\n<p style=\"text-align: justify;\"><a href=\"https:\/\/www.esteri.it\/wp-content\/uploads\/2024\/09\/DM-1049-del-20092024_Firmato.pdf\"><strong>Decreto Ministeriale n. 1049 del 20.09.2024<\/strong><\/a><\/p>\n<p style=\"text-align: justify;\"><a href=\"https:\/\/amblima.esteri.it\/it\/servizi-consolari-e-visti\/servizi-per-il-cittadino-italiano\/albo-consolare-e-altri-servizi\/albo-consolare-degli-enti-gestori-promotori-per-lo-svolgimento-di-corsi-di-lingua-e-cultura-italiana\/\"><strong><u>Decreto consolare<\/u><\/strong><\/a><\/p>\n<p style=\"text-align: justify;\"><a href=\"https:\/\/amblima.esteri.it\/wp-content\/uploads\/2025\/06\/Albo-consolare-Lima.pdf\"><strong><u>Albo consolare degli Enti gestori istituito presso l\u2019Ambasciata d\u2019Italia in Lima<\/u><\/strong><\/a><\/p>\n<p style=\"text-align: justify;\"><strong>\u00a0<\/strong><\/p>\n<p style=\"text-align: justify;\"><strong>Modulistica:<\/strong><\/p>\n<p style=\"text-align: justify;\"><a href=\"https:\/\/amblima.esteri.it\/wp-content\/uploads\/2025\/06\/2-Modulo-Domanda-di-iscrizione-Albo-Consoalre-Enti-gestori-promotori.docx\"><strong><u>Richiesta iscrizione all\u2019Albo consolare degli Enti gestori<\/u><\/strong><\/a><\/p>\n<p style=\"text-align: justify;\"><a href=\"https:\/\/amblima.esteri.it\/wp-content\/uploads\/2025\/06\/3-ALLEGATO-1-Anagrafica-Ente.docx\"><strong><u>Anagrafica dell\u2019Ente richiedente<\/u><\/strong><\/a><\/p>\n<p style=\"text-align: justify;\"><a href=\"https:\/\/amblima.esteri.it\/wp-content\/uploads\/2025\/06\/Modulo-P1_da-2025_BLOC.xlsx\"><strong><u>Richiesta del finanziamento al MAECI Mod. P1<\/u><\/strong><\/a><\/p>\n<p style=\"text-align: justify;\"><a href=\"https:\/\/amblima.esteri.it\/wp-content\/uploads\/2025\/06\/Modulo-P2_da-2025_BLOC.xlsx\"><strong><u>Richiesta del finanziamento al MAECI Mod. P2<\/u><\/strong><\/a><\/p>\n<\/div>\n","protected":false},"excerpt":{"rendered":"Ai sensi dell\u2019articolo 2\u00a0della\u00a0Circolare del Ministero degli Affari Esteri e della Cooperazione Internazionale n. 4 dell\u20198 marzo 2022, applicativa dell\u2019articolo 11 del Decreto legislativo n.64\/2017, sono aperte le iscrizioni per la costituzione dell\u2019Albo consolare degli Enti gestori e promotori di iniziative a favore della lingua e della cultura italiana (di seguito: Albo) che operano nel [&hellip;]","protected":false},"author":6,"featured_media":0,"comment_status":"closed","ping_status":"closed","sticky":false,"template":"","format":"standard","meta":{"footnotes":""},"tags":[],"class_list":["post-6206","post","type-post","status-publish","format-standard","hentry"],"_links":{"self":[{"href":"https:\/\/amblima.esteri.it\/es\/wp-json\/wp\/v2\/posts\/6206","targetHints":{"allow":["GET"]}}],"collection":[{"href":"https:\/\/amblima.esteri.it\/es\/wp-json\/wp\/v2\/posts"}],"about":[{"href":"https:\/\/amblima.esteri.it\/es\/wp-json\/wp\/v2\/types\/post"}],"author":[{"embeddable":true,"href":"https:\/\/amblima.esteri.it\/es\/wp-json\/wp\/v2\/users\/6"}],"replies":[{"embeddable":true,"href":"https:\/\/amblima.esteri.it\/es\/wp-json\/wp\/v2\/comments?post=6206"}],"version-history":[{"count":1,"href":"https:\/\/amblima.esteri.it\/es\/wp-json\/wp\/v2\/posts\/6206\/revisions"}],"predecessor-version":[{"id":6207,"href":"https:\/\/amblima.esteri.it\/es\/wp-json\/wp\/v2\/posts\/6206\/revisions\/6207"}],"wp:attachment":[{"href":"https:\/\/amblima.esteri.it\/es\/wp-json\/wp\/v2\/media?parent=6206"}],"wp:term":[{"taxonomy":"post_tag","embeddable":true,"href":"https:\/\/amblima.esteri.it\/es\/wp-json\/wp\/v2\/tags?post=6206"}],"curies":[{"name":"wp","href":"https:\/\/api.w.org\/{rel}","templated":true}]}}