{"id":6516,"date":"2025-07-31T15:40:53","date_gmt":"2025-07-31T20:40:53","guid":{"rendered":"https:\/\/amblima.esteri.it\/?p=6516"},"modified":"2025-07-31T16:52:49","modified_gmt":"2025-07-31T21:52:49","slug":"borse-di-studio-2025-2026-laccademia-darti-e-mestieri-dello-spettacolo-teatro-alla-scala","status":"publish","type":"post","link":"https:\/\/amblima.esteri.it\/es\/news\/dall_ambasciata\/2025\/07\/borse-di-studio-2025-2026-laccademia-darti-e-mestieri-dello-spettacolo-teatro-alla-scala\/","title":{"rendered":"BECAS DE ESTUDIO 2025\/2026 \u2013 ACCADEMIA D\u2019ARTI E MESTIERI DELLO SPETTACOLO TEATRO ALLA SCALA"},"content":{"rendered":"<p style=\"text-align: justify;\">Se comunica que, gracias a la fruct\u00edfera relaci\u00f3n de colaboraci\u00f3n que el Ministerio de Asuntos Exteriores y Cooperaci\u00f3n Internacional mantiene desde hace muchos a\u00f1os con la Academia de Artes Esc\u00e9nicas del Teatro alla Scala , instituci\u00f3n educativa de renombre mundial en el sector del espect\u00e1culo, <strong>hasta el 1 de octubre de 2025<\/strong> estar\u00e1 abierta la convocatoria para el otorgamiento de becas a <strong>estudiantes internacionales<\/strong> para cursar el Global Master en <strong>\u201cPerforming Arts Management\u201d (GMPAM)<\/strong>, destinado a formar profesionales de alto nivel con competencias espec\u00edficas en el \u00e1mbito de la gesti\u00f3n y la econom\u00eda del mundo del espect\u00e1culo en vivo.<\/p>\n<p style=\"text-align: justify;\">En particular, para el a\u00f1o acad\u00e9mico 2025-2026 se otorgar\u00e1n hasta 7 becas de 6 meses (con vigencia desde el 1 de enero de 2026 hasta el 30 de junio de 2026). Cabe precisar que el importe mensual asciende a 1000,00 \u20ac. Asimismo, los becarios del Global Master en \u2018Performing Arts Management\u2019 deber\u00e1n contratar de manera independiente un seguro contra enfermedades y accidentes.<\/p>\n<p style=\"text-align: justify;\">Para m\u00e1s informaci\u00f3n, <a href=\"https:\/\/amblima.esteri.it\/wp-content\/uploads\/2025\/07\/8536777borsa-maeci-2025.pdf\">leer aqu\u00ed las bases de la convocatoria<\/a> elaboradas por la Academia.<\/p>\n","protected":false},"excerpt":{"rendered":"Se comunica que, gracias a la fruct\u00edfera relaci\u00f3n de colaboraci\u00f3n que el Ministerio de Asuntos Exteriores y Cooperaci\u00f3n Internacional mantiene desde hace muchos a\u00f1os con la Academia de Artes Esc\u00e9nicas del Teatro alla Scala , instituci\u00f3n educativa de renombre mundial en el sector del espect\u00e1culo, hasta el 1 de octubre de 2025 estar\u00e1 abierta la [&hellip;]","protected":false},"author":6,"featured_media":6509,"comment_status":"closed","ping_status":"closed","sticky":false,"template":"","format":"standard","meta":{"footnotes":""},"tags":[],"class_list":["post-6516","post","type-post","status-publish","format-standard","has-post-thumbnail","hentry"],"_links":{"self":[{"href":"https:\/\/amblima.esteri.it\/es\/wp-json\/wp\/v2\/posts\/6516","targetHints":{"allow":["GET"]}}],"collection":[{"href":"https:\/\/amblima.esteri.it\/es\/wp-json\/wp\/v2\/posts"}],"about":[{"href":"https:\/\/amblima.esteri.it\/es\/wp-json\/wp\/v2\/types\/post"}],"author":[{"embeddable":true,"href":"https:\/\/amblima.esteri.it\/es\/wp-json\/wp\/v2\/users\/6"}],"replies":[{"embeddable":true,"href":"https:\/\/amblima.esteri.it\/es\/wp-json\/wp\/v2\/comments?post=6516"}],"version-history":[{"count":3,"href":"https:\/\/amblima.esteri.it\/es\/wp-json\/wp\/v2\/posts\/6516\/revisions"}],"predecessor-version":[{"id":6522,"href":"https:\/\/amblima.esteri.it\/es\/wp-json\/wp\/v2\/posts\/6516\/revisions\/6522"}],"wp:featuredmedia":[{"embeddable":true,"href":"https:\/\/amblima.esteri.it\/es\/wp-json\/wp\/v2\/media\/6509"}],"wp:attachment":[{"href":"https:\/\/amblima.esteri.it\/es\/wp-json\/wp\/v2\/media?parent=6516"}],"wp:term":[{"taxonomy":"post_tag","embeddable":true,"href":"https:\/\/amblima.esteri.it\/es\/wp-json\/wp\/v2\/tags?post=6516"}],"curies":[{"name":"wp","href":"https:\/\/api.w.org\/{rel}","templated":true}]}}