{"id":6572,"date":"2025-09-03T14:12:07","date_gmt":"2025-09-03T19:12:07","guid":{"rendered":"https:\/\/amblima.esteri.it\/?p=6572"},"modified":"2025-09-03T14:14:06","modified_gmt":"2025-09-03T19:14:06","slug":"central-telefonica-fallo-tecnico","status":"publish","type":"post","link":"https:\/\/amblima.esteri.it\/es\/news\/dall_ambasciata\/2025\/09\/central-telefonica-fallo-tecnico\/","title":{"rendered":"CENTRAL TELEF\u00d3NICA &#8211; Fallo t\u00e9cnico"},"content":{"rendered":"<p><span class=\"HwtZe\" lang=\"es\"><span class=\"jCAhz ChMk0b\"><span class=\"ryNqvb\">ATENCI\u00d3N: El n\u00famero de la central telef\u00f3nica est\u00e1 temporalmente fuera de servicio debido a una falla t\u00e9cnica.<\/span><\/span> <span class=\"jCAhz ChMk0b\"><span class=\"ryNqvb\">En caso de emergencias graves o amenazas a la seguridad de los ciudadanos italianos, y en ning\u00fan caso para informaci\u00f3n, el n\u00famero 997 232 073 (desde Italia +51 997 232 073) est\u00e1 disponible 24\/7.<\/span><\/span><\/span><\/p>\n","protected":false},"excerpt":{"rendered":"ATENCI\u00d3N: El n\u00famero de la central telef\u00f3nica est\u00e1 temporalmente fuera de servicio debido a una falla t\u00e9cnica. En caso de emergencias graves o amenazas a la seguridad de los ciudadanos italianos, y en ning\u00fan caso para informaci\u00f3n, el n\u00famero 997 232 073 (desde Italia +51 997 232 073) est\u00e1 disponible 24\/7.","protected":false},"author":4,"featured_media":0,"comment_status":"closed","ping_status":"closed","sticky":false,"template":"","format":"standard","meta":{"footnotes":""},"tags":[],"class_list":["post-6572","post","type-post","status-publish","format-standard","hentry"],"_links":{"self":[{"href":"https:\/\/amblima.esteri.it\/es\/wp-json\/wp\/v2\/posts\/6572","targetHints":{"allow":["GET"]}}],"collection":[{"href":"https:\/\/amblima.esteri.it\/es\/wp-json\/wp\/v2\/posts"}],"about":[{"href":"https:\/\/amblima.esteri.it\/es\/wp-json\/wp\/v2\/types\/post"}],"author":[{"embeddable":true,"href":"https:\/\/amblima.esteri.it\/es\/wp-json\/wp\/v2\/users\/4"}],"replies":[{"embeddable":true,"href":"https:\/\/amblima.esteri.it\/es\/wp-json\/wp\/v2\/comments?post=6572"}],"version-history":[{"count":1,"href":"https:\/\/amblima.esteri.it\/es\/wp-json\/wp\/v2\/posts\/6572\/revisions"}],"predecessor-version":[{"id":6575,"href":"https:\/\/amblima.esteri.it\/es\/wp-json\/wp\/v2\/posts\/6572\/revisions\/6575"}],"wp:attachment":[{"href":"https:\/\/amblima.esteri.it\/es\/wp-json\/wp\/v2\/media?parent=6572"}],"wp:term":[{"taxonomy":"post_tag","embeddable":true,"href":"https:\/\/amblima.esteri.it\/es\/wp-json\/wp\/v2\/tags?post=6572"}],"curies":[{"name":"wp","href":"https:\/\/api.w.org\/{rel}","templated":true}]}}