{"id":6586,"date":"2025-09-17T12:04:16","date_gmt":"2025-09-17T17:04:16","guid":{"rendered":"https:\/\/amblima.esteri.it\/?p=6586"},"modified":"2025-09-19T11:28:37","modified_gmt":"2025-09-19T16:28:37","slug":"huelgas-en-machu-picchu","status":"publish","type":"post","link":"https:\/\/amblima.esteri.it\/es\/news\/dall_ambasciata\/2025\/09\/huelgas-en-machu-picchu\/","title":{"rendered":"Disturbios en Machu Picchu"},"content":{"rendered":"<h1 style=\"text-align: justify;\"><span style=\"text-decoration: underline;\"><strong>IMPORTANTE<\/strong><\/span><\/h1>\n<p style=\"text-align: justify;\"><strong>PER\u00da \u2013 Cuzco\/Machu Picchu: disturbios y bloqueos en la l\u00ednea ferroviaria<\/strong><\/p>\n<p style=\"text-align: justify;\">Se est\u00e1n llevando a cabo disturbios en la zona de Machu Picchu Pueblo (Aguas Calientes), con bloqueos de la l\u00ednea ferroviaria que impiden los desplazamientos hacia Cuzco.<\/p>\n<p style=\"text-align: justify;\">Se recomienda posponer los viajes no esenciales a la zona, seguir las actualizaciones de las compa\u00f1\u00edas ferroviarias y cumplir las indicaciones de las autoridades locales.<\/p>\n","protected":false},"excerpt":{"rendered":"IMPORTANTE PER\u00da \u2013 Cuzco\/Machu Picchu: disturbios y bloqueos en la l\u00ednea ferroviaria Se est\u00e1n llevando a cabo disturbios en la zona de Machu Picchu Pueblo (Aguas Calientes), con bloqueos de la l\u00ednea ferroviaria que impiden los desplazamientos hacia Cuzco. Se recomienda posponer los viajes no esenciales a la zona, seguir las actualizaciones de las compa\u00f1\u00edas [&hellip;]","protected":false},"author":6,"featured_media":0,"comment_status":"closed","ping_status":"closed","sticky":false,"template":"","format":"standard","meta":{"footnotes":""},"tags":[],"class_list":["post-6586","post","type-post","status-publish","format-standard","hentry"],"_links":{"self":[{"href":"https:\/\/amblima.esteri.it\/es\/wp-json\/wp\/v2\/posts\/6586","targetHints":{"allow":["GET"]}}],"collection":[{"href":"https:\/\/amblima.esteri.it\/es\/wp-json\/wp\/v2\/posts"}],"about":[{"href":"https:\/\/amblima.esteri.it\/es\/wp-json\/wp\/v2\/types\/post"}],"author":[{"embeddable":true,"href":"https:\/\/amblima.esteri.it\/es\/wp-json\/wp\/v2\/users\/6"}],"replies":[{"embeddable":true,"href":"https:\/\/amblima.esteri.it\/es\/wp-json\/wp\/v2\/comments?post=6586"}],"version-history":[{"count":2,"href":"https:\/\/amblima.esteri.it\/es\/wp-json\/wp\/v2\/posts\/6586\/revisions"}],"predecessor-version":[{"id":6602,"href":"https:\/\/amblima.esteri.it\/es\/wp-json\/wp\/v2\/posts\/6586\/revisions\/6602"}],"wp:attachment":[{"href":"https:\/\/amblima.esteri.it\/es\/wp-json\/wp\/v2\/media?parent=6586"}],"wp:term":[{"taxonomy":"post_tag","embeddable":true,"href":"https:\/\/amblima.esteri.it\/es\/wp-json\/wp\/v2\/tags?post=6586"}],"curies":[{"name":"wp","href":"https:\/\/api.w.org\/{rel}","templated":true}]}}