{"id":6997,"date":"2025-11-21T09:45:45","date_gmt":"2025-11-21T14:45:45","guid":{"rendered":"https:\/\/amblima.esteri.it\/?p=6997"},"modified":"2025-11-25T10:46:05","modified_gmt":"2025-11-25T15:46:05","slug":"attenzione-prorogato-lo-stato-demergenza-a-lima","status":"publish","type":"post","link":"https:\/\/amblima.esteri.it\/es\/news\/dall_ambasciata\/2025\/11\/attenzione-prorogato-lo-stato-demergenza-a-lima\/","title":{"rendered":"AVISO \u2013 PR\u00d3RROGA DEL ESTADO DE EMERGENCIA"},"content":{"rendered":"<p style=\"text-align: justify;\">Se informa a los ciudadanos italianos presentes en Per\u00fa que, mediante el <a href=\"https:\/\/busquedas.elperuano.pe\/dispositivo\/NL\/2460562-1\">Decreto Supremo N\u00ba 132-2025-PCM<\/a>, el Gobierno peruano ha <strong>ampliado<\/strong>, a partir del viernes 21 de noviembre de 2025, el <strong>estado de emergencia<\/strong> <strong>en Lima Metropolitana y la Provincia Constitucional del Callao <\/strong> <strong>por un per\u00edodo de 30 d\u00edas.<\/strong> Se confirman las medidas adoptadas previamente en relaci\u00f3n con el apoyo de las Fuerzas Armadas a la Polic\u00eda Nacional del Per\u00fa en el control del orden interno, la restricci\u00f3n de reuni\u00f3n, patrullas en los paraderos de transporte p\u00fablico y, en las zonas cr\u00edticas, la prohibici\u00f3n de circular con dos adultos en una motocicleta, as\u00ed como operaciones m\u00e1s frecuentes de control de identidad. Por lo tanto, se recomienda mantener la m\u00e1xima precauci\u00f3n en los desplazamientos y seguir estrictamente las indicaciones de las autoridades locales.<\/p>\n<p style=\"text-align: justify;\">Solo en caso de emergencias graves y de amenaza a la seguridad de los ciudadanos italianos, est\u00e1 activo el n\u00famero 997 232 073 (desde Italia +51 997 232 073), disponible las 24 horas del d\u00eda, los 7 d\u00edas de la semana. El operador de guardia no responder\u00e1 a solicitudes de informaci\u00f3n de car\u00e1cter consular.<\/p>\n","protected":false},"excerpt":{"rendered":"Se informa a los ciudadanos italianos presentes en Per\u00fa que, mediante el Decreto Supremo N\u00ba 132-2025-PCM, el Gobierno peruano ha ampliado, a partir del viernes 21 de noviembre de 2025, el estado de emergencia en Lima Metropolitana y la Provincia Constitucional del Callao por un per\u00edodo de 30 d\u00edas. Se confirman las medidas adoptadas previamente [&hellip;]","protected":false},"author":6,"featured_media":6991,"comment_status":"closed","ping_status":"closed","sticky":false,"template":"","format":"standard","meta":{"footnotes":""},"tags":[],"class_list":["post-6997","post","type-post","status-publish","format-standard","has-post-thumbnail","hentry"],"_links":{"self":[{"href":"https:\/\/amblima.esteri.it\/es\/wp-json\/wp\/v2\/posts\/6997","targetHints":{"allow":["GET"]}}],"collection":[{"href":"https:\/\/amblima.esteri.it\/es\/wp-json\/wp\/v2\/posts"}],"about":[{"href":"https:\/\/amblima.esteri.it\/es\/wp-json\/wp\/v2\/types\/post"}],"author":[{"embeddable":true,"href":"https:\/\/amblima.esteri.it\/es\/wp-json\/wp\/v2\/users\/6"}],"replies":[{"embeddable":true,"href":"https:\/\/amblima.esteri.it\/es\/wp-json\/wp\/v2\/comments?post=6997"}],"version-history":[{"count":4,"href":"https:\/\/amblima.esteri.it\/es\/wp-json\/wp\/v2\/posts\/6997\/revisions"}],"predecessor-version":[{"id":7028,"href":"https:\/\/amblima.esteri.it\/es\/wp-json\/wp\/v2\/posts\/6997\/revisions\/7028"}],"wp:featuredmedia":[{"embeddable":true,"href":"https:\/\/amblima.esteri.it\/es\/wp-json\/wp\/v2\/media\/6991"}],"wp:attachment":[{"href":"https:\/\/amblima.esteri.it\/es\/wp-json\/wp\/v2\/media?parent=6997"}],"wp:term":[{"taxonomy":"post_tag","embeddable":true,"href":"https:\/\/amblima.esteri.it\/es\/wp-json\/wp\/v2\/tags?post=6997"}],"curies":[{"name":"wp","href":"https:\/\/api.w.org\/{rel}","templated":true}]}}