{"id":7195,"date":"2026-01-16T11:03:25","date_gmt":"2026-01-16T16:03:25","guid":{"rendered":"https:\/\/amblima.esteri.it\/?p=7195"},"modified":"2026-01-20T14:05:29","modified_gmt":"2026-01-20T19:05:29","slug":"referendum-costituzionale-confermativo-informazioni-generali","status":"publish","type":"post","link":"https:\/\/amblima.esteri.it\/es\/news\/dall_ambasciata\/2026\/01\/referendum-costituzionale-confermativo-informazioni-generali\/","title":{"rendered":"Refer\u00e9ndum Constitucional Confirmativo &#8211; Informaci\u00f3n general"},"content":{"rendered":"<h3 class=\"entry-title h3\" style=\"text-align: center;\">Refer\u00e9ndum Constitucional Confirmativo 22-23 de marzo de 2026<\/h3>\n<p style=\"text-align: justify;\"><span style=\"text-decoration: underline;\"><strong>\u00bfSobre qu\u00e9 se vota?<\/strong><\/span><\/p>\n<p style=\"text-align: justify;\">Mediante el Decreto del Presidente de la Rep\u00fablica de 13\/01\/2026, publicado en el Bolet\u00edn Oficial, Serie General, n.\u00ba 10, de 14\/01\/2026, se convoc\u00f3 un <strong>refer\u00e9ndum confirmativo, en virtud del art\u00edculo 138 de la Constituci\u00f3n, sobre: \u00abNormas en materia de ordenamiento jurisdiccional y de instituci\u00f3n del Tribunal Disciplinario\u00bb<\/strong>.<\/p>\n<p style=\"text-align: justify;\"><span style=\"text-decoration: underline;\"><strong>\u00bfC\u00f3mo se vota?<\/strong><\/span><\/p>\n<p style=\"text-align: justify;\"><strong>El voto en el extranjero se realiza por correo.<\/strong> Las c\u00e9dulas deber\u00e1n enviarse al consulado siguiendo atentamente <strong>las instrucciones de la hoja informativa<\/strong> incluida en el sobre electoral y utilizando \u00fanicamente el material que se proporciona en \u00e9l.<\/p>\n<p style=\"text-align: justify;\"><strong><span style=\"text-decoration: underline;\">\u00bfQui\u00e9n puede votar en el extranjero?<\/span><\/strong><\/p>\n<ul>\n<li style=\"text-align: justify;\"><strong>Los electores inscritos en AIRE<\/strong> (Registro de Italianos Residentes en el Extranjero), que recibir\u00e1n directamente el sobre electoral en su domicilio en el extranjero.<\/li>\n<li style=\"text-align: justify;\"><strong>Los italianos que se encuentren temporalmente en el extranjero<\/strong> durante al menos tres meses, exclusivamente POR MOTIVOS DE TRABAJO, ESTUDIOS O TRATAMIENTO M\u00c9DICO, y los familiares que convivan con ellos en el extranjero.<\/li>\n<\/ul>\n<p style=\"text-align: justify;\"><span style=\"text-decoration: underline;\">NOTA<\/span>: el votante que se encuentre temporalmente en el extranjero debe presentar una solicitud espec\u00edfica directamente al <em>Comune<\/em> italiano de su residencia<strong> HASTA EL 18 DE FEBRERO DE 2026<\/strong> para recibir el sobre electoral.<\/p>\n<p style=\"text-align: justify;\"><strong><span style=\"text-decoration: underline;\">\u00bfPuedo votar en Italia?<\/span><\/strong><\/p>\n<p style=\"text-align: justify;\">Los votantes inscritos en el AIRE que deseen votar en Italia deben comunicar su intenci\u00f3n al consulado correspondiente en un plazo de diez d\u00edas a partir de la convocatoria, es decir, antes del <strong>24\/01\/2026<\/strong>. Esta opci\u00f3n puede revocarse siempre hasta el 24\/01\/2026.<\/p>\n<p style=\"text-align: justify;\"><span style=\"text-decoration: underline;\"><strong>\u00bfCu\u00e1ndo se vota?<\/strong><\/span><\/p>\n<p style=\"text-align: justify;\">En Italia se vota el domingo 22 y el lunes 23 de marzo de 2026.<\/p>\n<p style=\"text-align: justify;\">Los votantes en el extranjero votan por adelantado. Los sobres se enviar\u00e1n a la direcci\u00f3n de residencia a m\u00e1s tardar el 4 de marzo de 2026.<\/p>\n<p style=\"text-align: justify;\">Solo se transmitir\u00e1n a Italia para el escrutinio las c\u00e9dulas de voto entregadas en la oficina consular de referencia A M\u00c1S TARDAR a las 16:00 horas locales del jueves 19 de MARZO de 2026.<\/p>\n<p style=\"text-align: justify;\"><span style=\"text-decoration: underline;\">NOTA<\/span>: los votantes que A M\u00c1S TARDAR el 8 de MARZO de 2026 a\u00fan no hayan recibido el sobre electoral podr\u00e1n ponerse en contacto con la oficina consular para obtener un DUPLICADO (<a href=\"mailto:cancconsolare.lima@esteri.it\">cancconsolare.lima@esteri.it<\/a>).<i><\/i><\/p>\n<p style=\"text-align: justify;\">\n","protected":false},"excerpt":{"rendered":"Refer\u00e9ndum Constitucional Confirmativo 22-23 de marzo de 2026 \u00bfSobre qu\u00e9 se vota? Mediante el Decreto del Presidente de la Rep\u00fablica de 13\/01\/2026, publicado en el Bolet\u00edn Oficial, Serie General, n.\u00ba 10, de 14\/01\/2026, se convoc\u00f3 un refer\u00e9ndum confirmativo, en virtud del art\u00edculo 138 de la Constituci\u00f3n, sobre: \u00abNormas en materia de ordenamiento jurisdiccional y de [&hellip;]","protected":false},"author":6,"featured_media":7151,"comment_status":"closed","ping_status":"closed","sticky":false,"template":"","format":"standard","meta":{"footnotes":""},"tags":[],"class_list":["post-7195","post","type-post","status-publish","format-standard","has-post-thumbnail","hentry"],"_links":{"self":[{"href":"https:\/\/amblima.esteri.it\/es\/wp-json\/wp\/v2\/posts\/7195","targetHints":{"allow":["GET"]}}],"collection":[{"href":"https:\/\/amblima.esteri.it\/es\/wp-json\/wp\/v2\/posts"}],"about":[{"href":"https:\/\/amblima.esteri.it\/es\/wp-json\/wp\/v2\/types\/post"}],"author":[{"embeddable":true,"href":"https:\/\/amblima.esteri.it\/es\/wp-json\/wp\/v2\/users\/6"}],"replies":[{"embeddable":true,"href":"https:\/\/amblima.esteri.it\/es\/wp-json\/wp\/v2\/comments?post=7195"}],"version-history":[{"count":3,"href":"https:\/\/amblima.esteri.it\/es\/wp-json\/wp\/v2\/posts\/7195\/revisions"}],"predecessor-version":[{"id":7228,"href":"https:\/\/amblima.esteri.it\/es\/wp-json\/wp\/v2\/posts\/7195\/revisions\/7228"}],"wp:featuredmedia":[{"embeddable":true,"href":"https:\/\/amblima.esteri.it\/es\/wp-json\/wp\/v2\/media\/7151"}],"wp:attachment":[{"href":"https:\/\/amblima.esteri.it\/es\/wp-json\/wp\/v2\/media?parent=7195"}],"wp:term":[{"taxonomy":"post_tag","embeddable":true,"href":"https:\/\/amblima.esteri.it\/es\/wp-json\/wp\/v2\/tags?post=7195"}],"curies":[{"name":"wp","href":"https:\/\/api.w.org\/{rel}","templated":true}]}}