{"id":7202,"date":"2026-01-19T10:42:40","date_gmt":"2026-01-19T15:42:40","guid":{"rendered":"https:\/\/amblima.esteri.it\/?p=7202"},"modified":"2026-03-09T09:25:31","modified_gmt":"2026-03-09T14:25:31","slug":"referendum-constitucional-confirmativo-22-23-de-marzo-2026","status":"publish","type":"post","link":"https:\/\/amblima.esteri.it\/es\/news\/dall_ambasciata\/2026\/01\/referendum-constitucional-confirmativo-22-23-de-marzo-2026\/","title":{"rendered":"Refer\u00e9ndum Constitucional Confirmativo 22-23 de marzo 2026"},"content":{"rendered":"<p>Los d\u00edas 22 y 23 de marzo de 2026 se celebrar\u00e1 en Italia un refer\u00e9ndum, de conformidad con el art\u00edculo 138 de la Constituci\u00f3n, para modificar algunos art\u00edculos de la Constituci\u00f3n (la denominada \u00abReforma de la justicia\u00bb).<\/p>\n<p>Lea aqu\u00ed toda la informaci\u00f3n sobre el voto en el extranjero.<\/p>\n<div class=\"entry-content\">\n<p><a href=\"https:\/\/amblima.esteri.it\/es\/news\/dall_ambasciata\/2026\/01\/referendum-costituzionale-confermativo-informazioni-generali\/\">1. Comunicado informativo<\/a><\/p>\n<p><a href=\"https:\/\/amblima.esteri.it\/es\/news\/dall_ambasciata\/2026\/01\/referendum-costituzionale-confermativo-22-23-marzo-2026\/\">2. Comunicado sobre el voto por correo de los ciudadanos italianos residentes en el extranjero y la opci\u00f3n de votar en Italia (fecha l\u00edmite: 24 de enero de 2026)<\/a><\/p>\n<p><a href=\"https:\/\/amblima.esteri.it\/es\/news\/dall_ambasciata\/2026\/01\/referendum-confirmatorio-22-23-de-marzo-de-2026-opcion-para-electores-temporalmente-en-el-extranjero\/\">3. Comunicado sobre la opci\u00f3n para electores temporalmente en el extranjero (fecha l\u00edmite: 18 de febrero de 2026)<\/a><\/p>\n<p><a href=\"https:\/\/amblima.esteri.it\/es\/news\/dall_ambasciata\/2026\/03\/referendum-constitucional-de-2026-emision-de-duplicados\/\">4. Emisi\u00f3n de duplicados &#8211; Indicaciones sobre la modalidad de emisi\u00f3n y aperturas extraodinarias<\/a><\/p>\n<\/div>\n","protected":false},"excerpt":{"rendered":"Los d\u00edas 22 y 23 de marzo de 2026 se celebrar\u00e1 en Italia un refer\u00e9ndum, de conformidad con el art\u00edculo 138 de la Constituci\u00f3n, para modificar algunos art\u00edculos de la Constituci\u00f3n (la denominada \u00abReforma de la justicia\u00bb). Lea aqu\u00ed toda la informaci\u00f3n sobre el voto en el extranjero. 1. Comunicado informativo 2. Comunicado sobre el [&hellip;]","protected":false},"author":6,"featured_media":7151,"comment_status":"closed","ping_status":"closed","sticky":false,"template":"","format":"standard","meta":{"footnotes":""},"tags":[],"class_list":["post-7202","post","type-post","status-publish","format-standard","has-post-thumbnail","hentry"],"_links":{"self":[{"href":"https:\/\/amblima.esteri.it\/es\/wp-json\/wp\/v2\/posts\/7202","targetHints":{"allow":["GET"]}}],"collection":[{"href":"https:\/\/amblima.esteri.it\/es\/wp-json\/wp\/v2\/posts"}],"about":[{"href":"https:\/\/amblima.esteri.it\/es\/wp-json\/wp\/v2\/types\/post"}],"author":[{"embeddable":true,"href":"https:\/\/amblima.esteri.it\/es\/wp-json\/wp\/v2\/users\/6"}],"replies":[{"embeddable":true,"href":"https:\/\/amblima.esteri.it\/es\/wp-json\/wp\/v2\/comments?post=7202"}],"version-history":[{"count":5,"href":"https:\/\/amblima.esteri.it\/es\/wp-json\/wp\/v2\/posts\/7202\/revisions"}],"predecessor-version":[{"id":7573,"href":"https:\/\/amblima.esteri.it\/es\/wp-json\/wp\/v2\/posts\/7202\/revisions\/7573"}],"wp:featuredmedia":[{"embeddable":true,"href":"https:\/\/amblima.esteri.it\/es\/wp-json\/wp\/v2\/media\/7151"}],"wp:attachment":[{"href":"https:\/\/amblima.esteri.it\/es\/wp-json\/wp\/v2\/media?parent=7202"}],"wp:term":[{"taxonomy":"post_tag","embeddable":true,"href":"https:\/\/amblima.esteri.it\/es\/wp-json\/wp\/v2\/tags?post=7202"}],"curies":[{"name":"wp","href":"https:\/\/api.w.org\/{rel}","templated":true}]}}