{"id":7544,"date":"2026-03-05T17:04:12","date_gmt":"2026-03-05T22:04:12","guid":{"rendered":"https:\/\/amblima.esteri.it\/?p=7544"},"modified":"2026-03-05T17:04:50","modified_gmt":"2026-03-05T22:04:50","slug":"aviso-situacion-migratoria-de-cooperantes-italianos-en-peru-2","status":"publish","type":"post","link":"https:\/\/amblima.esteri.it\/es\/news\/dall_ambasciata\/2026\/03\/aviso-situacion-migratoria-de-cooperantes-italianos-en-peru-2\/","title":{"rendered":"AVISO \u2013 SITUACI\u00d3N MIGRATORIA DE COOPERANTES ITALIANOS EN PER\u00da"},"content":{"rendered":"<p style=\"text-align: justify;\">Se informa a los conciudadanos residentes en Italia que tengan intenci\u00f3n de viajar a Per\u00fa como cooperantes para formar parte de proyectos a cargo de ONG u otras entidades\/instituciones, que el tr\u00e1mite administrativo para la obtenci\u00f3n del estatus migratorio de cooperante en Per\u00fa debe ser realizado por los propios interesados ante las autoridades peruanas competentes. En particular, se recuerda que tal situaci\u00f3n migratoria es garantizada previa obtenci\u00f3n del visado correspondiente con la categor\u00eda de \u00abCooperante\u00bb en la Embajada peruana territorialmente competente.<br \/>\nEn este contexto, cabe se\u00f1alar que, en virtud del Decreto Legislativo N\u00ba 1350, Decreto Legislativo de Migraciones, y el Reglamento aprobado por el Decreto Supremo N.\u00ba 007-2017-IN, el Estado peruano eval\u00faa la concesi\u00f3n de visados de cooperante a los ciudadanos extranjeros previa presentaci\u00f3n de la documentaci\u00f3n adecuada que acredite las siguientes circunstancias:<\/p>\n<ul style=\"text-align: justify;\">\n<li>Personas que, en virtud de tratados y convenios internacionales, ingresan en el territorio peruano como expertos o voluntarios en cooperaci\u00f3n.<\/li>\n<li>Miembros de entidades e instituciones de cooperaci\u00f3n t\u00e9cnica internacional constituidas en el extranjero, inscritas en el Registro ENIEX (Entidades e Instituciones de Cooperaci\u00f3n T\u00e9cnica Internacional constituidas en el Extranjero), a cargo de la Agencia Peruana de Cooperaci\u00f3n Internacional \u2013 APCI.<\/li>\n<li>Ciudadanos extranjeros que realizan actividades de asistencia, en el \u00e1mbito de la ayuda humanitaria o en caso de cat\u00e1strofes naturales, debidamente documentadas.<\/li>\n<\/ul>\n<p style=\"text-align: justify;\">Adem\u00e1s, cabe precisar que las autoridades peruanas han informado que <strong>no es posible<\/strong> solicitar la concesi\u00f3n del visado in situ, lo que conlleva la irregularidad migratoria para estancias superiores a tres meses en la categor\u00eda \u00abTur\u00edstica\u00bb prevista para los ciudadanos italianos. En esa l\u00ednea, se recomienda asegurarse oportunamente sobre el tiempo l\u00edmite de permanencia en el pa\u00eds autorizado por Migraciones, a trav\u00e9s de la Tajeta Andina de Migraci\u00f3n (TAM) Virtual, que puede consultarse en el siguiente enlace: <a href=\"https:\/\/cel.migraciones.gob.pe\/ConsultaTAMVirtual\/VerificarTAM\">https:\/\/cel.migraciones.gob.pe\/ConsultaTAMVirtual\/VerificarTAM\u00a0<\/a><\/p>\n<p style=\"text-align: justify;\"><a href=\"https:\/\/amblima.esteri.it\/es\/news\/dall_ambasciata\/2025\/10\/aviso-situacion-migratoria-de-cooperantes-italianos-en-peru\/\">Comunicado del 20\/10\/2025<\/a><\/p>\n","protected":false},"excerpt":{"rendered":"Se informa a los conciudadanos residentes en Italia que tengan intenci\u00f3n de viajar a Per\u00fa como cooperantes para formar parte de proyectos a cargo de ONG u otras entidades\/instituciones, que el tr\u00e1mite administrativo para la obtenci\u00f3n del estatus migratorio de cooperante en Per\u00fa debe ser realizado por los propios interesados ante las autoridades peruanas competentes. [&hellip;]","protected":false},"author":6,"featured_media":0,"comment_status":"closed","ping_status":"closed","sticky":false,"template":"","format":"standard","meta":{"footnotes":""},"tags":[],"class_list":["post-7544","post","type-post","status-publish","format-standard","hentry"],"_links":{"self":[{"href":"https:\/\/amblima.esteri.it\/es\/wp-json\/wp\/v2\/posts\/7544","targetHints":{"allow":["GET"]}}],"collection":[{"href":"https:\/\/amblima.esteri.it\/es\/wp-json\/wp\/v2\/posts"}],"about":[{"href":"https:\/\/amblima.esteri.it\/es\/wp-json\/wp\/v2\/types\/post"}],"author":[{"embeddable":true,"href":"https:\/\/amblima.esteri.it\/es\/wp-json\/wp\/v2\/users\/6"}],"replies":[{"embeddable":true,"href":"https:\/\/amblima.esteri.it\/es\/wp-json\/wp\/v2\/comments?post=7544"}],"version-history":[{"count":1,"href":"https:\/\/amblima.esteri.it\/es\/wp-json\/wp\/v2\/posts\/7544\/revisions"}],"predecessor-version":[{"id":7545,"href":"https:\/\/amblima.esteri.it\/es\/wp-json\/wp\/v2\/posts\/7544\/revisions\/7545"}],"wp:attachment":[{"href":"https:\/\/amblima.esteri.it\/es\/wp-json\/wp\/v2\/media?parent=7544"}],"wp:term":[{"taxonomy":"post_tag","embeddable":true,"href":"https:\/\/amblima.esteri.it\/es\/wp-json\/wp\/v2\/tags?post=7544"}],"curies":[{"name":"wp","href":"https:\/\/api.w.org\/{rel}","templated":true}]}}