{"id":7784,"date":"2026-04-24T13:31:08","date_gmt":"2026-04-24T18:31:08","guid":{"rendered":"https:\/\/amblima.esteri.it\/?p=7784"},"modified":"2026-04-24T13:32:53","modified_gmt":"2026-04-24T18:32:53","slug":"contribuciones-a-entidades-y-asociaciones-para-cursos-de-formacion-y-actualizacion-dirigidos-a-docentes-de-lengua-italiana-de-las-escuelas-locales","status":"publish","type":"post","link":"https:\/\/amblima.esteri.it\/es\/news\/dall_ambasciata\/2026\/04\/contribuciones-a-entidades-y-asociaciones-para-cursos-de-formacion-y-actualizacion-dirigidos-a-docentes-de-lengua-italiana-de-las-escuelas-locales\/","title":{"rendered":"Contribuciones a entidades y asociaciones para cursos de formaci\u00f3n y actualizaci\u00f3n, dirigidos a docentes de lengua italiana de las escuelas locales"},"content":{"rendered":"<p style=\"text-align: justify;\"><strong><u>Instituciones que pueden presentar solicitud:<\/u><\/strong><\/p>\n<p style=\"text-align: justify;\">Escuelas extranjeras y privadas, entidades gestoras\/promotoras, asociaciones de escuelas y asociaciones sin fines de lucro (incluidas las universidades, siempre que la actividad prevista est\u00e9 dirigida principalmente al personal docente de las escuelas locales).<\/p>\n<p style=\"text-align: justify;\"><strong><u>Solicitudes de contribuci\u00f3n para: <\/u><\/strong>organizaci\u00f3n de cursos de formaci\u00f3n, actualizaci\u00f3n y perfeccionamiento, dirigidos a docentes de lengua italiana que desempe\u00f1an funciones en escuelas extranjeras o en instituciones educativas y culturales italianas en el exterior.<\/p>\n<p style=\"text-align: justify;\"><strong>N.B. INSTRUCCIONES PARA LA SOLICITUD DE CONTRIBUCI\u00d3N<\/strong><\/p>\n<p style=\"text-align: justify;\">Las solicitudes de concesi\u00f3n de contribuci\u00f3n, conforme a lo previsto en el Art. 6 del D.D. 33\/2026, deber\u00e1n incluir la siguiente documentaci\u00f3n:<\/p>\n<ul style=\"text-align: justify;\">\n<li><strong>CARTA DE LA ENTIDAD SOLICITANTE DE LA CONTRIBUCI\u00d3N.<\/strong> Deber\u00e1 redactarse en hoja membretada de la instituci\u00f3n solicitante y deber\u00e1 contener una motivaci\u00f3n detallada de la solicitud.<\/li>\n<li><strong>FORMULARIO DE SOLICITUD (All. D).<\/strong> La solicitud deber\u00e1 completarse exclusivamente utilizando el formulario D, el cual deber\u00e1 ser llenado en todas sus partes. Se recuerda que las actividades deber\u00e1n iniciarse en el a\u00f1o 2026 y concluir dentro del 28 de febrero de 2027.<\/li>\n<li><strong>FORMULARIO DEL INFORME FINAL SOBRE LA \u00daLTIMA CONTRIBUCI\u00d3N RECIBIDA (All. D2).<\/strong> Las entidades que ya hayan sido beneficiarias deber\u00e1n adjuntar el formulario de rendici\u00f3n de cuentas, correspondiente a la \u00faltima contribuci\u00f3n recibida, de acuerdo con el adjunto <em>All. D2<\/em> proporcionado por esta Administraci\u00f3n. La presentaci\u00f3n de dicho formulario de rendici\u00f3n de cuentas, adem\u00e1s de ser una condici\u00f3n para la concesi\u00f3n y el pago de la contribuci\u00f3n solicitada para el a\u00f1o escolar en curso, constituye en todo caso una obligaci\u00f3n que deben cumplir todas las entidades que hayan recibido contribuciones, incluso si no han renovado la solicitud para el presente ejercicio financiero.<\/li>\n<\/ul>\n<p style=\"text-align: justify;\"><u>Documentaci\u00f3n a presentar (\u00fanicamente en formato digital):<\/u> <a href=\"https:\/\/iiclima.esteri.it\/wp-content\/uploads\/2025\/03\/75252142619pg3-Formulario-D.pdf\">ALL.D<\/a> e <a href=\"https:\/\/iiclima.esteri.it\/wp-content\/uploads\/2025\/03\/75252152619pg3-Formulario-D2.pdf\">ALL.D\/2<\/a><\/p>\n<p style=\"text-align: justify;\"><u>Fecha l\u00edmite<\/u><strong>:<\/strong> 6 de mayo de 2026, a las 13:00 horas (hora peruana).<\/p>\n<p style=\"text-align: justify;\"><strong>Enviar a:<\/strong> <a href=\"mailto:segrcapomiss.lima@esteri.it\">segrcapomiss.lima@esteri.it<\/a> y en copia a <a href=\"mailto:marinella.lollo@esteri.it\">marinella.lollo@esteri.it<\/a><\/p>\n<p style=\"text-align: justify;\">Se subraya que la presentaci\u00f3n de las solicitudes deber\u00e1 realizarse exclusivamente mediante el formulario indicado y respetando los plazos establecidos, mediante su env\u00edo por correo electr\u00f3nico a la siguiente direcci\u00f3n: <a href=\"mailto:segrcapomiss.lima@esteri.it\">segrcapomiss.lima@esteri.it<\/a> y en copia a <a href=\"mailto:marinella.lollo@esteri.it\">marinella.lollo@esteri.it<\/a>.<\/p>\n","protected":false},"excerpt":{"rendered":"Instituciones que pueden presentar solicitud: Escuelas extranjeras y privadas, entidades gestoras\/promotoras, asociaciones de escuelas y asociaciones sin fines de lucro (incluidas las universidades, siempre que la actividad prevista est\u00e9 dirigida principalmente al personal docente de las escuelas locales). Solicitudes de contribuci\u00f3n para: organizaci\u00f3n de cursos de formaci\u00f3n, actualizaci\u00f3n y perfeccionamiento, dirigidos a docentes de lengua [&hellip;]","protected":false},"author":6,"featured_media":7787,"comment_status":"closed","ping_status":"closed","sticky":false,"template":"","format":"standard","meta":{"footnotes":""},"tags":[],"class_list":["post-7784","post","type-post","status-publish","format-standard","has-post-thumbnail","hentry"],"_links":{"self":[{"href":"https:\/\/amblima.esteri.it\/es\/wp-json\/wp\/v2\/posts\/7784","targetHints":{"allow":["GET"]}}],"collection":[{"href":"https:\/\/amblima.esteri.it\/es\/wp-json\/wp\/v2\/posts"}],"about":[{"href":"https:\/\/amblima.esteri.it\/es\/wp-json\/wp\/v2\/types\/post"}],"author":[{"embeddable":true,"href":"https:\/\/amblima.esteri.it\/es\/wp-json\/wp\/v2\/users\/6"}],"replies":[{"embeddable":true,"href":"https:\/\/amblima.esteri.it\/es\/wp-json\/wp\/v2\/comments?post=7784"}],"version-history":[{"count":1,"href":"https:\/\/amblima.esteri.it\/es\/wp-json\/wp\/v2\/posts\/7784\/revisions"}],"predecessor-version":[{"id":7790,"href":"https:\/\/amblima.esteri.it\/es\/wp-json\/wp\/v2\/posts\/7784\/revisions\/7790"}],"wp:featuredmedia":[{"embeddable":true,"href":"https:\/\/amblima.esteri.it\/es\/wp-json\/wp\/v2\/media\/7787"}],"wp:attachment":[{"href":"https:\/\/amblima.esteri.it\/es\/wp-json\/wp\/v2\/media?parent=7784"}],"wp:term":[{"taxonomy":"post_tag","embeddable":true,"href":"https:\/\/amblima.esteri.it\/es\/wp-json\/wp\/v2\/tags?post=7784"}],"curies":[{"name":"wp","href":"https:\/\/api.w.org\/{rel}","templated":true}]}}