{"id":7813,"date":"2026-04-28T14:16:37","date_gmt":"2026-04-28T19:16:37","guid":{"rendered":"https:\/\/amblima.esteri.it\/?p=7813"},"modified":"2026-04-28T14:17:54","modified_gmt":"2026-04-28T19:17:54","slug":"%f0%9d%90%82%f0%9d%90%a8%f0%9d%90%a7%f0%9d%90%ad%f0%9d%90%ab%f0%9d%90%a2%f0%9d%90%9b%f0%9d%90%ae%f0%9d%90%9c%f0%9d%90%a2%f0%9d%90%a8%f0%9d%90%a7%f0%9d%90%9e%f0%9d%90%ac-%f0%9d%90%a9%f0%9d%90%9a","status":"publish","type":"post","link":"https:\/\/amblima.esteri.it\/es\/news\/dall_ambasciata\/2026\/04\/%f0%9d%90%82%f0%9d%90%a8%f0%9d%90%a7%f0%9d%90%ad%f0%9d%90%ab%f0%9d%90%a2%f0%9d%90%9b%f0%9d%90%ae%f0%9d%90%9c%f0%9d%90%a2%f0%9d%90%a8%f0%9d%90%a7%f0%9d%90%9e%f0%9d%90%ac-%f0%9d%90%a9%f0%9d%90%9a\/","title":{"rendered":"\ud835\udc02\ud835\udc28\ud835\udc27\ud835\udc2d\ud835\udc2b\ud835\udc22\ud835\udc1b\ud835\udc2e\ud835\udc1c\ud835\udc22\ud835\udc28\ud835\udc27\ud835\udc1e\ud835\udc2c \ud835\udc29\ud835\udc1a\ud835\udc2b\ud835\udc1a \ud835\udc26\ud835\udc22\ud835\udc2c\ud835\udc22\ud835\udc28\ud835\udc27\ud835\udc1e\ud835\udc2c \ud835\udc1d\ud835\udc1e \ud835\udc1e\ud835\udc2c\ud835\udc2d\ud835\udc2e\ud835\udc1d\ud835\udc22\ud835\udc28 \ud835\udc1e \ud835\udc22\ud835\udc27\ud835\udc2f\ud835\udc1e\ud835\udc2c\ud835\udc2d\ud835\udc22\ud835\udc20\ud835\udc1a\ud835\udc1c\ud835\udc22\ud835\udc28\u0301\ud835\udc27 \ud835\udfd0\ud835\udfce\ud835\udfd0\ud835\udfd4"},"content":{"rendered":"<p style=\"text-align: justify;\">La <em>Oficina VI de la DGCE, Direcci\u00f3n General para el Crecimiento y la Promoci\u00f3n de las Exportaciones del Ministerio de Asuntos Exteriores y de la Cooperaci\u00f3n Internacional de Italia <\/em>concede contribuciones para cubrir:<\/p>\n<ol style=\"text-align: justify;\">\n<li>la financiaci\u00f3n de los gastos de viaje y estancia de investigadores, docentes, expertos, personalidades de la cultura y operadores culturales italianos o extranjeros residentes en Italia desde hace al menos dos a\u00f1os, invitados al extranjero por instituciones universitarias o culturales extranjeras;<\/li>\n<li>contribuciones para los gastos de viaje y estancia de investigadores, docentes, expertos, personalidades de la cultura y operadores culturales extranjeros o italianos residentes en el extranjero, invitados por instituciones universitarias y culturales italianas con el fin de promover colaboraciones y programas de investigaci\u00f3n comunes.<\/li>\n<\/ol>\n<p style=\"text-align: justify;\">La contribuci\u00f3n es v\u00e1lida para todas las actividades que se realicen entre el 1 de enero y el 15 de noviembre de 2026.<\/p>\n<p style=\"text-align: justify;\"><strong>Fondos limitados y se asignar\u00e1n hasta su total distribuci\u00f3n<\/strong>.<\/p>\n<p style=\"text-align: justify;\">Las solicitudes deber\u00e1n ser presentadas directamente por los interesados, tanto italianos como extranjeros, al <em>Instituto Italiano de Cultura de Lima<\/em> (<a href=\"mailto:iiclima@esteri.it\">iiclima@esteri.it<\/a>) <strong>hasta el 31 de julio de 2025<\/strong>.<\/p>\n<p style=\"text-align: justify;\">Instrucciones y formularios para presentar la solicitud est\u00e1n disponibles en el siguiente <a href=\"https:\/\/amblima.esteri.it\/wp-content\/uploads\/2026\/04\/WEB-Esp-Istruzioni-operative-per-le-sedi-estere.docx\">enlace <\/a>y en adjunto.<\/p>\n","protected":false},"excerpt":{"rendered":"La Oficina VI de la DGCE, Direcci\u00f3n General para el Crecimiento y la Promoci\u00f3n de las Exportaciones del Ministerio de Asuntos Exteriores y de la Cooperaci\u00f3n Internacional de Italia concede contribuciones para cubrir: la financiaci\u00f3n de los gastos de viaje y estancia de investigadores, docentes, expertos, personalidades de la cultura y operadores culturales italianos o [&hellip;]","protected":false},"author":6,"featured_media":7814,"comment_status":"closed","ping_status":"closed","sticky":false,"template":"","format":"standard","meta":{"footnotes":""},"tags":[],"class_list":["post-7813","post","type-post","status-publish","format-standard","has-post-thumbnail","hentry"],"_links":{"self":[{"href":"https:\/\/amblima.esteri.it\/es\/wp-json\/wp\/v2\/posts\/7813","targetHints":{"allow":["GET"]}}],"collection":[{"href":"https:\/\/amblima.esteri.it\/es\/wp-json\/wp\/v2\/posts"}],"about":[{"href":"https:\/\/amblima.esteri.it\/es\/wp-json\/wp\/v2\/types\/post"}],"author":[{"embeddable":true,"href":"https:\/\/amblima.esteri.it\/es\/wp-json\/wp\/v2\/users\/6"}],"replies":[{"embeddable":true,"href":"https:\/\/amblima.esteri.it\/es\/wp-json\/wp\/v2\/comments?post=7813"}],"version-history":[{"count":1,"href":"https:\/\/amblima.esteri.it\/es\/wp-json\/wp\/v2\/posts\/7813\/revisions"}],"predecessor-version":[{"id":7815,"href":"https:\/\/amblima.esteri.it\/es\/wp-json\/wp\/v2\/posts\/7813\/revisions\/7815"}],"wp:featuredmedia":[{"embeddable":true,"href":"https:\/\/amblima.esteri.it\/es\/wp-json\/wp\/v2\/media\/7814"}],"wp:attachment":[{"href":"https:\/\/amblima.esteri.it\/es\/wp-json\/wp\/v2\/media?parent=7813"}],"wp:term":[{"taxonomy":"post_tag","embeddable":true,"href":"https:\/\/amblima.esteri.it\/es\/wp-json\/wp\/v2\/tags?post=7813"}],"curies":[{"name":"wp","href":"https:\/\/api.w.org\/{rel}","templated":true}]}}