{"id":8345,"date":"2026-09-03T16:54:00","date_gmt":"2026-09-03T21:54:00","guid":{"rendered":"https:\/\/amblima.esteri.it\/?p=8345"},"modified":"2026-09-03T16:58:37","modified_gmt":"2026-09-03T21:58:37","slug":"comites-2026-convocatoria-a-elecciones","status":"publish","type":"post","link":"https:\/\/amblima.esteri.it\/es\/news\/dall_ambasciata\/2026\/09\/comites-2026-convocatoria-a-elecciones\/","title":{"rendered":"Comites 2026 &#8211; Convocatoria a elecciones"},"content":{"rendered":"<p style=\"text-align: justify;\">Mediante el <a href=\"https:\/\/amblima.esteri.it\/wp-content\/uploads\/2026\/09\/decreto-9-2026_Firmato.pdf\">Decreto consular n.\u00ba 9 del 3 de septiembre de 2026<\/a> se convocan elecciones para la constituci\u00f3n y renovaci\u00f3n del Comit\u00e9 de Italianos en el Extranjero de Lima.<\/p>\n<p style=\"text-align: justify;\">La fecha de las elecciones se fija para el 4 de diciembre de 2026. Esta fecha corresponde al \u00faltimo d\u00eda \u00fatil para entregar en el consulado de referencia el sobre que contenga la c\u00e9dula electoral previamente votada.<\/p>\n<p style=\"text-align: justify;\">Para participar en la votaci\u00f3n, es necesario inscribirse en el padr\u00f3n electoral de su Consulado de referencia, <span style=\"text-decoration: underline;\">enviando la solicitud correspondiente a m\u00e1s tardar el 4 de noviembre de 2026<\/span>.<\/p>\n<p style=\"text-align: justify;\">El comit\u00e9 que se elegir\u00e1 estar\u00e1 compuesto por 18 miembros, en funci\u00f3n de la poblaci\u00f3n residente. Mediante el mencionado decreto tambi\u00e9n se establece la Oficina Electoral encargada de las operaciones electorales.<\/p>\n","protected":false},"excerpt":{"rendered":"Mediante el Decreto consular n.\u00ba 9 del 3 de septiembre de 2026 se convocan elecciones para la constituci\u00f3n y renovaci\u00f3n del Comit\u00e9 de Italianos en el Extranjero de Lima. La fecha de las elecciones se fija para el 4 de diciembre de 2026. Esta fecha corresponde al \u00faltimo d\u00eda \u00fatil para entregar en el consulado [&hellip;]","protected":false},"author":6,"featured_media":8139,"comment_status":"closed","ping_status":"closed","sticky":false,"template":"","format":"standard","meta":{"footnotes":""},"tags":[],"class_list":["post-8345","post","type-post","status-publish","format-standard","has-post-thumbnail","hentry"],"_links":{"self":[{"href":"https:\/\/amblima.esteri.it\/es\/wp-json\/wp\/v2\/posts\/8345","targetHints":{"allow":["GET"]}}],"collection":[{"href":"https:\/\/amblima.esteri.it\/es\/wp-json\/wp\/v2\/posts"}],"about":[{"href":"https:\/\/amblima.esteri.it\/es\/wp-json\/wp\/v2\/types\/post"}],"author":[{"embeddable":true,"href":"https:\/\/amblima.esteri.it\/es\/wp-json\/wp\/v2\/users\/6"}],"replies":[{"embeddable":true,"href":"https:\/\/amblima.esteri.it\/es\/wp-json\/wp\/v2\/comments?post=8345"}],"version-history":[{"count":1,"href":"https:\/\/amblima.esteri.it\/es\/wp-json\/wp\/v2\/posts\/8345\/revisions"}],"predecessor-version":[{"id":8347,"href":"https:\/\/amblima.esteri.it\/es\/wp-json\/wp\/v2\/posts\/8345\/revisions\/8347"}],"wp:featuredmedia":[{"embeddable":true,"href":"https:\/\/amblima.esteri.it\/es\/wp-json\/wp\/v2\/media\/8139"}],"wp:attachment":[{"href":"https:\/\/amblima.esteri.it\/es\/wp-json\/wp\/v2\/media?parent=8345"}],"wp:term":[{"taxonomy":"post_tag","embeddable":true,"href":"https:\/\/amblima.esteri.it\/es\/wp-json\/wp\/v2\/tags?post=8345"}],"curies":[{"name":"wp","href":"https:\/\/api.w.org\/{rel}","templated":true}]}}