{"id":841,"date":"2020-12-24T17:54:36","date_gmt":"2020-12-24T22:54:36","guid":{"rendered":"https:\/\/amblima.esteri.it\/news\/dall_ambasciata\/2020\/12\/concerto-di-fine-anno-orchestra-2\/"},"modified":"2020-12-24T17:54:36","modified_gmt":"2020-12-24T22:54:36","slug":"concerto-di-fine-anno-orchestra-2","status":"publish","type":"post","link":"https:\/\/amblima.esteri.it\/es\/news\/dall_ambasciata\/2020\/12\/concerto-di-fine-anno-orchestra-2\/","title":{"rendered":"CONCIERTO DE FIN DE A\u00d1O &#8211; ORCHESTRA SINFONICA DEL LEVANTE"},"content":{"rendered":"<p style=\"text-align: justify;\">La Embajada de Italia y el Istituto Italiano de Cultura de Lima tienen el agrado de invitarlo al <strong>concierto especial de Fin de A\u00f1o<\/strong>, realizado para cerrar la programaci\u00f3n cultural del 2020 y para desearles, a trav\u00e9s de las notas de la mejor m\u00fasica italiana, un feliz A\u00f1o 2021.<\/p>\n<p style=\"text-align: justify;\">El recital l\u00edrico, realizado espec\u00edficamente para Per\u00fa por la Orquesta Sinf\u00f3nica de Levante, dirigido por el Maestro Elio Orciuolo, se presentar\u00e1 en el Teatro de la \u00d3pera Kismet de Bari gracias al apoyo de la Asociaci\u00f3n Cultural Artland y con el patrocinio de la Municipalidad de Bari.<\/p>\n<p style=\"text-align: justify;\">El programa comprender\u00e1 algunas de las mejores y m\u00e1s reconocidas piezas del bel canto italiano, entre las que se encuentran arias y duetos de \u00f3peras de Rossini, Donizetti, Verdi y Puccini que ser\u00e1n interpretadas por la soprano Ripalta Bufo (Premio l\u00edrico internacional \u201cUmberto Giordano\u201d), por el bar\u00edtono Luca Simonetti (ganador del Concorso Spoleto 2020) y el tenor Raffaele Abete (quien recientemente realiz\u00f3 una presentaci\u00f3n en la Scala de Mil\u00e1n).<\/p>\n<p style=\"text-align: justify;\"><strong>El concierto se trasmitir\u00e1 el d\u00eda 29 de diciembre, a las 7,00 p.m., a trav\u00e9s del link:\u00a0<a href=\"https:\/\/youtu.be\/ZMCxKygzn4c\">https:\/\/youtu.be\/ZMCxKygzn4c<\/a>.\u00a0<\/strong><\/p>\n","protected":false},"excerpt":{"rendered":"La Embajada de Italia y el Istituto Italiano de Cultura de Lima tienen el agrado de invitarlo al concierto especial de Fin de A\u00f1o, realizado para cerrar la programaci\u00f3n cultural del 2020 y para desearles, a trav\u00e9s de las notas de la mejor m\u00fasica italiana, un feliz A\u00f1o 2021. El recital l\u00edrico, realizado espec\u00edficamente para [&hellip;]","protected":false},"author":1,"featured_media":0,"comment_status":"","ping_status":"","sticky":false,"template":"","format":"standard","meta":{"footnotes":""},"tags":[],"class_list":["post-841","post","type-post","status-publish","format-standard","hentry"],"_links":{"self":[{"href":"https:\/\/amblima.esteri.it\/es\/wp-json\/wp\/v2\/posts\/841","targetHints":{"allow":["GET"]}}],"collection":[{"href":"https:\/\/amblima.esteri.it\/es\/wp-json\/wp\/v2\/posts"}],"about":[{"href":"https:\/\/amblima.esteri.it\/es\/wp-json\/wp\/v2\/types\/post"}],"author":[{"embeddable":true,"href":"https:\/\/amblima.esteri.it\/es\/wp-json\/wp\/v2\/users\/1"}],"replies":[{"embeddable":true,"href":"https:\/\/amblima.esteri.it\/es\/wp-json\/wp\/v2\/comments?post=841"}],"version-history":[{"count":0,"href":"https:\/\/amblima.esteri.it\/es\/wp-json\/wp\/v2\/posts\/841\/revisions"}],"wp:attachment":[{"href":"https:\/\/amblima.esteri.it\/es\/wp-json\/wp\/v2\/media?parent=841"}],"wp:term":[{"taxonomy":"post_tag","embeddable":true,"href":"https:\/\/amblima.esteri.it\/es\/wp-json\/wp\/v2\/tags?post=841"}],"curies":[{"name":"wp","href":"https:\/\/api.w.org\/{rel}","templated":true}]}}