{"id":1042,"date":"2026-03-04T00:00:47","date_gmt":"2026-03-04T05:00:47","guid":{"rendered":"https:\/\/amblima.esteri.it\/news\/dall_ambasciata\/2020\/03\/ultima-notizia-emergenza-covid\/"},"modified":"2026-03-09T13:43:41","modified_gmt":"2026-03-09T18:43:41","slug":"ultima-notizia-emergenza-covid","status":"publish","type":"post","link":"https:\/\/amblima.esteri.it\/it\/news\/dall_ambasciata\/2026\/03\/ultima-notizia-emergenza-covid\/","title":{"rendered":"PERU&#8217;: SITUAZIONE DI SICUREZZA"},"content":{"rendered":"<p style=\"text-align: justify;\">Si invitano tutti i connazionali temporaneamente presenti in Per\u00f9 a qualsiasi titolo a registrare la loro presenza sul portale \u201cDove Siamo nel Mondo\u201d (<a href=\"https:\/\/www.dovesiamonelmondo.it\/home.html\">https:\/\/www.dovesiamonelmondo.it\/home.html<\/a>) e a consultare regolarmente la pagina di Viaggiare Sicuri (<a href=\"http:\/\/www.viaggiaresicuri.it\/country\/PER\">http:\/\/www.viaggiaresicuri.it\/country\/PER<\/a>). Per approfondimenti sui rientri in Italia e per scaricare l\u2019Autocertificazione per l\u2019ingresso in Italia consultare il sito del Ministro degli Esteri e della Cooperazione Internazoinale al Focus sui rientri dall\u2019estero (<a href=\"https:\/\/www.esteri.it\/mae\/it\/ministero\/normativaonline\/decreto-iorestoacasa-domande-frequenti\/focus-cittadini-italiani-in-rientro-dall-estero-e-cittadini-stranieri-in-italia.html\">https:\/\/www.esteri.it\/mae\/it\/ministero\/normativaonline\/decreto-iorestoacasa-domande-frequenti\/focus-cittadini-italiani-in-rientro-dall-estero-e-cittadini-stranieri-in-italia.html<\/a>) nonch\u00e9 il sito del Ministero della Salute (<a href=\"https:\/\/www.salute.gov.it\/portale\/nuovocoronavirus\/dettaglioContenutiNuovoCoronavirus.jsp?lingua=italiano&amp;id=5411&amp;area=nuovoCoronavirus&amp;menu=vuoto\">https:\/\/www.salute.gov.it\/portale\/nuovocoronavirus\/dettaglioContenutiNuovoCoronavirus.jsp?lingua=italiano&amp;id=5411&amp;area=nuovoCoronavirus&amp;menu=vuoto<\/a>). Per maggiori informazioni si prega di collegarsi alla sezione approfondimenti (<a href=\"https:\/\/www.viaggiaresicuri.it\/approfondimenti-insights\/saluteinviaggio\">https:\/\/www.viaggiaresicuri.it\/approfondimenti-insights\/saluteinviaggio<\/a>) del portale ViaggiareSicuri.<\/p>\n<p style=\"text-align: justify;\">\n<h4 style=\"text-align: justify;\"><span style=\"text-decoration: underline;\"><strong>AGGIORNAMENTO 4 MARZO 2026<\/strong><\/span><\/h4>\n<p style=\"text-align: justify;\">Si comunica ai connazionali presenti in Per\u00f9 che, <strong>con <a href=\"https:\/\/busquedas.elperuano.pe\/dispositivo\/NL\/2491454-1\">Decreto Supremo N.\u00ba 027-2026-PCM<\/a>, <\/strong>\u00a0<strong>il Governo peruviano ha emanato lo stato di emergenza nelle aree metropolitane di Lima e Callao per una durata di 30 giorni, dal 28 febbraio.<\/strong><\/p>\n<p style=\"text-align: justify;\">Tra le misure adottate \u00e8 previsto l\u2019appoggio delle Forze Armate alla Polizia Nazionale del Per\u00f9 nel controllo dell\u2019ordine interno, il divieto di assembramenti, pattugliamenti nelle fermate dei mezzi di trasporto ed operazioni pi\u00f9 frequenti di controllo dell\u2019identit\u00e0. Si raccomanda pertanto di mantenere la massima cautela negli spostamenti ed attenersi scrupolosamente alle indicazioni delle autorit\u00e0 locali.<\/p>\n<p style=\"text-align: justify;\"><u>Solo<\/u> in caso di gravi emergenze e di minaccia all\u2019incolumit\u00e0 di cittadini italiani \u00e8 attivo il numero 997 232 073 (dall\u2019Italia +51 997 232 073) contattabile h 24\/7. <u>L\u2019operatore di turno non risponder\u00e0 a richieste di informazioni di natura consolare<\/u>.<\/p>\n<p>&nbsp;<\/p>\n<p style=\"text-align: justify;\"><span style=\"text-decoration: underline;\"><strong>AGGIORNAMENTO 26 GENNAIO 2026<\/strong><\/span><\/p>\n<p style=\"text-align: justify;\">Si comunica ai connazionali presenti in Per\u00f9 che, <strong>con <a href=\"https:\/\/busquedas.elperuano.pe\/dispositivo\/NL\/2478087-2\">Decreto Supremo N.\u00ba 006-2026-PCM<\/a>, <\/strong>\u00a0<strong>il Governo peruviano ha prorogato dal 20 gennaio al 19 febbraio 2026 lo stato di emergenza nelle aree metropolitane di Lima e Callao per una durata di 30 giorni<\/strong>.<\/p>\n<p style=\"text-align: justify;\">Tra le misure adottate \u00e8 previsto l\u2019appoggio delle Forze Armate alla Polizia Nazionale del Per\u00f9 nel controllo dell\u2019ordine interno, il divieto di assembramenti, pattugliamenti nelle fermate dei mezzi di trasporto e, nelle zone pi\u00f9 critiche, il divieto di circolazione di due adulti su un motociclo ed operazioni pi\u00f9 frequenti di controllo dell\u2019identit\u00e0. Si raccomanda pertanto di mantenere la massima cautela negli spostamenti ed attenersi scrupolosamente alle indicazioni delle autorit\u00e0 locali.<\/p>\n<p style=\"text-align: justify;\"><u>Solo<\/u> in caso di gravi emergenze e di minaccia all\u2019incolumit\u00e0 di cittadini italiani \u00e8 attivo il numero 997 232 073 (dall\u2019Italia +51 997 232 073) contattabile h 24\/7. <u>L\u2019operatore di turno non risponder\u00e0 a richieste di informazioni di natura consolare<\/u>.<\/p>\n<p>&nbsp;<\/p>\n<p><span style=\"text-decoration: underline;\"><strong>AGGIORNAMENTO 22 DICEMBRE 2025<\/strong><\/span><\/p>\n<p style=\"text-align: justify;\">Si comunica ai connazionali presenti in Per\u00f9 che, <strong>con <a href=\"https:\/\/busquedas.elperuano.pe\/dispositivo\/NL\/2470573-1\">Decreto Supremo N\u00ba 140-2025-PCM<\/a>, <\/strong>\u00a0<strong>il Governo peruviano ha prorogato, a partire da domenica 21 dicembre 2025, lo stato di emergenza nelle aree metropolitane di Lima e Callao per una durata di 30 giorni<\/strong>.<\/p>\n<p style=\"text-align: justify;\">Tra le misure adottate \u00e8 previsto l\u2019appoggio delle Forze Armate alla Polizia Nazionale del Per\u00f9 nel controllo dell\u2019ordine interno, il divieto di assembramenti, pattugliamenti nelle fermate dei mezzi di trasporto e, nelle zone pi\u00f9 critiche, il divieto di circolazione di due adulti su un motociclo ed operazioni pi\u00f9 frequenti di controllo dell\u2019identit\u00e0. Si raccomanda pertanto di mantenere la massima cautela negli spostamenti ed attenersi scrupolosamente alle indicazioni delle autorit\u00e0 locali.<\/p>\n<p style=\"text-align: justify;\"><u>Solo<\/u> in caso di gravi emergenze e di minaccia all\u2019incolumit\u00e0 di cittadini italiani \u00e8 attivo il numero 997 232 073 (dall\u2019Italia +51 997 232 073) contattabile h 24\/7. <u>L\u2019operatore di turno non risponder\u00e0 a richieste di informazioni di natura consolare<\/u>.<\/p>\n<p>&nbsp;<\/p>\n<p style=\"text-align: justify;\"><span style=\"text-decoration: underline;\"><strong>AGGIORNAMENTO 21 NOVEMBRE 2025<\/strong><\/span><\/p>\n<div class=\"entry-content\" style=\"text-align: justify;\">\n<p>Si comunica ai connazionali presenti in Per\u00f9 che, <strong>con <a href=\"https:\/\/busquedas.elperuano.pe\/dispositivo\/NL\/2460562-1\">Decreto Supremo N\u00ba 132-2025-PCM<\/a>, <\/strong>\u00a0<strong>il Governo peruviano ha prorogato, a partire da venerd\u00ec 21 novembre 2025, lo stato di emergenza nelle aree metropolitane di Lima e Callao per una durata di 30 giorni<\/strong>. Confermate le misure previamente adottate circa l\u2019appoggio delle Forze Armate alla Polizia Nazionale del Per\u00f9 nel controllo dell\u2019ordine interno, il divieto di assembramenti, pattugliamenti nelle fermate degli autobus e nelle zone critiche, il divieto di circolazione di due adulti su un motociclo e operazioni pi\u00f9 frequenti di controllo dell\u2019identit\u00e0. Si raccomanda pertanto di mantenere la massima cautela negli spostamenti ed attenersi scrupolosamente alle indicazioni delle autorit\u00e0 locali.<\/p>\n<p><u>Solo<\/u> in caso di gravi emergenze e di minaccia all\u2019incolumit\u00e0 di cittadini italiani \u00e8 attivo il numero 997 232 073 (dall\u2019Italia +51 997 232 073) contattabile h 24\/7. <u>L\u2019operatore di turno non risponder\u00e0 a richieste di informazioni di natura consolare<\/u>.<\/p>\n<\/div>\n<p>&nbsp;<\/p>\n<p><span style=\"text-decoration: underline;\"><strong>AGGIORNAMENTO 22 OTTOBRE 2025<\/strong><\/span><\/p>\n<p style=\"text-align: justify;\"><strong>STATO D\u2019EMERGENZA A LIMA E CALLAO<\/strong><\/p>\n<p style=\"text-align: justify;\">Si comunica ai connazionali presenti in Per\u00f9 che, a seguito del notevole aumento della criminalit\u00e0 organizzata a Lima, <strong>il Governo peruviano ha dichiarato con <a href=\"https:\/\/busquedas.elperuano.pe\/dispositivo\/NL\/2450678-1\">Decreto Supremo N\u00ba 124-2025-PCM<\/a>, a partire dalla mezzanotte di mercoled\u00ec 22 ottobre 2025, lo stato di emergenza nelle aree metropolitane di Lima e Callao per una durata di 30 giorni<\/strong>. Tra le misure approvate, si prevede l\u2019appoggio delle Forze Armate alla Polizia Nazionale del Per\u00f9 nel controllo dell&#8217;ordine interno, il divieto di assembramenti, pattugliamenti nelle fermate degli autobus e nelle zone critiche, il divieto di circolazione di due adulti su un motociclo e operazioni pi\u00f9 frequenti di controllo dell&#8217;identit\u00e0. Si raccomanda pertanto di mantenere la massima cautela negli spostamenti ed attenersi scrupolosamente alle indicazioni delle autorit\u00e0 locali.<\/p>\n<p style=\"text-align: justify;\"><u>Solo<\/u> in caso di gravi emergenze e di minaccia all\u2019incolumit\u00e0 di cittadini italiani \u00e8 attivo il numero 997 232 073 (dall\u2019Italia +51 997 232 073) contattabile h 24\/7. <span style=\"text-decoration: underline;\">L\u2019operatore di turno non risponder\u00e0 a richieste di informazioni di natura consolare.<\/span><\/p>\n<p>&nbsp;<\/p>\n<p><span style=\"text-decoration: underline;\"><strong>AGGIORNAMENTO 17 OTTOBRE 2025<\/strong><\/span><\/p>\n<p><strong>\u00a0STATO D\u2019EMERGENZA A LIMA<\/strong><\/p>\n<p style=\"text-align: justify;\">Si comunica ai connazionali presenti in Per\u00f9 che, a seguito del notevole aumento della criminalit\u00e0 organizzata a Lima, il Governo peruviano si appresta a dichiarare lo stato di emergenza. Si raccomanda pertanto di mantenere la massima cautela negli spostamenti ed attenersi alle indicazioni delle autorit\u00e0 locali, evitando le zone (Centro storico di Lima e aree limitrofe agli edifici istituzionali) in cui si prevedono manifestazioni, che possono spesso sfociare in episodi di violenza, come avvenuto il 15 ottobre scorso nel centro storico di Lima, con il bilancio di un morto e circa 100 feriti.<\/p>\n<p style=\"text-align: justify;\">Quest&#8217;Ambasciata continuer\u00e0 a monitorare la situazione e fornir\u00e0 ulteriori aggiornamenti circa le misure che il Governo intender\u00e0 adottare.<\/p>\n<p style=\"text-align: justify;\"><span style=\"text-decoration: underline;\">Solo<\/span> in caso di gravi emergenze e di minaccia all\u2019incolumit\u00e0 di cittadini italiani \u00e8 attivo il numero 997 232 073 (dall\u2019Italia +51 997 232 073) contattabile h 24\/7. L\u2019operatore di turno non risponder\u00e0 a richieste di informazioni di natura consolare.<\/p>\n<p style=\"text-align: justify;\"><span style=\"text-decoration: underline;\"><strong>AGGIORNAMENTO 8 LUGLIO 2025<\/strong><\/span><\/p>\n<p style=\"text-align: justify;\"><strong>PERU\u2019: BLOCCO STRADALE SULLA PANAMERICANA SUD PER LE PROTESTE MESSE IN ATTO DAI MINATORI<\/strong><\/p>\n<p style=\"text-align: justify;\">Si segnala che, da venerd\u00ec 4 luglio, nove importanti tratti di strada in varie regioni del Per\u00f9 sono attualmente bloccati a causa della protesta dei minatori associati alla Confederazione nazionale delle piccole miniere artigianali del Per\u00f9 (Confemin) contro le misure adottate dall\u2019Esecutivo per combattere il fenomeno dell\u2019estrazione mineraria illegale. Tali blocchi stradali, in particolare sull&#8217;Autostrada Panamericana Sud, nel tratto che attraversa la provincia di Nasca (nella regione di Ica), stanno interessando autobus interprovinciali, bus turistici e mezzi pesanti. Una lunga fila di circa 2.000 veicoli &#8211; provenienti da regioni come Moquegua, Arequipa, Puno e Tacna &#8211; si estende per almeno 2 km, con autisti e utenti a bordo delle unit\u00e0 a cui viene impedito di procedere normalmente. Mentre i manifestanti continuano a bloccare l\u2019Autostrada al chilometro 440, in particolare all&#8217;accesso alla citt\u00e0 di Nasca, si segnalano al contempo alcuni temporanei allentamenti del blocco stradale che ha permesso al flusso di auto, autobus interprovinciali e camion merci di rimettersi in marcia, seppur a rilento. A causa di questa situazione, viaggi come quello tra la citt\u00e0 di Arequipa e la capitale, per i quali solitamente si impiegano tra le 15 e le 16 ore, possono richiedere attualmente oltre due giorni, dovuto all\u2019attesa di un allentamento temporaneo concesso dai manifestanti o al passaggio attraverso vie alternative.<\/p>\n<p class=\"col-12 mt-5 fst-italic\"><span style=\"text-decoration: underline;\"><strong>AGGIORNAMENTO 22 APRILE 2025<\/strong><\/span><\/p>\n<div class=\"col-12 title\" style=\"text-align: justify;\"><strong>PERU&#8217;: SITUAZIONE GENERALE DI SICUREZZA.<\/strong><\/div>\n<div><\/div>\n<div class=\"col-12\" style=\"text-align: justify;\">In ragione dell\u2019incremento della criminalit\u00e0 e degli\u00a0episodi di estorsione a danno di imprenditori, di istituzioni scolastiche e di comuni cittadini per mano di organizzazioni criminali, in data 16 marzo 2025 \u00e8 stato decretato lo stato di emergenza nella provincia di Lima e nella provincia costituzionale del Callao (in forza del quale, potranno essere attuate restrizioni delle libert\u00e0 individuali e si prevede che le Forze Armate coadiuvino la Polizia nazionale nella supervisione e nella protezione dell\u2019ordine pubblico).<\/div>\n<div class=\"col-12\" style=\"text-align: justify;\"><strong>Il Governo del Per\u00f9 ha esteso lo Stato di emergenza a Lima Metropolitana e nella Provincia Costituzionale di Callao per un periodo di trenta (30) giorni di calendario, a partire dal 17 aprile 2025<\/strong>. L\u2019Esecutivo ha stabilito che la Polizia Nazionale Peruviana (PNP) manterr\u00e0 il controllo dell\u2019ordine interno nelle aree summenzionate con il supporto delle Forze Armate. Si raccomanda pertanto estrema cautela, soprattutto negli spostamenti nelle zone periferiche della capitale e nelle localit\u00e0 limitrofe\u00a0e di attenersi scrupolosamente alle indicazioni delle Autorit\u00e0 locali.<\/div>\n<div><\/div>\n<div class=\"col-12\" style=\"text-align: justify;\">Si invitano tutti i connazionali, temporaneamente presenti, a scaricare la APP \u201cViaggiare Sicuri\u201d, attivando la geo-localizzazione, e a registrare il proprio viaggio sul sito \u201cDove Siamo nel Mondo\u201d.<\/div>\n<div><\/div>\n<div class=\"col-12\" style=\"text-align: justify;\">Per comprovate emergenze, l\u2019Ambasciata a Lima \u00e8 reperibile, h24\/7, al numero di emergenza +51 997232073. I viaggiatori possono, inoltre, scaricare l\u2019applicazione della Polizia Turistica del Per\u00f9 sul proprio smartphone o laptop (POLTUR Central Lima 01 4601060; IPER\u00da WhatsApp +51 944492314; mail\u00a0<a href=\"mailto:proteccionalturista@mincetur.gob.pe\" target=\"_blank\" rel=\"noopener\">proteccionalturista@mincetur.gob.pe<\/a>\u00a0).<\/div>\n<div><\/div>\n<p><span style=\"text-decoration: underline;\"><strong>AGGIORNAMENTO 17 MARZO 2025<\/strong><\/span><\/p>\n<p><strong>PERU&#8217;: SITUAZIONE GENERALE DI SICUREZZA.<\/strong><\/p>\n<p style=\"text-align: justify;\">In ragione dell\u2019incremento della criminalit\u00e0 e di episodi di estorsione a danno di imprenditori, istituzioni scolastiche e comuni cittadini per mano di organizzazioni criminali, \u00e8 stato decretato in data 16 marzo 2025 lo stato di emergenza nella provincia di Lima e nella provincia costituzionale del Callao (in forza del quale potranno essere attuate restrizioni delle libert\u00e0 individuali e si prevede che le Forze Armate coadiuvino la polizia nazionale nella supervisione e protezione dell\u2019ordine pubblico). Si raccomanda\u00a0pertanto <strong>estrema cautela,<\/strong> soprattutto negli spostamenti nelle zone periferiche della capitale e nelle localit\u00e0 limitrofe, e di attenersi scrupolosamente alle indicazioni delle Autorit\u00e0 locali.<br \/>\nPer quel che riguarda le altre aree del Paese, si invitano i connazionali a prestare particolare cautela n<strong>elle zone periferiche delle principali citt\u00e0<\/strong>, cos\u00ec come nelle aree particolarmente affollate (stazioni di autobus, mercati, mezzi di trasporto pubblico), che rappresentano aree a medio rischio e ad\u00a0<strong>evitare<\/strong><strong> in generale aree al di fuori dei circuiti turistici pi\u00f9 noti. In particolare, si invita ad evitare <\/strong>le regioni di frontiera internazionale (Ecuador, Colombia, Brasile, Bolivia, Cile) e &#8211; <strong>a causa della grave insicurezza legata al permanere di cellule del gruppo Sendero Luminoso \u2013 quelle localit\u00e0 che fanno parte dell\u2019area geografica della valle dei fiumi Apurmac, Ene e Mantaro (VRAEM), nota come una delle valli con la pi\u00f9 alta produzione di coca illegale nel paese e tuttora base operativa per gruppi terroristici. <\/strong><\/p>\n<p style=\"text-align: justify;\"><strong>Si sconsigliano altres\u00ec viaggi nelle aree remote e scarsamente popolate dei dipartimenti di Amazonas e Loreto. \u00c8 altres\u00ec raccomandato di evitare spostamenti notturni su strade nelle aree montuose del Paese. Sono altres\u00ec fortemente sconsigliate escursioni al di fuori dei percorsi noti ed effettuate in autonomia nella foresta amazzonica, in considerazione della scarsa visibilit\u00e0 in alcune zone e del possibile disorientamento derivante anche dall\u2019assenza di segnale telefonico.<\/strong><\/p>\n<p style=\"text-align: justify;\">Si invitano tutti i connazionali, temporaneamente presenti, a scaricare la APP \u201cViaggiare Sicuri\u201d, attivando la geo-localizzazione, e a registrare il proprio viaggio sul sito \u201cDove Siamo nel Mondo\u201d.<br \/>\nPer comprovate emergenze, l\u2019Ambasciata a Lima \u00e8 reperibile, h24\/7, al numero di emergenza +51 997232073. I viaggiatori possono, inoltre, scaricare l\u2019applicazione della Polizia Turistica del Per\u00f9 sul proprio smartphone o laptop (POLTUR Central Lima 01 4601060; IPER\u00da WhatsApp +51 944492314; mail\u00a0<a href=\"mailto:proteccionalturista@mincetur.gob.pe\">proteccionalturista@mincetur.gob.pe<\/a>\u00a0).<\/p>\n<p>&nbsp;<\/p>\n<p style=\"text-align: justify;\"><strong><em>STATO DI EMERGENZA A CAUSA DELLE CONDIZIONI CLIMATICHE IN DIVERSE REGIONI DEL PERU&#8217;<\/em><\/strong><\/p>\n<p style=\"text-align: justify;\">In data 20 febbraio 2025 le Autorit\u00e0 peruviane hanno emesso un decreto che dichiara lo stato di emergenza in vari distretti di 20 regioni del Paese (Amazonas, Ancash, Apurimac, Arequipa, Ayacucho, Cajamarca, Cusco, Huancavelica, Huanuco, Ica, Junin, La Libertad, Lima, Loreto, Madre de Dios, Piura, Puno, San Martin, Tacna e Ucayali) per danni derivanti da intense precipitazioni pluviali. Le forti piogge potrebbero causare frane, inondazioni improvvise, erosioni degli argini dei fiumi e collasso di ponti e infrastrutture, in conseguenza dei quali potrebbero essere decretate chiusure di strade, autostrade e sentieri escursionistici, in particolare nelle regioni pi\u00f9 interne.<\/p>\n<p style=\"text-align: justify;\">Il governo del Per\u00f9 ha altres\u00ec annunciato la chiusura dell\u2019Inca Trail\u00a0 fino al 31 marzo 2025. La chiusura \u00e8 dovuta ai crescenti pericoli per i visitatori relativi alle forti piogge stagionali, che hanno causato frane e terreno cedevole in tutta la regione.<\/p>\n<p style=\"text-align: justify;\">Anche le attrazioni turistiche nelle vicinanze, come la laguna di Humantay e il Salkantay Trek, sono state colpite da frane, in alcuni casi lasciando gli escursionisti bloccati per lunghi periodi di tempo. Il governo regionale ha informato che anche il Salkantay Trek \u00e8 chiuso fino a nuovo avviso.<\/p>\n<p style=\"text-align: justify;\">I viaggiatori possono ancora accedere a Machu Picchu tramite percorsi alternativi, e il sito storico rimane aperto. Il sentiero panoramico all&#8217;interno di Machu Picchu (Route 1A) \u00e8 chiuso a causa di frane fino a nuovo avviso.<\/p>\n<p style=\"text-align: justify;\">Per ulteriori informazioni, i visitatori sono invitati a contattare i rispettivi tour operator. Si raccomanda in ogni caso ai connazionali che viaggino in tali aree di evitare i sentieri colpiti da forti piogge o inondazioni, verificando la disponibilit\u00e0 di percorsi alternativi, e di seguire scrupolosamente le indicazioni delle Autorit\u00e0 locali.<\/p>\n<p style=\"text-align: justify;\">Si raccomanda nuovamente a tutti i connazionali temporaneamente presenti di scaricare la APP \u201cViaggiare Sicuri\u201d, attivando la geolocalizzazione e di registrare il proprio viaggio sul sito \u201cDove Siamo nel Mondo\u201d.<\/p>\n<p>&nbsp;<\/p>\n<p><span style=\"text-decoration: underline;\"><strong>AGGIORNAMENTO 12 MARZO 2025<\/strong><\/span><\/p>\n<p style=\"text-align: justify;\">In data 20 febbraio 2025 le Autorit\u00e0 peruviane hanno dichiarato lo stato di emergenza in vari Distretti di venti regioni del Paese (Amazonas, Ancash, Apurimac, Arequipa, Ayacucho, Cajamarca, Cusco, Huancavelica, Huanuco, Ica, Junin, La Libertad, Lima, Loreto, Madre de Dios, Piura, Puno, San Martin, Tacna e Ucayali), per danni derivanti da intense precipitazioni pluviali. Le forti piogge potrebbero causare frane, inondazioni improvvise, erosioni degli argini dei fiumi e collasso di ponti e di infrastrutture, con conseguenti improvvise chiusure di strade, autostrade e sentieri escursionistici, in particolare nelle regioni pi\u00f9 interne.<\/p>\n<p style=\"text-align: justify;\">Il Governo peruviano ha altres\u00ec annunciato la chiusura eccezionale del Cammino Inca fino al 15 marzo 2025, a causa delle avverse condizioni meteorologiche.<\/p>\n<p style=\"text-align: justify;\">Si raccomanda fortemente, a coloro che abbiano programmato un viaggio in tali aree, di attenersi scrupolosamente alle indicazioni delle Autorit\u00e0 locali, evitando zone e sentieri colpiti da forti piogge o inondazioni, verificando la disponibilit\u00e0 di percorsi alternativi, nonch\u00e9 di mantenersi costantemente aggiornati attraverso i media locali.<\/p>\n<p style=\"text-align: justify;\">Si invitano tutti i connazionali temporaneamente presenti a scaricare la APP \u201cViaggiare Sicuri\u201d, attivando la geo-localizzazione oppure a registrare il proprio viaggio sul sito \u201cDove Siamo nel Mondo\u201d. Per comprovate emergenze, l\u2019Ambasciata a Lima rimane reperibile al numero di emergenza +51 997232073.<\/p>\n<p><span style=\"text-decoration: underline;\"><strong>AGGIORNAMENTO 28 NOVEMBRE 2024<\/strong><\/span><\/p>\n<p style=\"text-align: justify;\">Si informano tutti i connazionali temporaneamente presenti in Per\u00f9 che sono in corso blocchi stradali in diverse zone del Per\u00f9:<\/p>\n<p style=\"text-align: justify;\"><strong>Sud del Paese<\/strong>:<br \/>\nRecenti manifestazioni di gruppi locali del settore minerario hanno bloccato in pi\u00f9 punti le arterie principali di collegamento della regione, in particolare:<br \/>\n\u2013 <strong>Ica<\/strong>: Blocco della strada <strong>Panamericana Sud<\/strong> nei seguenti punti:<\/p>\n<ul style=\"text-align: justify;\">\n<li>Km 420 (Changuillo \u2013 Nasca)<\/li>\n<li>Km 447 (Nasca \u2013 Nasca)<\/li>\n<\/ul>\n<p style=\"text-align: justify;\"><strong>\u2013 Arequipa<\/strong> Blocco della strada <strong>Panamericana Sud<\/strong> risulta bloccata nei seguenti punti:<br \/>\no Km 619 (Chala \u2013 Caravel\u00ed)<br \/>\no Km 709 (\u00c1tico \u2013 Caravel\u00ed)<br \/>\no Km 781 (Oco\u00f1a \u2013 Caman\u00e1)<\/p>\n<p style=\"text-align: justify;\"><strong>\u2013 Arequipa<\/strong>: Blocco della <strong>strada Nasca \u2013 Puquio \u2013 Abancay<\/strong> al Km 127 (San Juan \u2013 Lucanas).<\/p>\n<p style=\"text-align: justify;\"><strong>Nord del Paese:<\/strong><br \/>\n<strong>\u2013 Amazonas<\/strong>: La popolazione ha bloccato la <strong>via El Reposo \u2013 Bagua Chica \u2013 Saramiza<\/strong> al Km 216 (Nieva \u2013 Condorcanqui) in protesta contro il cattivo servizio elettrico e il mancato avvio dei progetti di elettrificazione rurale.<\/p>\n<p style=\"text-align: justify;\">Si consiglia vivamente di utilizzare preferibilmente trasporti aerei, in considerazione dei rischi connessi alla mobilit\u00e0 terrestre. In generale, si raccomanda la massima prudenza, in particolare di evitare ogni forma di assembramento, di attenersi alle indicazioni delle Autorit\u00e0 locali e a mantenersi in contatto con le Forze dell\u2019Ordine del luogo. Si invitano altres\u00ec tutti i connazionali temporaneamente presenti a scaricare la APP \u201cViaggiare Sicuri\u201d, attivando la geolocalizzazione, e a registrare il proprio viaggio sul sito \u201cDove Siamo nel Mondo\u201d. Per comprovate emergenze, l\u2019Ambasciata a Lima \u00e8 reperibile, H24\/7, al numero di emergenza +51 997232073. I viaggiatori possono, inoltre, scaricare l\u2019applicazione della Polizia Turistica del Per\u00f9 sul proprio smartphone o laptop (POLTUR Central Lima 01 4601060; IPER\u00da WhatsApp +51 944492314; mail proteccionalturista@mincetur.gob.pe ).<\/p>\n<p><span style=\"text-decoration: underline;\"><strong>AGGIORNAMENTO NOVEMBRE 2024<\/strong><\/span><\/p>\n<p style=\"text-align: justify;\">In ragione del costante e generalizzato incremento della criminalit\u00e0 e della presenza di movimenti narcoterroristi in ampie zone dell\u2019entroterra, nonch\u00e9&#8217; dei pericoli connessi ad un\u2019elevata conflittualit\u00e0 sociale, che potrebbe generare disordini anche violenti, si raccomanda estrema cautela in caso di viaggio in questo Paese. Sono, peraltro, attualmente in vigore molteplici stati di emergenza, che interessano la quasi totalit\u00e0 del territorio peruviano e restringono significativamente le libert\u00e0 personali, per cui si rimanda ad un\u2019attenta lettura della sezione \u201caree di particolare cautela\u201d del portale <a href=\"https:\/\/www.viaggiaresicuri.it\/find-country\/country\/PER\">Viaggiare Sicuri<\/a>.<\/p>\n<p style=\"text-align: justify;\">In particolare, a causa degli elevatissimi indici di criminalit\u00e0 che pongono a rischio l&#8217;incolumit\u00e0 di tutta la cittadinanza, le Autorit\u00e0 peruviane hanno dichiarato lo stato di emergenza, con scadenza al 26 novembre 2024, nei distretti di Anc\u00f3n, Carabayllo, Comas, Independencia, Los Olivos, Lurigancho &#8211; Chosica, Puente Piedra, R\u00edmac, San Mart\u00edn de Porres, San Juan de Lurigancho, Santa Rosa, Villa El Salvador e Ventanilla della Provincia Constitucional del Callao.<\/p>\n<p class=\"x_MsoNormal\" style=\"text-align: justify;\">In generale, si raccomanda la massima prudenza, in particolare di evitare ogni forma di assembramento, di attenersi alle indicazioni delle Autorit\u00e0 locali e a mantenersi in contatto con le Forze dell\u2019Ordine del luogo, ispecie nelle aree nell\u2019interno del Paese, dove i soccorsi difficilmente possono giungere tempestivamente in ragione della vastit\u00e0 ed asperit\u00e0 del territorio.<\/p>\n<p class=\"x_MsoNormal\" style=\"text-align: justify;\">Si invitano tutti i connazionali temporaneamente presenti a scaricare la APP \u201cViaggiare Sicuri\u201d, attivando la geolocalizzazione, e a registrare il proprio viaggio sul sito \u201cDove Siamo nel Mondo\u201d. Per comprovate emergenze, l\u2019Ambasciata a Lima \u00e8 reperibile, H24\/7, al numero di emergenza +51 997232073. I viaggiatori possono, inoltre, scaricare l\u2019applicazione della Polizia Turistica del Per\u00f9 sul proprio smartphone o laptop (POLTUR Central Lima 01 4601060; IPER\u00da WhatsApp +51 944492314; mail <a href=\"mailto:proteccionalturista@mincetur.gob.pe\" target=\"_blank\" rel=\"noopener noreferrer\">proteccionalturista@mincetur.gob.pe<\/a> ).<\/p>\n<p style=\"text-align: justify;\">Infine, si ricorda che, per comprovate emergenze, l\u2019Ambasciata a Lima \u00e8 reperibile h 24\/7 al\u00a0 numero di emergenza +51 997232073.<\/p>\n<p><span style=\"text-decoration: underline;\"><strong>SCIOPERI E MANIFESTAZIONI &#8211; LUGLIO 2024<\/strong><\/span><\/p>\n<p style=\"text-align: justify;\">Si avvisano i connazionali presenti in Per\u00f9 che in occasione delle prossime festivit\u00e0 nazionali peruviane sono state indette marce e proteste in diverse citta\u2019 del Paese, per cui si raccomanda di restare sempre in contatto con le locali Autorit\u00e0 di Polizia. In cosiderazione anche della perdurante delicata situazione di sicurezza, per cui si rimanda a un\u2019attenta lettura degli avvisi pubblicati sul portale Viaggiare Sicuri, si raccomanda altres\u00ec estrema prudenza, di evitare luoghi affollati e in ogni caso di utilizzare preferibilmente trasporti\u00a0aerei, in considerazione dei rischi connessi alla mobilit\u00e0 terrestre (possibili blocchi stradali, assalti ecc.), soprattutto in zone remote e\/o di difficile accesso e comunque nelle aree urbane che potrebbero essere coinvolte nelle manifestazioni sopra citate.<\/p>\n<p style=\"text-align: justify;\">Si invitano tutti i connazionali temporaneamente presenti a scaricare la APP \u201cViaggiare Sicuri\u201d, attivando la geolocalizzazione, e a registrare il proprio viaggio sul sito \u201cDove Siamo nel Mondo\u201d.<\/p>\n<p style=\"text-align: justify;\">I viaggiatori possono, inoltre, scaricare l\u2019app\u00a0della Polizia Turistica del Per\u00f9 sul proprio smartphone o laptop (POLTUR Central Lima 01 4601060; IPER\u00da WhatsApp +51 944492314; mail\u00a0<a href=\"mailto:proteccionalturista@mincetur.gob.pe\" target=\"_blank\" rel=\"noopener noreferrer\">proteccionalturista@mincetur.gob.pe<\/a>\u00a0).<\/p>\n<p class=\"x_MsoNormal\" style=\"text-align: justify;\">Infine, si ricorda che, per comprovate emergenze, l\u2019Ambasciata a Lima \u00e8 reperibile h 24\/7 al\u00a0 numero di emergenza +51 997232073.<\/p>\n<p><span style=\"text-decoration: underline;\"><strong>AGGIORNAMENTO 21 GIUGNO 2024<\/strong><\/span><\/p>\n<p class=\"x_MsoNormal\"><strong>PERU&#8217;: SITUAZIONE GENERALE DI SICUREZZA<\/strong><\/p>\n<p class=\"x_MsoNormal\" style=\"text-align: justify;\">In ragione del costante e generalizzato incremento della criminalit\u00e0 e della presenza di movimenti narcoterroristi in ampie zone dell\u2019entroterra, nonche&#8217; dei pericoli connessi ad un\u2019elevata conflittualit\u00e0 sociale, che potrebbe generare disordini anche violenti , si raccomanda estrema cautela in caso di viaggio in questo Paese. Sono, peraltro, attualmente in vigore molteplici stati di emergenza, che interessano la quasi totalit\u00e0 del territorio peruviano e restringono significativamente le libert\u00e0 personali, per cui si rimanda ad un\u2019attenta lettura della sezione \u201caree di particolare cautela\u201d di questa pagina.<\/p>\n<p class=\"x_MsoNormal\" style=\"text-align: justify;\">Pertanto, fatto salvo l\u2019accesso al sito storico di Macchu Picchu, per cui le vie di comunicazione con Cusco, da raggiungere per via aerea, sono al momento sotto controllo, considerato anche il deterioramento della situazione generale di sicurezza, si invitano i connazionali ad evitare di recarsi nelle zone all\u2019interno del Paese, o comunque di difficile accesso, considerando la pericolosit\u00e0 della rete stradale e della cordigliera andina, cos\u00ec come nelle zone periferiche delle principali citt\u00e0, in particolare nelle regioni di frontiera internazionale (Ecuador, Colombia, Brasile, Bolivia, Cile).<\/p>\n<p class=\"x_MsoNormal\" style=\"text-align: justify;\">In generale, si raccomanda la massima prudenza, in particolare di evitare ogni forma di assembramento, di attenersi alle indicazioni delle Autorit\u00e0 locali e a mantenersi in contatto con le Forze dell\u2019Ordine del luogo, ispecie nelle aree nell\u2019interno del Paese, dove i soccorsi difficilmente possono giungere tempestivamente in ragione della vastit\u00e0 ed asperit\u00e0 del territorio.<\/p>\n<p class=\"x_MsoNormal\" style=\"text-align: justify;\">Si invitano tutti i connazionali temporaneamente presenti a scaricare la APP \u201cViaggiare Sicuri\u201d, attivando la geolocalizzazione, e a registrare il proprio viaggio sul sito \u201cDove Siamo nel Mondo\u201d. Per comprovate emergenze, l\u2019Ambasciata a Lima \u00e8 reperibile, H24\/7, al numero di emergenza +51 997232073. I viaggiatori possono, inoltre, scaricare l\u2019applicazione della Polizia Turistica del Per\u00f9 sul proprio smartphone o laptop (POLTUR Central Lima 01 4601060; IPER\u00da WhatsApp +51 944492314; mail <a href=\"mailto:proteccionalturista@mincetur.gob.pe\" target=\"_blank\" rel=\"noopener noreferrer\">proteccionalturista@mincetur.gob.pe<\/a> ).<\/p>\n<p class=\"x_MsoNormal\"><strong>PERU\u2019: SITUAZIONE SANITARIA<\/strong><\/p>\n<p class=\"x_MsoNormal\" style=\"text-align: justify;\">I casi di Dengue in tutto il Paese, anche a causa del persistente fenomeno de \u201cEl Ni\u00f1o\u201d, sono aumentati in modo preoccupante e significativo nel corso degli ultimi tre anni. In ragione dello straordinario incremento dei contagi e delle correlate criticit\u00e0 strutturali del sistema sanitario peruviano, spesso in forte crisi, si raccomanda ai viaggiatori la massima prudenza e di consultare attentamente la sezione \u201cPrevenzione\u201d e \u201cRaccomandazioni per i viaggiatori\u201d, pubblicate sul sito istituzionale del Ministero della Salute (<a href=\"https:\/\/www.salute.gov.it\/portale\/malattieInfettive\/dettaglioSchedeMalattieInfettive.jsp?lingua=italiano&amp;id=215&amp;area=Malattie%20infettive&amp;menu=indiceAZ&amp;tab=7\" target=\"_blank\" rel=\"noopener noreferrer\">https:\/\/www.salute.gov.it\/portale\/malattieInfettive\/dettaglioSchedeMalattieInfettive.jsp?lingua=italiano&amp;id=215&amp;area=Malattie%20infettive&amp;menu=indiceAZ&amp;tab=7<\/a> ).<\/p>\n<p class=\"x_MsoNormal\" style=\"text-align: justify;\">Le Autorit\u00e0 peruviane hanno pertanto prorogato lo stato di emergenza sanitaria, in diverse regioni del Per\u00f9 (Decreto Supremo n.\u00b0 012-2024-SA) fino al 28 luglio 2024. Si tratta della quasi totalit\u00e0 dei seguenti Dipartimenti: Amazonas, Ancash, Ayacucho, Cajamarca, Cusco, Hu\u00e1nuco, Ica, Jun\u00edn, La Libertad, Lambayeque, Lima, Loreto, Madre de Dios, Pasco, Piura, Puno, San Mart\u00edn, Tumbes, Ucayali e la Provincia Costituzionale del Callao.<\/p>\n<p><span style=\"text-decoration: underline;\"><strong>AGGIORNAMENTO 13 GIUGNO 2024<\/strong><\/span><\/p>\n<div class=\"row\">\n<div class=\"col-12 title\" style=\"text-align: justify;\"><strong>PERU&#8217;: situazione di sicurezza.<\/strong><\/div>\n<div class=\"col-12\" style=\"text-align: justify;\">A causa dei violenti disordini politici e sociali, che si stanno registrando in Per\u00f9, dopo il fallito Colpo di Stato dell\u2019ex Presidente Castillo, ampie aree del Paese si trovano ancora in stato di emergenza, per minacce all\u2019ordine interno e per terrorismo.<br \/>\nDa ultimo, i collettivi rurali spontanei della regione di Cusco, che avevano avviato nuove proteste contro il Governo centrale, bloccando gli accessi alla cittadella di Machu Picchu, hanno sospeso lo sciopero lo scorso febbraio: si raccomanda, tuttavia, massima cautela, poich\u00e9 la tensione potrebbe riacutizzarsi. Al momento, la situazione generale di sicurezza nella regione \u00e8 sotto controllo. Ciononostante, si invitano i connazionali eventualmente presenti in loco, ad esercitare massima prudenza.<br \/>\nSi informa altres\u00ec che \u00e8 stato prorogato lo specifico <strong>stato di emergenza<\/strong>, al momento in vigore <strong>fino al 9 luglio 2024<\/strong>, alla frontiera con l\u2019Ecuador, in cui si trova il dipartimento di <strong>Tumbes<\/strong>\u00a0(Decreto Supremo N\u00b0 048-2024-PCM), per gravissimi episodi di narcotraffico e di criminalit\u00e0 organizzata.<br \/>\n\u00c8 stato poi prolungato lo <strong>stato d\u2019emergenza<\/strong> per gravi minacce all\u2019ordine interno, e in primo luogo, criminalit\u00e0 comune ed organizzata nella quasi totalit\u00e0 dei Dipartimenti di <strong>La Libertad fino al 13 luglio 2024<\/strong>\u00a0(Decreto Supremo N\u00b0 058-2024-PCM e 059-2024-PCM) e <strong>Loreto fino all&#8217;11 agosto 2024<\/strong>\u00a0(Decreto Supremo N\u00b0 057-2024-PCM ).<br \/>\nInoltre, alla luce di potenziali nuove ondate di protesta, con il Decreto Supremo n. 055-2024-PCM, \u00e8 stato prorogato <strong>fino al 4 luglio 2024<\/strong>\u00a0lo <strong>stato di emergenza<\/strong> sulla <strong>Rete Stradale Sud Apurimac-Cusco-Arequipa<\/strong>: nell\u2019ultima proroga, sono stati ampliati i poteri di controllo conferiti all\u2019Esercito e alla Polizia. In questo contesto, si segnala che potrebbe non essere sempre garantita la piena operativit\u00e0 degli aeroporti interni, soprattutto di Cusco, di Arequipa e di Puno.<br \/>\nCon nuovi Decreti Supremi (N\u00b0039-2024-PCM, N\u00b0044-2024-PCM, N\u00b0045-2024-PCM, N\u00b0049-2024-PCM), le Autorit\u00e0 peruviane hanno dichiarato lo <strong>stato di emergenza<\/strong>, <strong>con scadenza al<\/strong> <strong>29 giugno 2024<\/strong>, nei Dipartimenti di <strong>\u00c1ncash, Apur\u00edmac, Arequipa, Ayacucho, Cajamarca, Cusco, Huancavelica, Hu\u00e1nuco, Jun\u00edn, La Libertad, Lima, Loreto, Moquegua, Puno, San Mart\u00edn e\u00a0 Ucayali,<\/strong>\u00a0a causa del concreto pericolo di nuove alluvioni.\u00a0 Inoltre, \u00e8 in <strong>stato di emergenza<\/strong>, <strong>fino al 7 luglio 2024,<\/strong>\u00a0il Dipartimento di <strong>Cusco,<\/strong>\u00a0a causa dei gravi danni delle recenti piogge e scosse (Decreto Supremo N\u00ba 046-2024-PCM, N\u00ba 050-2024-PCM).<br \/>\nAd ogni buon fine, si informa che, con il\u00a0 Decreto Supremo n. 052-2024-PCM, \u00e8 stato dichiarato &#8211; <strong>fino al 22 giugno 2024 &#8211;<\/strong> lo <strong>stato di emergenza nei distretti di Pachacamac e Villa Mar\u00eda del Triunfo,<\/strong> affinch\u00e9 lo Stato peruviano assicuri una rapida risposta ai danni provocati dall\u2019esplosione in una stazione di servizio, avvenuta lo scorso maggio.<br \/>\nDato il deterioramento generale della situazione di sicurezza, si invitano i connazionali &#8211; temporaneamente presenti nel Paese o che intendano pianificare un viaggio \u2013 ad evitare, per qualsiasi ragione, di recarsi nelle zone periferiche delle principali citt\u00e0, cos\u00ec come nelle zone all\u2019interno del Paese o comunque di difficile accesso, ad evitare sempre ogni forma di assembramento, ad adottare estrema prudenza, ad attenersi alle indicazioni delle Autorit\u00e0 locali e a mantenersi in contatto con le Forze dell\u2019Ordine del luogo in cui ci si trovi, in modo da poter essere pi\u00f9 facilmente raggiunti, in caso di emergenza. I viaggiatori possono, inoltre, scaricare l\u2019applicazione della Polizia Turistica del Per\u00f9 sul proprio smartphone o laptop (POLTUR Central Lima 01 4601060; IPER\u00da WhatsApp +51 944492314; mail <a href=\"mailto:proteccionalturista@mincetur.gob.pe\" target=\"_blank\" rel=\"noopener\">proteccionalturista@mincetur.gob.pe<\/a>\u00a0).<br \/>\nSi invitano, parimenti, tutti i connazionali temporaneamente presenti a scaricare la APP \u201cViaggiare Sicuri\u201d, attivando la geolocalizzazione, e a registrare il proprio viaggio sul sito \u201cDove Siamo nel Mondo\u201d. Per comprovate emergenze, l\u2019Ambasciata a Lima \u00e8 reperibile, h 24\/7, al\u00a0 numero di emergenza +51 997232073.<\/div>\n<\/div>\n<div class=\"col-12 mt-5 fst-italic\" style=\"text-align: justify;\"><\/div>\n<div class=\"row\">\n<div class=\"col-12 title\" style=\"text-align: justify;\"><strong>PERU\u2019: situazione sanitaria.<\/strong><\/div>\n<div class=\"col-12\" style=\"text-align: justify;\">I casi di <strong>Dengue in tutto il Paese<\/strong>, anche a causa del fenomeno \u201cEl Ni\u00f1o\u201d, sono aumentati in modo preoccupante ed esponenziale: in ragione dello straordinario incremento dei contagi e delle correlate criticit\u00e0 strutturali del sistema sanitario peruviano, in forte crisi, si raccomanda ai viaggiatori massima prudenza e di consultare attentamente la sezione \u201cPrevenzione\u201d e \u201cRaccomandazioni per i viaggiatori\u201d, pubblicate sul sito istituzionale del Ministero della Salute (<a href=\"https:\/\/www.salute.gov.it\/portale\/malattieInfettive\/dettaglioSchedeMalattieInfettive.jsp?lingua=italiano&amp;id=215&amp;area=Malattie%20infettive&amp;menu=indiceAZ&amp;tab=7\" target=\"_blank\" rel=\"noopener\">https:\/\/www.salute.gov.it\/portale\/malattieInfettive\/dettaglioSchedeMalattieInfettive.jsp?lingua=italiano&amp;id=215&amp;area=Malattie%20infettive&amp;menu=indiceAZ&amp;tab=7<\/a>\u00a0).<br \/>\nLe Autorit\u00e0 peruviane hanno pertanto prorogato lo <strong>stato di emergenza sanitaria<\/strong>, in diverse regioni del Per\u00f9 (<a href=\"https:\/\/busquedas.elperuano.pe\/dispositivo\/NL\/2291718-3\" target=\"_blank\" rel=\"noopener\">Decreto Supremo n.\u00b0 012-2024-SA<\/a>), <strong>fino al 28 luglio 2024<\/strong>: si tratta della quasi totalit\u00e0 dei seguenti Dipartimenti: Amazonas, Ancash, Ayacucho, Cajamarca, Cusco, Hu\u00e1nuco, Ica, Jun\u00edn, La Libertad, Lambayeque, Lima, Loreto, Madre de Dios, Pasco, Piura, Puno, San Mart\u00edn, Tumbes, Ucayali e la Provincia Costituzionale del Callao.<\/div>\n<div><\/div>\n<\/div>\n<div class=\"col-12 mt-5 fst-italic\" style=\"text-align: justify;\"><span style=\"text-decoration: underline;\"><strong>AGGIORNAMENTO 28 MAGGIO 2024<\/strong><\/span><\/div>\n<div class=\"col-12 mt-5 fst-italic\" style=\"text-align: justify;\"><strong>PERU&#8217;: SITUAZIONE DI SICUREZZA<\/strong><\/div>\n<div style=\"text-align: justify;\">\n<p>A causa dei violenti disordini politici e sociali, che si stanno registrando in Per\u00f9, dopo il fallito Colpo di Stato dell\u2019ex Presidente Castillo, ampie aree del Paese si trovano ancora in stato di emergenza, per minacce all\u2019ordine interno e per terrorismo.<\/p>\n<p>Da ultimo, i collettivi rurali spontanei della regione di Cusco, che avevano avviato nuove proteste contro il Governo centrale, bloccando gli accessi alla cittadella di Machu Picchu, hanno sospeso lo sciopero lo scorso febbraio: si raccomanda, tuttavia, massima cautela, poich\u00e9 la tensione potrebbe riacutizzarsi. Al momento, la situazione generale di sicurezza nella regione \u00e8 sotto controllo. Ciononostante, si invitano i connazionali eventualmente presenti in loco, ad esercitare massima prudenza.<\/p>\n<p>Si informa altres\u00ec che \u00e8 stato prorogato lo specifico stato di emergenza, al momento in vigore <strong>fino al 9 luglio 2024<\/strong>, alla frontiera con l\u2019Ecuador, in cui si trova il dipartimento di <strong>Tumbes<\/strong> (Decreto Supremo N\u00b0 048-2024-PCM), per gravissimi episodi di narcotraffico e di criminalit\u00e0 organizzata.<\/p>\n<p>\u00c8 stato poi prolungato lo stato d\u2019emergenza per gravi minacce all&#8217;ordine interno, e in primo luogo, criminalit\u00e0 comune ed organizzata nella quasi totalit\u00e0 dei Dipartimenti di L<strong>a Libertad fino al 13 giugno 2024<\/strong> (Decreto Supremo N\u00b0 041-2024-PCM e 042-2024-PCM) e <strong>Loreto fino al 12 giugno 2024<\/strong> (Decreto Supremo N\u00b0 040-2024-PCM ).<\/p>\n<p>Inoltre, alla luce di potenziali nuove ondate di protesta, con il Decreto Supremo n. 047-2024-PCM, \u00e8 stato prorogato <strong>fino al 4 giugno 2024<\/strong> lo stato di emergenza sulla <strong>Rete Stradale Sud Apurimac-Cusco-Arequipa<\/strong>: nell\u2019ultima proroga sono stati ampliati i poteri di controllo conferiti all\u2019Esercito e alla Polizia. In questo contesto, si segnala che potrebbe non essere sempre garantita la piena operativit\u00e0 degli aeroporti interni, soprattutto di Cusco, di Arequipa e di Puno.<\/p>\n<p>Con nuovi Decreti Supremi (N\u00b0039-2024-PCM, N\u00b0044-2024-PCM, N\u00b0045-2024-PCM, N\u00b0049-2024-PCM), le Autorit\u00e0 peruviane hanno dichiarato lo stato di emergenza, con scadenza al 29 giugno 2024, nei Dipartimenti di <strong>\u00c1ncash, Apur\u00edmac, Arequipa, Ayacucho, Cajamarca, Cusco, Huancavelica, Hu\u00e1nuco, Jun\u00edn, La Libertad, Lima, Loreto, Moquegua, Puno, San Mart\u00edn e\u00a0 Ucayali<\/strong> a causa del concreto pericolo di nuove alluvioni.\u00a0 Inoltre, \u00e8 in stato di emergenza <strong>fino al 7 luglio 2024<\/strong> il Dipartimento di <strong>Cusco<\/strong> a causa dei gravi danni delle recenti piogge e scosse (Decreto Supremo N\u00ba 046-2024-PCM, N\u00ba 050-2024-PCM).<\/p>\n<p>Dato il deterioramento generale della situazione di sicurezza, si invitano i connazionali -temporaneamente presenti nel Paese o che intendano pianificare un viaggio &#8211; ad evitare, per qualsiasi ragione, di recarsi nelle zone periferiche delle principali citt\u00e0, cos\u00ec come nelle zone all\u2019interno del Paese o comunque di difficile accesso, ad evitare sempre ogni forma di assembramento, ad adottare estrema prudenza, ad attenersi alle indicazioni delle Autorit\u00e0 locali e a mantenersi in contatto con le Forze dell\u2019Ordine del luogo in cui ci si trovi, in modo da poter essere pi\u00f9 facilmente raggiunti in caso di emergenza. I viaggiatori possono, inoltre, scaricare l&#8217;applicazione della Polizia Turistica del Per\u00f9 sul proprio smartphone o laptop (POLTUR Central Lima 01 4601060; IPER\u00da WhatsApp +51 944492314; mail <a href=\"mailto:proteccionalturista@mincetur.gob.pe\">proteccionalturista@mincetur.gob.pe<\/a>\u00a0).<\/p>\n<p>Si invitano, parimenti, tutti i connazionali temporaneamente presenti a scaricare la APP \u201cViaggiare Sicuri&#8221;, attivando la geolocalizzazione, e a registrare il proprio viaggio sul sito \u201cDove Siamo nel Mondo\u201d. Per comprovate emergenze, l&#8217;Ambasciata a Lima \u00e8 reperibile, h 24\/7, al\u00a0 numero di emergenza +51 997232073.<\/p>\n<div class=\"col-12 title\"><strong>PERU\u2019: situazione sanitaria<\/strong><\/div>\n<div class=\"col-12\">\n<p>I casi di Dengue in tutto il Paese, anche a causa del fenomeno &#8220;El Ni\u00f1o&#8221;, sono aumentati in modo preoccupante ed esponenziale: in ragione dello straordinario incremento dei contagi e delle correlate criticit\u00e0 strutturali del sistema sanitario peruviano, in forte crisi, si raccomanda ai viaggiatori massima prudenza e di consultare attentamente la sezione \u201cPrevenzione\u201d e \u201cRaccomandazioni per i viaggiatori\u201d pubblicate sul sito istituzionale del Ministero della Salute (<a href=\"https:\/\/www.salute.gov.it\/portale\/malattieInfettive\/dettaglioSchedeMalattieInfettive.jsp?lingua=italiano&amp;id=215&amp;area=Malattie%20infettive&amp;menu=indiceAZ&amp;tab=7\">https:\/\/www.salute.gov.it\/portale\/malattieInfettive\/dettaglioSchedeMalattieInfettive.jsp?lingua=italiano&amp;id=215&amp;area=Malattie%20infettive&amp;menu=indiceAZ&amp;tab=7<\/a>\u00a0).<\/p>\n<p>Alla luce di quanto sopra, si informa che le Autorit\u00e0 peruviane hanno prorogato lo stato di emergenza sanitaria in diverse regioni del Per\u00f9 (<a href=\"https:\/\/busquedas.elperuano.pe\/dispositivo\/NL\/2291718-3\">Decreto Supremo n.\u00b0 012-2024-SA<\/a>) fino al 28 luglio 2024: si tratta della quasi totalit\u00e0 dei seguenti Dipartimenti: Amazonas, Ancash, Ayacucho, Cajamarca, Cusco, Hu\u00e1nuco, Ica, Jun\u00edn, La Libertad, Lambayeque, Lima, Loreto, Madre de Dios, Pasco, Piura, Puno, San Mart\u00edn, Tumbes, Ucayali e la Provincia Costituzionale del Callao.<\/p>\n<\/div>\n<\/div>\n<div style=\"text-align: justify;\"><\/div>\n<div class=\"row\" style=\"text-align: justify;\">\n<div class=\"col-12 mt-5 fst-italic\" style=\"text-align: justify;\"><span style=\"text-decoration: underline;\"><strong>AGGIORNAMENTO 22 MAGGIO 2024<\/strong><\/span><\/div>\n<div class=\"col-12 mt-5 fst-italic\" style=\"text-align: justify;\"><strong>PERU&#8217;: SITUAZIONE DI SICUREZZA.<\/strong><\/div>\n<div>\n<p style=\"text-align: justify;\">A causa dei violenti disordini politici e sociali, che si stanno registrando in Per\u00f9, dopo il fallito Colpo di Stato dell\u2019ex Presidente Castillo, ampie aree del Paese si trovano ancora in stato di emergenza, per minacce all\u2019ordine interno e per terrorismo.<\/p>\n<p style=\"text-align: justify;\">Da ultimo, i collettivi rurali spontanei della regione di Cusco, che avevano avviato nuove proteste contro il Governo centrale, bloccando gli accessi alla cittadella di Machu Picchu, hanno sospeso lo sciopero lo scorso febbraio: si raccomanda, tuttavia, massima cautela, poich\u00e9 la tensione potrebbe riacutizzarsi. Al momento, la situazione generale di sicurezza nella regione \u00e8 sotto controllo. Ciononostante, si invitano i connazionali eventualmente presenti in loco, ad esercitare massima prudenza.<\/p>\n<p style=\"text-align: justify;\">Si informa altres\u00ec che \u00e8 stato prorogato lo specifico stato di emergenza, al momento in vigore <strong>fino al 9 luglio 2024<\/strong>, alla frontiera con l\u2019Ecuador, in cui si trova il dipartimento di <strong>Tumbes<\/strong> (Decreto Supremo N\u00b0 048-2024-PCM), per gravissimi episodi di narcotraffico e di criminalit\u00e0 organizzata.<\/p>\n<p style=\"text-align: justify;\">\u00c8 stato poi prolungato lo stato d\u2019emergenza per gravi minacce all&#8217;ordine interno, e in primo luogo, criminalit\u00e0 comune ed organizzata nella quasi totalit\u00e0 dei Dipartimenti di L<strong>a Libertad fino al 13 giugno 2024<\/strong> (Decreto Supremo N\u00b0 041-2024-PCM e 042-2024-PCM) e <strong>Loreto fino al 12 giugno 2024<\/strong> (Decreto Supremo N\u00b0 040-2024-PCM ).<\/p>\n<p style=\"text-align: justify;\">Inoltre, alla luce di potenziali nuove ondate di protesta, con il Decreto Supremo n. 047-2024-PCM, \u00e8 stato prorogato <strong>fino al 4 giugno 2024<\/strong> lo stato di emergenza sulla <strong>Rete Stradale Sud Apurimac-Cusco-Arequipa<\/strong>: nell\u2019ultima proroga sono stati ampliati i poteri di controllo conferiti all\u2019Esercito e alla Polizia. In questo contesto, si segnala che potrebbe non essere sempre garantita la piena operativit\u00e0 degli aeroporti interni, soprattutto di Cusco, di Arequipa e di Puno.<\/p>\n<p style=\"text-align: justify;\">Con nuovi Decreti Supremi (N\u00b0039-2024-PCM, N\u00b0044-2024-PCM, N\u00b0045-2024-PCM, N\u00b0049-2024-PCM), le Autorit\u00e0 peruviane hanno dichiarato lo stato di emergenza, con scadenza al 29 giugno 2024, nei Dipartimenti di <strong>\u00c1ncash, Apur\u00edmac, Arequipa, Ayacucho, Cajamarca, Cusco, Huancavelica, Hu\u00e1nuco, Jun\u00edn, La Libertad, Lima, Loreto, Moquegua, Puno, San Mart\u00edn e\u00a0 Ucayali<\/strong> a causa del concreto pericolo di nuove alluvioni.\u00a0 Inoltre, \u00e8 in stato di emergenza <strong>fino al 7 luglio 2024<\/strong> il Dipartimento di <strong>Cusco<\/strong> a causa dei gravi danni delle recenti piogge e scosse (Decreto Supremo N\u00ba 046-2024-PCM, N\u00ba 050-2024-PCM).<\/p>\n<p style=\"text-align: justify;\">Dato il deterioramento generale della situazione di sicurezza, si invitano i connazionali -temporaneamente presenti nel Paese o che intendano pianificare un viaggio &#8211; ad evitare, per qualsiasi ragione, di recarsi nelle zone periferiche delle principali citt\u00e0, cos\u00ec come nelle zone all\u2019interno del Paese o comunque di difficile accesso, ad evitare sempre ogni forma di assembramento, ad adottare estrema prudenza, ad attenersi alle indicazioni delle Autorit\u00e0 locali e a mantenersi in contatto con le Forze dell\u2019Ordine del luogo in cui ci si trovi, in modo da poter essere pi\u00f9 facilmente raggiunti in caso di emergenza. I viaggiatori possono, inoltre, scaricare l&#8217;applicazione della Polizia Turistica del Per\u00f9 sul proprio smartphone o laptop (POLTUR Central Lima 01 4601060; IPER\u00da WhatsApp +51 944492314; mail <a href=\"mailto:proteccionalturista@mincetur.gob.pe\">proteccionalturista@mincetur.gob.pe<\/a>\u00a0).<\/p>\n<p style=\"text-align: justify;\">Si invitano, parimenti, tutti i connazionali temporaneamente presenti a scaricare la APP \u201cViaggiare Sicuri&#8221;, attivando la geolocalizzazione, e a registrare il proprio viaggio sul sito \u201cDove Siamo nel Mondo\u201d. Per comprovate emergenze, l&#8217;Ambasciata a Lima \u00e8 reperibile, h 24\/7, al\u00a0 numero di emergenza +51 997232073.<\/p>\n<div class=\"col-12 title\" style=\"text-align: justify;\"><strong>PERU\u2019: situazione sanitaria<\/strong><\/div>\n<div class=\"col-12\" style=\"text-align: justify;\">I casi di Dengue in tutto il Paese, anche a causa del fenomeno &#8220;El Ni\u00f1o&#8221;, stanno aumentando in modo preoccupante ed esponenziale: in ragione di questo straordinario incremento dei contagi e delle correlate criticit\u00e0 strutturali del sistema sanitario peruviano, in forte crisi, si raccomanda ai viaggiatori massima prudenza e di consultare attentamente la sezione \u201cPrevenzione\u201d e \u201cRaccomandazioni per i viaggiatori\u201d pubblicate sul sito istituzionale del Ministero della Salute (<a href=\"https:\/\/www.salute.gov.it\/portale\/malattieInfettive\/dettaglioSchedeMalattieInfettive.jsp?lingua=italiano&amp;id=215&amp;area=Malattie%20infettive&amp;menu=indiceAZ&amp;tab=7\" target=\"_blank\" rel=\"noopener\">https:\/\/www.salute.gov.it\/portale\/malattieInfettive\/dettaglioSchedeMalattieInfettive.jsp?lingua=italiano&amp;id=215&amp;area=Malattie%20infettive&amp;menu=indiceAZ&amp;tab=7<\/a> ).<br \/>\nSi informa altres\u00ec che le Autorit\u00e0 peruviane hanno gi\u00e0 dichiarato in stato di emergenza diverse regioni del Per\u00f9 (Decreto Supremo n.\u00b0 004-2024-SA), fino al 28 maggio 2024: si tratta della quasi totalit\u00e0 dei seguenti Dipartimenti: Amazonas, Ancash, Ayacucho, Cajamarca, Cusco, Hu\u00e1nuco, Ica, Jun\u00edn, La Libertad, Lambayeque, Lima, Loreto, Madre de Dios, Pasco, Piura, Puno, San Mart\u00edn, Tumbes y Ucayali e la Provincia Costituzionale del Callao.<\/div>\n<\/div>\n<div><\/div>\n<div class=\"col-12 mt-5 fst-italic\" style=\"text-align: justify;\"><span style=\"text-decoration: underline;\"><strong>AGGIORNAMENTO 3 APRILE 2024<\/strong><\/span><\/div>\n<\/div>\n<div class=\"row\" style=\"text-align: justify;\">\n<div class=\"col-12\" style=\"text-align: justify;\">A causa dei violenti disordini politici e sociali, che si stanno registrando in Per\u00f9, dopo il fallito Colpo di Stato dell\u2019ex Presidente Castillo, ampie aree del Paese si trovano ancora in stato di emergenza, per minacce all\u2019ordine interno e per terrorismo.<br \/>\nDa ultimo, i collettivi rurali spontanei della regione di Cusco, che avevano avviato nuove proteste contro il Governo centrale, bloccando gli accessi alla cittadella di Machu Picchu, hanno sospeso lo sciopero lo scorso febbraio: si raccomanda, tuttavia, massima cautela, poich\u00e9 la tensione potrebbe riacutizzarsi. Al momento, la situazione generale di sicurezza nella regione \u00e8 sotto controllo. Ciononostante, si invitano i connazionali eventualmente presenti in loco, ad esercitare massima prudenza.<br \/>\nSi informa altres\u00ec che \u00e8 stato dichiarato uno specifico stato di emergenza, al momento in vigore fino al 10 maggio 2024, alla frontiera con l\u2019Ecuador, in cui si trova il dipartimento di Tumbes (Decreto Supremo N\u00b0 025-2024-PCM), per gravissimi episodi di narcotraffico e di criminalit\u00e0 organizzata.<br \/>\n\u00c8 stato poi prorogato lo stato d\u2019emergenza per gravi minacce all&#8217;ordine interno, e in primo luogo, criminalit\u00e0 comune ed organizzata nella quasi totalit\u00e0 dei seguenti Dipartimenti: La Libertad fino al 13 aprile 2024 (Decreto Supremo N\u00b0 018-2024-PCM e N\u00b0 019-2024-PCM), Loreto fino al 13 aprile 2024 (Decreto Supremo N\u00b0 013-2024-PCM ), Madre de Dios fino al 1 aprile 2024\u00a0 (Decreto Supremo N\u00b0 009-2024-PCM), Ayacucho, Huancavelica, Cusco, Jun\u00edn, H\u00faanuco, Pasco e Ucayali fino 05 aprile 2024 (Decreto Supremo N\u00b0 010-2024-PCM).<br \/>\nInoltre, alla luce di potenziali nuove ondate di protesta, con il Decreto Supremo n. 024-2024-PCM, \u00e8 stato prorogato fino al 5 aprile 2024 lo stato di emergenza sulla Rete Stradale Sud Apurimac-Cusco-Arequipa: nell\u2019ultima proroga sono stati ampliati i poteri di controllo conferiti all\u2019Esercito e alla Polizia. In questo contesto, si segnala che potrebbe non essere sempre garantita la piena operativit\u00e0 degli aeroporti interni, soprattutto di Cusco, di Arequipa e di Puno.<br \/>\nCon un nuovo Decreto Supremo (N\u00b0006-2024-PCM, N\u00b0020-2024-PCM e N\u00b0020-2024-PCM), le Autorit\u00e0 peruviane hanno dichiarato lo stato di emergenza, con scadenza al 26 aprile 2024, nei Dipartimenti di Amazonas, \u00c1ncash, Apur\u00edmac, Arequipa, Ayacucho, Cajamarca, Cusco, Huancavelica, Hu\u00e1nuco, Ica, Jun\u00edn, La Libertad, Lima, Loreto, Madre de Dios, Moquegua, Pasco, Piura, Puno, San Mart\u00edn, Tacna, Tumbes e Ucayali a causa del concreto pericolo di nuove alluvioni.\u00a0 Inoltre, \u00e8 in stato di emergenza fino al 13 maggio 2024 il Dipartimento di Cusco a causa dei gravi danni delle recenti piogge (Decreto Supremo N\u00ba 026-2024-PCM, N\u00ba 027-2024-PCM e N\u00b0 031-2024-PCM).<br \/>\nDato il deterioramento generale della situazione di sicurezza, si invitano i connazionali &#8211; temporaneamente presenti nel Paese o che intendano pianificare un viaggio &#8211; ad evitare, per qualsiasi ragione, di recarsi nelle zone periferiche delle principali citt\u00e0, cos\u00ec come nelle zone all\u2019interno del Paese o comunque di difficile accesso, ad evitare sempre ogni forma di assembramento, ad adottare estrema prudenza, ad attenersi alle indicazioni delle Autorit\u00e0 locali e a mantenersi in contatto con le Forze dell\u2019Ordine del luogo in cui ci si trovi, in modo da poter essere pi\u00f9 facilmente raggiunti in caso di emergenza. I viaggiatori possono, inoltre, scaricare l&#8217;applicazione della Polizia Turistica del Per\u00f9 sul proprio smartphone o laptop (POLTUR Central Lima 01 4601060; IPER\u00da WhatsApp +51 944492314; mail <a href=\"mailto:proteccionalturista@mincetur.gob.pe\" target=\"_blank\" rel=\"noopener\">proteccionalturista@mincetur.gob.pe<\/a> ).<br \/>\nSi invitano, parimenti, tutti i connazionali temporaneamente presenti a scaricare la APP \u201cViaggiare Sicuri&#8221;, attivando la geolocalizzazione, e a registrare il proprio viaggio sul sito \u201cDove Siamo nel Mondo\u201d. Per comprovate emergenze, l&#8217;Ambasciata a Lima \u00e8 reperibile, h 24\/7, al\u00a0 numero di emergenza +51 997232073.<\/div>\n<\/div>\n<div class=\"row\" style=\"text-align: justify;\">\n<div class=\"col-12 title\" style=\"text-align: justify;\"><strong>PERU\u2019: situazione sanitaria<\/strong><\/div>\n<div class=\"col-12\" style=\"text-align: justify;\">I casi di Dengue in tutto il Paese, anche a causa del fenomeno &#8220;El Ni\u00f1o&#8221;, stanno aumentando in modo preoccupante ed esponenziale: in ragione di questo straordinario incremento dei contagi e delle correlate criticit\u00e0 strutturali del sistema sanitario peruviano, in forte crisi, si raccomanda ai viaggiatori massima prudenza e di consultare attentamente la sezione \u201cPrevenzione\u201d e \u201cRaccomandazioni per i viaggiatori\u201d pubblicate sul sito istituzionale del Ministero della Salute (<a href=\"https:\/\/www.salute.gov.it\/portale\/malattieInfettive\/dettaglioSchedeMalattieInfettive.jsp?lingua=italiano&amp;id=215&amp;area=Malattie%20infettive&amp;menu=indiceAZ&amp;tab=7\" target=\"_blank\" rel=\"noopener\">https:\/\/www.salute.gov.it\/portale\/malattieInfettive\/dettaglioSchedeMalattieInfettive.jsp?lingua=italiano&amp;id=215&amp;area=Malattie%20infettive&amp;menu=indiceAZ&amp;tab=7<\/a> ).<br \/>\nSi informa altres\u00ec che le Autorit\u00e0 peruviane hanno gi\u00e0 dichiarato in stato di emergenza diverse regioni del Per\u00f9 (Decreto Supremo n.\u00b0 004-2024-SA), fino al 28 maggio 2024: si tratta della quasi totalit\u00e0 dei seguenti Dipartimenti: Amazonas, Ancash, Ayacucho, Cajamarca, Cusco, Hu\u00e1nuco, Ica, Jun\u00edn, La Libertad, Lambayeque, Lima, Loreto, Madre de Dios, Pasco, Piura, Puno, San Mart\u00edn, Tumbes y Ucayali e la Provincia Costituzionale del Callao.<\/div>\n<div><\/div>\n<\/div>\n<div class=\"col-12 mt-5 fst-italic\" style=\"text-align: justify;\">\n<div class=\"col-12 mt-5 fst-italic\"><span style=\"text-decoration: underline;\"><strong>AGGIORNAMENTO 4 MARZO 2024<\/strong><\/span><\/div>\n<\/div>\n<div style=\"text-align: justify;\">\n<p style=\"text-align: justify;\"><strong>PERU&#8217;: situazione generale di sicurezza<\/strong><\/p>\n<p style=\"text-align: justify;\">A causa dei violenti disordini politici e sociali che si stanno registrando in Per\u00f9 dopo il fallito Colpo di Stato dell\u2019ex Presidente Castillo, ampie aree del Paese si trovano ancora in stato di emergenza per minacce all\u2019ordine interno e per terrorismo.<\/p>\n<p style=\"text-align: justify;\">Da ultimo, i collettivi rurali spontanei della regione di Cusco, che avevano avviato nuove proteste contro il Governo centrale bloccando gli accessi alla cittadella di Machu Picchu, hanno sospeso lo sciopero. Si raccomanda, tuttavia, massima cautela, poich\u00e9 la tensione potrebbe riacutizzarsi. Al momento, la situazione generale di sicurezza nella regione \u00e8 sotto controllo. Ciononostante, si invitano i connazionali eventualmente presenti in loco ad esercitare massima prudenza.<\/p>\n<p style=\"text-align: justify;\">Si informa altres\u00ec che \u00e8 stato dichiarato uno specifico stato di emergenza, al momento in vigore fino al 10 marzo 2024, alla frontiera con l\u2019Ecuador, in cui si trovano i dipartimenti di Tumbes, Piura, Cajamarca, Amazonas e Loreto (Decreto Supremo N\u00b0 003-2024-PCM), per gravissimi episodi di narcotraffico e criminalit\u00e0 organizzata.<\/p>\n<p style=\"text-align: justify;\">\u00c8 stato poi prorogato lo stato d\u2019emergenza per gravi minacce all&#8217;ordine interno, e in primo luogo, criminalit\u00e0 comune e organizzata nella quasi totalit\u00e0 dei seguenti Dipartimenti: La Libertad fino al 13 aprile 2024 (Decreto Supremo N\u00b0 018-2024-PCM e N\u00b0 019-2024-PCM), Loreto fino al 13 aprile 2024 (Decreto Supremo N\u00b0 013-2024-PCM ), Tumbes, Piura, Cajamarca, Amazonas e Loreto fino al 10 marzo 2024 (Decreto Supremo N\u00b0 003-2024-PCM), Madre de Dios fino al 1 aprile 2024\u00a0 (Decreto Supremo N\u00b0 009-2024-PCM), Ayacucho, Huancavelica, Cusco, Jun\u00edn, H\u00faanuco, Pasco e Ucayali fino 05 aprile 2024 (Decreto Supremo N\u00b0 010-2024-PCM).<\/p>\n<p style=\"text-align: justify;\">Inoltre, alla luce di potenziali nuove ondate di protesta, \u00e8 stato prorogato fino al 6 marzo 2024 lo stato di emergenza sulla Rete Stradale Sud Apurimac-Cusco-Arequipa: nell\u2019ultima proroga sono stati ampliati i poteri di controllo conferiti all\u2019Esercito e alla Polizia. In questo contesto, si segnala che potrebbe non essere sempre garantita la piena operativit\u00e0 degli aeroporti interni, soprattutto di Cusco, di Arequipa e di Puno.<\/p>\n<p style=\"text-align: justify;\">Con un nuovo Decreto Supremo (N\u00b0006-2024-PCM, N\u00b0020-2024-PCM e N\u00b0020-2024-PCM), le Autorit\u00e0 peruviane hanno dichiarato lo stato di emergenza, con scadenza al 26 aprile 2024, nei Dipartimenti di Amazonas, \u00c1ncash, Apur\u00edmac, Arequipa, Ayacucho, Cajamarca, Cusco, Huancavelica, Hu\u00e1nuco, Ica, Jun\u00edn, La Libertad, Lima, Loreto, Madre de Dios, Moquegua, Pasco, Piura, Puno, San Mart\u00edn, Tumbes e Ucayali a causa del concreto pericolo di nuove alluvioni.\u00a0 Inoltre, \u00e8 in stato di emergenza fino al 5 aprile 2024 il Dipartimento di Cusco a causa dei gravi danni delle recenti piogge (Decreto Supremo N\u00ba 007-2024-PCM).<\/p>\n<p style=\"text-align: justify;\">Dato il deterioramento generale della situazione di sicurezza, si invitano i connazionali &#8211; temporaneamente presenti nel Paese o che intendano pianificare un viaggio &#8211; ad evitare per qualsiasi ragione di recarsi nelle zone periferiche delle principali citt\u00e0, cos\u00ec come nelle zone all\u2019interno del Paese o comunque di difficile accesso, ad evitare sempre ogni forma di assembramento, ad adottare estrema prudenza, ad attenersi alle indicazioni delle Autorit\u00e0 locali e a mantenersi in contatto con le Forze dell\u2019Ordine del luogo in cui ci si trovi, in modo da poter essere pi\u00f9 facilmente raggiunti in caso di emergenza. I viaggiatori possono, inoltre, scaricare l&#8217;applicazione della Polizia Turistica del Per\u00f9 sul proprio smartphone o laptop (POLTUR Central Lima 01 4601060; IPER\u00da WhatsApp +51 944492314; mail <a href=\"mailto:proteccionalturista@mincetur.gob.pe\">proteccionalturista@mincetur.gob.pe<\/a> ).<\/p>\n<p style=\"text-align: justify;\">Si invitano, parimenti, tutti i connazionali temporaneamente presenti a scaricare la APP \u201cViaggiare Sicuri&#8221;, attivando la geolocalizzazione, e a registrare il proprio viaggio sul sito \u201cDove Siamo nel Mondo\u201d. Per comprovate emergenze, l&#8217;Ambasciata a Lima \u00e8 reperibile 24\/7 al\u00a0 numero di emergenza +51 997232073.<\/p>\n<p style=\"text-align: justify;\"><strong>PERU\u2019: situazione sanitaria<\/strong><\/p>\n<p style=\"text-align: justify;\">Si informa che, a seguito dell\u2019elevato incremento dei contagi da Dengue in diverse regioni del Per\u00f9, il Governo, con Decreto Supremo n.\u00b0 004-2024-SA, ha dichiarato lo stato di emergenza fino al 28 maggio 2024 nella quasi totalit\u00e0 dei seguenti Dipartimenti: Amazonas, Ancash, Ayacucho, Cajamarca, Cusco, Hu\u00e1nuco, Ica, Jun\u00edn, La Libertad, Lambayeque, Lima, Loreto, Madre de Dios, Pasco, Piura, Puno, San Mart\u00edn, Tumbes y Ucayali e la Provincia Costituzionale del Callao. Si raccomanda pertanto la massima cautela.<\/p>\n<\/div>\n<div style=\"text-align: justify;\"><\/div>\n<div class=\"col-12 mt-5 fst-italic\" style=\"text-align: justify;\"><span style=\"text-decoration: underline;\"><strong>AGGIORNAMENTO 3 FEBBRAIO 2024<\/strong><\/span><\/div>\n<div style=\"text-align: justify;\"><\/div>\n<div class=\"col-12 title\" style=\"text-align: justify;\"><strong>PERU&#8217;: situazione di sicurezza.<\/strong><\/div>\n<div style=\"text-align: justify;\"><\/div>\n<div class=\"col-12\" style=\"text-align: justify;\">A causa dei violenti disordini politici e sociali che si stanno registrando in Per\u00f9 dopo il fallito Colpo di Stato dell\u2019ex Presidente Castillo, ampie aree del Paese si trovano ancora in stato di emergenza per minacce all\u2019ordine interno e per terrorismo. Da ultimo, i collettivi rurali spontanei della regione di Cusco, che avevano avviato nuove proteste contro il Governo centrale bloccando gli accessi alla cittadella di Macchu Picchu, hanno sospeso lo sciopero. Si raccomanda, tuttavia, massima cautela, poich\u00e9 la tensione potrebbe riacutizzarsi. Al momento, la situazione generale di sicurezza nella regione \u00e8 sotto controllo. Ciononostante, si invitano i connazionali eventualmente presenti in loco ad esercitare massima prudenza.<\/div>\n<div class=\"col-12\" style=\"text-align: justify;\">Si informa altres\u00ec che \u00e8 stato dichiarato uno specifico stato di emergenza, al momento in vigore fino al 10 marzo 2024, alla frontiera con l\u2019Ecuador, in cui si trovano i dipartimenti di Tumbes, Piura, Cajamarca, Amazonas e Loreto (Decreto Supremo N\u00b0 003-2024-PCM), per gravissimi episodi di narcotraffico e criminalit\u00e0 organizzata.<\/div>\n<div class=\"col-12\" style=\"text-align: justify;\">\u00c8 stato poi prorogato lo stato d\u2019emergenza nella quasi totalit\u00e0 dei seguenti Dipartimenti: La Libertad fino al 14 febbraio 2024 (Decreto Supremo N\u00b0 002-2024-PCM), Loreto fino al 29 febbraio (Decreto Supremo N\u00b0 147-2023-PCM), Tumbes, Piura, Cajamarca, Amazonas e Loreto fino al 10 marzo 2024 (Decreto Supremo N\u00b0 003-2024-PCM), Madre de Dios fino al 1 aprile 2024\u00a0 (Decreto Supremo N\u00b0 009-2024-PCM), Ayacucho, Huancavelica, Cusco e Jun\u00edn H\u00faanuco, Pasco e Ucayali fino 05 aprile 2024 (Decreto Supremo N\u00b0 010-2024-PCM).<\/div>\n<div class=\"col-12\" style=\"text-align: justify;\">Inoltre, alla luce di potenziali nuove ondate di protesta, \u00e8 stato prorogato fino al 5 febbraio 2024 lo stato di emergenza su tutta la rete stradale peruviana (Decreto Supremo N\u00b0 001-2024-PCM) e fino al 6 marzo 2024 sulla Rete Stradale Sud Apurimac-Cusco-Arequipa: nell\u2019ultima proroga sono stati ampliati i poteri di controllo conferiti all\u2019Esercito e alla Polizia. In questo contesto, si segnala che potrebbe non essere sempre garantita la piena operativit\u00e0 degli aeroporti interni, soprattutto di Cusco, di Arequipa e di Puno.<\/div>\n<div class=\"col-12\" style=\"text-align: justify;\">Con un nuovo Decreto Supremo (N\u00b0006-2024-PCM), le Autorit\u00e0 peruviane hanno dichiarato lo stato di emergenza, con scadenza al 4 aprile 2024, nei Dipartimenti di Amazonas, \u00c1ncash, Arequipa, Ayacucho, Cajamarca, Ica, La Libertad, Lambayeque, Lima, Pasco, Piura, San Mart\u00edn e Tumbes a causa del concreto pericolo di nuove alluvioni. \u00a0Inoltre, \u00e8 in stato di emergenza fino al 5 aprile 2024 il Dipartimento di Cusco a causa dei gravi danni delle recenti piogge (Decreto Supremo N\u00ba 007-2024-PCM). Infine, a causa della grave siccit\u00e0 causata dal fenomeno del Ni\u00f1o, sono in stato di emergenza i Dipartimenti di \u00c1ncash, Apur\u00edmac, Arequipa, Ayacucho, Cusco, Huancavelica, Hu\u00e1nuco, Ica, Jun\u00edn, Lima, Pasco, Puno e Tacna fino al 29 febbraio 2024 (Decreto Supremo N\u00b0 142-2023-PCM).<\/div>\n<div class=\"col-12\" style=\"text-align: justify;\">Dato il deterioramento generale della situazione di sicurezza, si invitano i connazionali &#8211; temporaneamente presenti nel Paese o che intendano pianificare un viaggio &#8211; ad evitare per qualsiasi ragione di recarsi nelle zone periferiche delle principali citt\u00e0, cos\u00ec come nelle zone all\u2019interno del Paese o comunque di difficile accesso, ad evitare sempre ogni forma di assembramento, ad adottare estrema prudenza, ad attenersi alle indicazioni delle Autorit\u00e0 locali e a mantenersi in contatto con le Forze dell\u2019Ordine del luogo in cui ci si trovi, in modo da poter essere pi\u00f9 facilmente raggiunti in caso di emergenza. I viaggiatori possono, inoltre, scaricare l&#8217;applicazione della Polizia Turistica del Per\u00f9 sul proprio smartphone o laptop (POLTUR Central Lima 01 4601060; IPER\u00da WhatsApp +51 944492314; mail <a href=\"mailto:proteccionalturista@mincetur.gob.pe\" target=\"_blank\" rel=\"noopener\">proteccionalturista@mincetur.gob.pe<\/a> ).<\/div>\n<div class=\"col-12\" style=\"text-align: justify;\">Si invitano, parimenti, tutti i connazionali temporaneamente presenti a scaricare la APP \u201cViaggiare Sicuri&#8221;, attivando la geolocalizzazione, e a registrare il proprio viaggio sul sito \u201cDove Siamo nel Mondo\u201d. Per comprovate emergenze, l&#8217;Ambasciata a Lima \u00e8 reperibile 24\/7 al\u00a0 numero di emergenza +51 997232073.<\/div>\n<p style=\"text-align: justify;\"><span style=\"text-decoration: underline;\"><strong>AGGIORNAMENTO 29 GENNAIO 2024<\/strong><\/span><\/p>\n<p style=\"text-align: justify;\"><strong>PERU&#8217;: situazione di sicurezza.<\/strong><\/p>\n<p style=\"text-align: justify;\">A causa dei violenti disordini politici e sociali, che si stanno registrando in Per\u00f9, dopo il fallito Colpo di Stato dell\u2019ex Presidente Castillo, ampie aree del Paese si trovano ancora in stato di emergenza, per minacce all\u2019ordine interno e per terrorismo.<\/p>\n<p style=\"text-align: justify;\">Da ultimo, collettivi rurali spontanei hanno bloccato l\u2019accesso al sito archeologico di Macchu Picchu, che risulta quindi inaccessibile, in aperta opposizione al Governo centrale. Al momento la situazione generale di sicurezza nel distretto di Cusco \u00e8 sotto controllo ma si invitano i connazionali eventualmente presenti in loco ad esercitare massima prudenza in vista di un possibile aggravarsi delle proteste e, ove possibile, prevedere altre destinazioni di viaggio.<br \/>\nE&#8217; stato dichiarato uno specifico stato di emergenza, al momento in vigore fino al 10 marzo 2024, nella frontiera con l\u2019Ecuador, in cui si trovano i dipartimenti di Tumbes, Piura, Cajamarca, Amazonas e Loreto (Decreto Supremo N\u00b0 003-2024-PCM) per narcotraffico e criminalit\u00e0 organizzata.<\/p>\n<p style=\"text-align: justify;\">E&#8217; stato poi prorogato lo stato d\u2019emergenza nella quasi totalit\u00e0 dei seguenti Dipartimenti: La Libertad fino al 14 febbraio 2024 (Decreto Supremo N\u00b0 003-2024-PCM), Loreto fino al 29 febbraio (Decreto Supremo N\u00b0 147-2023-PCM), Tumbes, Piura e Tacna fino al 23 gennaio 2024 (Decreto Supremo N\u00b0 127-2023-PCM), Madre de Dios fino al 1 febbraio 2024\u00a0 (Decreto Supremo N\u00b0 131-2023-PCM), Ayacucho, Huancavelica, Cusco, Jun\u00edn H\u00faanuco, Pasco e Ucayali fino 05 febbraio 2024 (Decreto Supremo N\u00b0 132-2023-PCM e N\u00b0 134-2023-PCM).<br \/>\nInoltre, alla luce di potenziali nuove ondate di protesta, \u00e8 stato prorogato fino al 5 febbraio 2024 lo stato di emergenza su tutta la rete stradale peruviana (Decreto Supremo N\u00b0 001-2024-PCM): nell\u2019ultima proroga sono stati ampliati i poteri di controllo conferiti all\u2019Esercito e alla Polizia. In questo contesto, si segnala che potrebbe non essere sempre garantita la piena operativit\u00e0 degli aeroporti interni, soprattutto di Cusco, di Arequipa e di Puno.<br \/>\nCon un nuovo Decreto Supremo (N\u00b0130-2023-PCM), le Autorit\u00e0 peruviane hanno dichiarato lo stato di emergenza, con scadenza al 04 febbraio 2024, nei Dipartimenti di Amazonas, \u00c1ncash, Arequipa, Ayacucho, Cajamarca, Huancavelica, Hu\u00e1nuco, Ica, Jun\u00edn, La Libertad, Lambayeque, Lima, Moquegua, Pasco, Piura, San Mart\u00edn, Tacna e Tumbes a causa del concreto pericolo di nuove alluvioni. \u00a0Inoltre, \u00e8 in stato di emergenza fino al 3 febbraio 2024 il Dipartimento di Cusco a causa dei gravi danni delle recenti piogge (Decreto Supremo N\u00ba 135-2023-PCM). Infine, a causa della grave siccit\u00e0 causata dal fenomeno del Ni\u00f1o, sono in stato di emergenza i Dipartimenti di \u00c1ncash, Apur\u00edmac, Arequipa, Ayacucho, Cusco, Huancavelica, Hu\u00e1nuco, Ica, Jun\u00edn, Lima, Pasco, Puno e Tacna fino al 29 febbraio 2024 (Decreto Supremo N\u00b0 142-2023-PCM).<br \/>\nDato il deterioramento generale della situazione di sicurezza, si invitano i connazionali &#8211; temporaneamente presenti nel Paese o che intendano pianificare un viaggio &#8211; ad evitare per qualsiasi ragione di recarsi nelle zone periferiche delle principali citt\u00e0, cos\u00ec come nelle zone all\u2019interno del Paese o comunque di difficile accesso, ad evitare sempre ogni forma di assembramento, ad adottare estrema prudenza, ad attenersi alle indicazioni delle Autorit\u00e0 locali e a mantenersi in contatto con le Forze dell\u2019Ordine del luogo in cui ci si trovi, in modo da poter essere pi\u00f9 facilmente raggiunti in caso di emergenza. I viaggiatori possono, inoltre, scaricare l&#8217;applicazione della Polizia Turistica del Per\u00f9 sul proprio smartphone o laptop (POLTUR Central Lima 01 4601060; IPER\u00da WhatsApp +51 944492314; mail proteccionalturista@mincetur.gob.pe ).<br \/>\nSi invitano, parimenti, tutti i connazionali temporaneamente presenti a scaricare la APP \u201cUnit\u00e0 di Crisi\u201d, attivando la geolocalizzazione, e a registrare il proprio viaggio sul sito \u201cDove Siamo nel Mondo\u201d. Per comprovate emergenze, l&#8217;Ambasciata a Lima \u00e8 reperibile 24\/7 al\u00a0 numero di emergenza +51 997232073<\/p>\n<p style=\"text-align: justify;\"><span style=\"text-decoration: underline;\"><strong>AGGIORNAMENTO 26 MAGGIO 2023<\/strong><\/span><\/p>\n<p style=\"text-align: justify;\"><strong>PERU&#8217;: situazione sanitaria: aggiornamento.<\/strong><\/p>\n<p style=\"text-align: justify;\">Si segnala che le Autorit\u00e0 peruviane hanno prorogato e ulteriormente ampliato lo stato di emergenza sanitaria -gi\u00e0 in vigore dallo scorso febbraio &#8211; fino al 22 settembre 2023, a causa dell\u2019epidemia di Dengue, che coinvolge gran parte del Paese, in particolare i Dipartimenti Amazonas, Ancash, Ayacucho, Cajamarca, Cusco, Hu\u00e1nuco, Ica, Jun\u00edn, La Libertad, Lambayeque, Lima provincia, Lima metropolitana e Callao, Loreto, Madre de Dios, Pasco, Puno, Piura, San Mart\u00edn Tumbes, Ucayali.<br \/>\nInoltre, a partire dal 25 maggio 2023 e fino al 24 agosto 2023, i Dipartimenti di Amazonas, Arequipa, Lambayeque, Lima, Loreto, Madre de Dios, Moquegua, Puno, San Martin, Tacna, Tumbes, Ucayaly e il porto del Callao si trovano in stato di emergenza sanitaria a causa dell\u2019esplosione di casi di morbillo e poliomielite. In considerazione delle note e gravi fragilit\u00e0 del sistema sanitario locale e della possibilit\u00e0 di non ricevere adeguati trattamenti medici, soprattutto in provincia, si raccomanda di tenere alto il livello di attenzione e di consultare il sito web del locale Ministero della Salute per aggiornamenti sull\u2019evoluzione dell\u2019epidemia.<\/p>\n<p style=\"text-align: justify;\"><strong>PERU&#8217;: SITUAZIONE DI SICUREZZA.<\/strong><\/p>\n<p style=\"text-align: justify;\">A causa dei violenti disordini politici e sociali che si stanno registrando in Per\u00f9, dopo il fallito Colpo di Stato dell\u2019ex Presidente Castillo, ampie aree del Paese si trovano in stato di emergenza: il Dipartimento di Puno, dove il controllo dell\u2019ordine interno \u00e8 assunto direttamente dalle Forze Armate, fino al 5 giugno 2023; la quasi totalit\u00e0 dei Dipartimenti di Huanuco, Pasco, Hucayali fino all\u201911 giugno 2023; la quasi totalit\u00e0 dei Dipartimenti di Cusco, Ayacucho, Huancavelica, Junin fino al 10 giugno 2023 e Loreto fino al 19 giugno 2023; la quasi totalit\u00e0 del Dipartimento de La Libertad fino al 20 giugno 2023.<br \/>\nInoltre, alla luce di potenziali nuove ondate di proteste, \u00e8 stato prorogato fino al 14 luglio 2023 lo stato di emergenza sulla rete stradale peruviana: nell\u2019ultima proroga sono stati ampliati i poteri di controllo conferiti all\u2019Esercito e alla Polizia. In particolare, si evidenzia la pericolosit\u00e0 delle seguenti strade: &#8220;Panamericana Sur, Panamericana Norte, Carretera Central, corredor vial sur Apur\u00edmac-Cusco-Arequipa y corredor vial Interoce\u00e1nica Sur\u201d. Si tratta delle principali arterie stradali del Paese. In questo contesto si segnala che non \u00e8 sempre garantita la piena operativit\u00e0 degli aeroporti interni di Cusco, Arequipa e Puno.<br \/>\nSi evidenzia, infine, che la pressoch\u00e9 totalit\u00e0 dei Dipartimenti di Tubes, Lambayeque Piura si trova in stato di emergenza per gravissimi disastri ambientali fino al 24 luglio 2023, cos\u00ec come la pressoch\u00e9 totalit\u00e0 del Dipartimento di San Martin si trova in stato emergenza fino al 16 giugno 2023, a seguito dei danni causati dal passaggio del ciclone amazzonico \u201cYaku\u201d e da successive alluvioni.<br \/>\nDato il deterioramento della situazione di sicurezza, si invitano i connazionali &#8211; temporaneamente presenti nel Paese o che intendano pianificare un viaggio &#8211; ad evitare di recarsi per qualsiasi ragione nelle zone periferiche delle principali citt\u00e0, cos\u00ec come nelle zone all\u2019interno del Paese, ad evitare ogni forma di assembramento, ad adottare estrema prudenza, ad attenersi alle indicazioni delle Autorit\u00e0 locali e a mantenersi in contatto con le Forze dell\u2019Ordine del luogo in cui ci si trovi, in modo da poter essere pi\u00f9 facilmente raggiunti in caso di emergenza. I viaggiatori possono, inoltre, scaricare l&#8217;applicazione della Polizia Turistica del Per\u00f9 sul proprio smartphone o laptop (POLTUR Central Lima 01 4601060; IPER\u00da WhatsApp +51 944492314; mail proteccionalturista@mincetur.gob.pe ).<br \/>\nSi invitano, parimenti, tutti i connazionali temporaneamente presenti a scaricare la APP \u201cUnit\u00e0 di Crisi\u201d, attivando la geolocalizzazione, e a registrare il proprio viaggio sul sito \u201cDove Siamo nel Mondo\u201d.<br \/>\nPer comprovate emergenze, l&#8217;Ambasciata a Lima \u00e8 reperibile 24\/7 al numero di emergenza +51 997232073.<\/p>\n<p style=\"text-align: justify;\"><span style=\"text-decoration: underline;\"><strong>AGGIORNAMENTO 13 MARZO 2023<\/strong><\/span><\/p>\n<p style=\"text-align: justify;\">STATO DI EMERGENZA METEREOLOGICA<\/p>\n<p style=\"text-align: justify;\">A causa del passaggio del ciclone Yaku, le Autorit\u00e0 Peruviane hanno decretato in data 13 marzo 2023 lo stato di emergenza per 60 giorni nei Dipartimenti di \u00c1ncash, Apur\u00edmac, Arequipa, Ayacucho, Cusco, Huancavelica, Hu\u00e1nuco, Ica, Jun\u00edn, Lima, Moquegua, Puno y Tacna. Si raccomanda di seguire le indicazioni e gli aggiornamenti delle Autorit\u00e0 locali ed esercitare massima cautela negli spostamenti, limitandoli al massimo nelle aree interessate.<\/p>\n<p style=\"text-align: justify;\"><span style=\"text-decoration: underline;\"><strong>AGGIORNAMENTO 24 FEBBRAIO 2023<\/strong><\/span><\/p>\n<p style=\"text-align: justify;\">Si comunica che, con il <a href=\"https:\/\/busquedas.elperuano.pe\/download\/url\/decreto-supremo-que-prorroga-la-emergencia-sanitaria-declara-decreto-supremo-no-003-2023-sa-2154787-1\">Decreto Supremo n.003-2023-SA<\/a>, lo <strong>stato di emergenza sanitaria<\/strong> per Covid-19 \u00e8 stato <strong>prorogato<\/strong> in tutto il Paese per ulteriori <strong>90 giorni<\/strong>, cio\u00e8 dal 25 febbraio 2023\u00a0<strong>al 25 maggio 2023<\/strong>. La citata misura \u00e8 stata dichiarata nell&#8217;ambito delle recenti determinazioni dell&#8217;Organizzazione Mondiale della Sanit\u00e0 (OMS) sulla pandemia da Covid-19, la quale resta tutt&#8217;ora un&#8217;emergenza di sanit\u00e0 pubblica a livello internazionale. Si invitano pertanto tutti i connazionali alla massima attenzione e al rispetto scrupoloso delle indicazioni delle Autorit\u00e0 sanitarie locali.<\/p>\n<p style=\"text-align: justify;\"><span style=\"text-decoration: underline;\"><strong>AGGIORNAMENTO 14 FEBBRAIO 2023<\/strong><\/span><\/p>\n<p style=\"text-align: justify;\">Con <a href=\"https:\/\/busquedas.elperuano.pe\/normaslegales\/decreto-supremo-que-prorroga-el-estado-de-emergencia-declara-decreto-supremo-n-022-pcm-2023-2151462-1\/\">Decreto Supremo n. 022-2023-PCM<\/a>, il Governo ha disposto la <strong>proroga<\/strong> per altri <strong>30 giorni<\/strong> dello stato di emergenza nella Regione di <strong>Lima<\/strong>, nella Provincia Costituzionale del <strong>Callao<\/strong> e nelle arterie di grande scorrimento &#8220;<strong>Panamericana Sur, Panamericana Norte, Central, corredor vial sur Apur\u00edmac-Cusco-Arequipa y corredor vial Interoce\u00e1nica Sur<\/strong>&#8220;.<\/p>\n<p style=\"text-align: justify;\">Si rinvia alle raccomandazioni dei precedenti avvisi.<\/p>\n<p style=\"text-align: justify;\"><span style=\"text-decoration: underline;\"><strong>AGGIORNAMENTO 05 FEBBRAIO 2023<\/strong><\/span><\/p>\n<p style=\"text-align: justify;\">Con <a href=\"https:\/\/busquedas.elperuano.pe\/download\/url\/declaran-el-estado-de-emergencia-en-los-departamentos-de-mad-decreto-supremo-n-018-2023-pcm-2149044-1\">Decreto Supremo n. 018-2023-PCM<\/a>, pubblicato domenica 5 febbraio, il Governo ha dichiarato lo stato di emergenza per <strong>60 giorni<\/strong> in <strong>7 Regioni<\/strong> (<strong>Madre de Dios, Cusco, Puno, Apur\u00edmac, Arequipa, Moquegua e Tacna<\/strong>). Inoltre, si \u00e8 promulgato il <strong>coprifuoco<\/strong> nella regione di <strong>Puno<\/strong> per <strong>10 giorni<\/strong> con il divieto di circolare <strong>dalle 8 di sera alle 4 del mattino<\/strong>.<\/p>\n<p style=\"text-align: justify;\">Alla luce di quanto precede si raccomanda, pertanto, di adottare la massima prudenza, di attenersi scrupolosamente alle indicazioni delle Autorit\u00e0 locali, limitare al massimo gli spostamenti, mantenere atteggiamento sobrio e riservato, evitare ogni forma di assembramento, evitare in ogni caso spostamenti nell\u2019interno del Paese o in luoghi affollati, se non per improcrastinabili ragioni di necessit\u00e0 e di urgenza e di mantenersi informati sui media locali e in contatto con le Forze dell\u2019Ordine del luogo in cui ci si trova.<\/p>\n<p style=\"text-align: justify;\"><span style=\"text-decoration: underline;\">Data la situazione, si invitano i connazionali temporaneamente presenti nel Paese a valutare l\u2019opportunit\u00e0 di anticipare la partenza.<\/span><\/p>\n<p style=\"text-align: justify;\"><span style=\"text-decoration: underline;\">A coloro che stiano pianificando di recarsi in Per\u00f9, si consiglia di posticipare o di annullare il viaggio.<\/span><\/p>\n<p style=\"text-align: justify;\">Si raccomanda, in ogni caso, di <strong>non recarsi in zone periferiche delle principali citt\u00e0 del Per\u00f9<\/strong>, cos\u00ec come in zone interne e\/o di difficile accesso ed in particolare quelle interessate dallo stato di emergenza salvo per motivati casi di necessit\u00e0 e\/o urgenza.<\/p>\n<p style=\"text-align: justify;\">Si consiglia, inoltre, di scaricare la APP gratuita &#8220;Unit\u00e0 di Crisi&#8221;, attivando la modalit\u00e0 di geo-localizzazione ed inserendo i dettagli del proprio viaggio\/domicilio.<\/p>\n<p style=\"text-align: justify;\">Per comprovate emergenze, l&#8217;Ambasciata a Lima \u00e8 reperibile 24\/7 al numero +51 997232073.<\/p>\n<p style=\"text-align: justify;\">Ai turisti che dovessero ancora trovarsi nel Paese si consiglia altres\u00ec di registrarsi presso le locali Autorit\u00e0 peruviane compilando il modulo di identificazione e localizzazione disponibile al link: <a href=\"https:\/\/forms.office.com\/r\/RYXYgzJU3G\">https:\/\/forms.office.com\/r\/RYXYgzJU3G<\/a> in modo da poter essere pi\u00f9 facilmente raggiunti dalle forze dell\u2019ordine locali ove necessario a causa delle forti proteste in corso. I viaggiatori possono, inoltre, scaricare l&#8217;applicazione della Polizia Turistica del Per\u00f9 sul proprio telefono o laptop. Seguono, a ogni buon fine, anche i seguenti contatti della Polizia Turistica del Per\u00f9: POLTUR Central Lima 01 4601060; IPER\u00da WhatsApp +51 944492314; cos\u00ec come le mail <a href=\"mailto:proteccionalturista@mincetur.gob.pe\">proteccionalturista@mincetur.gob.pe<\/a> e <a href=\"mailto:iperu@promperu.gob.pe\">iperu@promperu.gob.pe<\/a>.<\/p>\n<p style=\"text-align: justify;\">Si invitano parimenti tutti i connazionali temporaneamente presenti in Per\u00f9 a qualsiasi titolo a registrare la loro presenza sul portale \u201cDove Siamo nel Mondo\u201d (<a href=\"https:\/\/www.dovesiamonelmondo.it\/home.html\">https:\/\/www.dovesiamonelmondo.it\/home.html<\/a>) e a consultare regolarmente la pagina di Viaggiare Sicuri (<a href=\"http:\/\/www.viaggiaresicuri.it\/country\/PER\">http:\/\/www.viaggiaresicuri.it\/country\/PER<\/a>).<\/p>\n<p style=\"text-align: justify;\">Per approfondimenti sui rientri in Italia e per scaricare l\u2019Autocertificazione per l\u2019ingresso in Italia consultare il sito del Ministro degli Esteri e della Cooperazione Internazoinale al Focus sui rientri dall\u2019estero <a href=\"(https:\/www.esteri.it\/mae\/it\/ministero\/normativaonline\/decreto-iorestoacasa-domande-frequenti\/focus-cittadini-italiani-in-rientro-dall-estero-e-cittadini-stranieri-in-italia.html\">(https:\/\/www.esteri.it\/mae\/it\/ministero\/normativaonline\/decreto-iorestoacasa-domande-frequenti\/focus-cittadini-italiani-in-rientro-dall-estero-e-cittadini-stranieri-in-italia.html<\/a>) nonch\u00e9 il sito del Ministero della Salute (<a href=\"https:\/\/www.salute.gov.it\/portale\/nuovocoronavirus\/dettaglioContenutiNuovoCoronavirus.jsp?lingua=italiano&amp;id=5411&amp;area=nuovoCoronavirus&amp;menu=vuoto\">https:\/\/www.salute.gov.it\/portale\/nuovocoronavirus\/dettaglioContenutiNuovoCoronavirus.jsp?lingua=italiano&amp;id=5411&amp;area=nuovoCoronavirus&amp;menu=vuoto<\/a>). Per quanto riguarda i viaggi verso l\u2019Italia si ricorda che dal 1 giugno 2022, non \u00e8 pi\u00f9 richiesto il Green Pass n\u00e9 altra certificazione equivalente per l\u2019ingresso\/rientro in Italia dall\u2019estero. Per maggiori informazioni si prega di collegarsi alla sezione approfondimenti (<a href=\"https:\/\/www.viaggiaresicuri.it\/approfondimenti-insights\/saluteinviaggio\">https:\/\/www.viaggiaresicuri.it\/approfondimenti-insights\/saluteinviaggio<\/a>) del portale ViaggiareSicuri.<\/p>\n<p style=\"text-align: justify;\"><span style=\"text-decoration: underline;\"><strong>AGGIORNAMENTO 30 GENNAIO 2023<\/strong><\/span><\/p>\n<p style=\"text-align: justify;\">Con l&#8217;<a href=\"resource\/resource\/2023\/02\/ordinanza_del_ministero_della_salute_del_30.01.2023.pdf\">Ordinanza del Ministro della Salute del 30 gennaio u.s.<\/a> viene disciplinato l&#8217;ingresso in Italia di persone provenienti dalla Repubblica Popolare Cinese, con effetti a partire dal 1 febbraio e fino al 28 febbraio p.v.<\/p>\n<p style=\"text-align: justify;\">In particolare, al fine di identificare e gestire possibili varianti del virus Sars-CoV-2, <strong>a tutti coloro che faranno ingresso in Italia provenienti dalla Repubblica Popolare Cinese<\/strong> si fa presente che:<\/p>\n<p style=\"text-align: justify;\">\u00e8 obbligatorio presentare, al momento dell&#8217;imbarco, idonea certificazione di essere stati sottoposti, nelle 48 ore antecedenti alla partenza dalla Repubblica Popolare Cinese, ad un test molecolare o antigenico negativo per mezzo di tampone con risultato negativo;\u00e8 vivamente consigliato utilizzare mascherina FFP2 o superiore durante i voli e negli aeroporti.<\/p>\n<p style=\"text-align: justify;\">Si segnala, inoltre, che possono essere eseguiti ulteriori tamponi a campione al momento dell&#8217;arrivo all&#8217;aeroporto.<\/p>\n<p style=\"text-align: justify;\">Per ulteriori informazioni, si consiglia di prendere visione dell&#8217;Ordinanza in oggetto.<\/p>\n<p style=\"text-align: justify;\"><span style=\"text-decoration: underline;\"><strong style=\"text-align: justify;\">AGGIORNAMENTO 18 GENNAIO 2023<\/strong><\/span><\/p>\n<p style=\"text-align: justify;\">In previsione della marce e proteste che si svolgeranno a Lima oggi e domani anche in concomitanza dello sciopero generale proclamato per la giornata di gioved\u00ec 19 gennaio, nel rinviare alle raccomandazioni gia\u2019 fornite precedentemente, <strong>si raccomanda ai connazionali la massima prudenza anche negli spostamenti all\u2019interno della citta\u2019 di Lima<\/strong> evitando le zone che potrebbero essere coinvolte nelle manifestazioni sopra citate.<\/p>\n<p style=\"text-align: justify;\">Si raccomanda vivamente, pertanto, di adottare la massima cautela, di attenersi scrupolosamente alle indicazioni delle Autorit\u00e0 locali, limitare al massimo gli spostamenti, mantenere atteggiamento sobrio e riservato ed evitare ogni forma di assembramento. Per qualsiasi emergenza contattare l&#8217;Ambasciata a Lima al numero +51 997232073 attivo h24\/7.<\/p>\n<p style=\"text-align: justify;\"><span style=\"text-decoration: underline;\"><strong>AGGIORNAMENTO 15 GENNAIO 2023<\/strong><\/span><\/p>\n<p style=\"text-align: justify;\">Con <a href=\"https:\/\/busquedas.elperuano.pe\/normaslegales\/decreto-supremo-que-declara-el-estado-de-emergencia-en-los-d-decreto-supremo-n-009-2023-pcm-2143247-1\/\">Decreto Supremo n.\u00ba 009-2023-PCM<\/a> pubblicato sabato 14 gennaio il Governo ha dichiarato dal 15 gennaio lo<strong> stato di emergenza per 30 giorni<\/strong> in 3 Regioni (<strong>Cusco<\/strong>, <strong>Puno<\/strong>, <strong>Lima<\/strong>), nella provincia costituzionale del <strong>Callao<\/strong> e nelle province di <strong>Andahuaylas<\/strong> (dipartamento di Apur\u00edmac), <strong>Tambopata<\/strong> y <strong>Tahuamanu<\/strong> (Madre de Dios), cos\u00ec come nel distretto di <strong>Torata<\/strong> (Moquegua). Inoltre, si \u00e8 prorogato il <strong>coprifuoco<\/strong> nella regione di Puno per <strong>10 giorni<\/strong> con il divieto di circolare <span style=\"text-decoration: underline;\">dalle 8 di sera alle 4 del mattino<\/span>.<\/p>\n<p style=\"text-align: justify;\">Alla luce di quanto precede si raccomanda, pertanto, di adottare la massima prudenza, di attenersi scrupolosamente alle indicazioni delle Autorit\u00e0 locali, limitare al massimo gli spostamenti, mantenere atteggiamento sobrio e riservato, evitare ogni forma di assembramento, <strong>evitare in ogni caso spostamenti nell\u2019interno del Paese o in luoghi affollati, se non per improcrastinabili ragioni di necessit\u00e0 e di urgenza<\/strong> e di mantenersi informati sui media locali e in contatto con le Forze dell\u2019Ordine del luogo in cui ci si trova.<\/p>\n<p style=\"text-align: justify;\"><strong>Data la situazione, si invitano i connazionali temporaneamente presenti nel Paese a valutare l\u2019opportunit\u00e0 di anticipare la partenza.<\/strong><\/p>\n<p style=\"text-align: justify;\"><strong>A coloro che stiano pianificando di recarsi in Per\u00f9, si consiglia di posticipare o di annullare il viaggio.<\/strong><\/p>\n<p style=\"text-align: justify;\"><strong>Si raccomanda, in ogni caso, di non recarsi in zone periferiche delle principali citt\u00e0 del Per\u00f9, cos\u00ec come in zone interne e\/o di difficile accesso ed in particolare quelle interessate dallo stato di emergenza salvo per motivati casi di necessit\u00e0 e\/o urgenza.<\/strong><\/p>\n<p style=\"text-align: justify;\">Si consiglia, inoltre, di scaricare la APP gratuita &#8220;Unit\u00e0 di Crisi&#8221;, attivando la modalit\u00e0 di geo-localizzazione ed inserendo i dettagli del proprio viaggio\/domicilio.<\/p>\n<p style=\"text-align: justify;\">Per comprovate emergenze, l&#8217;Ambasciata a Lima \u00e8 reperibile 24\/7 al numero +51 997232073.<\/p>\n<p style=\"text-align: justify;\">Ai turisti che dovessero ancora trovarsi nel Paese si consiglia altres\u00ec di registrarsi presso le locali Autorit\u00e0 peruviane compilando il modulo di identificazione e localizzazione disponibile al link: <a href=\"https:\/\/forms.office.com\/r\/RYXYgzJU3G\">https:\/\/forms.office.com\/r\/RYXYgzJU3G<\/a>\u00a0in modo da poter essere pi\u00f9 facilmente raggiunti dalle forze dell\u2019ordine locali ove necessario a causa delle forti proteste in corso. I viaggiatori possono, inoltre, scaricare l&#8217;applicazione della Polizia Turistica del Per\u00f9 sul proprio telefono o laptop. Seguono, a ogni buon fine, anche i seguenti contatti della Polizia Turistica del Per\u00f9: POLTUR Central Lima 01 4601060; IPER\u00da WhatsApp +51 944492314; cos\u00ec come le mail <a href=\"mailto:proteccionalturista@mincetur.gob.pe\">proteccionalturista@mincetur.gob.pe<\/a> e <a href=\"mailto:iperu@promperu.gob.pe\">iperu@promperu.gob.pe<\/a>.<\/p>\n<p style=\"text-align: justify;\">Si invitano parimenti tutti i connazionali temporaneamente presenti in Per\u00f9 a qualsiasi titolo a registrare la loro presenza sul portale \u201cDove Siamo nel Mondo\u201d (<a href=\"https:\/\/www.dovesiamonelmondo.it\/home.html\">https:\/\/www.dovesiamonelmondo.it\/home.html<\/a>) e a consultare regolarmente la pagina di Viaggiare Sicuri (<a href=\"http:\/\/www.viaggiaresicuri.it\/country\/PER\">http:\/\/www.viaggiaresicuri.it\/country\/PER<\/a>). Per approfondimenti sui rientri in Italia e per scaricare l\u2019Autocertificazione per l\u2019ingresso in Italia consultare il sito del Ministro degli Esteri e della Cooperazione Internazoinale al Focus sui rientri dall\u2019estero (<a href=\"https:\/\/www.esteri.it\/mae\/it\/ministero\/normativaonline\/decreto-iorestoacasa-domande-frequenti\/focus-cittadini-italiani-in-rientro-dall-estero-e-cittadini-stranieri-in-italia.html)\">https:\/\/www.esteri.it\/mae\/it\/ministero\/normativaonline\/decreto-iorestoacasa-domande-frequenti\/focus-cittadini-italiani-in-rientro-dall-estero-e-cittadini-stranieri-in-italia.html)<\/a> nonch\u00e9 il sito del Ministero della Salute (<a href=\"https:\/\/www.salute.gov.it\/portale\/nuovocoronavirus\/dettaglioContenutiNuovoCoronavirus.jsp?lingua=italiano&amp;id=5411&amp;area=nuovoCoronavirus&amp;menu=vuoto\">https:\/\/www.salute.gov.it\/portale\/nuovocoronavirus\/dettaglioContenutiNuovoCoronavirus.jsp?lingua=italiano&amp;id=5411&amp;area=nuovoCoronavirus&amp;menu=vuoto<\/a>). Per quanto riguarda i viaggi verso l\u2019Italia si ricorda che dal 1 giugno 2022, non \u00e8 pi\u00f9 richiesto il Green Pass n\u00e9 altra certificazione equivalente per l\u2019ingresso\/rientro in Italia dall\u2019estero. Per maggiori informazioni si prega di collegarsi alla sezione approfondimenti (<a href=\"https:\/\/www.viaggiaresicuri.it\/approfondimenti-insights\/saluteinviaggio\">https:\/\/www.viaggiaresicuri.it\/approfondimenti-insights\/saluteinviaggio<\/a>) del portale ViaggiareSicuri.<\/p>\n<p style=\"text-align: justify;\"><span style=\"text-decoration: underline;\"><strong>AGGIORNAMENTO 5 GENNAIO 2023<\/strong><\/span><\/p>\n<p style=\"text-align: justify;\">A seguito del fallimento del Colpo di Stato, tentato lo scorso 7 dicembre da Pedro Castillo, sono iniziate proteste e scontri violenti in varie Province del Sud del Paese. A queste gravi circostanze, si registra una intensificazione di episodi di criminalit\u00e0 comune (omicidi, sicariati, assalti, rapine, furti, scippi ecc) e organizzata (soprattutto legata al narcotraffico e allo sfruttamento illegale delle miniere) e una estrema pericolosit\u00e0 delle rete viaria in provincia, peraltro spesso carente di manutenzione.<\/p>\n<p style=\"text-align: justify;\">Al momento, dopo la tregua per le Festivita&#8217;, sono riprese con forza le sollevazioni con significativi e pericolosi blocchi stradali anche sulle strade interne in varie province e soprattutto a Junin, Cusco, Huancavelica, Apurimac, Ayacucho, Arequipa, Puno, Moquegua, Tacna.<\/p>\n<p style=\"text-align: justify;\">Si ricorda, che per fare fronte alla grave situazione di sicurezza verificatasi a seguito del fallito colpo di stato e le proteste scoppiate all&#8217;interno del paese, la Presidente Boluarte ha dichiarato- a partire <strong>dal 15 dicembre 2022 e fino al 16 gennaio 2023 &#8211; un nuovo stato di emergenza a livello nazionale<\/strong> che sostituisce tutti i precedenti regimi di eccezione fino ad ora in vigore. Il nuovo stato di emergenza concede rafforzati poteri di ordine pubblico ad Esercito e Polizia, al fine di contrastare le rivolte armate, le manifestazioni violente, la criminalit\u00e0 comune ed organizzata. Tale regime di eccezione limita fortemente i diritti costituzionali di inviolabilit\u00e0 del domicilio, libert\u00e0 di transito nel territorio nazionale peruviano, libert\u00e0 di riunione nonch\u00e9 le libert\u00e0 personali.<\/p>\n<p style=\"text-align: justify;\"><strong>Il coprifuoco notturno, inizialmente introdotto per pochi giorni e poi non prorogato, potrebbe essere reintrodotto laddove le circostanze lo richiedessero. Si raccomanda, pertanto, estrema attenzione ai comunicati delle Autorit\u00e0 locali.<\/strong><br \/>\nA Lima, per il momento, l\u2019ordine pubblico resta sotto controllo, sebbene proseguano alcuni episodi di protesta concentrati soprattutto nel centro della citt\u00e0 in concomitanza con l\u2019arrivo di dimostranti dall\u2019interno del Paese.<\/p>\n<p style=\"text-align: justify;\">Alla luce di quanto precede si raccomanda, pertanto, di adottare la massima prudenza, di attenersi scrupolosamente alle indicazioni delle Autorit\u00e0 locali, limitare al massimo gli spostamenti, mantenere atteggiamento sobrio e riservato, evitare ogni forma di assembramento, <strong>evitare in ogni caso spostamenti nell\u2019interno del Paese o in luoghi affollati, se non per improcrastinabili ragioni di necessit\u00e0 e di urgenza<\/strong> e di mantenersi informati sui media locali e in contatto con le Forze dell\u2019Ordine del luogo in cui ci si trova.<\/p>\n<p style=\"text-align: justify;\"><strong>Data la situazione, si invitano i connazionali temporaneamente presenti nel Paese a valutare l\u2019opportunit\u00e0 di anticipare la partenza.<\/strong><\/p>\n<p style=\"text-align: justify;\"><strong>A coloro che stiano pianificando di recarsi in Per\u00f9, si consiglia di posticipare o di annullare il viaggio.<\/strong><\/p>\n<p style=\"text-align: justify;\"><strong>Si raccomanda, in ogni caso, di non recarsi in zone periferiche delle principali citt\u00e0 del Per\u00f9, cos\u00ec come in zone interne e\/o di difficile accesso salvo per motivati casi di necessit\u00e0 e\/o urgenza.<\/strong><\/p>\n<p style=\"text-align: justify;\">Si consiglia, inoltre, di scaricare la APP gratuita &#8220;Unit\u00e0 di Crisi&#8221;, attivando la modalit\u00e0 di geo-localizzazione ed inserendo i dettagli del proprio viaggio\/domicilio.<\/p>\n<p style=\"text-align: justify;\">Per comprovate emergenze, l&#8217;Ambasciata a Lima \u00e8 reperibile 24\/7 al numero +51 997232073.<\/p>\n<p style=\"text-align: justify;\">Ai turisti che dovessero ancora trovarsi nel Paese si consiglia altres\u00ec di registrarsi presso le locali Autorit\u00e0 peruviane compilando il modulo di identificazione e localizzazione disponibile al link: <a href=\"https:\/\/forms.office.com\/r\/RYXYgzJU3G\">https:\/\/forms.office.com\/r\/RYXYgzJU3G<\/a> in modo da poter essere pi\u00f9 facilmente raggiunti dalle forze dell\u2019ordine locali ove necessario a causa delle forti proteste in corso. I viaggiatori possono, inoltre, scaricare l&#8217;applicazione della Polizia Turistica del Per\u00f9 sul proprio telefono o laptop. Seguono, a ogni buon fine, anche i seguenti contatti della Polizia Turistica del Per\u00f9: POLTUR Central Lima 01 4601060; IPER\u00da WhatsApp +51 944492314; cos\u00ec come le mail <a href=\"mailto:proteccionalturista@mincetur.gob.pe\">proteccionalturista@mincetur.gob.pe<\/a> e <a href=\"mailto:iperu@promperu.gob.pe\">iperu@promperu.gob.pe<\/a>.<\/p>\n<p style=\"text-align: justify;\"><span style=\"text-decoration: underline;\"><strong>AGGIORNAMENTO 7 DICEMBRE 2022<\/strong><\/span><\/p>\n<p style=\"text-align: justify;\">In ragione degli ultimi gravissimi sviluppi politici e, in particolare, della decisione del presidente della repubblica di chiudere il congresso e di imporre un coprifuoco dalle ore 22 fino alle 4 del mattino a partire da oggi si raccomanda a tutti i connazionali a qualsiasi titolo presenti in peru\u2019 massima prudenza, di restare in ogni caso nella propria abitazione e di lasciare il proprio domicilio solo per improcrastinabili ragioni di necessita\u2019 e urgenza.<\/p>\n<p style=\"text-align: justify;\">Si consiglia a chi ha la possiblita\u2019 di lasciare il paese anticipi la partenza. Analogamente, coloro che hanno intenzione di recarsi in peru\u2019 annullino o posticipino il viaggio a data da destinarsi.<\/p>\n<p style=\"text-align: justify;\">Resta sempre operativo per casi di comprovata urgenza e necessita\u2019 il numero di emergenza di questa ambasciata attivo h24 anche a mezzo WhatsApp +51 997232073.<\/p>\n<p style=\"text-align: justify;\"><span style=\"text-decoration: underline;\"><strong>AGGIORNAMENTO 26 NOVEMBRE 2022<\/strong><\/span><\/p>\n<p style=\"text-align: justify;\">In considerazione delle gravi circostanze politico-sociali e del serio deterioramento delle condizioni di vita e di sicurezza in Peru&#8217;, si consiglia di posticipare o annullare i viaggi che abbiano come destinazione finale localit\u00e0 fuori da Lima. Si raccomanda in ogni caso di non recarsi in zone periferiche delle principali citt\u00e0 del Per\u00f9 cos\u00ec come in zone interne e\/o di difficile accesso salvo per motivati casi di necessit\u00e0 e\/o urgenza.<\/p>\n<p style=\"text-align: justify;\">Si consiglia quindi massima prudenza e qualora ci si dovesse recare in zone fuori dalla citt\u00e0 di Lima per situazioni di comprovata ed inderogabile necessit\u00e0 e\/o urgenza , si invita l&#8217;utenza a prendere tutte le precauzioni possibili e sempre dopo aver monitorato la situazione locale, spesso contraddistinta da improvvisi scioperi, blocchi di strade e altre situazioni di violenza e potenziale pericolo, acquisendo ogni informazione possibile sul tragitto da effettuare, sentendo anche le Autorit\u00e0 locali.<\/p>\n<p style=\"text-align: justify;\"><span style=\"text-decoration: underline;\"><strong>AGGIORNAMENTO 10 NOVEMBRE 2022<\/strong><\/span><\/p>\n<p style=\"text-align: justify;\"><span style=\"text-align: justify;\">Si comunica che, con il <\/span><a style=\"text-align: justify;\" href=\"https:\/\/busquedas.elperuano.pe\/normaslegales\/decreto-supremo-que-deroga-el-decreto-supremo-n-016-2022-pc-decreto-supremo-n-130-2022-pcm-2119571-1\/\">Decreto Supremo n.130-2022-PCM<\/a><span style=\"text-align: justify;\">, a partire dal 28 ottobre 2022 \u00e8 stato abrogato lo Stato di Emergenza Nazionale nel Per\u00f9, dichiarato dal 16 marzo 2020 a causa della pandemia da virus Sars-CoV-2. Tuttavia, di fronte alla seria recrudescenza dei contagi Covid-19 a Lima, Callao e nei Dipartimenti di Loreto, Arequipa, Cusco, Ancash e Ica questo Ministero della Salute ha diramato una nuova allerta epidemiologica. Si segnala, in questo contesto, che resta comunque in vigore in tutto il Paese lo Stato di Emergenza Sanitaria per Covid-19 fino al 25 febbraio 2023. Si invitano pertanto tutti i connazionali alla massima attenzione e al rispetto scrupoloso delle indicazioni delle Autorit\u00e0 sanitarie locali.<\/span><\/p>\n<p style=\"text-align: justify;\">Per connessione d\u2019argomento si segnala che con <a href=\"https:\/\/epdoc2.elperuano.pe\/EpPo\/Descarga.asp?Referencias=RVgyMDIyMTAyOQ==\">Decreto Supremo n.131-2022-PCM<\/a> \u00e8 stato prorogato per altri 45 giorni &#8211; e cio\u00e8, fino al 14 dicembre 2022 &#8211; lo Stato di Emergenza nel Dipartimento di Lima e nel porto del Callao per l\u2019emergenza della criminalit\u00e0 comune e organizzata.<\/p>\n<p style=\"text-align: justify;\">Alla luce di tutto quanto precede, e dei sempre pi\u00f9 frequenti incidenti che hanno coinvolto cittadini occidentali in tutto il Paese, talvolta con epiloghi tragici, si raccomanda ai connazionali di evitare ogni forma di assembramento, di seguire scrupolosamente le indicazioni delle Autorit\u00e0 locali, di mantenersi informati sui media e di osservare la massima prudenza. In caso di emergenza, contattare l\u2019Ambasciata d\u2019Italia al numero 0051997232073, attivo h24.<br \/>\nIn considerazione delle circostanze attuali, si consiglia massima prudenza a tutti coloro che intendano recarsi in Per\u00f9 e, in ogni caso, di non viaggiare in zone interne e\/o comunque di difficile accesso, se non per comprovata necessit\u00e0 ed emergenza.<\/p>\n<p style=\"text-align: justify;\"><strong>AGGIORNAMENTO 12 OTTOBRE 2022<\/strong><\/p>\n<p style=\"text-align: justify;\">Si comunica che, a seguito della <a href=\"https:\/\/busquedas.elperuano.pe\/normaslegales\/derogan-el-anexo-n-1-declaracion-jurada-electronica-de-sal-resolucion-ministerial-n-811-2022minsa-2114608-1\/\">risoluzione ministeriale n. 811-2022\/MINSA<\/a>, a partire dal 12 ottobre 2022 non \u00e8 prevista la dichiarazione giurata per l&#8217;ingresso in Per\u00f9.<\/p>\n<p style=\"text-align: justify;\"><strong>AGGIORNAMENTO 30 SETTEMBRE 2022\u00a0<\/strong><\/p>\n<p style=\"text-align: justify;\">Si comunica che, con <a href=\"https:\/\/busquedas.elperuano.pe\/normaslegales\/decreto-supremo-que-prorroga-el-estado-de-emergencia-naciona-decreto-supremo-n-118-2022-pcm-2111074-2\/#:~:text=N%C2%BA%20118%2D2022%2DPCM&amp;text=4.1%20Es%20obligatorio%20el%20uso,y%20espacios%20cerrados%20sin%20ventilaci%C3%B3n.\" target=\"_blank\" rel=\"noopener\">questo<\/a> Decreto supremo, si \u00e8 prorogato per un periodo di trentuno (31) giorni, e a partire dal 1\u00b0 ottobre 2022, lo Stato di Emergenza Nazionale nel Peru dichiarato dal Decreto supremo n. 016-2022-PCM. Il Decreto in parola modifica le misure disposte all&#8217;articolo 4 del Decreto supremo n. 016-2022-PCM relative all&#8217;uso delle mascherine. L&#8217;uso della mascherina continuer\u00e0 ad essere obbligatorio nelle strutture sanitare, nei servizi di trasporto e negli spazi chiusi senza ventilazione. Sar\u00e0 inoltre obbligatorio per le persone con sintomi respiratori. Facoltativo invece negli spazi aperti e chiusi ventilati.<\/p>\n<p style=\"text-align: justify;\"><span style=\"text-decoration: underline;\"><strong>AGGIORNAMENTO 24 AGOSTO 2022<\/strong><\/span><\/p>\n<p style=\"text-align: justify;\">Si comunica che in data 22.08.2022 il Ministero della Salute del Per\u00f9 (Minsa) ha segnalato che i cittadini potranno ottenere un passaporto internazionale COVID-19 che consentir\u00e0 di dimostrare la propria vaccinazione tramite un codice QR. In questo modo, potranno entrare nei Paesi dell\u2019Unione Europea (UE).<\/p>\n<p style=\"text-align: justify;\">Il citato certificato \u00e8 disponibile sull&#8217;applicativo &#8220;Carnet de vacunaci\u00f3n&#8221; <a href=\"https:\/\/carnetvacunacion.minsa.gob.pe\/#\/auth\" target=\"_blank\" rel=\"noopener\">(https:\/\/carnetvacunacion.minsa.gob.pe\/<\/a> ) e sul sito web del <a href=\"https:\/\/www.gob.pe\/institucion\/minsa\/noticias\/643397-minsa-pone-a-disposicion-pasaporte-covid-19-para-ingresar-a-paises-de-la-union-europea\" target=\"_blank\" rel=\"noopener\">Minsa<\/a>.<\/p>\n<p style=\"text-align: justify;\"><span style=\"text-decoration: underline;\"><strong>AGGIORNAMENTO 1\u00b0 GIUGNO 2022<\/strong><\/span><\/p>\n<p style=\"text-align: justify;\">Dal 1 giugno 2022, non \u00e8 pi\u00f9 richiesto il Green Pass n\u00e9 altra certificazione equivalente per l\u2019ingresso o il rientro in Italia.<\/p>\n<p style=\"text-align: justify;\">Le misure restrittive per gli arrivi dall\u2019estero dovute al COVID-19 non sono pi\u00f9 in vigore.<\/p>\n<p style=\"text-align: justify;\">In Italia, rimangono alcune misure di contenimento, come l\u2019uso di mascherine in determinate circostanze, fino al 15 giugno.<br \/>\nPer maggiori informazioni, consultare l\u2019Approfondimento di <a href=\"https:\/\/www.viaggiaresicuri.it\/approfondimenti-insights\/saluteinviaggio\" target=\"_blank\" rel=\"noopener\">ViaggiareSicuri<\/a> e il sito del Ministero della Salute.<\/p>\n<p style=\"text-align: justify;\"><span style=\"text-decoration: underline;\"><strong>AGGIORNAMENTO 2 MAGGIO 2022<\/strong><\/span><\/p>\n<p style=\"text-align: justify;\">Si comunica che, con quest&#8217;<a href=\"resource\/doc\/2022\/05\/ordinanza-ministero-salute-28-aprile-2022.pdf\" target=\"_blank\" rel=\"noopener\">Ordinanza<\/a> del Ministro della Salute, sono state prorogate fino al <strong>31 maggio 2022<\/strong> le misure disposte con l\u2019ordinanza del 22 febbraio scorso relative agli spostamenti da e per l\u2019estero, ad esclusione dell\u2019obbligo di presentazione del passenger locator form all\u2019arrivo in Italia.<\/p>\n<p style=\"text-align: justify;\">A partire dal 1 maggio quindi per l\u2019ingresso in Italia sar\u00e0 sufficiente presentare la certificazione verde Covid-19 (certificato di vaccinazione, certificato di guarigione o test molecolare o antigenico negativo) o altra certificazione di vaccinazione riconosciuta come equivalente.<\/p>\n<p style=\"text-align: justify;\"><span style=\"text-decoration: underline;\"><strong>AGGIORNAMENTO 8 APRILE 2022<\/strong><\/span><\/p>\n<p style=\"text-align: justify;\">Si comunica che, con <a href=\"https:\/\/www.gazzettaufficiale.it\/atto\/vediMenuHTML?atto.dataPubblicazioneGazzetta=2022-03-30&amp;atto.codiceRedazionale=22A02126&amp;tipoSerie=serie_generale&amp;tipoVigenza=originario\" target=\"_blank\" rel=\"noopener\">quest&#8217;Ordinanza del Ministro della Salute<\/a>\u00a0del 29 marzo u.s. pubblicata in Gazzetta Ufficiale, sono state prorogate fino al 30 aprile p.v. le misure disposte con <a href=\"resource\/doc\/2022\/02\/circolare_min_salute_22_febbraio_2022.pdf\" target=\"_blank\" rel=\"noopener\">l\u2019ordinanza del 22 febbraio<\/a> u.s. relative agli spostamenti da e per l\u2019estero.<\/p>\n<p style=\"text-align: justify;\"><span style=\"text-decoration: underline;\"><strong>AGGIORNAMENTO 5 APRILE 2022<\/strong><\/span><\/p>\n<p style=\"text-align: justify;\">A seguito delle violente manifestazioni degli ultimi giorni con il <a href=\"resource\/doc\/2022\/04\/decreto-supremo-que-modifica-el-decreto-supremo-n-025-2022-decreto-supremo-n-034-2022-pcm-2055358-1.pdf\" target=\"_blank\" rel=\"noopener\">Decreto Supremo 034-2022-PCM<\/a> \u00e8 stato imposto un coprifuoco a Lima e provincia oltrech\u00e9 nella provincia costituzionale del Callao per tutta la giornata di oggi 5 aprile 2022 (dalle 2.00 del mattino alle 23.59). Si invitano i connazionali a rispettare puntualmente le previsioni di legge e mantenere la calma. Non si possono infatti escludere ulteriori inasprimenti delle misure e prolungamento del coprifuoco.<br \/>\nSi raccomanda di seguire scrupolosamente le indicazioni delle Autorit\u00e0 locali, di mantenersi informati sui media e di osservare la massima prudenza.<br \/>\nL&#8217;aeroporto internazionale di Lima e&#8217; al momento pienamente operativo. Tuttavia si consiglia di restare in stretto contatto con le linee aeree per restare informati su eventuali cambi dei piani di volo .<br \/>\nIn caso di emergenza contattare l\u2019Ambasciata d\u2019Italia al 0051997232073 attivo h.24.<\/p>\n<p style=\"text-align: justify;\"><span style=\"text-decoration: underline;\"><strong>\u00a0AGGIORNAMENTO 23 FEBBRAIO 2022<\/strong><\/span><\/p>\n<p style=\"text-align: justify;\">Con quest\u2019<a href=\"resource\/doc\/2022\/02\/circolare_min_salute_22_febbraio_2022.pdf\" target=\"_blank\" rel=\"noopener\">Ordinanza del Ministro della Salute<\/a>\u00a0del 22 febbraio u.s. viene modificata la disciplina relativa agli spostamenti da e per l&#8217;estero, con effetti a partire dal 1 marzo e fino al 31 marzo p.v. (data in cui cessera&#8217; lo stato di emergenza).<\/p>\n<p style=\"text-align: justify;\">In particolare, vengono eliminate le liste dei Paesi e uniformate le regole di ingresso sul territorio nazionale tra Paesi UE\/Schengen e resto del mondo. L&#8217;ingresso in Italia verra&#8217; dunque consentito presentando:<\/p>\n<p style=\"text-align: justify;\">digital Passenger Locator Form (PLF) in forma digitale o cartacea;certificazione verde Covid-19 (certificato di vaccinazione, certificato di guarigione oppure test molecolare o antigenico negativo) o altra certificazione di vaccinazione riconosciuta come equivalente.<\/p>\n<p style=\"text-align: justify;\">In caso di mancata presentazione di una delle certificazioni di cui sopra, si applica la misura della quarantena per un periodo di 5 giorni con l&#8217;obbligo di sottoporsi a test molecolare o antigenico al termine del periodo.<\/p>\n<p style=\"text-align: justify;\">Continuano ad applicarsi delle deroghe per specifiche categorie di cui all&#8217;art. 2 dell&#8217;ordinanza.<\/p>\n<p style=\"text-align: justify;\">Gli spostamenti da\/per San Marino e Vaticano non sono invece soggetti a limitazioni.<\/p>\n<p style=\"text-align: justify;\"><span style=\"text-decoration: underline;\"><strong>AGGIORNAMENTO 15 DICEMBRE 2021<\/strong><\/span><\/p>\n<p style=\"text-align: justify;\">Si informa che il Ministro della Salute, con Ordinanza del 14 dicembre 2021, ha effettuato una revisione della normativa sanitaria cui dovranno sottoporsi coloro che entreranno in Italia da paesi esteri nel periodo 16 dicembre 2021- 31 gennaio 2022.<\/p>\n<p style=\"text-align: justify;\">Segnatamente, per quanto concerne in particolare il Per\u00f9, il Ministro della Salute ha disposto che, in esito ad un mutato quadro epidemiologico del Paese grazie alla campagna vaccinale in atto, il Paese sia incluso nei Paesi di cui all\u2019elenco &#8220;D&#8221; dell\u2019allegato 20 del Decreto del Presidente del Consiglio dei Ministri 2 marzo 2021 eliminandolo dalla lista del precedente elenco &#8220;E&#8221;di cui alla pregressa normativa.<\/p>\n<p style=\"text-align: justify;\">In base alle nuove disposizioni, <strong>i passeggeri con destinazione l&#8217;Italia non dovranno pi\u00f9 esibire al vettore al momento dell\u2019imbarco a Lima una dichiarazione consolare di viaggio che attesti l\u2019applicazione di una delle cause eccezionali di ingresso previste per i Paesi inclusi nell\u2019elenco &#8220;E&#8221; del predetto Decreto<\/strong>.<\/p>\n<p style=\"text-align: justify;\">In base alla nuova normativa applicabile per l\u2019ingresso in Italia da chi proviene dal Per\u00f9 continuano tuttavia ad applicarsi importanti misure di contenimento dei contagi da Covid-19, per cui si raccomanda un\u2019attenta lettura del contenuto dell\u2019Ordinanza 14 dicembre 2021 (<a href=\"https:\/\/www.gazzettaufficiale.it\/atto\/stampa\/serie_generale\/originario\">https:\/\/www.gazzettaufficiale.it\/atto\/stampa\/serie_generale\/originario<\/a> ) e delle disposizioni pubblicate sul sito internet istituzionale del Ministero della Salute (<a href=\"https:\/\/www.salute.gov.it\/portale\/nuovocoronavirus\/dettaglioContenutiNuovoCoronavirus.jsp?lingua=italiano&amp;id=5411&amp;area=nuovoCoronavirus&amp;menu=vuoto&amp;tab=4\">https:\/\/www.salute.gov.it\/portale\/nuovocoronavirus\/dettaglioContenutiNuovoCoronavirus.jsp?lingua=italiano&amp;id=5411&amp;area=nuovoCoronavirus&amp;menu=vuoto&amp;tab=4<\/a>)<\/p>\n<p style=\"text-align: justify;\">In sintesi, in base alle nuove\u00a0disposizioni, vi sono due situazioni applicabili secondo il caso che il passeggero abbia completato il ciclo vaccinale o meno.<\/p>\n<p style=\"text-align: justify;\"><strong>A. Ingresso in Italia senza obbligo di isolamento fiduciario, in quanto risulta che\u00a0il passeggero abbia\u00a0completato il ciclo vaccinale<\/strong>.<\/p>\n<p style=\"text-align: justify;\">Chiunque sia stato o abbia transitato nei 14 giorni precedenti all\u2019ingresso in Italia in Peru&#8217; (o in uno dei Paesi in Elenco D) deve sottostare ai seguenti obblighi per l\u2019ingresso in Italia senza isolamento fiduciario di cinque giorni in quanto vaccinato:<\/p>\n<p style=\"margin-left: 30px; text-align: justify;\">1. compilare il Passenger Locator Form \u2013 Modulo di localizzazione digitale &#8211; prima dell\u2019ingresso in Italia. Il modulo sostituisce l\u2019autodichiarazione resa al vettore e pu\u00f2 essere presentata indifferentemente in modalit\u00e0 digitale o cartacea;<\/p>\n<p style=\"margin-left: 30px; text-align: justify;\">2. sottoporsi a tampone molecolare nelle 72 ore prima dell\u2019ingresso in Italia o, in alternativa,\u00a0a tampone antigenico effettuato nelle 24 ore precedenti l\u2019ingresso in Italia e il cui risultato sia in entrambi i casi negativo;<\/p>\n<p style=\"margin-left: 30px; text-align: justify;\">3. presentare contestualmente al vettore all\u2019atto dell\u2019imbarco e a chiunque sia deputato ad effettuare i controlli la Certificazione verde COVID-19, o certificato equivalente, che attesti il completamento del ciclo vaccinale. Le persone che hanno soggiornato o transitato, nei quattordici giorni antecedenti all&#8217;ingresso nel territorio nazionale, in Canada, Giappone e Stati Uniti d&#8217;America, possono, altres\u00ec, esibire la Certificazione verde COVID-19 di avvenuta guarigione ovvero la certificazione rilasciata dalle autorit\u00e0 sanitarie competenti attestante l&#8217;avvenuta guarigione. Tali certificazioni possono essere esibite in formato digitale o cartaceo.<\/p>\n<p style=\"text-align: justify;\">Si precisa che il certificato vaccinale potr\u00e0 essere esibito in modalit\u00e0 cartacea o digitale e dovr\u00e0 essere prodotto in una delle seguenti lingue: italiana, inglese, francese, spagnola o tedesca.<\/p>\n<p style=\"text-align: justify;\">La validit\u00e0 del certificato si basa sulle seguenti caratteristiche:<\/p>\n<p style=\"margin-left: 30px; text-align: justify;\">1. deve essere stato rilasciato dall\u2019autorit\u00e0 sanitaria competente del Paese di origine del viaggiatore;<\/p>\n<p style=\"margin-left: 30px; text-align: justify;\">2. la vaccinazione deve essere avvenuta con un vaccino validato dall\u2019Agenzia Europea per i medicinali (EMA):<\/p>\n<p style=\"margin-left: 60px; text-align: justify;\">&#8211; Comirnaty di Pfizer-BioNtech;<br \/>\n&#8211; Moderna;<br \/>\n&#8211; Vaxzevria;<br \/>\n&#8211; Jansen (Johnson &amp; Johnson).<\/p>\n<p style=\"text-align: justify;\"><strong>B. Ingresso in Italia con obbligo di isolamento fiduciario di cinque (5) giorni.<\/strong><\/p>\n<p style=\"text-align: justify;\">L\u2019isolamento fiduciario \u00e8 obbligatorio soltanto per coloro che fanno ingresso in Italia senza aver presentato contestualmente sia il tampone sia il certificato di vaccinazione.<\/p>\n<p style=\"text-align: justify;\">Coloro che non presentano il certificato di vaccinazione dovranno:<\/p>\n<p style=\"margin-left: 30px; text-align: justify;\">1. compilare il Passenger Locator Form prima dell\u2019ingresso in Italia. Il modulo sostituisce l\u2019autodichiarazione resa al vettore e pu\u00f2 essere presentato indifferentemente in modalit\u00e0 digitale o cartacea<\/p>\n<p style=\"margin-left: 30px; text-align: justify;\">2. sottoporsi a tampone molecolare o antigenico effettuato nelle 72 ore prima dell\u2019ingresso in Italia e il cui risultato sia negativo;<\/p>\n<p style=\"margin-left: 30px; text-align: justify;\">3. comunicare il proprio ingresso in Italia al Dipartimento di prevenzione dell\u2019azienda sanitaria competente per territorio.<\/p>\n<p style=\"margin-left: 30px; text-align: justify;\">4. raggiungere la propria destinazione finale in Italia solo con mezzo privato<\/p>\n<p style=\"margin-left: 30px; text-align: justify;\">5. sottoporsi ad isolamento fiduciario presso l&#8217;indirizzo indicato nel Passenger Locator Form per 5 giorni<\/p>\n<p style=\"margin-left: 30px; text-align: justify;\">6. sottoporsi al termine dell\u2019isolamento fiduciario di 5 giorni ad un ulteriore tampone molecolare o antigenico.<\/p>\n<p style=\"text-align: justify;\">In ogni caso, tutti i bambini di et\u00e0 inferiore a 6 anni in ingresso in Italia sono sempre esentati da tampone pre-partenza; gli stessi sono esentati anche dall\u2019isolamento fiduciario nel caso in cui il genitore accompagnatore con cui viaggiano non ha questo obbligo perch\u00e9 in possesso di certificazione Verde da vaccinazione o da guarigione valida.<\/p>\n<p style=\"text-align: justify;\">Tutti i minori di et\u00e0 maggiore o uguale a 6 anni sono tenuti a fare il tampone pre-partenza, qualora non lo facessero non sono esentati dalla quarantena.<\/p>\n<p style=\"text-align: justify;\"><span style=\"text-decoration: underline;\"><strong>AGGIORNAMENTO 26 NOVEMBRE 2021<\/strong><\/span><\/p>\n<p style=\"text-align: justify;\">Si comunica che\u00a0dal 26 novembre e fino al 15 dicembre 2021, con questa\u00a0<a href=\"resource\/doc\/2021\/12\/ordinanza-26112021-.pdf\">Ordinanza del Ministro della Salute<\/a>\u00a0\u00e8 stato vietato l\u2019ingresso e il transito nel territorio nazionale alle persone che nei quattordici giorni antecedenti hanno soggiornato o transitato in Sudafrica, Lesotho, Botswana, Zimbabwe, Malawi, Mozambico, Namibia, Eswatini, ad eccezione dei cittadini italiani che abbiano la residenza anagrafica in Italia da data anteriore alla medesima ordinanza, a condizione che non manifestino sintomi da Covid-19. (Per i dettagli, cliccare sul link in fondo al box)<\/p>\n<p style=\"text-align: justify;\">L\u2019Ordinanza dispone inoltre l\u2019interdizione del traffico aereo dai Paesi sopra indicati.<\/p>\n<p style=\"text-align: justify;\"><span style=\"text-decoration: underline;\"><strong>AGGIORNAMENTO 25 OTTOBRE 2021<\/strong><\/span><\/p>\n<p style=\"text-align: justify;\">Si informa che con Ordinanza del Ministro della Salute del 23 ottobre 2021 la normativa rilevante per gli ingressi dall\u2019estero contenuta nel DPCM 2 marzo 2021 (segnatamente artt. 49 e 50) \u00e8 stata prorogata fino al prossimo <strong>15 dicembre 2021<\/strong> (compreso). Le relative disposizioni per l\u2019ingresso in Italia restano invariate. Per maggiori dettagli consultare questa sezione del sito: <a href=\"it\/ambasciata\/noticias\/dall_ambasciata\/2021\/07\/dichiarazioni-consolari-per-cittadini.html\">https:\/\/amblima.esteri.it\/ambasciata_lima\/it\/ambasciata\/noticias\/dall_ambasciata\/2021\/07\/dichiarazioni-consolari-per-cittadini.html<\/a><\/p>\n<p style=\"text-align: justify;\"><span style=\"text-decoration: underline;\"><strong>AGGIORNAMENTO 27 SETTEMBRE 2021<\/strong><\/span><\/p>\n<p style=\"text-align: justify;\"><strong>Equivalenza di vaccini anti SARS-CoV-2\/COVID somministrati all\u2019estero<\/strong><\/p>\n<p style=\"text-align: justify;\">Con <a href=\"resource\/doc\/2021\/09\/circolare_equivalenza_vaccini_estero.pdf\">circolare del 23 settembre scorso<\/a>\u00a0del Ministero della Salute, \u00e9 stata riconosciuta l&#8217;equivalenza di alcuni vaccini,\u00a0\u00a0somministrati dalle autorit\u00e0 nazionali competenti estere,\u00a0a quelli effettuati nell\u2019ambito del Piano strategico nazionale dei vaccini per la prevenzione delle infezioni da SARS-CoV-2:<\/p>\n<p style=\"text-align: justify;\">&#8211; v<a href=\"resource\/doc\/2021\/09\/allegato_1.pdf\">accini per i quali il titolare dell\u2019autorizzazione all\u2019immissione in commercio \u00e8 lo stesso dell\u2019Unione Europea (vedi elenco)<\/a>;<\/p>\n<p style=\"text-align: justify;\">&#8211; Covishield (Serum Institute of India), prodotti su licenza di AstraZeneca;<\/p>\n<p style=\"text-align: justify;\">&#8211; R-CoVI (R-Pharm), prodotto su licenza di AstraZeneca;<\/p>\n<p style=\"text-align: justify;\">&#8211; Covid-19 vaccine-recombinant (Fiocruz), prodotto su licenza di Astrazeneca.<\/p>\n<p style=\"text-align: justify;\">I vaccini summenzionati\u00a0sono considerati validi ai fini dell\u2019emissione della Certificazione verde COVID-19 a favore dei cittadini italiani (anche residenti all\u2019estero), ai loro familiari conviventi e ai cittadini stranieri che dimorano in Italia per motivi di lavoro o studio e a tutti i soggetti iscritti a qualunque titolo al Servizio Sanitario Nazionale che sono stati vaccinati all&#8217;estero.<\/p>\n<p style=\"text-align: justify;\">Le certificazioni verdi COVID-19 rilasciate dalle Autorit\u00e1 sanitarie straniere a seguito di vaccinazione con i vaccini summenzionati (oltre ai vaccini autorizzati da EMA) sono considerate come equipollenti per le finalit\u00e1 previste dalla legge, purch\u00e9 riportino le informazioni di cui alla circolare in oggetto (dati identificativi del titolare, dati relativi al vaccino, data\/e di somministrazione del vaccino, dati identificativi di chi ha rilasciato il certificato) e siano redatte in italiano, inglese, francese, spagnolo o tedesco (ove fossero rilasciate in un&#8217;altra lingua, dovranno essere accompagnate da una traduzione giurata).<\/p>\n<p style=\"text-align: justify;\"><span style=\"text-decoration: underline;\"><strong>AGGIORNAMENTO 18 SETTEMBRE 2021<\/strong><\/span><\/p>\n<p style=\"text-align: justify;\"><strong>&#8211;&gt; Si segnala che il Ministero della Salute, a seguito di apposite richieste di chiarimenti, ha specificato la sola obbligatoriet\u00e0 della presentazione della prova PCR negativa come requisito per poter entrare in Per\u00f9 sia per peruviani, residenti e stranieri (19\/9\/2021).<\/strong><\/p>\n<p style=\"text-align: justify;\">Il Governo peruviano con Decreto Supremo n.152-2021-PCM del 17\/09\/2021, art.8.7, ha disposto che i peruviani, stranieri residenti e stranieri non residenti che entrano nel Paese, da qualsiasi provenienza, dovranno esibire prima dell\u2019imbarco, un tampone molecolare negativo effettuato nelle 72 ore prima dell\u2019ingresso e di aver completato le due dosi di vaccino contro il Covid-19 secondo le esigenze del Paese in cui si \u00e9 effettuato la vaccinazione.<\/p>\n<p style=\"text-align: justify;\">Nel caso i passeggeri manifestassero sintomi all\u2019arrivo in Per\u00fa dovranno osservare l\u2019isolamento obbligatorio secondo le disposizioni del Governo peruviano.<\/p>\n<p style=\"text-align: justify;\">E\u00b4stato disposto il divieto d\u2019ingresso in Per\u00fa fino al 3 ottobre 2021 di stranieri non residenti che nei 14 giorni antecedenti abbiano transitato in Sudafrica.<\/p>\n<p style=\"text-align: justify;\">I peruviani e stranieri residenti che abbiano soggiornato o transitato in Sudafrica dovranno rispettare 14 giorni d\u2019isolamento obbligatorio presso il proprio domicilio, alloggio o struttura sanitaria.<\/p>\n<p style=\"text-align: justify;\"><strong>\u00a0<\/strong><\/p>\n<p style=\"text-align: justify;\"><a href=\"https:\/\/busquedas.elperuano.pe\/normaslegales\/decreto-supremo-que-prorroga-el-estado-de-emergencia-naciona-decreto-supremo-no-152-2021-pcm-1992708-1\/\">https:\/\/busquedas.elperuano.pe\/normaslegales\/decreto-supremo-que-prorroga-el-estado-de-emergencia-naciona-decreto-supremo-no-152-2021-pcm-1992708-1\/<\/a><\/p>\n<p style=\"text-align: justify;\"><span style=\"text-decoration: underline;\"><strong>AGGIORNAMENTO 19 GIUGNO 2021<\/strong><\/span><\/p>\n<p style=\"text-align: justify;\">Ordinanza firmata dal Ministro della Salute il 18\/06\/2021, pubblicata in G.U. il 19\/06\/2021 ed entrata in vigore il 21\/06\/2021 in cui sono state aggiornate le regole applicabili ai movimenti da e per l\u2019estero:<\/p>\n<p style=\"text-align: justify;\">Art. 1: per i Paesi dell\u2019elenco C (Schengen+, Israele) si prevede l\u2019ingresso alternativamente, con tampone, certificato di guarigione o certificato di vaccino approvato da EMA. I certificati stranieri sono riconosciuti in automatico, purch\u00e9 redatti in italiano, inglese, francese o spagnolo;<\/p>\n<p style=\"text-align: justify;\">Art. 2: la compiazione del Passenger Locator Form non \u00e9 richiesta per i movimenti in fascia transfrontaliera;<\/p>\n<p style=\"text-align: justify;\">Art. 3: I soggetti provenienti da USA, Canada e Giappone vengono esentati dalla quarantena se presentano una certificazione di vaccino, tampone o guarigione. Essendo nell\u2019elenco D, tali soggetti non hanno pi\u00fa divieti di ingresso di sorta, salvo che nei 14 giorni prima dell\u2019ingresso in Italia non abbiano soggiornato in un Paese dell\u2019elenco E (tra cui il Per\u00fa);<\/p>\n<p style=\"text-align: justify;\">Art. 4: Le restrizioni per India, Sri Lanka e Bangladesh sono prorogate sino al 30 luglio 2021;<\/p>\n<p style=\"text-align: justify;\">Art. 5: per tutti coloro che hanno soggiornato o transitato nei 14 giorni antecedenti all\u2019ingresso in Italia nel Regno Unito di Gran Bretagna e Irlanda del Nord \u00e9 previsto, tra l\u2019altro, l\u2019obbligo di un periodo di isolamento fiduciario di 5 giorni fino al 30 luglio;<\/p>\n<p style=\"text-align: justify;\">Art. 6: in riferimento ai minorenni si precisa:<\/p>\n<p style=\"text-align: justify;\">a) I minori di et\u00e1 tra i 6 anni compiuti e i 18 anni non compiuti, se viaggiano con genitore\/acompagnatore con certificato verde non devono fare quarantena (ma devono fare il tampone, se \u00e9 prescritto per l\u2019entrata);<\/p>\n<p style=\"text-align: justify;\">b) I minori di anni 6 non devono fare il tampone in alcun caso; sono anche esentati da quarantena se viaggiano con genitore\/accompagnatore con certificato verde.<\/p>\n<p style=\"text-align: justify;\">Per certificato verde si intendono:<\/p>\n<p style=\"text-align: justify;\">&#8211; quelli italiani di vaccinazione (da almeno 14 giorni), guarigione o test negativo (da non pi\u00fa di 48 ore),<\/p>\n<p style=\"text-align: justify;\">&#8211; i certificati verdi di Paesi UE equivalenti a quelli italiani sopra indicati;<\/p>\n<p style=\"text-align: justify;\">&#8211; i certificati stranieri che attestano vaccino (a seguito di una vaccinazione validata dall\u2019EMA), guarigione o test.<\/p>\n<p style=\"text-align: justify;\"><span style=\"text-decoration: underline;\"><strong>AGGIORNAMENTO 24 MAGGIO<\/strong><\/span><\/p>\n<p style=\"text-align: justify;\">Si informano i viaggiatori che apartire dal 24 maggio 2021 chiunque faccia ingresso in Italia dal Peru&#8217; indipendentemente dalla durata del soggiorno a bordo di qualunque mezzo di trasporto, prima del proprio ingresso nel territorio nazionale, \u00e8 tenuto a compilare il Passenger Locator Form in formato digitale secondo le seguenti modalit\u00e0:<br \/>\n1. Collegarsi al sito https:\/\/app.euplf.eu\/#\/<br \/>\n2. Seguire la procedura guidata per accedere al dPLF<br \/>\n3. Scegliere \u201cItalia&#8221; come Paese di destinazione<br \/>\n4. Registrarsi al sito creando un account personale con user e password (\u00e8 necessario farlo solo la prima volta)<br \/>\n5. Compilare ed inviare il dPLF seguendo la procedura guidata.<\/p>\n<p style=\"text-align: justify;\">Una volta inviato il modulo, il passeggero ricever\u00e0 all&#8217;indirizzo e-mail indicato in fase di registrazione il dPLF in formato pdf e QRcode che potr\u00e0 mostrare direttamente dal suo smartphone (in formato digitale) al momento dell\u2019imbarco e a chiunque deputato ad effettuare i controlli. In alternativa, il passeggero potr\u00e0 stampare una copia del dPLF da mostrare all\u2019imbarco.<\/p>\n<p style=\"text-align: justify;\">Il dPLF andr\u00e0 completato e inviato obbligatoriamente prima dell\u2019imbarco. Sar\u00e0 comunque sempre modificabile il campo relativo al numero di posto assegnato sul mezzo di trasporto.<br \/>\n\u00c8 necessario compilare un modulo per ciascun passeggero adulto; in caso di presenza di minori quest\u2019ultimi potranno essere registrati nel modulo dell\u2019adulto accompagnatore.<br \/>\nIn caso di minori non accompagnati, il dPLF dovr\u00e0 essere compilato dal tutore prima della partenza.<\/p>\n<p style=\"text-align: justify;\">La compilazione del modulo digitale, sostituisce la dichiarazione cartacea di cui all&#8217;art. 50, comma 1, del decreto del Presidente del Consiglio dei ministri 2 marzo 2021. In casi eccezionali, ovvero esclusivamente in caso di impedimenti tecnologici, sar\u00e0 possibile compilare il modulo cartaceo come da fac-simile disponibile sul focus &#8220;rientri dall&#8217;estero&#8221; sul sito istituzionale del Ministero degli Affari Esteri e della Cooperazione internazionale.<br \/>\nSi segnala che sul portale del Ministero della Salute \u2013 Nuovo Coronavirus, alla sezione Viaggiatori \u00e8 disponibile una specifica pagina con le istruzioni e il link diretto per la compilazione del dPLF.<\/p>\n<p style=\"text-align: justify;\"><span style=\"text-decoration: underline;\"><strong>\u00a0AGGIORNAMENTO 14 MAGGIO 2021<\/strong><\/span><\/p>\n<p style=\"text-align: justify;\">Si informa che con Ordinanza del Ministro della Salute emanata in data odierna (14 maggio 2021) la normativa rilevante per gli ingressi dall\u2019estro contenuta nel DPCM 2 marzo 2021 \u00e8 stata da ultimo prorogata fino al prossimo 30 luglio 2021 (compreso).<\/p>\n<p style=\"text-align: justify;\">Si rammenta in particolare la necessit\u00e0 di provvedere a un test molecolare o antigenico da effettuarsi mediante tampone nelle settantadue ore precedenti l\u2019ingresso nel territorio nazionale.<\/p>\n<p style=\"text-align: justify;\"><span style=\"text-decoration: underline;\"><strong>AGGIORNAMENTO 8 MAGGIO 2021<\/strong><\/span><\/p>\n<p style=\"text-align: justify;\">Con un nuovo Decreto supremo, in vigore dal 10 al 31 maggio 2021, tutti i Dipartimenti (Regioni) del Per\u00f9 entrano in livello di allerta epidemiologica &#8220;molto alto&#8221; con alcune provincie ancora in livello di allerta &#8220;estremo&#8221; a causa della fortissima propagazione del contagio da Covid-19.<\/p>\n<p style=\"text-align: justify;\">Si segnala, tuttavia, che grazie a un lieve miglioramento degli indici di trasmissione del virus, la citt\u00e0 metropolitana di Lima e il porto del Callao passano dal livello &#8220;estremo&#8221; a quello &#8220;molto alto&#8221;, con applicazione delle restrizioni precedentemente segnalate per tale categoria.<\/p>\n<p style=\"text-align: justify;\">In particolare, resta il coprifuoco notturno dalle 21:00 alle 4:00 tutti i giorni della settimana ma viene meno l&#8217;immobilizzazione sociale obbligatoria domenicale: i residenti potranno quindi uscire la domenica ma senza utilizzare auto o motoveicoli.<\/p>\n<p style=\"text-align: justify;\">Si raccomanda in ogni caso di evitare luoghi affollati e cautela negli spostamenti, oltrech\u00e9 l&#8217;utilizzo di tutti i dispositivi di protezione individuale previsti dalla normativa locale.<\/p>\n<p style=\"text-align: justify;\">Restano inoltre in vigore le limitazioni agli ingressi in Per\u00f9 precedentemente segnalate e, in particolare, il divieto di ingresso per tutti gli stranieri che abbiano a qualsiasi titolo soggiornato o transitato in India, Brasile o Sud Africa nei 14 giorni precedenti il programmato ingresso in Per\u00f9.<\/p>\n<p style=\"text-align: justify;\"><strong>\u00a0AGGIORNAMENTO 29 APRILE 2021<\/strong><\/p>\n<p style=\"text-align: justify;\">Con Ordinanza 29 Aprile 2021, il Ministro della Salute ha prorogato fino al 15 maggio 2021 le attuali restrizioni agli ingressi in vigore per gli ingressi dai Paesi in Elenco C, Elenco D e Elenco E.<\/p>\n<p style=\"text-align: justify;\">Pertanto, e fino a tale data, \u00e8 ancora in vigore quanto disposto dal DPCM 2 marzo 2021 per cui si rimanda all\u2019ultimo aggiornamento in merito alle categorie consentite (vedasi art. 49 DPCM 2 marzo 2021).<\/p>\n<p style=\"text-align: justify;\"><strong>AGGIORNAMENTO 17 APRILE 2021<\/strong><\/p>\n<p style=\"text-align: justify;\">AGGIORNAMENTO 17 APRILE 2021<\/p>\n<p style=\"text-align: justify;\">Si segnala che \u00e9 stata pubblicata una nuova Ordinanza del Ministero della Salute datata 16 aprile e reperibile a questo link (https:\/\/www.gazzettaufficiale.it\/atto\/serie_generale\/caricaDettaglioAtto\/originario?atto.dataPubblicazioneGazzetta=2021-04-17&amp;atto.codiceRedazionale=21A02379&amp;elenco30giorni=false): si invitano tutti i viaggiatori in rientro in Italiana prenderne attenta visione.<\/p>\n<p style=\"text-align: justify;\">In particolare, si segnala che:<\/p>\n<p style=\"text-align: justify;\">1) il periodo di quarantena per i passeggeri che provengo da paesi inserito nell&#8217;elenco D ed E (tra cui Per\u00fa) \u00e8 rideterminato in 10 giorni e<\/p>\n<p style=\"text-align: justify;\">2) \u00e8 stato introdotto l&#8217;obbligo di effettuare un test molecolare o antigeno a mezzo tampone, al termine dello stesso;<\/p>\n<p style=\"text-align: justify;\">3) \u00e8 stato inoltre introdotto obbligo di previo tampone molecolare o antigienico da effettuarsi nelle 48 ore antecedenti il programmato ingresso in Italia. Solo fino al prossimo 21 aprile, esclusivamente per chi fa ingresso dai Paesi inseriti negli elenchi D ed E dell\u2019allegato 20 del DPCM del 2 marzo 2021, sar\u00e0 possibile effettuare il test molecolare o antigenico a mezzo tampone all\u2019arrivo in aeroporto, ove possibile, ovvero entro 48 ore presso l\u2019Azienda Sanitaria Locale territorialmente competente.<\/p>\n<p style=\"text-align: justify;\">Le succitate disposizioni resteranno in vigore fino al 30 aprile, salvo ulteriori proroghe.<\/p>\n<p style=\"text-align: justify;\"><strong>\u00a0AGGIORNAMENTO 16 APRILE 2021<\/strong><\/p>\n<p style=\"text-align: justify;\">A causa di un nuovo peggioramento del quadro epidemiologico in Per\u00f9, si segnala che a partire dal prossimo 19 aprile e fino al 9 maggio 2021 41 province a livello nazionale fra cui quella di Lima torneranno al livello di rischio &#8220;estremo&#8221;. Si irrigidiscono quindi la immobilizzazione sociale obbligatoria, il coprifuoco e i limiti alla circolazione dei veicoli. In dettaglio:<\/p>\n<p style=\"text-align: justify;\">Il coprifuoco sar\u00e0 in vigore dalle 21:00 alle 4:00, dal luned\u00ec al venerd\u00ec \u00e8 tutto il giorno della domenica.<\/p>\n<p style=\"text-align: justify;\">Il trasporto terrestre interprovinciale sar\u00e0 consentito con una capacit\u00e0 dal 50% al 100%, secondo le disposizioni per i viaggi terrestri interprovinciali durante l&#8217;emergenza nazionale.<\/p>\n<p style=\"text-align: justify;\">Per quanto riguarda l&#8217;affluenza consentita per gli esercizi commerciali: i negozi in genere, i centri commerciali, le gallerie, i conglomerati e i grandi magazzini 20%; rifornimento di prodotti di base, supermercati, mercati, magazzini e farmacie: 40%.<\/p>\n<p style=\"text-align: justify;\">Ristoranti e simili: 30% in ambienti interni ventilati e 30% all&#8217;aperto. La consegna a domicilio \u00e8 consentita dalle 4:00 alle 23:00 dal luned\u00ec alla domenica.<\/p>\n<p style=\"text-align: justify;\">Banche e altri esercizi finanziari: 40%;<\/p>\n<p style=\"text-align: justify;\">parrucchieri, terme, barbieri e simili: 40% su appuntamento;<\/p>\n<p style=\"text-align: justify;\">farmacie aperte le 24 ore anche per consegna a domicilio.<\/p>\n<p style=\"text-align: justify;\">Non sono consentite le seguenti attivit\u00e0:<\/p>\n<p style=\"text-align: justify;\">\u2022 Casin\u00f2 e slot machine, palestre, cinema e arti dello spettacolo.<\/p>\n<p style=\"text-align: justify;\">\u2022 Templi e luoghi di culto.<\/p>\n<p style=\"text-align: justify;\">\u2022 Attivit\u00e0 di club e associazioni sportive all&#8217;aria aperta.<\/p>\n<p style=\"text-align: justify;\">\u2022 Uso delle spiagge.<\/p>\n<p style=\"text-align: justify;\">\u2022 Riunioni in spazi aperti e chiusi<\/p>\n<p style=\"text-align: justify;\">Per maggiori informazioni si invitano i connazionali a consultare il seguente il link de El Peruano: https:\/\/elperuano.pe\/noticia\/118868-lima-metropolitana-regresa-riesgo-extremo-y-vuelve-la-inmovilizacion-los-domingos<\/p>\n<p style=\"text-align: justify;\">Si ricorda che in Per\u00f9 \u00e9 al momento obbligatorio indossare sempre la mascherina quando si esce e portare con s\u00e9 un documento d&#8217;identit\u00e0. Pu\u00f2 essere multato chi non indossa la mascherina o non segue le regole del coprifuoco e della quarantena.<\/p>\n<p style=\"text-align: justify;\">Siti da consultare per maggiori informazioni :<\/p>\n<p style=\"text-align: justify;\">Consultare la gazzetta ufficiale El Peruano per conoscere gli ultimi decreti del governo peruviano al riguardo: https:\/\/diariooficial.elperuano.pe\/normas<\/p>\n<p style=\"text-align: justify;\">Consultare i protocolli per i passeggeri in arrivo sul sito dell&#8217;aeroporto di Lima: https:\/\/www.lima-airport.com\/esp\/para-pasajeros\/protocolo-covid-19\/protocolo-de-desembarque4<\/p>\n<p style=\"text-align: justify;\">Sito ufficiale del governo peruviano sul coronavirus e ministeri: https:\/\/www.gob.pe\/coronavirus<\/p>\n<p style=\"text-align: justify;\">Ministero degli Affari Esteri: https:\/\/www.gob.pe\/rree<\/p>\n<p style=\"text-align: justify;\">Ministero della saluto: https:\/\/www.gob.pe\/minsa<\/p>\n<p style=\"text-align: justify;\">Si suggerisce di seguire gli aggiornamenti dei seguenti media locali:<\/p>\n<p style=\"text-align: justify;\">Facebook Presidenza del Per\u00f9: https:\/\/www.facebook.com\/PresidenciaPeru<\/p>\n<p style=\"text-align: justify;\">Facebook Presidenza del Consiglio dei Ministri: https:\/\/www.facebook.com\/PCMPERU<\/p>\n<p style=\"text-align: justify;\">Facebook Ministero degli Affari Esteri: https:\/\/www.facebook.com\/CancilleriaPeru<\/p>\n<p style=\"text-align: justify;\">Facebook Aeroporto &#8220;Jorge Ch\u00e1vez&#8221;: https:\/\/www.facebook.com\/aeropuertojorgechavez<\/p>\n<p style=\"text-align: justify;\"><strong>AGGIORNAMENTO 9 APRILE 2021<\/strong><\/p>\n<p style=\"text-align: justify;\">Si porta all&#8217;attenzione di tutti i connazionali che\u00a0la Sovrintendenza Generale Migratoria del Per\u00f9 ha diffuso un comunicato (n. 7\/2021, <a href=\"https:\/\/www.gob.pe\/institucion\/migraciones\/noticias\/368406-comunicado-007-2021\">https:\/\/www.gob.pe\/institucion\/migraciones\/noticias\/368406-comunicado-007-2021<\/a> ) secondo cui tutti i cittadini stranieri a qualunque titolo presenti in questo Paese devono aggiornare i loro dati personali seguendo le istruzioni presenti nella pagina web ufficiale di Migraciones (<a href=\"http:\/\/www.migraciones.gob.pe\">www.migraciones.gob.pe<\/a> ). I dati raccolti\u00a0serviranno principalmente per l\u2019elaborazione del registro nazionale per la vaccinazione universale anti Covid-19 (SARS-CoV-2) in Per\u00f9.<\/p>\n<p style=\"text-align: justify;\"><strong>AGGIORNAMENTO 5 APRILE 2021<\/strong><\/p>\n<p style=\"text-align: justify;\">Con decreto legge n. 44\/2021 il Consiglio dei Ministri ha prorogato fino a venerd\u00ec 30 aprile 2021 l\u2019applicazione delle disposizioni del DPCM 2 marzo 2021. In particolare, rimangono in vigore le attuali limitazioni ai rientri dai Paesi di cui all\u2019elenco E, fra cui rientra il Per\u00f9.<\/p>\n<p style=\"text-align: justify;\">Invitando gli interessati a prendere attenta visione di tale normativa, si ricorda che \u00e8 consentito l&#8217;ingresso e il transito nel territorio nazionale alle persone che hanno transitato o soggiornato negli Stati e territori di cui all\u2019elenco E nei quattordici giorni antecedenti, solo se ricorrano uno o pi\u00f9 dei seguenti motivi, comprovati mediante l\u2019apposita autodichiarazione:<\/p>\n<p style=\"text-align: justify;\">a) esigenze lavorative;<\/p>\n<p style=\"text-align: justify;\">b) assoluta urgenza;<\/p>\n<p style=\"text-align: justify;\">c) esigenze di salute;<\/p>\n<p style=\"text-align: justify;\">d) esigenze di studio;<\/p>\n<p style=\"text-align: justify;\">e) rientro presso il proprio domicilio, abitazione o residenza;<\/p>\n<p style=\"text-align: justify;\">f) ingresso nel territorio nazionale da parte di cittadini di Stati membri dell&#8217;Unione europea, di Stati parte dell&#8217;accordo di Schengen, del Regno Unito di Gran Bretagna e Irlanda del nord, di Andorra, del Principato di Monaco, della Repubblica di San Marino, dello Stato della Citt\u00e0 del Vaticano;<\/p>\n<p style=\"text-align: justify;\">g) ingresso nel territorio nazionale da parte di familiari delle persone fisiche di cui alla lettera f) come definiti dagli art 2 e 3 della diretttiva 2004\/38\/CE;;<\/p>\n<p style=\"text-align: justify;\">h) ingresso nel territorio nazionale da parte di cittadini di Stati terzi soggiornanti di lungo periodo;<\/p>\n<p style=\"text-align: justify;\">i) ingresso nel territorio nazionale da parte di familiari delle persone fisiche di cui alla lettera h) come definiti dagli art 2 e 3 della diretttiva 2004\/38\/CE;<\/p>\n<p style=\"text-align: justify;\">l) ingresso nel territorio nazionale per raggiungere il domicilio, l&#8217;abitazione o la residenza di una persona di cui alle lettere f) e h), anche non convivente, con la quale vi \u00e8 una comprovata e stabile relazione affettiva.<\/p>\n<p style=\"text-align: justify;\">E\u2019 fatto in ogni caso obbligo di presentare al vettore all&#8217;atto dell&#8217;imbarco e a chiunque sia deputato ad effettuare i controlli un&#8217;attestazione di essersi sottoposti, nelle 48 ore antecedenti all&#8217;ingresso nel territorio nazionale, ad un test molecolare o antigenico, effettuato per mezzo di tampone e risultato negativo.<\/p>\n<p style=\"text-align: justify;\">Le persone, che hanno soggiornato o transitato, nei quattordici giorni antecedenti all&#8217;ingresso in Italia, in Stati o territori di cui all\u2019elenco E, tra cui il Per\u00f9, anche se asintomatiche, sono obbligate a comunicare immediatamente il proprio ingresso nel territorio nazionale al Dipartimento di prevenzione dell&#8217;azienda sanitaria competente per territorio e, anche se asintomatiche, si attengono ai seguenti obblighi:<\/p>\n<p style=\"text-align: justify;\">a) compiono il percorso dal luogo di ingresso nel territorio nazionale o dal luogo di sbarco dal mezzo di linea utilizzato per fare ingresso in Italia all&#8217;abitazione o alla dimora dove sar\u00e0 svolto il periodo di sorveglianza sanitaria e isolamento fiduciario esclusivamente con mezzo privato, fatto salvo il caso di transito aeroportuale a condizione di non allontanarsi dalle aree specificamente destinate all&#8217;interno delle aerostazioni.<\/p>\n<p style=\"text-align: justify;\">b) sono sottoposte alla sorveglianza sanitaria e all&#8217;isolamento fiduciario per un periodo di quattordici giorni presso l&#8217;abitazione o la dimora indicata nella autocertificazione sopra indicata.<\/p>\n<p style=\"text-align: justify;\"><strong>AGGIORNAMENTO 15 MARZO 2021<\/strong><\/p>\n<p style=\"text-align: justify;\">Si segnala che con provvedimenti pubblicati stamane le autorit\u00e0 peruviane hanno disposto la ripresa dei voli commerciali con l&#8217;Europa e la sospensione del divieto di ingresso per i passeggeri non residenti provenienti dall&#8217;Europa a partire dalla prossima settimana.<br \/>\nPermane invece per altri 15 giorni il divieto di ingresso di passeggeri non residenti provenienti dalla Gran Bretagna, Sud Africa e Brasile e di coloro che abbiamo soggiornato negli ultimi 14 giorni in tali paesi.<\/p>\n<p style=\"text-align: justify;\"><strong>AGGIORNAMENTO 4 MARZO 2021<\/strong><\/p>\n<p style=\"text-align: justify;\">Le Autorit\u00e0 peruviane hanno prorogato fino al 15 marzo il blocco dei voli internazionali provenienti da destinazioni superiori alle 8 ore di durata e al Brasile. Rimane possibile raggiungere solo destinazioni entro le 8 ore di volo da Lima. Sono prorogate altres\u00ec tutte le altre disposizioni e in particolare il divieto di ingresso per tutti gli stranieri non residenti in Per\u00f9 e per tutti coloro che provengano in ogni caso dall\u2019Europa, Sudafrica e\/o Brasile o che abbiano comunque fatto scalo nei predetti paesi, salvo limitate eccezioni.<br \/>\n<strong>Nel sottolineare dunque che tutti i cittadini italiani non residenti non possono fino a nuovo avviso fare ingresso in Per\u00f9 e che le autorit\u00e0 peruviane stanno applicando rigidamente tale normativa senza eccezioni di sorta<\/strong>, si segnala che sono escluse da tale divieto e dall\u2019obbligo generale di quarantena di 14 giorni le seguenti categorie: equipaggi di aereonavi, missioni speciali di tipo politico, medico o di polizia, personale delle rappresentanze diplomatiche accreditate in Per\u00f9, personale inviato per prestare aiuto umanitario o comunque coinvolto in progetti di cooperazione internazionale. Parimenti, sono esclusi lavoratori stranieri di imprese o istituzioni operanti in Per\u00f9 che necessitano di tali lavoratori\/professionisti per l\u2019esercizio delle loro funzioni. Il datore di lavoro deve comunicare alla Direzione di Salute Internazionale del Ministero della Salute peruviana (Director Ejecutivo de Sanidades Internacionales: Dr. Rigoberto Cilis Robles Camarena &#8211; Celular 985790019, Email: <a href=\"mailto:sanidadinternacional@minsa.gob.pe\">sanidadinternacional@minsa.gob.pe<\/a>; <a href=\"https:\/\/www.diresacallao.gob.pe\/wdiresa\/trans_directorio.php\">https:\/\/www.diresacallao.gob.pe\/wdiresa\/trans_directorio.php<\/a>) l\u2019arrivo di tali persone con un preavviso di almeno 72 ore.<br \/>\nSono permesse le connessioni aeroportuali entro le 16 ore purch\u00e9 i viaggiatori non escano dall\u2019area dei transiti dell\u2019aeroporto internazionale Jorge Chavez di Lima<\/p>\n<p style=\"text-align: justify;\"><strong>Aggiornamento 3 marzo 2021<\/strong><\/p>\n<p style=\"text-align: justify;\">Si informa che il <a href=\"http:\/\/amblima.esteri.it\/ambasciata_lima\/resource\/doc\/2021\/03\/dpcm_20210302_0.pdf\">DPCM del 2 marzo <\/a>scorso ha disposto la proroga fino al 6 aprile prossimo delle restrizioni gi\u00e0 in essere per l\u2019ingresso in Italia di cui al precedente DPCM del 14 gennaio scorso.<\/p>\n<p style=\"text-align: justify;\">Invitando gli interessati a prendere attenta visione di tale normativa qui allegata, si ricorda che \u00e8 consentito l&#8217;ingresso e il transito nel territorio nazionale alle persone che hanno transitato o soggiornato negli Stati e territori di cui all\u2019elenco E nei quattordici giorni antecedenti, solo se ricorrano uno o pi\u00f9 dei seguenti motivi, comprovati mediante l\u2019apposita autodichiarazione:<\/p>\n<p style=\"text-align: justify;\">a) esigenze lavorative;<\/p>\n<p style=\"text-align: justify;\">b) assoluta urgenza;<\/p>\n<p style=\"text-align: justify;\">c) esigenze di salute;<\/p>\n<p style=\"text-align: justify;\">d) esigenze di studio;<\/p>\n<p style=\"text-align: justify;\">e) rientro presso il proprio domicilio, abitazione o residenza;<\/p>\n<p style=\"text-align: justify;\">f) ingresso nel territorio nazionale da parte di cittadini di Stati membri dell&#8217;Unione europea, di Stati parte dell&#8217;accordo di Schengen, del Regno Unito di Gran Bretagna e Irlanda del nord, di Andorra, del Principato di Monaco, della Repubblica di San Marino, dello Stato della Citt\u00e0 del Vaticano;<\/p>\n<p style=\"text-align: justify;\">g) ingresso nel territorio nazionale da parte di familiari delle persone fisiche di cui alla lettera f) come definiti dagli art 2 e 3 della diretttiva 2004\/38\/CE;;<\/p>\n<p style=\"text-align: justify;\">h) ingresso nel territorio nazionale da parte di cittadini di Stati terzi soggiornanti di lungo periodo;<\/p>\n<p style=\"text-align: justify;\">i) ingresso nel territorio nazionale da parte di familiari delle persone fisiche di cui alla lettera h) come definiti dagli art 2 e 3 della diretttiva 2004\/38\/CE;<\/p>\n<p style=\"text-align: justify;\">l) ingresso nel territorio nazionale per raggiungere il domicilio, l&#8217;abitazione o la residenza di una persona di cui alle lettere f) e h), anche non convivente, con la quale vi \u00e8 una comprovata e stabile relazione affettiva.<\/p>\n<p style=\"text-align: justify;\">E\u2019 fatto in ogni caso obbligo di presentare al vettore all&#8217;atto dell&#8217;imbarco e a chiunque sia deputato ad effettuare i controlli un&#8217;attestazione di essersi sottoposti, nelle 48 ore antecedenti all&#8217;ingresso nel territorio nazionale, ad un test molecolare o antigenico, effettuato per mezzo di tampone e risultato negativo.<\/p>\n<p style=\"text-align: justify;\">Le persone, che hanno soggiornato o transitato, nei quattordici giorni antecedenti all&#8217;ingresso in Italia, in Stati o territori di cui all\u2019elenco E, tra cui il Per\u00f9, anche se asintomatiche, sono obbligate a comunicare immediatamente il proprio ingresso nel territorio nazionale al Dipartimento di prevenzione dell&#8217;azienda sanitaria competente per territorio e, anche se asintomatiche, si attengono ai seguenti obblighi:<\/p>\n<p style=\"text-align: justify;\">a) compiono il percorso dal luogo di ingresso nel territorio nazionale o dal luogo di sbarco dal mezzo di linea utilizzato per fare ingresso in Italia all&#8217;abitazione o alla dimora dove sar\u00e0 svolto il periodo di sorveglianza sanitaria e isolamento fiduciario esclusivamente con mezzo privato, fatto salvo il caso di transito aeroportuale a condizione di non allontanarsi dalle aree specificamente destinate all&#8217;interno delle aerostazioni.<\/p>\n<p style=\"text-align: justify;\">b) sono sottoposte alla sorveglianza sanitaria e all&#8217;isolamento fiduciario per un periodo di quattordici giorni presso l&#8217;abitazione o la dimora indicata nella autocertificazione sopra indicata.<\/p>\n<p style=\"text-align: justify;\"><strong>Aggiornamento 1 marzo 2021<\/strong><\/p>\n<p style=\"text-align: justify;\">Le autorit\u00e0 peruviane hanno disposto prorogato il blocco dei voli con l\u2019Europa, Sudafrica e il Brasile per altre due settimane a partire dal 1 marzo. Viene altres\u00ec prorogato per altri 14 giorni il divieto di ingresso nel paese per gli stranieri non residenti provenienti dall\u2019Europa, Sudafrica e\/o Brasile o che abbiano comunque fatto scalo nei predetti paesi, salvo limitate eccezioni.<\/p>\n<p style=\"text-align: justify;\">AGGIORNAMENTO (14 febbraio 2021)<\/p>\n<p style=\"text-align: justify;\">Si segnala che con Risoluzione del Ministero dei Trasporti pubblicata in data odierna viene confermato fino al 28 febbraio prossimo il blocco dei voli internazionali provenienti da destinazioni superiori alle 8 ore di durata (ossia sostanzialmente quelli provenienti dall&#8217;Europa) e dal Brasile. Rimane possibile raggiungere solo destinazioni entro le 8 ore di volo da Lima. Sono prorogate fino a fine mese tutte le altre disposizioni e in particolare il divieto di ingresso per tutti coloro che abbiano soggiornato o transitato in Europa o in Brasile nei 14 giorni precedenti il programmato ingresso in Peru.<\/p>\n<p style=\"text-align: justify;\"><strong>AGGIORNAMENTO (27 gennaio 2021)<\/strong><\/p>\n<p style=\"text-align: justify;\">Con Decreto Supremo 008\/2021 del 27 gennaio 2021 il Governo peruviano ha disposto un serio irrigidimento delle misure anti contagio nel paese che viene diviso in 4 zone. Le nuove misure entreranno in vigore a partire dalla mezzanotte di domenica 31 gennaio fino al 14 febbraio incluso. Non si esclude una possibile proroga se i dati epidemiologici non miglioreranno sensibilmente.<\/p>\n<p style=\"text-align: justify;\">In dieci regioni del paese si torna al Lockdown totale per rischio epidemiologico \u201cestremo\u201d . Il resto del Paese si divide in zone a rischio \u201cmolto alto\u201d e \u201calto\u201d. Non esistono pi\u00f9 regioni nella fascia \u201cmoderata\u201d.<\/p>\n<p style=\"text-align: justify;\">In sintesi, la Capitale (Lima metropolitana) e il distretto autonomo del porto del Callao, insieme alle regioni di Ancash, Pasco, Huanuco, Junin, Huancavelica, Ica, Apurimac e Lima Provincia entrano in rischio estremo con le seguenti restrizioni<\/p>\n<p style=\"text-align: justify;\">Immobilizzazione sociale obbligatoria h24 tutti i giorni della settimana (solo una persona per famiglia \u00e8 autorizzata giornalmente a comprare generi alimentari e farmaci);Trasporto interprovinciale terrestre e aereo sospeso;Centri commerciali, gallerie e tutti gli altri esercizi commerciali sono chiusi al pubblico e si permette solo la consegna a domicilio;Tutti i centri ricreativi di ogni genere, le chiese, le scuole di ogni ordine e grado, i centri archeologici, i monumenti, i luoghi pubblici e i centri culturali in generale sono chiusi;Esercizi commerciali di vendita di generi di prima necessit\u00e0, farmacie e supermercati: capienza limitata al 40%;Ristoranti operativi solo in modalit\u00e0 di consegna a domicilio;Attivit\u00e0 di club e associazioni sportive chiusa;<\/p>\n<p style=\"text-align: justify;\">Altre 9 regioni (Tumbes, Amazonas, Cajamarca, Ayacucho, Cusco, Puno, Arequipa, Moquegua, Tacna) sono inserite nella fascia di rischio \u201cmolto alta\u201d con blocco dei mezzi privati il sabato e la domenica, coprifuoco da luned\u00ec al venerd\u00ec dalle 20:00 alle 4:00 e notevoli riduzioni nella capienza di tutti gli esercizi pubblici e privati. Il trasporto interprovinciale terrestre e aereo \u00e8 limitato a una capienza del 50%.<\/p>\n<p style=\"text-align: justify;\">Il resto del Paese (Piura, Loreto, Lambayeque, La Libertad, San Martin, Ucayali, Madre de Dios) \u00e8 passato nella fascia \u201calta\u201d con coprifuoco tutti i giorni della settimana dalle 21:00 alle 4:00 e blocco della circolazione per i mezzi privati le domeniche.<\/p>\n<p style=\"text-align: justify;\">Confermato il blocco dei voli internazionali dall\u2019Europa e dal Sud Africa, cui si aggiunge ora il Brasile. Possibile raggiungere solo destinazioni entro le 8 ore di volo da Lima.<\/p>\n<p style=\"text-align: justify;\">Viene proibito l&#8217;ingresso di stranieri non residenti provenienti dall&#8217;Europa, Sudafrica e Brasile fino al 28 febbraio e di chiunque abbia fatto scalo in dette zone.<\/p>\n<p style=\"text-align: justify;\"><strong>AGGIORNAMENTO (17 GENNAIO 2021)<\/strong><\/p>\n<p style=\"text-align: justify;\">Ad ogni buon fine si segnala che su decisione del Ministro della Salute (Ordinanza del 16 gennaio scorso valida fino al 31 gennaio prossimo) e\u2019 stato deciso il blocco totale dei voli dal Brasile verso l&#8217;Italia nonch\u00e9 il divieto totale di entrata in Italia per chi \u00e8 stato in Brasile nei 14 giorni anteriori.<br \/>\nNon sono previste eccezioni, neanche con doppio tampone.<\/p>\n<p style=\"text-align: justify;\"><strong>\u00a0<\/strong><\/p>\n<p style=\"text-align: justify;\"><strong>AGGIORNAMENTO (15 GENNAIO 2021)<\/strong><\/p>\n<p style=\"text-align: justify;\">1.<strong> Ingressi in Per\u00f9<\/strong><\/p>\n<p style=\"text-align: justify;\">Si segnala che in data odierna \u00e8 stato pubblicato un nuovo Decreto Supremo del Presidente della Repubblica del Per\u00f9, n. 4\/2021, che stabilisce, all\u2019art. 4,<span style=\"text-decoration: underline;\"> il divieto di ingresso in Per\u00f9 fino al 31 gennaio 2021 per tutti gli stranieri non residenti in Per\u00f9 provenienti dall\u2019Europa o dal Sud Africa o che ivi abbiano realizzato uno scalo negli ultimi 14 giorni<\/span> di calendario.<\/p>\n<p style=\"text-align: justify;\">Sono <span style=\"text-decoration: underline;\">escluse<\/span> da tale divieto e dall\u2019obbligo generale di quarantena di 14 giorni le seguenti categorie: equipaggi di aereonavi, missioni speciali di tipo politico, medico o di polizia, personale delle rappresentanze diplomatiche accreditate in Per\u00f9, personale inviato per prestare aiuto umanitario o comunque coinvolto in progetti di cooperazione internazionale. Parimenti, sono esclusi lavoratori stranieri di imprese o istituzioni operanti in Per\u00f9 che necessitano di tali lavoratori\/professionisti per l\u2019esercizio delle loro funzioni. Il datore di lavoro deve comunicare alla Direzione di Salute Internazionale del Ministero della Salute peruviana (Director Ejecutivo de Sanidades Internacionales: Dr. Rigoberto Cilis Robles Camarena &#8211; Celular 985790019,\u00a0Email: <a href=\"mailto:sanidadinternacional@minsa.gob.pe\">sanidadinternacional@minsa.gob.pe<\/a>;\u00a0<a href=\"https:\/\/www.diresacallao.gob.pe\/wdiresa\/trans_directorio.php\">https:\/\/www.diresacallao.gob.pe\/wdiresa\/trans_directorio.php<\/a>)\u00a0l\u2019arrivo di tali persone <span style=\"text-decoration: underline;\">con un<\/span> <span style=\"text-decoration: underline;\">preavviso di almeno 72 ore<\/span>.<\/p>\n<p style=\"text-align: justify;\">Sono permesse le <span style=\"text-decoration: underline;\">connessioni aeroportuali entro le 16 ore purch\u00e9 i viaggiatori non escano dall\u2019area dei transiti dell\u2019aeroporto internazionale Jorge Chavez di Lima.<\/span><\/p>\n<p style=\"text-align: justify;\">2. <strong>Ingressi in Italia<\/strong><\/p>\n<p style=\"text-align: justify;\">Si segnala che il DPCM 14 gennaio 2021, in vigore dal 16 gennaio fino al 5 marzo pp.vv., ha disposto la proroga delle restrizioni attualmente in vigore per l\u2019ingresso in Italia (segnatamente artt. 6, 7, 8).<\/p>\n<p style=\"text-align: justify;\">Invitando gli interessati a prendere attenta visione di tale normativa, si ricorda che e\u2019 consentito l&#8217;ingresso e il transito nel territorio nazionale alle persone che hanno transitato o soggiornato negli Stati e territori di cui all\u2019elenco E nei quattordici giorni antecedenti, solo se ricorrano uno o pi\u00f9 dei seguenti motivi, comprovati mediante la apposita autodichiarazione:<\/p>\n<p style=\"text-align: justify;\">a) esigenze lavorative;<\/p>\n<p style=\"text-align: justify;\">b) assoluta urgenza;<\/p>\n<p style=\"text-align: justify;\">c) esigenze di salute;<\/p>\n<p style=\"text-align: justify;\">d) esigenze di studio;<\/p>\n<p style=\"text-align: justify;\">e) rientro presso il proprio domicilio, abitazione o residenza;<\/p>\n<p style=\"text-align: justify;\">f) ingresso nel territorio nazionale da parte di cittadini di Stati membri dell&#8217;Unione europea, di Stati parte dell&#8217;accordo di Schengen, del Regno Unito di Gran Bretagna e Irlanda del nord, di Andorra, del Principato di Monaco, della Repubblica di San Marino, dello Stato della Citt\u00e0 del Vaticano;<\/p>\n<p style=\"text-align: justify;\">g) ingresso nel territorio nazionale da parte di familiari delle persone fisiche di cui alla lettera f);<\/p>\n<p style=\"text-align: justify;\">h) ingresso nel territorio nazionale da parte di cittadini di Stati terzi soggiornanti di lungo periodo;<\/p>\n<p style=\"text-align: justify;\">i) ingresso nel territorio nazionale da parte di familiari delle persone fisiche di cui alla lettera h);<\/p>\n<p style=\"text-align: justify;\">l) ingresso nel territorio nazionale per raggiungere il domicilio, l&#8217;abitazione o la residenza di una persona di cui alle lettere f) e h), anche non convivente, con la quale vi \u00e8 una comprovata e stabile relazione affettiva.<\/p>\n<p style=\"text-align: justify;\">E\u2019 fatto in ogni caso obbligo di presentare al vettore all&#8217;atto dell&#8217;imbarco e a chiunque sia deputato ad effettuare i controlli un&#8217;attestazione di essersi sottoposti, nelle 48 ore antecedenti all&#8217;ingresso nel territorio nazionale, ad un test molecolare o antigenico, effettuato per mezzo di tampone e risultato negativo.<\/p>\n<p style=\"text-align: justify;\">Le persone, che hanno soggiornato o transitato, nei quattordici giorni antecedenti all&#8217;ingresso in Italia, in Stati o territori di cui all\u2019elenco E, tra cui il Per\u00f9, anche se asintomatiche, sono obbligate a comunicare immediatamente il proprio ingresso nel territorio nazionale al Dipartimento di prevenzione dell&#8217;azienda sanitaria competente per territorio e, anche se asintomatiche, si attengono ai seguenti obblighi:<\/p>\n<p style=\"text-align: justify;\">a) compiono il percorso dal luogo di ingresso nel territorio nazionale o dal luogo di sbarco dal mezzo di linea utilizzato per fare ingresso in Italia all&#8217;abitazione o alla dimora dove sar\u00e0 svolto il periodo di sorveglianza sanitaria e isolamento fiduciario esclusivamente con mezzo privato, fatto salvo il caso di transito aeroportuale a condizione di non allontanarsi dalle aree specificamente destinate all&#8217;interno delle aerostazioni.<\/p>\n<p style=\"text-align: justify;\">b) sono sottoposte alla sorveglianza sanitaria e all&#8217;isolamento fiduciario per un periodo di quattordici giorni presso l&#8217;abitazione o la dimora indicata nella autocertificazione sopra indicata.<\/p>\n<p style=\"text-align: justify;\"><strong>AGGIORNAMENTO (13 GENNAIO 2021)<\/strong><\/p>\n<p style=\"text-align: justify;\">Si segnala che in data odierna le autorit\u00e0 peruviane nel prorogare il blocco dei voli con l&#8217;Europa fino al 31 gennaio prossimo hanno introdotto, in esito alla recente reintroduzione della quarantena obbligatoria di 14 giorni per tutti coloro (sia cittadini peruviani, residenti che turisti) che entrano nel paese da qualsiasi provenienza (v. aggiornamento del 1 gennaio scorso), la facolt\u00e0 a chi lo desidera di effettuare un tampone molecolare (PCR) dopo 6 giorni di quarantena e in caso che detta prova risulti negativa evitare di completare la quarantena di 14 giorni. In caso che il passeggero non opti per tale opzione dovr\u00e0 completare obbligatoriamente il periodo di 14 giorni di quarantena.<\/p>\n<p style=\"text-align: justify;\"><strong>AGGIORNAMENTO (7 GENNAIO 2021)<\/strong><\/p>\n<p style=\"text-align: justify;\">Si segnala che il 6 gennaio \u00e8 stata pubblicata sulla locale Gazzetta Ufficiale la risoluzione ministeriale N 001-2021-MTC\/01 che proroga per ulteriori 15 giorni di calendario il divieto di voli passeggeri provenienti da Paesi superiori alle 8 ore di viaggio. Ci\u00f2 di fatto preclude la possibilit\u00e0 di voli diretti dall&#8217;Europa continuando a costringere i passeggeri provenienti dall&#8217;Unione Europea a effettuare previ scali in altri Paesi sudamericani per raggiungere del caso Lima.<\/p>\n<p style=\"text-align: justify;\">Ci\u00f2 premesso nel ricordare che la normativa italiana non consente viaggi per motivi di turismo in Per\u00f9, si invita coloro che hanno acquistato biglietti per viaggiare nel periodo in questione per motivi consentiti dalla attuale normativa italiana (DPCM del 3 dicembre scorso) di contattare le rispettive Linee Aeree per riprogrammare i voli.<\/p>\n<p style=\"text-align: justify;\"><strong>AGGIORNAMENTO (1 GENNAIO 2021)<\/strong><\/p>\n<p style=\"text-align: justify;\">Il governo peruviano dopo aver disposto la proroga per un mese (fino al 31 gennaio) dello stato di emergenza nazionale ha ieri emanato un nuovo decreto supremo con cui ha disposto la reintroduzione della quarantena obbligatoria di 14 giorni per tutti coloro (sia cittadini peruviani, residenti che turisti) che entrano nel paese da qualsiasi provenienza. Inoltre ha disposto il tampone obbligatorio per tutti coloro che abbiano transitato o soggiornato per Regno Unito o sud Africa (causa nuova variante Covid) mentre tutti gli altri saranno sottoposti a campione a tampone.<br \/>\nLa quarantena verr\u00e0 effettuata presso il prorio domicilio o strutture sanitarie secondo quanto verr\u00e0 indicato dalle competenti autorit\u00e0 sanitarie sanitarie al momento dell&#8217;ingresso.<br \/>\nAlla luce di quanto sopra rappresentato si sconsiglia per il momento di effettuare viaggi in Per\u00f9 salvo situazioni di comprovata necessit\u00e0.<\/p>\n<p style=\"text-align: justify;\"><strong>AGGIORNAMENTO (21 DICEMBRE 2020)<\/strong><\/p>\n<p style=\"text-align: justify;\">Il Presidente della Repubblica Francisco Sagasti ha annunciato stamane la chiusura dei voli commerciali da e per l\u2019Europa a causa della diffusione della nuova variante inglese del virus sars Covid-19. Questa misura, che ancora deve essere formalizzata in un Decreto Supremo e pubblicata sul \u2018\u2019Peruano\u2019\u2019 (locale gazzetta ufficiale), sar\u00e0 in vigore per un periodo iniziale di 15 giorni.<\/p>\n<p style=\"text-align: justify;\">Gi\u00e0 nella giornata di ieri l\u2019Esecutivo aveva sospeso in via cautelare tutti i voli che avessero previsto un scalo nel Regno Unito, oltrech\u00e9\u2019 l\u2019ipotesi di voli diretti verso tale Paese. Inoltre, e\u2019 stato disposto il divieto di ingresso in Per\u00f9 per tutti coloro che nei 14 giorni antecedenti alla programmata entrata nel Paese abbiano transitato o sostato in Inghilterra. Tutti coloro che invece gi\u00e0 dovessero essere entrati dovranno rispettare 14 giorni di isolamento domiciliare obbligatorio e notificare le proprie condizioni alle autorit\u00e0 sanitarie.<\/p>\n<p style=\"text-align: justify;\">Tanto si segnala per opportuna informazione dell\u2019utenza. Si raccomanda ai passeggeri con biglietti\/prenotazioni per voli da\/per l\u2019Europa in questo periodo di tempo di rivolgersi alle rispettive linee Aeree per rimodulare i relativi viaggi. Si fa riserva di informare sugli sviluppi della situazione.<\/p>\n<p style=\"text-align: justify;\"><strong>SI SEGNALA CHE LE AUTORITA&#8217; PERUVIANE HANNO AUTORIZZATO LA RIPRESA DEI VOLI COMMERCIALI CON L&#8217;EUROPA A PARTIRE DAL 15 DICEMBRE PROSSIMO ATTRAVERSO GLI SCALI DI MADRID, AMSTERDAM, PARIGI E LONDRA. PER INFORMAZIONI SUI VOLI SI PREGA DI CONTATTARE LE RISPETTIVE LINEE AEREE.<\/strong><\/p>\n<p style=\"text-align: justify;\"><strong>RIENTRI DALL&#8217;ESTERO PER LE STABILI RELAZIONI AFFETTIVE<\/strong><\/p>\n<p style=\"text-align: justify;\">L&#8217;art. 6, comma 1, lett. L del DPCM del 3 dicembre scorso, in vigore fino al 15 gennaio 2021, ha esteso anche al Per\u00f9 la possibilit\u00e0 di ingresso in Italia per cittadini peruviani che abbiano una stabile relazione affettiva &#8211; anche senza convivenza &#8211; con un cittadino italiano o con un cittadino straniero residente di lungo periodo in Italia.<\/p>\n<p style=\"text-align: justify;\">N.B.Nel caso in cui il Partner italiano sia iscritto all&#8217;AIRE e intenda rientrare in Italia il viaggio sar\u00e0 possibile solo in presenza di sue documentate ragioni di necessit\u00e0, urgenza, salute o lavoro.<\/p>\n<p style=\"text-align: justify;\">L\u2019ingresso in Italia per turismo non \u00e8 in ogni caso al momento consentito.<\/p>\n<p style=\"text-align: justify;\">Si ricorda che la relazione affettiva riguarda esclusivamente le coppie e non i familiari.<\/p>\n<p style=\"text-align: justify;\">In assenza di voli diretti per l&#8217;Italia, si segnala che Polizie di Frontiera di Olanda e Spagna al momento di ingresso di un cittadino peruviano nello spazio Schengen, con destinazione finale Italia, possono richiedere ai cittadini peruviani che indicano come motivo di ingresso in area Schengen la comprovata e stabile relazione affettiva in Italia di giustificare l&#8217;ingresso con una dichiarazione consolare rilasciata da questa Ambasciata che attesti una &#8220;relazione affettiva comprovata e stabile con un cittadino europeo o uno straniero residente nel nostro paese e la conseguente possibilit\u00e0 di ingresso in Italia e di transito aeroportuale dentro allo spazio Schengen&#8221;.<\/p>\n<p style=\"text-align: justify;\">Al riguardo si segnala che coloro che intendano richiedere tale documento da esibire alle polizie di frontiera alle frontiere Schengen dovranno presentarsi in Ambasciata in orario di ricezione del pubblico (8:00-11-30) con documentazione idonea a dimostrare l&#8217;effettiva sussistenza &#8220;di una comprovata relazione stabile affettiva&#8221; oltre a una dichiarazione di responsabilit\u00e0 della parte invitante sulla durata e stabilit\u00e0 della relazione affettiva, accompagnata da copia di un valido documento di identit\u00e0. Fra i documenti potranno essere esibiti, a titolo meramente esemplificativo, contratti di affitto o altra documentazione idonea a comprovare una residenza comune, prova di viaggi effettuati congiuntamente, se del caso precedenti visti richiesti anche non a questa Rappresentanza, lavoro presso la stessa societ\u00e0 e simili. Questa Ambasciata di riserva il diritto di richiedere ulteriore documentazione e di valutare complessivamente quanto prodotto dagli interessati.<\/p>\n<p style=\"text-align: justify;\">Questa Ambasciata si riserva inoltre di intervistare gli interessati e avvisa fin d&#8217;ora che non sar\u00e0 possibile rilasciare dichiarazioni consolari in materia in assenza di documentazione che dimostri l&#8217;esistenza di relazioni stabili e continuative nel tempo. A titolo di esempio, legami o conoscenze fugaci e\/o occasionali non potranno in questa sede essere tenuti in considerazione.<\/p>\n<p style=\"text-align: justify;\"><strong>AGGIORNA<\/strong><strong>MENTO<\/strong><strong> (4<\/strong><strong> DICEMB<\/strong><strong>RE<\/strong><strong> 2020)<\/strong><\/p>\n<p style=\"text-align: justify;\">Si informa che a seguito dell\u2019approvazione del DPCM del 3 dicembre scorso (<a href=\"resource\/doc\/2020\/12\/dpcm_3_dicembre_2020.pdf\">qui allegato<\/a>), in vigore da oggi 4 dicembre 2020 e le cui regole saranno in vigore <span style=\"text-decoration: underline;\"><strong>fino al 15 gennaio 2021<\/strong><\/span>, sono state introdotte diverse novit\u00e0 in merito alla disciplina degli ingressi da e per l\u2019estero.<\/p>\n<p style=\"text-align: justify;\">La principale innovazione consiste nell\u2019<span style=\"text-decoration: underline;\">eliminazione del cosiddetto elenco F<\/span>, ovvero l\u2019elenco dei Paesi maggiormente rischio con norme pi\u00f9 restrittive che ha interessato alcuni Paesi extra-UE, tra cui il Per\u00f9.<\/p>\n<p style=\"text-align: justify;\">Con l\u2019eliminazione dell&#8217;elenco F, e il conseguente passaggio dei Paesi ivi contenuti (tra cui per l\u2019appunto il Per\u00f9) nell\u2019elenco E (<a href=\"resource\/doc\/2020\/12\/allegato_20.pdf\">v. allegato<\/a>), la normativa per l\u2019ingresso in Italia di passeggeri provenienti dal Per\u00f9 \u00e8 sostanzialmente questa:<\/p>\n<p style=\"text-align: justify;\">E\u2019 consentito l&#8217;ingresso e il transito nel territorio nazionale alle persone che hanno transitato o soggiornato negli Stati e territori di cui al menzionato elenco E nei quattordici giorni antecedenti, <strong><span style=\"text-decoration: underline;\">solo se ricorrano uno o pi\u00f9 dei seguenti motivi<\/span>, comprovati mediante la apposita autodichiarazione<\/strong>:<\/p>\n<p style=\"text-align: justify;\">a) esigenze lavorative;<br \/>\nb) assoluta urgenza;<br \/>\nc) esigenze di salute;<br \/>\nd) esigenze di studio;<br \/>\ne) rientro presso il proprio domicilio, abitazione o residenza;<br \/>\nf) ingresso nel territorio nazionale da parte di cittadini di Stati membri dell&#8217;Unione europea, di Stati parte dell&#8217;accordo di Schengen, del Regno Unito di Gran Bretagna e Irlanda del nord, di Andorra, del Principato di Monaco, della Repubblica di San Marino, dello Stato della Citt\u00e0 del Vaticano;<br \/>\ng) ingresso nel territorio nazionale da parte di familiari delle persone fisiche di cui alla lettera f);<br \/>\nh) ingresso nel territorio nazionale da parte di cittadini di Stati terzi soggiornanti di lungo periodo;<br \/>\ni) ingresso nel territorio nazionale da parte di familiari delle persone fisiche di cui alla lettera h);<br \/>\nl) ingresso nel territorio nazionale per raggiungere il domicilio, l&#8217;abitazione o la residenza di una persona di cui alle lettere f) e h), <strong>anche non convivente, con la quale vi \u00e8 una comprovata e stabile relazione affettiva.<\/strong><\/p>\n<p style=\"text-align: justify;\">E\u2019 fatto in ogni caso obbligo di presentare al vettore all&#8217;atto dell&#8217;imbarco e a chiunque sia deputato ad effettuare i controlli <strong>un&#8217;attestazione di essersi sottoposti, nelle 48 ore antecedenti all&#8217;ingresso nel territorio nazionale, ad un test molecolare o antigenico, effettuato per mezzo di tampone e risultato negativo<\/strong>.<\/p>\n<p style=\"text-align: justify;\">Le persone, che hanno soggiornato o transitato, nei quattordici giorni antecedenti all&#8217;ingresso in Italia, in Stati o territori di cui all\u2019elenco E, tra cui il Per\u00f9, anche se asintomatiche, <strong>sono obbligate a comunicare immediatamente il proprio ingresso nel territorio nazionale al Dipartimento di prevenzione dell&#8217;azienda sanitaria competente per territorio<\/strong> e, anche se asintomatiche, si attengono ai seguenti obblighi:<\/p>\n<p style=\"text-align: justify;\">a) <strong>compiono il percorso dal luogo di ingresso nel territorio nazionale o dal luogo di sbarco dal mezzo di linea<\/strong> utilizzato per fare ingresso in Italia all&#8217;abitazione o alla dimora dove sar\u00e0 svolto il periodo di sorveglianza sanitaria e isolamento fiduciario esclusivamente <strong>con mezzo privato<\/strong>, fatto salvo il caso di transito aeroportuale a condizione di non allontanarsi dalle aree specificamente destinate all&#8217;interno delle aerostazioni.<\/p>\n<p style=\"text-align: justify;\">b) <strong>sono sottoposte alla sorveglianza sanitaria e all&#8217;isolamento fiduciario per un periodo di quattordici giorni presso l&#8217;abitazione o la dimora<\/strong> indicata nella autocertificazione sopra indicata.<\/p>\n<p style=\"text-align: justify;\"><strong>AGGIORNAMENTO\u00a0(16 NOVEMBRE 2020)<\/strong><\/p>\n<p style=\"text-align: justify;\">Si informa che le restrizioni per i passeggeri previenienti da paesi a rischio (cd lista elenco &#8220;F&#8221;) , tra cui il Peru&#8217;, sono state prorogate con DPCM del 3 novembre scorso fino a fine del corrente mese di novembre.<\/p>\n<p style=\"text-align: justify;\"><strong>AGGIORNAMENTO (27 OTTOBRE 2020)<\/strong><\/p>\n<p style=\"text-align: justify;\">Si segnala che le autorit\u00e0 peruviane, nel quadro dell\u2019avvio della fase 4 dell\u2019emergenza Covid con la riattivazione di diverse attivit\u00e0 economiche, hanno deciso la riattivazione dal 1 novembre prossimo, sotto rigidi protocolli sanitari, la riattivazione dei voli commerciali verso alcune destinazione del continente americano fino ad 8 ore di volo. I voli commerciali da e per l&#8217;Europa non saranno ancora riattivati, perlomeno nel prossimo mese di novembre.<\/p>\n<p style=\"text-align: justify;\">Per raggiungere l\u2019Europa resta la possibilit\u00e0 di usufruire dei voli speciali che alcune Ambasciate UE continuano ad organizzare verso destinazioni europee.<\/p>\n<p style=\"text-align: justify;\">Al momento risultano organizzati i seguenti voli:<\/p>\n<p style=\"text-align: justify;\">&#8211; Air Europa: voli per Madrid il 4 e il 18 novembre (<a href=\"resource\/img\/2020\/10\/vuelos_air_europa_noviembre.jpg\">allegato foglio illustrativo<\/a>);<\/p>\n<p style=\"text-align: justify;\">&#8211; KLM: un volo per Amsterdam tutti i gioved\u00ec di novembre;<\/p>\n<p style=\"text-align: justify;\">&#8211; Air France: un volo per Parigi tutti i venerd\u00ec del mese;<\/p>\n<p style=\"text-align: justify;\">&#8211; Iberia: consultare la Linea Aerea.<\/p>\n<p style=\"text-align: justify;\">Si ricorda che con DPCM 24 ottobre 2020 sono state prorogate fino al 24 novembre 2020 le misure precauzionali per contrastare e contenere il diffondersi del virus Covid-19, di cui ai precedenti decreti DPCM ed Ordinanze del Ministro della Salute, incluso il divieto d&#8217;ingresso in Italia per coloro che nei 14 giorni antecedenti abbiano soggiornato o transitato in alcuni paesi a rischio contagio, tra cui per l&#8217;appunto il Per\u00f9.<\/p>\n<p style=\"text-align: justify;\">Fanno eccezione al divieto: i cittadini italiani, di uno Stato UE, di un paese parte dell\u2019accordo di Schengen, del Regno Unito, di Andorra, del Principato di Monaco, della Repubblica di San Marino o dello Stato della Citt\u00e0 del Vaticano e i loro stretti familiari residenti conviventi anagraficamente in Italia da data anteriore al 9 luglio 2020 oltre ai cittadini stranieri titolari di permesso di soggiorno di lungo periodo e loro stretti familiari conviventi anagraficamente in Italia da data anteriore al 9 luglio 2020.<\/p>\n<p style=\"text-align: justify;\">Questa Ambasciata resta a disposizione per ogni chiarimento sulla portata delle sopra menzionate disposizioni sanitarie italiane in relazione al divieto di ingresso per passeggeri provenienti dal Per\u00f9 (scrivere a: ambasciata.lima@esteri.it) mentre sugli aspetti operativi dei voli (prenotazioni, acquisto biglietti, ecc.) si rinnova l\u2019invito a contattare le rispettive linee aeree.<\/p>\n<p style=\"text-align: justify;\"><strong>AGGIORNAMENTO (13 OTTOBRE 2020)<\/strong><\/p>\n<p style=\"text-align: justify;\">Si comunica che il DPCM 13 ottobre 2020 (<a href=\"resource\/doc\/2020\/10\/dpcm_13_ottobre_2020.pdf\">qui allegato<\/a>) che produce effetti per un mese a partire da domani 14 ottobre \u00e8 stata disposta dal Governo italiano la proroga delle precedenti disposizioni sanitarie in materia di rientro in Italia per coloro che nei 14 giorni antecedenti abbiano soggiornato o transitato in alcuni paesi a rischio contagio COVID, tra cui per l&#8217;appunto il Per\u00f9 con <span style=\"text-decoration: underline;\"><strong>una importante novit\u00e0<\/strong> <\/span>ossia che anche<span style=\"text-decoration: underline;\"><strong> gli stranieri residenti di lungo periodo e loro stretti familiari, conviventi\u00a0e residenti\u00a0in Italia, provenienti dal Per\u00f9<\/strong><\/span> e altri paesi a rischio di cui all\u2019Allegato F <span style=\"text-decoration: underline;\"><strong>potranno adesso fare ingresso in Italia<\/strong><\/span>.<\/p>\n<p style=\"text-align: justify;\">Viene peraltro introdotto l\u2019obbligo a partire dal 14 ottobre prossimo per i cittadini europei ed extraeuropei e loro familiari residenti in Italia che intendono entrare nel nostro Paese da Paesi a rischio tra cui il Per\u00f9 l\u2019obbligo di esibire all\u2019ingresso in Italia un tampone (molecolare o antigenico) NEGATIVO effettuato nelle 72 ore prima dell\u2019ingresso in territorio nazionale (art. 4, comma 2, lettera a citato DPCM). Permane infine l\u2019obbligo dell\u2019isolamento fiduciario di 14 giorni una volta giunti nelle rispettive abitazioni in Italia<\/p>\n<p style=\"text-align: justify;\">Nel segnalare che le linee aeree operanti dal Per\u00f9 verso l\u2019Europa sono state gi\u00e0 notificate di tali nuove disposizioni ed invitate ad effettuare gli opportuni controlli sui passeggeri diretti in Italia, si invita a contattare questa Ambasciata per eventuali chiarimenti o maggiori informazioni alla mail istituzionale ambasciata.lima@esteri.it.<\/p>\n<p style=\"text-align: justify;\"><strong>AGGIORNAMENTO (8 OTTOBRE 2020)<\/strong><\/p>\n<p style=\"text-align: justify;\">Si comunica che, con Ordinanza del Ministero della Salute del 7 ottobre 2020 <a href=\"resource\/doc\/2020\/10\/ordinanza_ingressi_paesi_esteri_7_ottobre_2020_def.pdf\">(in allegato<\/a>), che produce effetti a partire da oggi e sino all\u2019adozione di un successivo Decreto del Presidente del Consiglio dei ministri, \u00e8 stato disposto:<\/p>\n<p style=\"text-align: justify;\">&#8211; L&#8217;obbligo, per chi entra in territorio nazionale dopo aver soggiornato o transitato in Belgio, Francia, Paesi Bassi, Regno Unito, Repubblica Ceca e Spagna nei quattordici giorni antecedenti, di sottoporsi ad un test molecolare (tampone) nelle 72 ore precedenti l&#8217;ingresso oppure entro 48 ore dall\u2019ingresso nel territorio nazionale;<\/p>\n<p style=\"text-align: justify;\">&#8211; La rimozione di Grecia, Croazia e Malta dall\u2019elenco di Paesi per cui \u00e8 obbligatorio sottoporsi a test molecolare al rientro in Italia;<\/p>\n<p style=\"text-align: justify;\">&#8211; La proroga, fino al 15 ottobre 2020, fatti salvi i casi di cui ai punti precedenti, dell\u2019efficacia delle ordinanze del Ministro della salute 21 settembre 2020 e 25 settembre 2020.<\/p>\n<p style=\"text-align: justify;\">In base a quanto sopra rappresentato, si conferma dunque fino a nuove disposizioni il divieto d&#8217;ingresso in Italia per coloro che nei 14 giorni antecedenti abbiano soggiornato o transitato in alcuni paesi a rischio contagio, tra cui per l&#8217;appunto il Per\u00f9. Si ricorda che fanno eccezione al divieto: i cittadini italiani, di uno Stato UE, di un paese parte dell\u2019accordo di Schengen, del Regno Unito, di Andorra, del Principato di Monaco, della Repubblica di San Marino o dello Stato della Citt\u00e0 del Vaticano e i loro stretti familiari a condizione che siano residenti conviventi anagraficamente in Italia da data anteriore al 9 luglio 2020. Al rientro in Italia da questi Paesi a rischio, i passeggeri dovranno comunque sottoporsi ad isolamento fiduciario e sorveglianza sanitaria, compilare un\u2019autodichiarazione nella quale dovranno indicare la motivazione che consente il rientro e raggiungere la propria destinazione finale in Italia solo con mezzo privato (\u00e8 consentito il transito aeroportuale, senza uscire dalle zone dedicate dell\u2019aerostazione).<\/p>\n<p style=\"text-align: justify;\">Si attira l\u2019attenzione sulla circostanza che coloro che dovessero raggiungere adesso l\u2019Italia da Belgio, Francia, Paesi Bassi, Regno Unito, Repubblica Ceca e Spagna nei quattordici giorni antecedenti all\u2019ingresso in Italia, dovranno adesso obbligatoriamente sottoporsi ad un test molecolare (tampone) nelle 72 ore precedenti l&#8217;ingresso oppure entro 48 ore dall\u2019ingresso nel territorio nazionale.<\/p>\n<p style=\"text-align: justify;\">Per opportuni approfondimenti e scaricare l\u2019Autocertificazione per l\u2019ingresso in Italia consultare il sito www.esteri.it.<\/p>\n<p style=\"text-align: justify;\"><strong>AGGIORNAMENTO (6 OTTOBRE 2020)<\/strong><\/p>\n<p style=\"text-align: justify;\"><strong>Voli commerciali e speciali dal 5 ottobre 2020<\/strong><\/p>\n<p style=\"text-align: justify;\">D\u2019accordo alle disposizioni emanate da ultimo dal Ministero dei Trasporti e delle Comunicazioni in coordinamento con il Ministero della Salute, dal 5 ottobre sono ripresi i voli commerciali per Guayaquil, La Paz, Quito, Bogot\u00e1, Santa Cruz, Cali, Medell\u00edn, Panama, Asunci\u00f3n, Montevideo e Santiago. Tutte le categorie di viaggio (turismo, affari, ecc.) sono consentite da e verso queste destinazioni.<\/p>\n<p style=\"text-align: justify;\">Le citt\u00e0 non comprese in questo elenco potranno, del caso, essere raggiunte attraverso i voli speciali organizzati nell\u2019ambito del DS 045-2020-PCM e della risoluzione ministeriale 627-2020-MINSA e della &#8220;Guida tecnica: protocollo per l&#8217;attenzione ai viaggiatori che entrano e lasciano il Paese con voli speciali \u201d. In questa fase non sono consentiti spostamenti per motivi turistici sui voli speciali.<\/p>\n<p style=\"text-align: justify;\">Si ricorda che in base alla normativa peruviana il passeggero che vola per raggiungere lo Stato peruviano, deve presentare obbligatoriamente all\u2019atto della partenza presso l&#8217;aeroporto di imbarco l&#8217;esito negativo di un Test Molecolare, effettuato in un periodo <span style=\"text-decoration: underline;\">non superiore a 72 ore prima del viaggio<\/span>.<\/p>\n<p style=\"text-align: justify;\">Si segnala che i passeggeri di voli speciali dovranno compilare una dichiarazione giurata, 72 ore prima del viaggio, indicando il luogo in cui trascorreranno l\u2019isolamento obbligatorio di 14 giorni una volta giunti in Peru\u2019. La compilazione di questo modulo \u00e8 un requisito obbligatorio e dovr\u00e0 essere presentato all\u2019imbarco. Il link al modulo \u00e8: <a href=\"https:\/\/e-notificacion.migraciones.gob.pe\/dj-salud\/\">https:\/\/e-notificacion.migraciones.gob.pe\/dj-salud\/<\/a>.<\/p>\n<p style=\"text-align: justify;\">Si ricorda che i passeggeri\u00a0dei voli commerciali all&#8217;arrivo a Lima potranno andare ai rispettivi domicili senza obbligo di quarantena ma con l&#8217;impegno di comunicare all&#8217;autorita&#8217; sanitaria eventuali sintomi che dovessero comparire entro 14 giorni. Nel caso i passeggeri manifestassero sintomi all&#8217;arrivo a Lima verranno invece inviati alle strutture sanitarie di competenza per gli accertamenti di rito.<\/p>\n<p style=\"text-align: justify;\">Nell\u2019ambito del DS 045-PCM-2020 e le disposizione relative all&#8217;elenco dei passeggeri, i peruviani che intendono recarsi all&#8217;estero devono inviare la loro richiesta all&#8217;indirizzo elettronico: requestsdgc@rree.gob.pe e compilare il formulario nel seguente link: <a href=\"https:\/\/docs.google.com\/forms\/d\/e\/1FAIpQLSc3xX5_NgrNm8gGl3KDhiKJNmbuxGlrkijIm3wIQ9bb9xskwQ\/viewform\">https:\/\/docs.google.com\/forms\/d\/e\/1FAIpQLSc3xX5_NgrNm8gGl3KDhiKJNmbuxGlrkijIm3wIQ9bb9xskwQ\/viewform<\/a><\/p>\n<p style=\"text-align: justify;\">Coloro che intendono rientrare in territorio peruviano mentre le frontiere sono chiuse, dovranno chiedere espressa autorizzazione al Ministero degli Affari Esteri attraverso apposita domanda da inoltrare ai rispettivi, competenti Consolati peruviani all&#8217;estero..<\/p>\n<p style=\"text-align: justify;\">Per maggiori informazioni sulle Linee guida settoriali per la prevenzione del COVID 19 nella fornitura del servizio di trasporto aereo internazionale di passeggeri&#8221; entrare in questo link:<\/p>\n<p style=\"text-align: justify;\"><a href=\"https:\/\/cdn.www.gob.pe\/uploads\/document\/file\/1345243\/Guia%20Explicativa%20.pdf\">https:\/\/cdn.www.gob.pe\/uploads\/document\/file\/1345243\/Guia%20Explicativa%20.pdf<\/a><\/p>\n<p style=\"text-align: justify;\"><strong>AGGIORNAMENTO (29 SETTEMBRE 2020)<\/strong><\/p>\n<p style=\"text-align: justify;\">Si segnala che le autorit\u00e0 peruviane hanno prorogato lo stato di emergenza nazionale fino alla fine del prossimo mese di ottobre. Nel quadro dell\u2019avvio della fase 4 dell\u2019emergenza Covid con la riattivazione di diverse attivit\u00e0 economiche \u00e8 stata decisa da queste autorit\u00e0 la riattivazione dal 5 ottobre prossimo, sotto rigidi protocolli sanitari, dei voli commerciali verso 7 paesi della regione (cio\u00e8 Bolivia, Cile, Colombia, Ecuador, Panama, Paraguay ed Uruguay). I voli commerciali da e per l&#8217;Europa non saranno ancora riattivati, perlomeno nel prossimo mese di ottobre<\/p>\n<p style=\"text-align: justify;\">Per raggiungere l\u2019Europa resta la possibilit\u00e0 di usufruire dei voli speciali che alcune Ambasciate UE continuano ad organizzare verso destinazioni europee.<\/p>\n<p style=\"text-align: justify;\">Al momento risultano organizzati i seguenti voli:<\/p>\n<p style=\"text-align: justify;\">&#8211; Air Europa: voli per Madrid il 14 e il 28 settembre (<a href=\"resource\/img\/2020\/09\/vuelos_especiales_14_y_28_oct_air_europa.pdf\"><em>allegato foglio illustrativo<\/em><\/a>);<\/p>\n<p style=\"text-align: justify;\">&#8211; KLM: un volo per Amsterdam tutti i gioved\u00ec di ottobre;<\/p>\n<p style=\"text-align: justify;\">&#8211; Air France: un volo per Parigi tutti i venerd\u00ec del mese;<\/p>\n<p style=\"text-align: justify;\">&#8211; Iberia: consultare la Linea Aerea.<\/p>\n<p style=\"text-align: justify;\">Si ricorda che con DPCM 7 settembre 2020 sono state prorogate fino al 7 ottobre 2020 le misure precauzionali per contrastare e contenere il diffondersi del virus Covid-19, di cui ai precedenti decreti DPCM ed Ordinanze del Ministro della Salute, incluso il divieto d&#8217;ingresso in Italia per coloro che nei 14 giorni antecedenti abbiano soggiornato o transitato in alcuni paesi a rischio contagio, tra cui per l&#8217;appunto il Per\u00f9.<\/p>\n<p style=\"text-align: justify;\">Fanno eccezione al divieto: i cittadini italiani, di uno Stato UE, di un paese parte dell\u2019accordo di Schengen, del Regno Unito, di Andorra, del Principato di Monaco, della Repubblica di San Marino o dello Stato della Citt\u00e0 del Vaticano e i loro stretti familiari a condizione che siano residenti conviventi anagraficamente in Italia da data anteriore al 9 luglio 2020.<\/p>\n<p style=\"text-align: justify;\">Questa Ambasciata resta a disposizione per ogni chiarimento sulla portata delle sopra menzionate disposizioni sanitarie italiane in relazione al divieto di ingresso per passeggeri provenienti dal Per\u00f9 (scrivere a: ambasciata.lima@esteri.it) mentre sugli aspetti operativi dei voli (prenotazioni, acquisto biglietti, ecc.) si rinnova l\u2019invito a contattare le rispettive linee aeree.<\/p>\n<p style=\"text-align: justify;\"><strong>AGGIORNAMENTO (8 SETTEMBRE 2020)<\/strong><\/p>\n<p style=\"text-align: justify;\">Si segnala che con DPCM 7 settembre 2020 (<a href=\"resource\/doc\/2020\/09\/dpcm_20200907_txt.pdf\">allegato testo<\/a>) sono state prorogate fino al 7 ottobre 2020 le misure precauzionali per contrastare e contenere il diffondersi del virus Covid-19, di cui ai precedenti decreti DOCM ed Ordinanze del Ministro della Salute, incluso il divieto d&#8217;ingresso in Italia per coloro che nei 14 giorni antecedenti abbiano soggiornato o transitato in alcuni paesi a rischio contagio, tra cui per l&#8217;appunto il Per\u00f9.<\/p>\n<p style=\"text-align: justify;\">Si ricorda che fanno eccezione al divieto: I cittadini italiani, di uno Stato UE, di un paese parte dell\u2019accordo di Schengen, del Regno Unito, di Andorra, del Principato di Monaco, della Repubblica di San Marino o dello Stato della Citt\u00e0 del Vaticano e i loro stretti familiari a condizione che siano residenti conviventi anagraficamente in Italia da data anteriore al 9 luglio 2020.<\/p>\n<p style=\"text-align: justify;\">Al rientro in Italia da questi Paesi, \u00e8 necessario sottoporsi ad isolamento fiduciario e sorveglianza sanitaria, compilare un\u2019autodichiarazione nella quale si deve indicare la motivazione che consente il rientro e si pu\u00f2 raggiungere la propria destinazione finale in Italia solo con mezzo privato (\u00e8 consentito il transito aeroportuale, senza uscire dalle zone dedicate dell\u2019aerostazione).<\/p>\n<p style=\"text-align: justify;\"><strong>AGGIORNAMENTO (4 SETTEMBRE 2020)<\/strong><\/p>\n<p style=\"text-align: justify;\">Si segnala che in alcune ultime dichiarazioni, i vertici politici peruviani hanno aperto alla possibilit\u00e0 di una lenta e graduale riapertura dei voli internazionali a partire dal prossimo mese di ottobre, se le condizioni lo permetteranno. La priorit\u00e0 verr\u00e0 &#8211; in caso &#8211; accordata ai Paesi limitrofi e agli Stati Uniti. Non si hanno notizie certe in merito alla riapertura dei voli da e per l&#8217;Europa. Qualsiasi decisione verr\u00e0 presa dal Governo peruviano tenendo essenzialmente conto dello stato di propagazione del Covid-19 nella regione e nei paesi di destinazione dei voli.<\/p>\n<p style=\"text-align: justify;\">Si fa riserva di maggiori informazioni appena possibile.<\/p>\n<p style=\"text-align: justify;\"><strong>AGGIORNAMENTO (31 AGOSTO 2020)<\/strong><\/p>\n<p style=\"text-align: justify;\">Si unisce l\u2019elenco aggiornato dei voli speciali in partenza da destinazioni europee per Lima al momento autorizzati dalle autorit\u00e0 peruviane per il mese di settembre.<\/p>\n<p style=\"text-align: justify;\">Si ricorda che per poter imbarcarsi in tali voli ed entrare in Per\u00f9 i passeggeri dovranno ottenere la <strong>previa<\/strong> autorizzazione da parte delle autorit\u00e0 peruviane attraverso il competente Ufficio consolare peruviano in Europa. Al momento le autorit\u00e0 peruviane concedono il permesso all\u2019ingresso in Per\u00f9 solo ai cittadini peruviani o agli stranieri residenti in Per\u00f9 ed a qualche altra limitata categoria di passeggeri (familiari stretti, casi umanitari, ecc.). Si pregano quindi i passeggeri interessati in tali voli di rivolgersi all\u2019Ufficio consolare peruviano di residenza per richiedere tale autorizzazione prima di compare i biglietti e intraprendere il viaggio onde evitare di non essere imbarcati.<\/p>\n<table>\n<tbody>\n<tr>\n<td align=\"center\"><strong>Paese\u00a0 <\/strong><\/td>\n<td align=\"center\"><strong>Parte da <\/strong><\/td>\n<td align=\"center\"><strong>Destinazione<\/strong><\/td>\n<td style=\"text-align: center;\"><strong>Linea Aerea<\/strong><\/td>\n<td style=\"text-align: center;\" align=\"center\"><strong>Giorno<\/strong><\/td>\n<\/tr>\n<tr>\n<td style=\"text-align: center;\">Olanda<\/td>\n<td align=\"center\">Amsterdam<\/td>\n<td align=\"center\">Lima<\/td>\n<td align=\"center\">KLM<\/td>\n<td style=\"text-align: center;\">02\/09\/2020<\/td>\n<\/tr>\n<tr>\n<td style=\"text-align: center;\">Francia<\/td>\n<td align=\"center\">Parigi<\/td>\n<td align=\"center\">Lima<\/td>\n<td align=\"center\">Air France<\/td>\n<td style=\"text-align: center;\">02\/09\/2020<\/td>\n<\/tr>\n<tr>\n<td style=\"text-align: center;\">Spagna<\/td>\n<td align=\"center\">Madrid<\/td>\n<td align=\"center\">Lima<\/td>\n<td align=\"center\">Iberia<\/td>\n<td style=\"text-align: center;\">04\/09\/2020<\/td>\n<\/tr>\n<tr>\n<td style=\"text-align: center;\">Spagna<\/td>\n<td align=\"center\">Madrid<\/td>\n<td align=\"center\">Lima<\/td>\n<td align=\"center\">Air Europa<\/td>\n<td style=\"text-align: center;\">05\/09\/2020<\/td>\n<\/tr>\n<tr>\n<td style=\"text-align: center;\">Olanda<\/td>\n<td align=\"center\">Amsterdam<\/td>\n<td align=\"center\">Lima<\/td>\n<td align=\"center\">KLM<\/td>\n<td style=\"text-align: center;\">09\/09\/2020<\/td>\n<\/tr>\n<tr>\n<td style=\"text-align: center;\">Francia<\/td>\n<td align=\"center\">Paris<\/td>\n<td align=\"center\">Lima<\/td>\n<td align=\"center\">Air France<\/td>\n<td style=\"text-align: center;\">09\/09\/2020<\/td>\n<\/tr>\n<tr>\n<td style=\"text-align: center;\">Spagna<\/td>\n<td align=\"center\">Madrid<\/td>\n<td align=\"center\">Lima<\/td>\n<td align=\"center\">Iberia<\/td>\n<td style=\"text-align: center;\">11\/09\/2020<\/td>\n<\/tr>\n<tr>\n<td style=\"text-align: center;\">Spagna<\/td>\n<td align=\"center\">Madrid<\/td>\n<td align=\"center\">Lima<\/td>\n<td align=\"center\">Air Europa<\/td>\n<td style=\"text-align: center;\">12\/09\/2020<\/td>\n<\/tr>\n<tr>\n<td style=\"text-align: center;\">Spagna<\/td>\n<td align=\"center\">Madrid<\/td>\n<td align=\"center\">Lima<\/td>\n<td align=\"center\">Plus Ultra<\/td>\n<td style=\"text-align: center;\">15\/09\/2020<\/td>\n<\/tr>\n<tr>\n<td style=\"text-align: center;\">Olanda<\/td>\n<td align=\"center\">Amsterdam<\/td>\n<td align=\"center\">Lima<\/td>\n<td align=\"center\">KLM<\/td>\n<td style=\"text-align: center;\">16\/09\/2020<\/td>\n<\/tr>\n<tr>\n<td style=\"text-align: center;\">Francia<\/td>\n<td align=\"center\">Parigi<\/td>\n<td align=\"center\">Lima<\/td>\n<td align=\"center\">Air France<\/td>\n<td style=\"text-align: center;\">16\/09\/2020<\/td>\n<\/tr>\n<\/tbody>\n<\/table>\n<p style=\"text-align: justify;\"><strong>AGGIORNAMENTO (31 AGOSTO)<\/strong><\/p>\n<p style=\"text-align: justify;\">Si unisce l\u2019elenco aggiornato dei voli speciali da Lima con destinazioni europee al momento autorizzati dalle autorit\u00e0 peruviane per il mese di settembre.<\/p>\n<p style=\"text-align: justify;\">Si rinvia a quanto segnalato nei precedenti aggiornamenti per quanto concerne la normativa italiana per l&#8217;ingresso in Italia di passeggeri provenienti dal Per\u00fa.<\/p>\n<table>\n<tbody>\n<tr>\n<td style=\"text-align: center;\"><strong>Paese<\/strong><\/td>\n<td style=\"text-align: center;\"><strong>Parte da <\/strong><\/td>\n<td style=\"text-align: center;\"><strong>Destinazione<\/strong><\/td>\n<td style=\"text-align: center;\"><strong>Linea Aerea<\/strong><\/td>\n<td style=\"text-align: center;\"><strong>Giorno<\/strong><\/td>\n<\/tr>\n<tr>\n<td style=\"text-align: center;\">Olanda<\/td>\n<td style=\"text-align: center;\">Lima<\/td>\n<td style=\"text-align: center;\">Amsterdam<\/td>\n<td style=\"text-align: center;\">KLM<\/td>\n<td style=\"text-align: center;\">03\/09\/2020<\/td>\n<\/tr>\n<tr>\n<td style=\"text-align: center;\">Francia<\/td>\n<td style=\"text-align: center;\">Lima<\/td>\n<td style=\"text-align: center;\">Parigi<\/td>\n<td style=\"text-align: center;\">Air France<\/td>\n<td style=\"text-align: center;\">04\/09\/2020<\/td>\n<\/tr>\n<tr>\n<td style=\"text-align: center;\">Spagna<\/td>\n<td style=\"text-align: center;\">Lima<\/td>\n<td style=\"text-align: center;\">Madrid<\/td>\n<td style=\"text-align: center;\">Iberia<\/td>\n<td style=\"text-align: center;\">05\/09\/2020<\/td>\n<\/tr>\n<tr>\n<td style=\"text-align: center;\">Spagna<\/td>\n<td style=\"text-align: center;\">Lima<\/td>\n<td style=\"text-align: center;\">Madrid<\/td>\n<td style=\"text-align: center;\">Air Europa<\/td>\n<td style=\"text-align: center;\">07\/09\/2020<\/td>\n<\/tr>\n<tr>\n<td style=\"text-align: center;\">Olanda<\/td>\n<td style=\"text-align: center;\">Lima<\/td>\n<td style=\"text-align: center;\">Amsterdam<\/td>\n<td style=\"text-align: center;\">KLM<\/td>\n<td style=\"text-align: center;\">10\/09\/2020<\/td>\n<\/tr>\n<tr>\n<td style=\"text-align: center;\">Francia<\/td>\n<td style=\"text-align: center;\">Lima<\/td>\n<td style=\"text-align: center;\">Parigi<\/td>\n<td style=\"text-align: center;\">Air France<\/td>\n<td style=\"text-align: center;\">11\/09\/2020<\/td>\n<\/tr>\n<tr>\n<td style=\"text-align: center;\">Spagna<\/td>\n<td style=\"text-align: center;\">Lima<\/td>\n<td style=\"text-align: center;\">Madrid<\/td>\n<td style=\"text-align: center;\">Iberia<\/td>\n<td style=\"text-align: center;\">12\/09\/2020<\/td>\n<\/tr>\n<tr>\n<td style=\"text-align: center;\">Spagna<\/td>\n<td style=\"text-align: center;\">Lima<\/td>\n<td style=\"text-align: center;\">Madrid<\/td>\n<td style=\"text-align: center;\">Air Europa<\/td>\n<td style=\"text-align: center;\">14\/09\/2020<\/td>\n<\/tr>\n<tr>\n<td style=\"text-align: center;\">Spagna<\/td>\n<td style=\"text-align: center;\">Lima<\/td>\n<td style=\"text-align: center;\">Madrid<\/td>\n<td style=\"text-align: center;\">Plus Ultra<\/td>\n<td style=\"text-align: center;\">16\/09\/2020<\/td>\n<\/tr>\n<tr>\n<td style=\"text-align: center;\">Olanda<\/td>\n<td style=\"text-align: center;\">Lima<\/td>\n<td style=\"text-align: center;\">Amsterdam<\/td>\n<td style=\"text-align: center;\">KLM<\/td>\n<td style=\"text-align: center;\">17\/09\/2020<\/td>\n<\/tr>\n<tr>\n<td style=\"text-align: center;\">Francia<\/td>\n<td style=\"text-align: center;\">Lima<\/td>\n<td style=\"text-align: center;\">Parigi<\/td>\n<td style=\"text-align: center;\">Air France<\/td>\n<td style=\"text-align: center;\">18\/09\/2020<\/td>\n<\/tr>\n<\/tbody>\n<\/table>\n<p style=\"text-align: justify;\"><strong>AGGIORNAMENTO (26 AGOSTO 2020)<\/strong><\/p>\n<p style=\"text-align: justify;\">Si unisce un ulteriore elenco di voli, oltre a quelli Air Europa gia segnalati (rispettivamente del 7 e 14 settembre da Lima a Madrid) al momento autorizzati dalle autorit\u00e0 peruviane da e per Lima.<\/p>\n<p style=\"text-align: justify;\">Si rinvia a quanto segnalato nei precedenti aggiornamenti per quanto concerne la normativa italiana per l&#8217;ingresso in Italia di passeggeri provenienti dal Per\u00fa.<\/p>\n<table class=\"MsoNormalTable\" style=\"width: 572px; border-collapse: collapse;\" border=\"0\" cellspacing=\"0\" cellpadding=\"0\">\n<tbody>\n<tr style=\"mso-yfti-irow: 0; mso-yfti-firstrow: yes; mso-yfti-lastrow: yes; height: 15.75pt;\">\n<td style=\"width: 70.65pt; border: 1pt solid windowtext; background-image: initial; background-position: initial; background-size: initial; background-repeat: initial; background-attachment: initial; background-origin: initial; background-clip: initial; padding: 0cm 3.5pt; height: 15.75pt;\" valign=\"bottom\" nowrap=\"nowrap\" width=\"94\">\n<p class=\"MsoNormal\" style=\"margin-bottom: .0001pt; line-height: normal;\">Francia<\/p>\n<\/td>\n<td style=\"width: 104.35pt; border-top: 1pt solid windowtext; border-right: 1pt solid windowtext; border-bottom: 1pt solid windowtext; border-image: initial; border-left: none; background-image: initial; background-position: initial; background-size: initial; background-repeat: initial; background-attachment: initial; background-origin: initial; background-clip: initial; padding: 0cm 3.5pt; height: 15.75pt;\" valign=\"bottom\" nowrap=\"nowrap\" width=\"139\">\n<p class=\"MsoNormal\" style=\"margin-bottom: .0001pt; text-align: center; line-height: normal;\" align=\"center\">Lima<\/p>\n<\/td>\n<td style=\"width: 70pt; border-top: 1pt solid windowtext; border-right: 1pt solid windowtext; border-bottom: 1pt solid windowtext; border-image: initial; border-left: none; background-image: initial; background-position: initial; background-size: initial; background-repeat: initial; background-attachment: initial; background-origin: initial; background-clip: initial; padding: 0cm 3.5pt; height: 15.75pt;\" valign=\"bottom\" nowrap=\"nowrap\" width=\"93\">\n<p class=\"MsoNormal\" style=\"margin-bottom: .0001pt; text-align: center; line-height: normal;\" align=\"center\">Parigi<\/p>\n<\/td>\n<td style=\"width: 78pt; border-top: 1pt solid windowtext; border-right: 1pt solid windowtext; border-bottom: 1pt solid windowtext; border-image: initial; border-left: none; background-image: initial; background-position: initial; background-size: initial; background-repeat: initial; background-attachment: initial; background-origin: initial; background-clip: initial; padding: 0cm 3.5pt; height: 15.75pt;\" valign=\"bottom\" nowrap=\"nowrap\" width=\"104\">\n<p class=\"MsoNormal\" style=\"margin-bottom: .0001pt; text-align: center; line-height: normal;\" align=\"center\">Air France<\/p>\n<\/td>\n<td style=\"width: 106.0pt; border: solid windowtext 1.0pt; border-left: none; mso-border-top-alt: solid windowtext .5pt; mso-border-bottom-alt: solid windowtext .5pt; mso-border-right-alt: solid windowtext .5pt; padding: 0cm 3.5pt 0cm 3.5pt; height: 15.75pt;\" nowrap=\"nowrap\" width=\"141\">\n<p class=\"MsoNormal\" style=\"margin-bottom: .0001pt; text-align: center; line-height: normal;\" align=\"center\">28\/08\/2020<\/p>\n<\/td>\n<\/tr>\n<\/tbody>\n<\/table>\n<table class=\"MsoNormalTable\" style=\"width: 572px; border-collapse: collapse;\" border=\"0\" cellspacing=\"0\" cellpadding=\"0\">\n<tbody>\n<tr style=\"mso-yfti-irow: 0; mso-yfti-firstrow: yes; mso-yfti-lastrow: yes; height: 15.75pt;\">\n<td style=\"width: 70.65pt; border-right: 1pt solid windowtext; border-bottom: 1pt solid windowtext; border-left: 1pt solid windowtext; border-image: initial; border-top: none; background-image: initial; background-position: initial; background-size: initial; background-repeat: initial; background-attachment: initial; background-origin: initial; background-clip: initial; padding: 0cm 3.5pt; height: 15.75pt;\" valign=\"bottom\" nowrap=\"nowrap\" width=\"94\">\n<p class=\"MsoNormal\" style=\"margin-bottom: .0001pt; line-height: normal;\">Spagna<\/p>\n<\/td>\n<td style=\"width: 104.35pt; border-top: none; border-left: none; border-bottom: 1pt solid windowtext; border-right: 1pt solid windowtext; background-image: initial; background-position: initial; background-size: initial; background-repeat: initial; background-attachment: initial; background-origin: initial; background-clip: initial; padding: 0cm 3.5pt; height: 15.75pt;\" valign=\"bottom\" nowrap=\"nowrap\" width=\"139\">\n<p class=\"MsoNormal\" style=\"margin-bottom: .0001pt; text-align: center; line-height: normal;\" align=\"center\">Madrid<\/p>\n<\/td>\n<td style=\"width: 70pt; border-top: none; border-left: none; border-bottom: 1pt solid windowtext; border-right: 1pt solid windowtext; background-image: initial; background-position: initial; background-size: initial; background-repeat: initial; background-attachment: initial; background-origin: initial; background-clip: initial; padding: 0cm 3.5pt; height: 15.75pt;\" valign=\"bottom\" nowrap=\"nowrap\" width=\"93\">\n<p class=\"MsoNormal\" style=\"margin-bottom: .0001pt; text-align: center; line-height: normal;\" align=\"center\">Lima<\/p>\n<\/td>\n<td style=\"width: 78pt; border-top: none; border-left: none; border-bottom: 1pt solid windowtext; border-right: 1pt solid windowtext; background-image: initial; background-position: initial; background-size: initial; background-repeat: initial; background-attachment: initial; background-origin: initial; background-clip: initial; padding: 0cm 3.5pt; height: 15.75pt;\" valign=\"bottom\" nowrap=\"nowrap\" width=\"104\">\n<p class=\"MsoNormal\" style=\"margin-bottom: .0001pt; text-align: center; line-height: normal;\" align=\"center\">Iberia<\/p>\n<\/td>\n<td style=\"width: 106.0pt; border-top: none; border-left: none; border-bottom: solid windowtext 1.0pt; border-right: solid windowtext 1.0pt; mso-border-bottom-alt: solid windowtext .5pt; mso-border-right-alt: solid windowtext .5pt; padding: 0cm 3.5pt 0cm 3.5pt; height: 15.75pt;\" nowrap=\"nowrap\" width=\"141\">\n<p class=\"MsoNormal\" style=\"margin-bottom: .0001pt; text-align: center; line-height: normal;\" align=\"center\">28\/08\/2020<\/p>\n<\/td>\n<\/tr>\n<\/tbody>\n<\/table>\n<table class=\"MsoNormalTable\" style=\"width: 572px; border-collapse: collapse;\" border=\"0\" cellspacing=\"0\" cellpadding=\"0\">\n<tbody>\n<tr style=\"mso-yfti-irow: 0; mso-yfti-firstrow: yes; height: 15.75pt;\">\n<td style=\"width: 70.65pt; border-right: 1pt solid windowtext; border-bottom: 1pt solid windowtext; border-left: 1pt solid windowtext; border-image: initial; border-top: none; background-image: initial; background-position: initial; background-size: initial; background-repeat: initial; background-attachment: initial; background-origin: initial; background-clip: initial; padding: 0cm 3.5pt; height: 15.75pt;\" valign=\"bottom\" nowrap=\"nowrap\" width=\"94\">\n<p class=\"MsoNormal\" style=\"margin-bottom: .0001pt; line-height: normal;\">Spagna<\/p>\n<\/td>\n<td style=\"width: 104.35pt; border-top: none; border-left: none; border-bottom: 1pt solid windowtext; border-right: 1pt solid windowtext; background-image: initial; background-position: initial; background-size: initial; background-repeat: initial; background-attachment: initial; background-origin: initial; background-clip: initial; padding: 0cm 3.5pt; height: 15.75pt;\" valign=\"bottom\" nowrap=\"nowrap\" width=\"139\">\n<p class=\"MsoNormal\" style=\"margin-bottom: .0001pt; text-align: center; line-height: normal;\" align=\"center\">Lima<\/p>\n<\/td>\n<td style=\"width: 70pt; border-top: none; border-left: none; border-bottom: 1pt solid windowtext; border-right: 1pt solid windowtext; background-image: initial; background-position: initial; background-size: initial; background-repeat: initial; background-attachment: initial; background-origin: initial; background-clip: initial; padding: 0cm 3.5pt; height: 15.75pt;\" valign=\"bottom\" nowrap=\"nowrap\" width=\"93\">\n<p class=\"MsoNormal\" style=\"margin-bottom: .0001pt; text-align: center; line-height: normal;\" align=\"center\">Madrid<\/p>\n<\/td>\n<td style=\"width: 78pt; border-top: none; border-left: none; border-bottom: 1pt solid windowtext; border-right: 1pt solid windowtext; background-image: initial; background-position: initial; background-size: initial; background-repeat: initial; background-attachment: initial; background-origin: initial; background-clip: initial; padding: 0cm 3.5pt; height: 15.75pt;\" valign=\"bottom\" nowrap=\"nowrap\" width=\"104\">\n<p class=\"MsoNormal\" style=\"margin-bottom: .0001pt; text-align: center; line-height: normal;\" align=\"center\">Iberia<\/p>\n<\/td>\n<td style=\"width: 106.0pt; border-top: none; border-left: none; border-bottom: solid windowtext 1.0pt; border-right: solid windowtext 1.0pt; mso-border-bottom-alt: solid windowtext .5pt; mso-border-right-alt: solid windowtext .5pt; padding: 0cm 3.5pt 0cm 3.5pt; height: 15.75pt;\" nowrap=\"nowrap\" width=\"141\">\n<p class=\"MsoNormal\" style=\"margin-bottom: .0001pt; text-align: center; line-height: normal;\" align=\"center\">29\/08\/2020<\/p>\n<\/td>\n<\/tr>\n<tr style=\"mso-yfti-irow: 1; mso-yfti-lastrow: yes; height: 15.75pt;\">\n<td style=\"width: 70.65pt; border-right: 1pt solid windowtext; border-bottom: 1pt solid windowtext; border-left: 1pt solid windowtext; border-image: initial; border-top: none; background-image: initial; background-position: initial; background-size: initial; background-repeat: initial; background-attachment: initial; background-origin: initial; background-clip: initial; padding: 0cm 3.5pt; height: 15.75pt;\" valign=\"bottom\" nowrap=\"nowrap\" width=\"94\">\n<p class=\"MsoNormal\" style=\"margin-bottom: .0001pt; line-height: normal;\">Olanda<\/p>\n<\/td>\n<td style=\"width: 104.35pt; border-top: none; border-left: none; border-bottom: 1pt solid windowtext; border-right: 1pt solid windowtext; background-image: initial; background-position: initial; background-size: initial; background-repeat: initial; background-attachment: initial; background-origin: initial; background-clip: initial; padding: 0cm 3.5pt; height: 15.75pt;\" valign=\"bottom\" nowrap=\"nowrap\" width=\"139\">\n<p class=\"MsoNormal\" style=\"margin-bottom: .0001pt; text-align: center; line-height: normal;\" align=\"center\">Amsterdam<\/p>\n<\/td>\n<td style=\"width: 70pt; border-top: none; border-left: none; border-bottom: 1pt solid windowtext; border-right: 1pt solid windowtext; background-image: initial; background-position: initial; background-size: initial; background-repeat: initial; background-attachment: initial; background-origin: initial; background-clip: initial; padding: 0cm 3.5pt; height: 15.75pt;\" valign=\"bottom\" nowrap=\"nowrap\" width=\"93\">\n<p class=\"MsoNormal\" style=\"margin-bottom: .0001pt; text-align: center; line-height: normal;\" align=\"center\">Lima<\/p>\n<\/td>\n<td style=\"width: 78pt; border-top: none; border-left: none; border-bottom: 1pt solid windowtext; border-right: 1pt solid windowtext; background-image: initial; background-position: initial; background-size: initial; background-repeat: initial; background-attachment: initial; background-origin: initial; background-clip: initial; padding: 0cm 3.5pt; height: 15.75pt;\" valign=\"bottom\" nowrap=\"nowrap\" width=\"104\">\n<p class=\"MsoNormal\" style=\"margin-bottom: .0001pt; text-align: center; line-height: normal;\" align=\"center\">KLM<\/p>\n<\/td>\n<td style=\"width: 106.0pt; border-top: none; border-left: none; border-bottom: solid windowtext 1.0pt; border-right: solid windowtext 1.0pt; mso-border-bottom-alt: solid windowtext .5pt; mso-border-right-alt: solid windowtext .5pt; padding: 0cm 3.5pt 0cm 3.5pt; height: 15.75pt;\" nowrap=\"nowrap\" width=\"141\">\n<p class=\"MsoNormal\" style=\"margin-bottom: .0001pt; text-align: center; line-height: normal;\" align=\"center\">02\/09\/2020<\/p>\n<\/td>\n<\/tr>\n<\/tbody>\n<\/table>\n<table class=\"MsoNormalTable\" style=\"width: 572px; border-collapse: collapse;\" border=\"0\" cellspacing=\"0\" cellpadding=\"0\">\n<tbody>\n<tr style=\"mso-yfti-irow: 0; mso-yfti-firstrow: yes; height: 15.75pt;\">\n<td style=\"width: 70.65pt; border-right: 1pt solid windowtext; border-bottom: 1pt solid windowtext; border-left: 1pt solid windowtext; border-image: initial; border-top: none; background-image: initial; background-position: initial; background-size: initial; background-repeat: initial; background-attachment: initial; background-origin: initial; background-clip: initial; padding: 0cm 3.5pt; height: 15.75pt;\" valign=\"bottom\" nowrap=\"nowrap\" width=\"94\">\n<p class=\"MsoNormal\" style=\"margin-bottom: .0001pt; line-height: normal;\">Olanda<\/p>\n<\/td>\n<td style=\"width: 104.35pt; border-top: none; border-left: none; border-bottom: 1pt solid windowtext; border-right: 1pt solid windowtext; background-image: initial; background-position: initial; background-size: initial; background-repeat: initial; background-attachment: initial; background-origin: initial; background-clip: initial; padding: 0cm 3.5pt; height: 15.75pt;\" valign=\"bottom\" nowrap=\"nowrap\" width=\"139\">\n<p class=\"MsoNormal\" style=\"margin-bottom: .0001pt; text-align: center; line-height: normal;\" align=\"center\">Lima<\/p>\n<\/td>\n<td style=\"width: 70pt; border-top: none; border-left: none; border-bottom: 1pt solid windowtext; border-right: 1pt solid windowtext; background-image: initial; background-position: initial; background-size: initial; background-repeat: initial; background-attachment: initial; background-origin: initial; background-clip: initial; padding: 0cm 3.5pt; height: 15.75pt;\" valign=\"bottom\" nowrap=\"nowrap\" width=\"93\">\n<p class=\"MsoNormal\" style=\"margin-bottom: .0001pt; text-align: center; line-height: normal;\" align=\"center\">Amsterdam<\/p>\n<\/td>\n<td style=\"width: 78pt; border-top: none; border-left: none; border-bottom: 1pt solid windowtext; border-right: 1pt solid windowtext; background-image: initial; background-position: initial; background-size: initial; background-repeat: initial; background-attachment: initial; background-origin: initial; background-clip: initial; padding: 0cm 3.5pt; height: 15.75pt;\" valign=\"bottom\" nowrap=\"nowrap\" width=\"104\">\n<p class=\"MsoNormal\" style=\"margin-bottom: .0001pt; text-align: center; line-height: normal;\" align=\"center\">KLM<\/p>\n<\/td>\n<td style=\"width: 106.0pt; border-top: none; border-left: none; border-bottom: solid windowtext 1.0pt; border-right: solid windowtext 1.0pt; mso-border-bottom-alt: solid windowtext .5pt; mso-border-right-alt: solid windowtext .5pt; padding: 0cm 3.5pt 0cm 3.5pt; height: 15.75pt;\" nowrap=\"nowrap\" width=\"141\">\n<p class=\"MsoNormal\" style=\"margin-bottom: .0001pt; text-align: center; line-height: normal;\" align=\"center\">03\/09\/2020<\/p>\n<\/td>\n<\/tr>\n<tr style=\"mso-yfti-irow: 1; height: 15.75pt;\">\n<td style=\"width: 70.65pt; border-right: 1pt solid windowtext; border-bottom: 1pt solid windowtext; border-left: 1pt solid windowtext; border-image: initial; border-top: none; background-image: initial; background-position: initial; background-size: initial; background-repeat: initial; background-attachment: initial; background-origin: initial; background-clip: initial; padding: 0cm 3.5pt; height: 15.75pt;\" valign=\"bottom\" nowrap=\"nowrap\" width=\"94\">\n<p class=\"MsoNormal\" style=\"margin-bottom: .0001pt; line-height: normal;\">Francia<\/p>\n<\/td>\n<td style=\"width: 104.35pt; border-top: none; border-left: none; border-bottom: 1pt solid windowtext; border-right: 1pt solid windowtext; background-image: initial; background-position: initial; background-size: initial; background-repeat: initial; background-attachment: initial; background-origin: initial; background-clip: initial; padding: 0cm 3.5pt; height: 15.75pt;\" valign=\"bottom\" nowrap=\"nowrap\" width=\"139\">\n<p class=\"MsoNormal\" style=\"margin-bottom: .0001pt; text-align: center; line-height: normal;\" align=\"center\">Lima<\/p>\n<\/td>\n<td style=\"width: 70pt; border-top: none; border-left: none; border-bottom: 1pt solid windowtext; border-right: 1pt solid windowtext; background-image: initial; background-position: initial; background-size: initial; background-repeat: initial; background-attachment: initial; background-origin: initial; background-clip: initial; padding: 0cm 3.5pt; height: 15.75pt;\" valign=\"bottom\" nowrap=\"nowrap\" width=\"93\">\n<p class=\"MsoNormal\" style=\"margin-bottom: .0001pt; text-align: center; line-height: normal;\" align=\"center\">Parigi<\/p>\n<\/td>\n<td style=\"width: 78pt; border-top: none; border-left: none; border-bottom: 1pt solid windowtext; border-right: 1pt solid windowtext; background-image: initial; background-position: initial; background-size: initial; background-repeat: initial; background-attachment: initial; background-origin: initial; background-clip: initial; padding: 0cm 3.5pt; height: 15.75pt;\" valign=\"bottom\" nowrap=\"nowrap\" width=\"104\">\n<p class=\"MsoNormal\" style=\"margin-bottom: .0001pt; text-align: center; line-height: normal;\" align=\"center\">Air France<\/p>\n<\/td>\n<td style=\"width: 106.0pt; border-top: none; border-left: none; border-bottom: solid windowtext 1.0pt; border-right: solid windowtext 1.0pt; mso-border-bottom-alt: solid windowtext .5pt; mso-border-right-alt: solid windowtext .5pt; padding: 0cm 3.5pt 0cm 3.5pt; height: 15.75pt;\" nowrap=\"nowrap\" width=\"141\">\n<p class=\"MsoNormal\" style=\"margin-bottom: .0001pt; text-align: center; line-height: normal;\" align=\"center\">04\/09\/2020<\/p>\n<\/td>\n<\/tr>\n<tr style=\"mso-yfti-irow: 2; mso-yfti-lastrow: yes; height: 15.75pt;\">\n<td style=\"width: 70.65pt; border-right: 1pt solid windowtext; border-bottom: 1pt solid windowtext; border-left: 1pt solid windowtext; border-image: initial; border-top: none; background-image: initial; background-position: initial; background-size: initial; background-repeat: initial; background-attachment: initial; background-origin: initial; background-clip: initial; padding: 0cm 3.5pt; height: 15.75pt;\" valign=\"bottom\" nowrap=\"nowrap\" width=\"94\">\n<p class=\"MsoNormal\" style=\"margin-bottom: .0001pt; line-height: normal;\">Spagna<\/p>\n<\/td>\n<td style=\"width: 104.35pt; border-top: none; border-left: none; border-bottom: 1pt solid windowtext; border-right: 1pt solid windowtext; background-image: initial; background-position: initial; background-size: initial; background-repeat: initial; background-attachment: initial; background-origin: initial; background-clip: initial; padding: 0cm 3.5pt; height: 15.75pt;\" valign=\"bottom\" nowrap=\"nowrap\" width=\"139\">\n<p class=\"MsoNormal\" style=\"margin-bottom: .0001pt; text-align: center; line-height: normal;\" align=\"center\">Madrid<\/p>\n<\/td>\n<td style=\"width: 70pt; border-top: none; border-left: none; border-bottom: 1pt solid windowtext; border-right: 1pt solid windowtext; background-image: initial; background-position: initial; background-size: initial; background-repeat: initial; background-attachment: initial; background-origin: initial; background-clip: initial; padding: 0cm 3.5pt; height: 15.75pt;\" valign=\"bottom\" nowrap=\"nowrap\" width=\"93\">\n<p class=\"MsoNormal\" style=\"margin-bottom: .0001pt; text-align: center; line-height: normal;\" align=\"center\">Lima<\/p>\n<\/td>\n<td style=\"width: 78pt; border-top: none; border-left: none; border-bottom: 1pt solid windowtext; border-right: 1pt solid windowtext; background-image: initial; background-position: initial; background-size: initial; background-repeat: initial; background-attachment: initial; background-origin: initial; background-clip: initial; padding: 0cm 3.5pt; height: 15.75pt;\" valign=\"bottom\" nowrap=\"nowrap\" width=\"104\">\n<p class=\"MsoNormal\" style=\"margin-bottom: .0001pt; text-align: center; line-height: normal;\" align=\"center\">Iberia<\/p>\n<\/td>\n<td style=\"width: 106.0pt; border-top: none; border-left: none; border-bottom: solid windowtext 1.0pt; border-right: solid windowtext 1.0pt; mso-border-bottom-alt: solid windowtext .5pt; mso-border-right-alt: solid windowtext .5pt; padding: 0cm 3.5pt 0cm 3.5pt; height: 15.75pt;\" nowrap=\"nowrap\" width=\"141\">\n<p class=\"MsoNormal\" style=\"margin-bottom: .0001pt; text-align: center; line-height: normal;\" align=\"center\">04\/09\/2020<\/p>\n<\/td>\n<\/tr>\n<\/tbody>\n<\/table>\n<table class=\"MsoNormalTable\" style=\"width: 572px; border-collapse: collapse;\" border=\"0\" cellspacing=\"0\" cellpadding=\"0\">\n<tbody>\n<tr style=\"mso-yfti-irow: 0; mso-yfti-firstrow: yes; height: 15.75pt;\">\n<td style=\"width: 70.65pt; border-right: 1pt solid windowtext; border-bottom: 1pt solid windowtext; border-left: 1pt solid windowtext; border-image: initial; border-top: none; background-image: initial; background-position: initial; background-size: initial; background-repeat: initial; background-attachment: initial; background-origin: initial; background-clip: initial; padding: 0cm 3.5pt; height: 15.75pt;\" valign=\"bottom\" nowrap=\"nowrap\" width=\"94\">\n<p class=\"MsoNormal\" style=\"margin-bottom: .0001pt; line-height: normal;\">Spagna<\/p>\n<\/td>\n<td style=\"width: 104.35pt; border-top: none; border-left: none; border-bottom: 1pt solid windowtext; border-right: 1pt solid windowtext; background-image: initial; background-position: initial; background-size: initial; background-repeat: initial; background-attachment: initial; background-origin: initial; background-clip: initial; padding: 0cm 3.5pt; height: 15.75pt;\" valign=\"bottom\" nowrap=\"nowrap\" width=\"139\">\n<p class=\"MsoNormal\" style=\"margin-bottom: .0001pt; text-align: center; line-height: normal;\" align=\"center\">Lima<\/p>\n<\/td>\n<td style=\"width: 70pt; border-top: none; border-left: none; border-bottom: 1pt solid windowtext; border-right: 1pt solid windowtext; background-image: initial; background-position: initial; background-size: initial; background-repeat: initial; background-attachment: initial; background-origin: initial; background-clip: initial; padding: 0cm 3.5pt; height: 15.75pt;\" valign=\"bottom\" nowrap=\"nowrap\" width=\"93\">\n<p class=\"MsoNormal\" style=\"margin-bottom: .0001pt; text-align: center; line-height: normal;\" align=\"center\">Madrid<\/p>\n<\/td>\n<td style=\"width: 78pt; border-top: none; border-left: none; border-bottom: 1pt solid windowtext; border-right: 1pt solid windowtext; background-image: initial; background-position: initial; background-size: initial; background-repeat: initial; background-attachment: initial; background-origin: initial; background-clip: initial; padding: 0cm 3.5pt; height: 15.75pt;\" valign=\"bottom\" nowrap=\"nowrap\" width=\"104\">\n<p class=\"MsoNormal\" style=\"margin-bottom: .0001pt; text-align: center; line-height: normal;\" align=\"center\">Iberia<\/p>\n<\/td>\n<td style=\"width: 106.0pt; border-top: none; border-left: none; border-bottom: solid windowtext 1.0pt; border-right: solid windowtext 1.0pt; mso-border-bottom-alt: solid windowtext .5pt; mso-border-right-alt: solid windowtext .5pt; padding: 0cm 3.5pt 0cm 3.5pt; height: 15.75pt;\" nowrap=\"nowrap\" width=\"141\">\n<p class=\"MsoNormal\" style=\"margin-bottom: .0001pt; text-align: center; line-height: normal;\" align=\"center\">05\/09\/2020<\/p>\n<\/td>\n<\/tr>\n<tr style=\"mso-yfti-irow: 1; height: 15.75pt;\">\n<td style=\"width: 70.65pt; border-right: 1pt solid windowtext; border-bottom: 1pt solid windowtext; border-left: 1pt solid windowtext; border-image: initial; border-top: none; background-image: initial; background-position: initial; background-size: initial; background-repeat: initial; background-attachment: initial; background-origin: initial; background-clip: initial; padding: 0cm 3.5pt; height: 15.75pt;\" valign=\"bottom\" nowrap=\"nowrap\" width=\"94\">\n<p class=\"MsoNormal\" style=\"margin-bottom: .0001pt; line-height: normal;\">Olanda<\/p>\n<\/td>\n<td style=\"width: 104.35pt; border-top: none; border-left: none; border-bottom: 1pt solid windowtext; border-right: 1pt solid windowtext; background-image: initial; background-position: initial; background-size: initial; background-repeat: initial; background-attachment: initial; background-origin: initial; background-clip: initial; padding: 0cm 3.5pt; height: 15.75pt;\" valign=\"bottom\" nowrap=\"nowrap\" width=\"139\">\n<p class=\"MsoNormal\" style=\"margin-bottom: .0001pt; text-align: center; line-height: normal;\" align=\"center\">Amsterdam<\/p>\n<\/td>\n<td style=\"width: 70pt; border-top: none; border-left: none; border-bottom: 1pt solid windowtext; border-right: 1pt solid windowtext; background-image: initial; background-position: initial; background-size: initial; background-repeat: initial; background-attachment: initial; background-origin: initial; background-clip: initial; padding: 0cm 3.5pt; height: 15.75pt;\" valign=\"bottom\" nowrap=\"nowrap\" width=\"93\">\n<p class=\"MsoNormal\" style=\"margin-bottom: .0001pt; text-align: center; line-height: normal;\" align=\"center\">Lima<\/p>\n<\/td>\n<td style=\"width: 78pt; border-top: none; border-left: none; border-bottom: 1pt solid windowtext; border-right: 1pt solid windowtext; background-image: initial; background-position: initial; background-size: initial; background-repeat: initial; background-attachment: initial; background-origin: initial; background-clip: initial; padding: 0cm 3.5pt; height: 15.75pt;\" valign=\"bottom\" nowrap=\"nowrap\" width=\"104\">\n<p class=\"MsoNormal\" style=\"margin-bottom: .0001pt; text-align: center; line-height: normal;\" align=\"center\">KLM<\/p>\n<\/td>\n<td style=\"width: 106.0pt; border-top: none; border-left: none; border-bottom: solid windowtext 1.0pt; border-right: solid windowtext 1.0pt; mso-border-bottom-alt: solid windowtext .5pt; mso-border-right-alt: solid windowtext .5pt; padding: 0cm 3.5pt 0cm 3.5pt; height: 15.75pt;\" nowrap=\"nowrap\" width=\"141\">\n<p class=\"MsoNormal\" style=\"margin-bottom: .0001pt; text-align: center; line-height: normal;\" align=\"center\">09\/09\/2020<\/p>\n<\/td>\n<\/tr>\n<tr style=\"mso-yfti-irow: 2; mso-yfti-lastrow: yes; height: 15.75pt;\">\n<td style=\"width: 70.65pt; border-right: 1pt solid windowtext; border-bottom: 1pt solid windowtext; border-left: 1pt solid windowtext; border-image: initial; border-top: none; background-image: initial; background-position: initial; background-size: initial; background-repeat: initial; background-attachment: initial; background-origin: initial; background-clip: initial; padding: 0cm 3.5pt; height: 15.75pt;\" valign=\"bottom\" nowrap=\"nowrap\" width=\"94\">\n<p class=\"MsoNormal\" style=\"margin-bottom: .0001pt; line-height: normal;\">Olanda<\/p>\n<\/td>\n<td style=\"width: 104.35pt; border-top: none; border-left: none; border-bottom: 1pt solid windowtext; border-right: 1pt solid windowtext; background-image: initial; background-position: initial; background-size: initial; background-repeat: initial; background-attachment: initial; background-origin: initial; background-clip: initial; padding: 0cm 3.5pt; height: 15.75pt;\" valign=\"bottom\" nowrap=\"nowrap\" width=\"139\">\n<p class=\"MsoNormal\" style=\"margin-bottom: .0001pt; text-align: center; line-height: normal;\" align=\"center\">Lima<\/p>\n<\/td>\n<td style=\"width: 70pt; border-top: none; border-left: none; border-bottom: 1pt solid windowtext; border-right: 1pt solid windowtext; background-image: initial; background-position: initial; background-size: initial; background-repeat: initial; background-attachment: initial; background-origin: initial; background-clip: initial; padding: 0cm 3.5pt; height: 15.75pt;\" valign=\"bottom\" nowrap=\"nowrap\" width=\"93\">\n<p class=\"MsoNormal\" style=\"margin-bottom: .0001pt; text-align: center; line-height: normal;\" align=\"center\">Amsterdam<\/p>\n<\/td>\n<td style=\"width: 78pt; border-top: none; border-left: none; border-bottom: 1pt solid windowtext; border-right: 1pt solid windowtext; background-image: initial; background-position: initial; background-size: initial; background-repeat: initial; background-attachment: initial; background-origin: initial; background-clip: initial; padding: 0cm 3.5pt; height: 15.75pt;\" valign=\"bottom\" nowrap=\"nowrap\" width=\"104\">\n<p class=\"MsoNormal\" style=\"margin-bottom: .0001pt; text-align: center; line-height: normal;\" align=\"center\">KLM<\/p>\n<\/td>\n<td style=\"width: 106.0pt; border-top: none; border-left: none; border-bottom: solid windowtext 1.0pt; border-right: solid windowtext 1.0pt; mso-border-bottom-alt: solid windowtext .5pt; mso-border-right-alt: solid windowtext .5pt; padding: 0cm 3.5pt 0cm 3.5pt; height: 15.75pt;\" nowrap=\"nowrap\" width=\"141\">\n<p class=\"MsoNormal\" style=\"margin-bottom: .0001pt; text-align: center; line-height: normal;\" align=\"center\">10\/09\/2020<\/p>\n<\/td>\n<\/tr>\n<\/tbody>\n<\/table>\n<table class=\"MsoNormalTable\" style=\"width: 572px; border-collapse: collapse;\" border=\"0\" cellspacing=\"0\" cellpadding=\"0\">\n<tbody>\n<tr style=\"mso-yfti-irow: 0; mso-yfti-firstrow: yes; height: 15.75pt;\">\n<td style=\"width: 70.65pt; border-right: 1pt solid windowtext; border-bottom: 1pt solid windowtext; border-left: 1pt solid windowtext; border-image: initial; border-top: none; background-image: initial; background-position: initial; background-size: initial; background-repeat: initial; background-attachment: initial; background-origin: initial; background-clip: initial; padding: 0cm 3.5pt; height: 15.75pt;\" valign=\"bottom\" nowrap=\"nowrap\" width=\"94\">\n<p class=\"MsoNormal\" style=\"margin-bottom: .0001pt; line-height: normal;\">Francia<\/p>\n<\/td>\n<td style=\"width: 104.35pt; border-top: none; border-left: none; border-bottom: 1pt solid windowtext; border-right: 1pt solid windowtext; background-image: initial; background-position: initial; background-size: initial; background-repeat: initial; background-attachment: initial; background-origin: initial; background-clip: initial; padding: 0cm 3.5pt; height: 15.75pt;\" valign=\"bottom\" nowrap=\"nowrap\" width=\"139\">\n<p class=\"MsoNormal\" style=\"margin-bottom: .0001pt; text-align: center; line-height: normal;\" align=\"center\">Lima<\/p>\n<\/td>\n<td style=\"width: 70pt; border-top: none; border-left: none; border-bottom: 1pt solid windowtext; border-right: 1pt solid windowtext; background-image: initial; background-position: initial; background-size: initial; background-repeat: initial; background-attachment: initial; background-origin: initial; background-clip: initial; padding: 0cm 3.5pt; height: 15.75pt;\" valign=\"bottom\" nowrap=\"nowrap\" width=\"93\">\n<p class=\"MsoNormal\" style=\"margin-bottom: .0001pt; text-align: center; line-height: normal;\" align=\"center\">Parigi<\/p>\n<\/td>\n<td style=\"width: 78pt; border-top: none; border-left: none; border-bottom: 1pt solid windowtext; border-right: 1pt solid windowtext; background-image: initial; background-position: initial; background-size: initial; background-repeat: initial; background-attachment: initial; background-origin: initial; background-clip: initial; padding: 0cm 3.5pt; height: 15.75pt;\" valign=\"bottom\" nowrap=\"nowrap\" width=\"104\">\n<p class=\"MsoNormal\" style=\"margin-bottom: .0001pt; text-align: center; line-height: normal;\" align=\"center\">Air France<\/p>\n<\/td>\n<td style=\"width: 106.0pt; border-top: none; border-left: none; border-bottom: solid windowtext 1.0pt; border-right: solid windowtext 1.0pt; mso-border-bottom-alt: solid windowtext .5pt; mso-border-right-alt: solid windowtext .5pt; padding: 0cm 3.5pt 0cm 3.5pt; height: 15.75pt;\" nowrap=\"nowrap\" width=\"141\">\n<p class=\"MsoNormal\" style=\"margin-bottom: .0001pt; text-align: center; line-height: normal;\" align=\"center\">11\/09\/2020<\/p>\n<\/td>\n<\/tr>\n<tr style=\"mso-yfti-irow: 1; height: 15.75pt;\">\n<td style=\"width: 70.65pt; border-right: 1pt solid windowtext; border-bottom: 1pt solid windowtext; border-left: 1pt solid windowtext; border-image: initial; border-top: none; background-image: initial; background-position: initial; background-size: initial; background-repeat: initial; background-attachment: initial; background-origin: initial; background-clip: initial; padding: 0cm 3.5pt; height: 15.75pt;\" valign=\"bottom\" nowrap=\"nowrap\" width=\"94\">\n<p class=\"MsoNormal\" style=\"margin-bottom: .0001pt; line-height: normal;\">Spagna<\/p>\n<\/td>\n<td style=\"width: 104.35pt; border-top: none; border-left: none; border-bottom: 1pt solid windowtext; border-right: 1pt solid windowtext; background-image: initial; background-position: initial; background-size: initial; background-repeat: initial; background-attachment: initial; background-origin: initial; background-clip: initial; padding: 0cm 3.5pt; height: 15.75pt;\" valign=\"bottom\" nowrap=\"nowrap\" width=\"139\">\n<p class=\"MsoNormal\" style=\"margin-bottom: .0001pt; text-align: center; line-height: normal;\" align=\"center\">Madrid<\/p>\n<\/td>\n<td style=\"width: 70pt; border-top: none; border-left: none; border-bottom: 1pt solid windowtext; border-right: 1pt solid windowtext; background-image: initial; background-position: initial; background-size: initial; background-repeat: initial; background-attachment: initial; background-origin: initial; background-clip: initial; padding: 0cm 3.5pt; height: 15.75pt;\" valign=\"bottom\" nowrap=\"nowrap\" width=\"93\">\n<p class=\"MsoNormal\" style=\"margin-bottom: .0001pt; text-align: center; line-height: normal;\" align=\"center\">Lima<\/p>\n<\/td>\n<td style=\"width: 78pt; border-top: none; border-left: none; border-bottom: 1pt solid windowtext; border-right: 1pt solid windowtext; background-image: initial; background-position: initial; background-size: initial; background-repeat: initial; background-attachment: initial; background-origin: initial; background-clip: initial; padding: 0cm 3.5pt; height: 15.75pt;\" valign=\"bottom\" nowrap=\"nowrap\" width=\"104\">\n<p class=\"MsoNormal\" style=\"margin-bottom: .0001pt; text-align: center; line-height: normal;\" align=\"center\">Iberia<\/p>\n<\/td>\n<td style=\"width: 106.0pt; border-top: none; border-left: none; border-bottom: solid windowtext 1.0pt; border-right: solid windowtext 1.0pt; mso-border-bottom-alt: solid windowtext .5pt; mso-border-right-alt: solid windowtext .5pt; padding: 0cm 3.5pt 0cm 3.5pt; height: 15.75pt;\" nowrap=\"nowrap\" width=\"141\">\n<p class=\"MsoNormal\" style=\"margin-bottom: .0001pt; text-align: center; line-height: normal;\" align=\"center\">11\/09\/2020<\/p>\n<\/td>\n<\/tr>\n<tr style=\"mso-yfti-irow: 2; height: 15.75pt;\">\n<td style=\"width: 70.65pt; border-right: 1pt solid windowtext; border-bottom: 1pt solid windowtext; border-left: 1pt solid windowtext; border-image: initial; border-top: none; background-image: initial; background-position: initial; background-size: initial; background-repeat: initial; background-attachment: initial; background-origin: initial; background-clip: initial; padding: 0cm 3.5pt; height: 15.75pt;\" valign=\"bottom\" nowrap=\"nowrap\" width=\"94\">\n<p class=\"MsoNormal\" style=\"margin-bottom: .0001pt; line-height: normal;\">Spagna<\/p>\n<\/td>\n<td style=\"width: 104.35pt; border-top: none; border-left: none; border-bottom: 1pt solid windowtext; border-right: 1pt solid windowtext; background-image: initial; background-position: initial; background-size: initial; background-repeat: initial; background-attachment: initial; background-origin: initial; background-clip: initial; padding: 0cm 3.5pt; height: 15.75pt;\" valign=\"bottom\" nowrap=\"nowrap\" width=\"139\">\n<p class=\"MsoNormal\" style=\"margin-bottom: .0001pt; text-align: center; line-height: normal;\" align=\"center\">Lima<\/p>\n<\/td>\n<td style=\"width: 70pt; border-top: none; border-left: none; border-bottom: 1pt solid windowtext; border-right: 1pt solid windowtext; background-image: initial; background-position: initial; background-size: initial; background-repeat: initial; background-attachment: initial; background-origin: initial; background-clip: initial; padding: 0cm 3.5pt; height: 15.75pt;\" valign=\"bottom\" nowrap=\"nowrap\" width=\"93\">\n<p class=\"MsoNormal\" style=\"margin-bottom: .0001pt; text-align: center; line-height: normal;\" align=\"center\">Madrid<\/p>\n<\/td>\n<td style=\"width: 78pt; border-top: none; border-left: none; border-bottom: 1pt solid windowtext; border-right: 1pt solid windowtext; background-image: initial; background-position: initial; background-size: initial; background-repeat: initial; background-attachment: initial; background-origin: initial; background-clip: initial; padding: 0cm 3.5pt; height: 15.75pt;\" valign=\"bottom\" nowrap=\"nowrap\" width=\"104\">\n<p class=\"MsoNormal\" style=\"margin-bottom: .0001pt; text-align: center; line-height: normal;\" align=\"center\">Iberia<\/p>\n<\/td>\n<td style=\"width: 106.0pt; border-top: none; border-left: none; border-bottom: solid windowtext 1.0pt; border-right: solid windowtext 1.0pt; mso-border-bottom-alt: solid windowtext .5pt; mso-border-right-alt: solid windowtext .5pt; padding: 0cm 3.5pt 0cm 3.5pt; height: 15.75pt;\" nowrap=\"nowrap\" width=\"141\">\n<p class=\"MsoNormal\" style=\"margin-bottom: .0001pt; text-align: center; line-height: normal;\" align=\"center\">12\/09\/2020<\/p>\n<\/td>\n<\/tr>\n<tr style=\"mso-yfti-irow: 3; mso-yfti-lastrow: yes; height: 15.75pt;\">\n<td style=\"width: 70.65pt; border-right: 1pt solid windowtext; border-bottom: 1pt solid windowtext; border-left: 1pt solid windowtext; border-image: initial; border-top: none; background-image: initial; background-position: initial; background-size: initial; background-repeat: initial; background-attachment: initial; background-origin: initial; background-clip: initial; padding: 0cm 3.5pt; height: 15.75pt;\" valign=\"bottom\" nowrap=\"nowrap\" width=\"94\">\n<p class=\"MsoNormal\" style=\"margin-bottom: .0001pt; line-height: normal;\">Francia<\/p>\n<\/td>\n<td style=\"width: 104.35pt; border-top: none; border-left: none; border-bottom: 1pt solid windowtext; border-right: 1pt solid windowtext; background-image: initial; background-position: initial; background-size: initial; background-repeat: initial; background-attachment: initial; background-origin: initial; background-clip: initial; padding: 0cm 3.5pt; height: 15.75pt;\" valign=\"bottom\" nowrap=\"nowrap\" width=\"139\">\n<p class=\"MsoNormal\" style=\"margin-bottom: .0001pt; text-align: center; line-height: normal;\" align=\"center\">Lima<\/p>\n<\/td>\n<td style=\"width: 70pt; border-top: none; border-left: none; border-bottom: 1pt solid windowtext; border-right: 1pt solid windowtext; background-image: initial; background-position: initial; background-size: initial; background-repeat: initial; background-attachment: initial; background-origin: initial; background-clip: initial; padding: 0cm 3.5pt; height: 15.75pt;\" valign=\"bottom\" nowrap=\"nowrap\" width=\"93\">\n<p class=\"MsoNormal\" style=\"margin-bottom: .0001pt; text-align: center; line-height: normal;\" align=\"center\">Parigi<\/p>\n<\/td>\n<td style=\"width: 78pt; border-top: none; border-left: none; border-bottom: 1pt solid windowtext; border-right: 1pt solid windowtext; background-image: initial; background-position: initial; background-size: initial; background-repeat: initial; background-attachment: initial; background-origin: initial; background-clip: initial; padding: 0cm 3.5pt; height: 15.75pt;\" valign=\"bottom\" nowrap=\"nowrap\" width=\"104\">\n<p class=\"MsoNormal\" style=\"margin-bottom: .0001pt; text-align: center; line-height: normal;\" align=\"center\">Air France<\/p>\n<\/td>\n<td style=\"width: 106.0pt; border-top: none; border-left: none; border-bottom: solid windowtext 1.0pt; border-right: solid windowtext 1.0pt; mso-border-bottom-alt: solid windowtext .5pt; mso-border-right-alt: solid windowtext .5pt; padding: 0cm 3.5pt 0cm 3.5pt; height: 15.75pt;\" nowrap=\"nowrap\" width=\"141\">\n<p class=\"MsoNormal\" style=\"margin-bottom: .0001pt; text-align: center; line-height: normal;\" align=\"center\">18\/09\/2020<\/p>\n<\/td>\n<\/tr>\n<\/tbody>\n<\/table>\n<p style=\"text-align: justify;\"><strong>AGGIORNAMENTO (26 AGOSTO 2020)<\/strong><\/p>\n<p style=\"text-align: justify;\">Si informa che la Linea Air Europa \u00e8 stata autorizzata ad effettuare dei voli speciali da Lima a Madrid i prossimi 7 e 14 settembre. Per maggiori informazioni si prega di contattare direttamente la linea aerea in questione (mail: reservas2.peru@air-europa.com y grupos.peru@air-europa.com, tel 6527374)<\/p>\n<p style=\"text-align: justify;\">Con l\u2019occasione si ricorda che l\u2019attuale normativa relativa all\u2019ingresso in Italia di passeggeri provenienti da paesi a rischio introdotta da ultimo da diverse Ordinanze del Ministero della Salute (in vigore almeno fino al 7 settembre, salvo ulteriori proroghe) prevede \u201c<strong>il divieto di ingresso in Italia<\/strong> <strong>di chi negli ultimi 14 giorni ha soggiornato\/transitato <\/strong>in diversi paesi tra cui il<strong><span style=\"text-decoration: underline;\"> Per\u00f9<\/span>,<\/strong> <strong>consentendo soltanto, in deroga, l\u2019ingresso in Italia per i soli cittadini europei<\/strong> (UE, Schengen, UK, microstati europei) <strong>e i loro familiari conviventi<\/strong> (ascendenti e discendenti diretti, coniugi, partner stabili, parti di unione civile) <strong>con residenza anagrafica in Italia da data anteriore al 9 luglio scorso<\/strong> (non basta cio\u00e8 la dichiarazione di voler fissare la residenza in Italia, ma bisogna che la residenza in Italia risulti dai registri comunali). In ogni caso, si applica sempre l\u2019obbligo di quarantena all\u2019arrivo in Italia. La medesima normativa prevede che tutti coloro che entrano in Italia devono compilare un apposito modulo di autocertificazione con cui fanno stato dei loro spostamenti negli ultimi 14 giorni.<\/p>\n<p style=\"text-align: justify;\">Si invita pertanto tutti coloro che intendono viaggiare in Italia dal Per\u00f9 nelle prossime settimane di esaminare la propria situazione alla luce della normativa di cui sopra e verificare attentamente se rientrano nella categoria di passeggeri cui \u00e8 consentito l\u2019ingresso in Italia onde evitare spiacevoli situazioni al momento dell\u2019imbarco o all\u2019ingresso in Italia. Si ricorda che coloro che non dovessero rientrare nelle categorie cui \u00e8 consentito l\u2019ingresso in Italia ma fossero comunque <strong>stranieri residenti in Italia ma senza familiari europei conviventianteriormente al 9 luglio scorso possono trascorrere 14 giorni in un paese in cui in base alla normativa nazionale non \u00e8 fatto divieto di ingresso e soggiorno per breve durata per chi proviene dal Per\u00f9 (sentire le rispettive Ambasciate) per poi poter entrare in Italia alla scadenza dei 14 giorni.<\/strong><\/p>\n<p style=\"text-align: justify;\">Si ricorda peraltro che con le predette Ordinanze viene disposto l&#8217;obbligo, per chi entra in territorio nazionale dopo aver soggiornato o transitato in Croazia, Grecia, Malta o <strong>Spagna<\/strong> nei quattordici giorni antecedenti, di sottoporsi ad un test molecolare nelle 72 ore antecedenti all&#8217;ingresso oppure entro 48 ore dall\u2019ingresso nel territorio nazionale<\/p>\n<p style=\"text-align: justify;\">Questa Ambasciata resta a disposizione per ogni ulteriore chiarimento sulla portata delle disposizioni in parola (ambasciata.lima@esteri.it) mentre sugli aspetti operativi dei voli (prenotazioni, acquisto biglietti, ecc.) si rinnova l\u2019invito a contattare la linea aerea in questione.<\/p>\n<p style=\"text-align: justify;\"><a href=\"https:\/\/www.gob.pe\/institucion\/rree\/noticias\/295274-informacion-sobre-el-esquema-actual-de-vuelos-especiales-de-entrada-y-salida-al-peru\"><strong>NOTA DEL MINISTERO DEGLI ESTERI DEL PER\u00d9 IN DATA 23 AGOSTO 2020 CON INDICAZIONE DEI CRITERI PER INGRESSO E USCITA DI PASSEGGERI NEI VOLI SPECIALI.<\/strong><\/a><\/p>\n<p style=\"text-align: justify;\"><strong>AGGIORNAMENTO (21 AGOSTO)<\/strong><\/p>\n<p style=\"text-align: justify;\">Si unisce di seguito una comunicazione della Ambasciata olandese in merito al prossimo volo KLM con destino Amsterdam programmato per il 27 agosto prossimo, gi\u00e0 autorizzato dalle autorit\u00e0 peruviane. KLM informa altres\u00ec di avere chiesto autorizzazione per voli in partenza da Lima per Amsterdam rispettivamente per il 3 e 10 settembre prossimi, le cui autorizzazioni non sono state per\u00f2 al momento concesse.<\/p>\n<p style=\"text-align: justify;\">Si prega di ricordare l\u2019attuale normativa relativa all\u2019ingresso in Italia da parte di passeggeri provenienti dal Peru\u2019 prevista da diverse Ordinanze del Ministero della Salute che (almeno fino al 7 settembre) che prevedono in particolare \u201cil divieto di ingresso in Italia di chi negli ultimi 14 giorni ha soggiornato\/transitato in uno dei seguenti Paesi:\u00a0Armenia, Bahrein, Bangladesh, Brasile, Bosnia Erzegovina, Cile, Colombia Kuwait, Macedonia del nord, Moldova, Oman, Panama, *Per\u00f9*, Repubblica dominicana, Bulgaria e Romania, consentendo soltanto, in deroga, l\u2019ingresso in Italia per i soli cittadini europei (UE, Schengen,UK, microstati europei) e i loro familiari conviventi (ascendenti e discendenti\u00a0diretti, coniugi, partner stabili, parti di unione civile) con residenza anagrafica in Italia da data anteriore al 9 luglio scorso (non basta cio\u00e8 dichiarazione di voler fissare residenza in Italia, bisogna che la residenza in Italia risulti dai registri comunali). In ogni caso, si applica sempre l\u2019obbligo di quarantena all\u2019arrivo in Italia. Tutti coloro che entrano in Italia devono compilare un apposito modulo di autocertificazione con cui fanno stato dei loro spostamenti negli ultimi 14 giorni.<\/p>\n<p style=\"text-align: justify;\">Tutto ci\u00f2 premesso, si sar\u00e0 grati a coloro che intendono viaggiare in Italia dal Per\u00f9 nelle prossime settimane di esaminare la propria situazione e provvedere di conseguenza contattando le rispettive linee aeree in caso di rientrare nella categoria di passeggeri cui \u00e8 fatto divieto di entrare in Italia. Questa Ambasciata resta a disposizione per ogni ulteriore chiarimento sulla portata delle disposizioni in parola (ambasciata.lima@esteri.it) mentre sugli aspetti operativi dei biglietti suggeriamo di contattare le rispettive linee aeree.<\/p>\n<p style=\"text-align: justify;\">&#8212;&#8211;<\/p>\n<p style=\"text-align: justify;\">Humanitarian KLM flights Lima-Amsterdam<\/p>\n<p style=\"text-align: justify;\">\u00b7 We have received permits for humanitarian KLM flights Amsterdam \u2013 Lima (08:55 \u2013 14:25) on 24\/08 and Lima \u2013 Amsterdam on 27\/08 (16:15 \u2013 11:25 (+1)).<br \/>\nFlights will arrive at and depart from the international Airport Jorge Ch\u00e1vez.<\/p>\n<p style=\"text-align: justify;\">\u00b7 We have requested permits for next flights Amsterdam \u2013 Lima on 02\/09 and 09\/09 and Lima \u2013 Amsterdam on 03\/09 and 10\/09.<\/p>\n<p style=\"text-align: justify;\">\u00b7 Our intention is to continue with the KLM humanitarian flights in the coming months. Permits will be requested for flights every Wednesday, from Amsterdam to Lima, and every Thursday, from Lima to Amsterdam.<\/p>\n<p style=\"text-align: justify;\">\u00b7 Bookings can be made via www.klm.com.pe or www.airfrance.com.pe<\/p>\n<p style=\"text-align: justify;\">\u00b7 Passengers that wish to fly from Amsterdam to Lima should contact the consulate of Peru in their country of departure.<\/p>\n<p style=\"text-align: justify;\">Practical information about the flights Lima &#8211; Amsterdam<\/p>\n<p style=\"text-align: justify;\">\u00b7 Every flight Lima &#8211; Amsterdam departs (Thursday) from the International Airport Jorge Ch\u00e1vez at 16.15 hrs. and arrives in Amsterdam around 11.25 hrs.<\/p>\n<p style=\"text-align: justify;\">\u00b7 All passengers travel by themselves to Jorge Chavez Airport. Hence, there will no longer be buses departing from Miraflores to the airport.<\/p>\n<p style=\"text-align: justify;\">\u00b7 Price of a one way ticket economy class starts at approx. 800 USD (referential price). That price includes one suitcase of maximum 23 kilo and one piece of hand luggage.<br \/>\nIn case of high demand, prices on the website gradually increase. There are also business class seats available (including 2 suitcases).<br \/>\nChildren until 2 years old can share the seat of their parents, for 10% of the ticket price.<\/p>\n<p style=\"text-align: justify;\">\u00b7 The first additional suitcase costs USD 80 in case of bookings on the website; the other additional suitcases cost USD 160 each. You must be able to show proof of payment for the additional suitcases at the airport. Passengers that arrive at the airport with additional suitcases that they have not yet paid for, have to pay USD 100 for the first additional one and USD 200 for the ones after that. Payment can only be done by debit card or credit card.<\/p>\n<p style=\"text-align: justify;\">\u00b7 It is possible to use KLM \/ Air France vouchers for these flight or to change a current booking (for a flight that was cancelled or takes place at a later date).<\/p>\n<p style=\"text-align: justify;\">\u00b7 It is not possible to use Flying Blue miles to pay for these special flights. However, saving flying blue miles is possible and the regular card privileges apply.<\/p>\n<p style=\"text-align: justify;\">\u00b7 In case children travel with only one of their parents, a notarized consent form of the other parent is mandatory. Please contact KLM in case of children between 8 and 18 years old, who wish to travel alone.<\/p>\n<p style=\"text-align: justify;\">\u00b7 Dogs and cats are allowed on the flight (in the hold) if they comply with all conditions (documents, cage, vaccinations etc.). Pets have to leave the airport in Amsterdam. Hence, it is not possible to take them on a connecting flight. You will have to continue your trip by road. Please contact KLM beforehand if you bring a pet. More information: www.klm.com\/travel\/us_en\/prepare_for_travel\/travel_planning\/pets\/index.htm and https:\/\/english.nvwa.nl\/topics\/travelling-to-the-netherlands-with-your-dog-or-cat<\/p>\n<p style=\"text-align: justify;\">\u00b7 All passengers have to be in good health. At the airport (both in Amsterdam as in Lima), passengers have to sign a document to confirm that they are healthy and have not had any symptoms of covid-19 during the past few days (cough, fever etc.). On board the flight, passengers have to wear a mouth mask. As part of measures to prevent the spread of covid-19, there is limited catering on board.<\/p>\n<p style=\"text-align: justify;\">\u00b7 Citizens of EU+ countries can enter the Netherlands and continue their journey by plane or over land (train, bus, car). It is essential to check the rules of every country you pass through on your journey home, because rules may vary from country to country and change regularly!<\/p>\n<p style=\"text-align: justify;\">\u00b7 Citizens of EU+ countries means everyone who has a passport of, or holds a residence permit in, one of the following countries: EU member states, UK, Norway, Liechtenstein, Iceland, Switzerland. EU+ citizens with a connecting flight can stay in a hotel outside the airport until their connecting flight departs.<\/p>\n<p style=\"text-align: justify;\">\u00b7 On the basis of Peruvian rules to prevent the spread of COVID-19, the Peruvian government only allows travelling for Peruvian citizens who will work or study abroad. In case of humanitarian emergencies (for example, to visit a close relative in Europe, who is seriously ill), visits are possible, if the passenger has received permission from the Peruvian Ministry of Foreign Affairs. Peruvian citizens that wish to return to a country where they have a valid residence permit, are also allowed to travel.<\/p>\n<p style=\"text-align: justify;\">\u00b7 Transit: Citizens of non-EU+ countries can transfer to a country outside the EU+ via Amsterdam airport, if they remain in the non-Schengen transit area of the airport and if they have a ticket for a confirmed connecting flight \u2013to an airport outside the Schengen area- that departs within 48 hours upon arrival in Amsterdam.<br \/>\nIf your connecting flight takes place after 48 hours upon arrival in Amsterdam, or if your flight is on a cargo plane, an authorization of the Dutch immigration authorities is required. Please send an e-mail to vragengrenskantoor@ind.nl .<\/p>\n<p style=\"text-align: justify;\">\u00b7 Only transiting passengers who can show a ticket for a connecting flight will be allowed on board the KLM flight Lima-Amsterdam. Transit is not allowed for nationalities that need a transit visa (you can check that on: https:\/\/consular.mfaservices.nl\/schengen-visa\/schengen-advisor ). In case of two stops in the Schengen area (transit from Amsterdam to another airport within the Schengen area), you will need a visa. It is not yet possible to apply for transit visa at our Embassy.<\/p>\n<p style=\"text-align: justify;\">\u00b7 In case of a connecting flight, your luggage will be labelled through to the final destination. It is not possible to retrieve your luggage at the airport in Amsterdam, because the luggage belts are outside the transit area at the airport. Please make sure you have all you need for the transit period and connecting flight(s) in your hand luggage. There are two hotels available within the transit area of Amsterdam airport: the Yotel and Mercure.<\/p>\n<p style=\"text-align: justify;\">\u00b7 The Dutch authorities oblige all travelers who stay in the Netherlands to remain in quarantine for the first 10 days (or until their connecting flight departs), in their home or hotel. In the Netherlands, you have to maintain a distance of 1.5 meters from other people. In public transport and at Amsterdam airport, mouth masks are mandatory.<\/p>\n<p style=\"text-align: justify;\">\u00b7 Please consult for more information: https:\/\/www.schiphol.nl\/en\/ | https:\/\/www.netherlandsandyou.nl\/travel-and-residence\/visas-for-the-netherlands\/qas-travel-restrictions-for-the-netherlands<\/p>\n<p style=\"text-align: justify;\">\u00b7 If you have any question about the flight (tickets, prices, special assistance, problems to reach contact center or website) please contact KLM: soportedeventasperu@klm.com<\/p>\n<p style=\"text-align: justify;\">\u00b7 In case you have questions\/doubts about entrance to the Netherlands (only if you are uncertain if you fulfil all conditions), you can contact the Dutch Embassy via lim-ca@minbuza.nl<\/p>\n<p style=\"text-align: justify;\"><strong>ULTIMO AGGIORNAMENTO (16 AGOSTO)<\/strong><\/p>\n<p style=\"text-align: justify;\">Pubblichiamo il <a href=\"http:\/\/amblima.esteri.it\/ambasciata_lima\/resource\/doc\/2020\/08\/1877748-2.pdf\">Protocollo sanitario per passeggeri che entrano ed escono dal Per\u00f9 con voli umanitar<br \/>\n<\/a><\/p>\n<p style=\"text-align: justify;\">E il suo <a href=\"http:\/\/amblima.esteri.it\/ambasciata_lima\/resource\/doc\/2020\/08\/anexo_de_la_rm_627-2020.pdf\">anexo<\/a><\/p>\n<p style=\"text-align: justify;\"><strong>\u00a0AGGIORNAMENTO (14 AGOSTO)<\/strong><\/p>\n<p style=\"text-align: justify;\">Si informa che i voli speciali da Lima verso l&#8217;Europa gi\u00e0 programmati per la\u00a0 settimana dal 17 al 20 agosto sono stati autorizzati.<\/p>\n<p style=\"text-align: justify;\">Tali voli verranno a Lima in modalit\u00e0 ferry senza passeggeri in andata dall&#8221;Europa verso Lima.<\/p>\n<p style=\"text-align: justify;\">In particolare i voli confermati sono:<\/p>\n<p style=\"text-align: justify;\">&#8211; KLM del 17, 18, 19 e 20 agosto diretti ad Amsterdam,<\/p>\n<p style=\"text-align: justify;\">&#8211; Air Europa del 18 agosto diretto a Madrid,<\/p>\n<p style=\"text-align: justify;\">&#8211; Air France del 21 agosto diretto a Parigi<\/p>\n<p style=\"text-align: justify;\">Si fa riserva di informare in merito agli sviluppi.<\/p>\n<p style=\"text-align: justify;\"><strong>AGGIORNAMENTO (13 AGOSTO)<\/strong><\/p>\n<p style=\"text-align: justify;\">Si fa riferimento a quanto segnalato in merito a alla sospensione dei voli speciali dall\u2019aeroporto militare dal 3 agosto scorso e ai contatti tra le autorit\u00e0 peruviane e quelle dell\u2019aeroporto civile Jorge Chavez (LAP) per consentire di riprendere da tale aeroporto i voli speciali.Al riguardo si informa che da parte peruviana ancora non \u00e8 stata definita la data di ripresa dei voli speciali ma si confida che possa essere intorno al 24 agosto, ma non vi \u00e8 ancor nessuna certezza al riguardo.Si fa riserva di informare in merito agli sviluppi.<\/p>\n<p style=\"text-align: justify;\"><strong>AGGIORNAMENTO (12 AGOSTO)<\/strong><\/p>\n<p style=\"text-align: justify;\">Stante la proroga dell\u2019emergenza sanitaria disposta dal Governo italiano fino al 15 ottobre prossimo ed in esito al Decreto DPCM del 7 agosto, con ordinanza del Ministro della Salute del 12 agosto 2020, che<br \/>\nproduce effetti a partire dal 13 agosto \u00e8 stato *\u00e8 stato prorogato fino a nuove disposizioni (da adottare entro il 7 settembre<br \/>\nprossimo) il divieto di ingresso in Italia\u00a0\u00a0 <strong>di chi negli ultimi 14 giorni ha soggiornato\/transitato<\/strong> in uno dei seguenti Paesi:<br \/>\nArmenia, Bahrein, Bangladesh, Brasile, Bosnia Erzegovina, Cile, Colombia Kuwait, Macedonia del nord, Moldova, Oman, Panama, *<strong>Per\u00f9<\/strong>*, Repubblica dominicana, Bulgaria e Romania.<\/p>\n<p style=\"text-align: justify;\">L&#8217;Ordinanza mantiene le eccezione gia\u2019 previste dalle precedenti Ordinanze <strong>consentendo<\/strong> l\u2019ingresso in Italia per i soli cittadini europei (UE, Schengen,UK, microstati europei) e i loro familiari conviventi (ascendenti e discendenti<br \/>\ndiretti, coniugi, partner stabili, parti di unione civile) con residenza anagrafica in Italia da data anteriore al 9 luglio scorso* (non basta cio\u00e8 dichiarazione di voler fissare residenza in Italia, bisogna che la residenza in Italia risulti dai registri comunali). In ogni caso, si applica sempre l\u2019obbligo di quarantena.<\/p>\n<p style=\"text-align: justify;\">Continua la sospensione di voli diretti e indiretti dai Paesi sopra indicati.<\/p>\n<p style=\"text-align: justify;\">Con la predetta Ordinanza del 12 agosto viene disposto inoltre l&#8217;obbligo, per<br \/>\nchi entra in territorio nazionale dopo aver soggiornato o transitato in Croazia,<br \/>\nGrecia, Malta o Spagna nei quattordici giorni antecedenti, di sottoporsi ad un<br \/>\ntest molecolare nelle 72 ore antecedenti all&#8217;ingresso oppure entro 48 ore<br \/>\ndall\u2019ingresso nel territorio nazionale<\/p>\n<p style=\"text-align: justify;\">Tutti coloro che entrano in Italia devono compilare un apposito modulo di autocertificazione con cui fanno stato dei loro spostamenti negli ultimi 14 giorni.<\/p>\n<p style=\"text-align: justify;\">Tutto ci\u00f2 premesso, si sar\u00e0 grati a coloro che intendono viaggiare in Italia fino nelle prossime settimane di esaminare la propria situazione e provvedere di conseguenza contattando le rispettive linee aeree in caso di rientrare nella<br \/>\ncategoria di passeggeri cui \u00e8 fatto divieto di entrare in Italia.<\/p>\n<p style=\"text-align: justify;\">Questa Ambasciata resta a disposizione per ogni ulteriore chiarimento sulla portata delle disposizioni in parola (<a href=\"mailto:ambasciata.lima@esteri.it\">ambasciata.lima@esteri.it<\/a><a href=\"mailto:ambasciata.lima@esteri.it\">) <\/a>mentre sugli aspetti operativi dei biglietti suggeriamo di contattare le rispettive linee aeree.<\/p>\n<p style=\"text-align: justify;\"><strong>ULTIMO AGGIORNAMENTO (7 AGOSTO)\u00a0<\/strong><\/p>\n<p style=\"text-align: justify;\">Stante la proroga dell\u2019emergenza sanitaria disposta dal Governo italiano fino al 15 ottobre prossimo, con Decreto DPCM del 7 agosto \u00e8 stato prorogato in particolare il divieto di ingresso in Italia di chi negli ultimi 14 giorni ha soggiornato\/transitato in uno dei seguenti Paesi: Armenia, Bahrein, Bangladesh, Brasile, Bosnia Erzegovina,Cile, Kuwait, Macedonia del nord, Moldova, Oman, Panama, Per\u00f9, Repubblica dominicana, Bulgaria e Romania.<\/p>\n<p style=\"text-align: justify;\">Perdurano le eccezione al divieto di ingresso in Italia per i soli cittadini europei (UE, Schengen, UK, microstati europei) e i loro familiari conviventi (ascendenti e discendenti diretti, coniugi, partner stabili, parti di unione civile) con residenza anagrafica in Italia da data anteriore al 9 luglio scorso (non basta cio\u00e8 dichiarazione di voler fissare residenza in Italia, bisogna che la residenza in Italia risulti dai registri comunali). In ogni caso, si applica sempre l\u2019obbligo di quarantena.<\/p>\n<p style=\"text-align: justify;\">Continua la sospensione di voli diretti e indiretti dai Paesi sopra indicati.<\/p>\n<p style=\"text-align: justify;\">Tutti coloro che entrano in Italia devono compilare un apposito modulo di autocertificazione con cui fanno stato dei loro spostamenti negli ultimi 14 giorni.<\/p>\n<p style=\"text-align: justify;\">Tutto ci\u00f2 premesso, si sar\u00e0 grati a coloro che intendono viaggiare in Italia fino nelle prossime settimane di esaminare la propria situazione e provvedere di conseguenza contattando le rispettive linee aeree in caso di rientrare nella categoria di passeggeri cui \u00e8 fatto divieto di entrare in Italia.<\/p>\n<p style=\"text-align: justify;\">Questa Ambasciata resta a disposizione per ogni ulteriore chiarimento sulla portata delle disposizioni in parola (ambasciata.lima@esteri.it) mentre sugli aspetti operativi dei biglietti suggeriamo di contattare le rispettive linee aeree.<\/p>\n<p style=\"text-align: justify;\"><strong>ULTIMO AGGIORNAMENTO (4 AGOSTO)<\/strong><\/p>\n<p style=\"text-align: justify;\">Si segnala che a seguito della sospensione dei voli speciali dall\u2019aeroporto militare dal 3 agosto scorso, sono in corso contati tra le autorit\u00e0 peruviane e quelle dell\u2019aeroporto civile Jorge Chavez (LAP) per consentire di riprendere da tale aeroporto i voli speciali, anche se al momento non si possono sapere gli esiti. I voli KLM e AF di questa settimana sono stati annullati. Si confida che i voli speciali programmati dopo il 15 agosto possano riprendere dall\u2019aeroporto civile Jorge Chavez ma non vi \u00e8 ancor nessuna certezza al riguardo. Si fa riserva di informare in merito agli sviluppi.<\/p>\n<p style=\"text-align: justify;\"><strong>\u00a0ULTIMO AGGIORNAMENTO (3 AGOSTO)<\/strong><\/p>\n<p style=\"text-align: justify;\">Si segnala che la Protezione Civile Peruviana (INDECI) ha informato stamane,<strong> senza alcun preavviso,<\/strong> che dal<strong> 3 agosto<\/strong> non saranno pi\u00f9 autorizzati voli speciali di rimpatrio dall\u2019Aeroporto militare G8 del Callao. Da notizie assunte, risulta che sarebbero in corso negoziati fra le autorit\u00e0 peruviane e l\u2019aeroporto civile Jorge Chavez (LAP) per consentire di riprendere da tale aeroporto i voli speciali, anche se al momento non si pu\u00f2 anticipare quanto dureranno le trattative e con quale risultato. Il volo KLM del 6 agosto prossimo da Lima a Amsterdam risulta pertanto non essere pi\u00f9 autorizzato, in attesa di novit\u00e0. Si fa riserva di informare in merito agli sviluppi.<\/p>\n<p style=\"text-align: justify;\"><strong>\u00a0AGGIORNAMENTO\u00a0 (1 AGOSTO)<\/strong><\/p>\n<p style=\"text-align: justify;\">Si segnala il <a href=\"resource\/img\/2020\/08\/aireuropa.jpg\">volo speciale\u00a0 di AIR-EUROPE <\/a>del 18 agosto sulla tratta LIMA-MADRID<\/p>\n<p style=\"text-align: justify;\"><strong>AGGIORNAMENTO\u00a0 (31 LUGLIO)<\/strong><\/p>\n<p style=\"text-align: justify;\">Stante la proroga dell\u2019emergenza sanitaria disposta dal Governo italiano\u00a0fino al 15 ottobre prossimo, e di in attesa dei relativi provvedimenti\u00a0attuativi, il Ministero della Salute con Ordinanza del 30 luglio scorso ha\u00a0prorogato gli effetti fino a data da stabilire delle precedenti Ordinanze\u00a0del 16 e 24 luglio, che prevedono in particolare il divieto di ingresso in\u00a0Italia di chi negli ultimi 14 giorni ha soggiornato\/transitato in uno dei\u00a0seguenti Paesi: Armenia, Bahrein, Bangladesh, Brasile, Bosnia Erzegovina,\u00a0Cile, Kuwait, Macedonia del nord, Moldova, Oman, Panama, Per\u00f9, Repubblica Dominicana, Bulgaria e Romania.<\/p>\n<p style=\"text-align: justify;\">Perdurano le eccezione al divieto di ingresso in Italia per i soli cittadini\u00a0europei (UE, Schengen, UK, microstati europei) e i loro familiari conviventi\u00a0(ascendenti e discendenti diretti, coniugi, partner stabili, parti di unione\u00a0civile) con residenza anagrafica in Italia da data anteriore al 9 luglio\u00a0scorso (non basta cio\u00e8 dichiarazione di voler fissare residenza in Italia,\u00a0bisogna che la residenza in Italia risulti dai registri comunali). In ogni\u00a0caso, si applica sempre l\u2019obbligo di quarantena.<\/p>\n<p style=\"text-align: justify;\">In ogni caso continua la sospensione di voli diretti e indiretti dai Paesi\u00a0sopra indicati.<\/p>\n<p style=\"text-align: justify;\">Tutti coloro che entrano in Italia devono compilare il modulo di\u00a0autocertificazione pubblicato sul sito del Ministero degli Esteri<br \/>\nattualmente in corso di aggiornamento con cui fanno stato dei loro\u00a0spostamenti negli ultimi 14 giorni.<\/p>\n<p style=\"text-align: justify;\">Tutto ci\u00f2 premesso, si sar\u00e0 grati a coloro che intendono viaggiare in Italia\u00a0ne prossimi giorni (o anche successivamente in caso di proroghe della\u00a0ordinanza in oggetto) di esaminare la propria situazione e provvedere di\u00a0conseguenza contattando le rispettive linee aeree in caso di rientrare nella\u00a0categoria di passeggeri cui \u00e8 fatto divieto di entrare in Italia.<\/p>\n<p style=\"text-align: justify;\">Questa Ambasciata resta disposizione per ogni ulteriore chiarimento sulla\u00a0portata della disposizione in parola (ambasciata.lima@esteri.it) mentre sugli aspetti operativi dei biglietti\u00a0suggeriamo di contattare le rispettive\u00a0linee aeree.<\/p>\n<p style=\"text-align: justify;\"><strong>AGGIORNAMENTO (27 LUGLIO)<\/strong><\/p>\n<p style=\"text-align: justify;\">Si ricorda la perdurante validit\u00e0 delle Ordinanze del Ministro della Salute\u00a0italiano, di concerto con il Ministro dei Trasporti e degli Affari Esteri,\u00a0che introducono il divieto di ingresso in Italia fino al 31 luglio prossimo\u00a0di chi negli ultimi 14 giorni ha soggiornato\/transitato in uno dei seguenti\u00a0Paesi: Armenia, Bahrein, Bangladesh, Brasile, Bosnia Erzegovina, Cile,\u00a0Kuwait, Macedonia del nord, Moldova, Oman, Panama, Per\u00f9, Repubblica Dominicana, Bulgaria e Romania.<\/p>\n<p style=\"text-align: justify;\">Fanno eccezione al divieto solo i cittadini europei (UE, Schengen, UK,\u00a0microstati europei) e i loro familiari conviventi (ascendenti e discendenti\u00a0diretti, coniugi, partner stabili, parti di unione civile) con\u00a0residenza anagrafica in Italia da data anteriore al 9 luglio scorso (non\u00a0basta cio\u00e8 dichiarazione di voler fissare residenza in Italia, bisogna che\u00a0la residenza in Italia risulti dai registri comunali). In ogni caso, si\u00a0applica sempre l\u2019obbligo di quarantena.<\/p>\n<p style=\"text-align: justify;\">Perdura in ogni caso la sospensione di voli diretti e indiretti dai Paesi\u00a0sopra indicati.<\/p>\n<p style=\"text-align: justify;\">Tutti coloro che entrano in Italia devono compilare il modulo di\u00a0autocertificazione pubblicato sul sito del Ministero degli Esteri\u00a0attualmente in corso di aggiornamento con cui fanno stato dei loro\u00a0spostamenti negli ultimi 14 giorni.<\/p>\n<p style=\"text-align: justify;\">Tutto ci\u00f2 premesso, si sar\u00e0 grati a coloro che intendono viaggiare in Italia\u00a0ne prossimi giorni (o anche successivamente in caso di proroghe della\u00a0ordinanza in oggetto) di esaminare la propria situazione e provvedere di\u00a0conseguenza contattando le rispettive linee aeree in caso di rientrare nella\u00a0categoria di passeggeri cui \u00e8 fatto divieto di entrare in Italia.<\/p>\n<p style=\"text-align: justify;\">Questa Ambasciata resta disposizione per ogni ulteriore chiarimento sulla\u00a0portata della disposizione in parola (<a href=\"mailto:ambasciata.lima@esteri.it\">ambasciata.lima@esteri.it<\/a>) mentre\u00a0sugli aspetti operativi dei biglietti suggeriamo di contattare le rispettive\u00a0linee aeree.<\/p>\n<p style=\"text-align: justify;\"><strong>LISTA PROSSIMI VOLI (24 LUGLIO)<\/strong><\/p>\n<p style=\"text-align: justify;\">Si indicano di seguito i voli speciali organizzati dalle Ambasciate di Spagna, Francia e Olanda diretti in Europa fino alla fine di agosto con indicazione orientativa dei costi dei relativi biglietti per passeggero in classe economica.<\/p>\n<p style=\"text-align: justify;\">Si ricorda che fino al 31 luglio prossimo (salvo proroghe) sono in vigore le Ordinanze del Ministero della Salute italiano del 9 e 16 luglio scorsi che hanno introdotto il divieto di ingresso in Italia a determinate categorie di passeggeri che abbiano soggiornato nei 14 giorni precedenti in alcuni paesi con elevato numero di contagi Covid, tra cui il Per\u00f9. Il divieto si riferisce segnatamente ai cittadini AIRE residenti in Per\u00f9 e ai peruviani residenti in Italia, salvo che abbiano familiari cittadini conviventi in Italia.<\/p>\n<p style=\"text-align: justify;\">Si raccomanda pertanto a chi fosse interessato ad acquistare tali biglietti di consultare attentamente se rientra nella categoria per le quali \u00e8 precluso per il momento l&#8217;ingresso in Italia perch\u00e9 le autorit\u00e0 di frontiera italiane stanno applicando in modo rigoroso la normativa provvedendo al rimpatrio di coloro che non hanno i requisiti per l&#8217;ingresso sul territorio nazionale.<\/p>\n<p style=\"text-align: justify;\">Spain Iberia 25\/07\/2020 Madrid 499 USD<br \/>\nSpain Iberia 28\/07\/2020 Madrid 499 USD<br \/>\nFrance Air France 29\/07\/\/2020 Paris 805 USD<br \/>\nNetherlands KLM 30\/07\/2020 Amsterdam 820.00 \u20ac<br \/>\nSpain Iberia 01\/08\/2020 Madrid 499 USD<br \/>\nNetherlands KLM 05\/08\/2020 Amsterdam 808 USD<br \/>\nNetherlands KLM 12\/08\/2020 Amsterdam 808 USD<br \/>\nNetherlands KLM 19\/08\/2020 Amsterdam 808 USD<br \/>\nNetherlands KLM 26\/08\/2020 Amsterdam 808 USD<\/p>\n<p style=\"text-align: justify;\"><strong>\u00a0ULTIMO AGGIORNAMENTO (15 LUGLIO)<\/strong><\/p>\n<p style=\"text-align: justify;\">Con la firma del DPCM 14 luglio 2020, sono state prorogate al 31 luglio 2020\u00a0le misure di contenimento del contagio sull&#8217;intero\u00a0territorio nazionale previste dal DPCM 11 giugno 2020, nonch\u00e9 le disposizioni\u00a0contenute nelle ordinanze del Ministro della salute del 30 giugno 2020 e del 9\u00a0luglio 2020 che pone il divieto di ingresso in Italia per tutti coloro che hanno\u00a0soggiornato o transitato in un ristretto numero di Paesi fra cui il Per\u00f9.<\/p>\n<p style=\"text-align: justify;\"><strong>AGGIORNAMENTO (13 LUGLIO)<\/strong><\/p>\n<p style=\"text-align: justify;\">Comunicato dell&#8217;Ambasciata dei Paesi Bassi:<\/p>\n<p style=\"text-align: justify;\">L&#8217;Ambasciata dei Paesi Bassi ci ha informato che la linea aerea KLM ha\u00a0richiesto (ma non ancora ottenuto) le autorizzazioni per operare dei voli\u00a0charter, *Lima-Amsterdam, *previsti rispettivamente per il* 23 e 30 luglio e\u00a0per il 6, 13, 20 e 27 agosto *prossimi.<\/p>\n<p style=\"text-align: justify;\">La partenza \u00e8 prevista alle ore 16.15 da Lima e l\u2019arrivo ad Amsterdem alle\u00a0ore 11.25 locali del giorno dopo.<\/p>\n<p style=\"text-align: justify;\">Il volo Lima &#8211; Amsterdam del 23 luglio \u00e8 gi\u00e0 in vendita sul sito web di KLM,\u00a0ma le autorizzazioni sono ancora in sospeso.<\/p>\n<p style=\"text-align: justify;\">*Nel segnalare quanto sopra, si ricorda che il Ministro della Salute\u00a0italiano, di concerto con il Ministro dei Trasporti e degli Affari Esteri ha\u00a0firmato una ordinanza d\u2019emergenza valida fino al 14 luglio (ma non si\u00a0escludono delle proroghe) che ha introdotto il divieto di ingresso in Italia\u00a0a determinate categorie di passeggeri provenienti dal Per\u00f9 tra cui, in\u00a0particolare, i cittadini AIRE residenti in Per\u00f9 e i peruviani residenti in\u00a0Italia, salvo che abbiano familiari cittadini in Italia. Si raccomanda\u00a0pertanto a chi fosse interessato ad acquistare tali bilgietti di consultare\u00a0se rientra nella categoria per le quali \u00e8 precluso per il momento l&#8217;ingresso\u00a0in Italia perch\u00e9 le autorit\u00e0 di frontiera italia stanno applicando in modo\u00a0rigoroso la normativa provvedendo al rimpatrio di coloro che non hanno i\u00a0requisiti per l&#8217;ingresso sul territorio nazionale.*<\/p>\n<p style=\"text-align: justify;\">Il prezzo dei biglietti \u00e8 stato cos\u00ec fissato:<\/p>\n<p style=\"text-align: justify;\">* In classe economica\/: da USD 963, che prevede un bagaglio da 23 kg. e\u00a0di USD 910 senza bagaglio.<br \/>\n* In Business class\/: da USD 2,671 che prevede due bagagli da 23 kg .<br \/>\n* I minori di 2 anni\/ che possono condividere il posto con uno dei\u00a0genitori pagheranno il 10% del prezzo del biglietto.<\/p>\n<p style=\"text-align: justify;\">*Per questi voli sar\u00e0 possible utilizzare il biglietto di rientro di KLM\/ Air\u00a0France \u2013 non utilizzato a causa della crisi da Covid-19 gi\u00e0 in possesso dei\u00a0passeggeri. In questo caso gli interessati dovranno contattare\u00a0direttamente il centro di attenzione al cliente di KLM al numero: (+ 51 1)\u00a0708-5576.<\/p>\n<p style=\"text-align: justify;\">In caso di prenotazioni sul sito Web, il costo di un \/primo bagaglio\/ extra \u00e8\u00a0di USD 80, per altri bagagli extra il costo \u00e8 di USD 160 ciascuno.<\/p>\n<p style=\"text-align: justify;\">I bambini e\/o adolescenti (di et\u00e0 inferiore ai 18 anni) non possono viaggiare\u00a0da soli. Nel caso in cui i minori viaggino con uno solo dei genitori, \u00e8\u00a0obbligatorio l\u2019atto di assenzo autenticato dell&#8217;altro genitore.<\/p>\n<p style=\"text-align: justify;\">Sono permessi gli animali domestici, purch\u00e9 gi\u00e0 in possesso di \u201cpasaporto\u201d\u00a0veterinario, (titolazioni, vaccinazioni, ecc.). Per ottenere maggiori\u00a0informazioni contattare direttamente la linea aerea o consultare la pagina:\u00a0<a href=\"http:\/\/www.klm.com\/travel\/us_en\/prepare_for_travel\/travel_planning\/pets\/index.htm\">www.klm.com\/travel\/us_en\/prepare_for_travel\/travel_planning\/pets\/index.htm<\/a>\u00a0e\u00a0https:\/\/english.nvwa.nl\/topics\/travelling-to-the-netherlands-with-your-dog-or -gatto.<\/p>\n<p style=\"text-align: justify;\">Prima dell\u2019imbarco tutti i passeggeri dovranno firmare un documento in cui\u00a0dichiarano di essere di sana costituzione e di non aver avuto alcun sintomo\u00a0di covid-19 negli ultimi giorni (tosse, febbre ecc.).<\/p>\n<p style=\"text-align: justify;\">Come parte delle misure di sicurezza per evitare la diffusione del covid-19,\u00a0i passeggeri dovranno usare a bordo una mascherina e il servizio pasti sar\u00e0\u00a0limitato.<\/p>\n<p style=\"text-align: justify;\">I cittadini dell\u2019Unione Europea possono transitare in Olanda e\u00a0continuare il loro viaggio in aereo o via terrestre (treno, autobus, auto)<br \/>\nverso l&#8217;Italia. In ogni caso i passeggeri che rientrano nelle categorie\u00a0interessate dalla sopra menzionata Ordinanza del Ministero della Salute\u00a0italiano non potranno fare ingresso in Italia sia che viaggino in aerei in\u00a0connessione da Amsterdam o con altra triangolazione n\u00e8 in treno o\u00a0autobus\/automobile.<\/p>\n<p style=\"text-align: justify;\">Si intendono cittadini dell\u2019Unione Europea tutti coloro che posseggono un\u00a0passaporto o un permesso di soggiorno di uno dei seguenti Paesi:\u00a0Stati membri dell&#8217;UE, Regno Unito, Norvegia, Liechtenstein, Islanda, Svizzera.<\/p>\n<p style=\"text-align: justify;\">I cittadini dell\u2019UE che abbiano un volo di connessione possono soggiornare in\u00a0un hotel fuori dall&#8217;aeroporto.<\/p>\n<p style=\"text-align: justify;\">Molti Paesi UE hanno regole pi\u00f9 severe, quindi \u00e8 indispensabile controllare\u00a0le regole di ciascun paese.<\/p>\n<p style=\"text-align: justify;\">In esito alle misure di sicurezza per prevenire la diffusione del covid-19,\u00a0attualmente non \u00e8 possibile recarsi nei Paesi Bassi o nell&#8217;UE con un regolare\u00a0visto per soggiorni di breve durata (Schengen).<\/p>\n<p style=\"text-align: justify;\">Si ricorda che i cittadini peruviani (o di altri stati esentati dal visto\u00a0Ingresso) nel caso non abbiamo un valido permesso di soggiorno in uno Stato\u00a0dell&#8217;UE non possono attualmente viaggiare in Europa.<\/p>\n<p style=\"text-align: justify;\">Prenotazioni per cittadini UE e passeggeri in transito<\/p>\n<p style=\"text-align: justify;\">I cittadini UE + i passeggeri in transito possono prenotare i biglietti per\u00a0il volo Lima-Amsterdam sul sito Web di KLM: www.klm.com.pe<br \/>\nwww.airfrance.com.pe<\/p>\n<p style=\"text-align: justify;\">L&#8217;acquisto del biglietto si potr\u00e0 fare direttamente nel sito della compagnia\u00a0aerea con carta di credito o deposito bancario.<\/p>\n<p style=\"text-align: justify;\">In caso di dubbi sul volo (biglietti, prezzi, assistenza speciale, problemi\u00a0per contattare il centro diattenzione al cliente) si prega di contattare KLM\u00a0all\u2019indirizzo mail: <a href=\"mailto:soportedeventasperu@klm.com\">soportedeventasperu@klm.com<\/a><\/p>\n<p style=\"text-align: justify;\">In caso di dubbi relativi all\u2019ingresso nei Paesi Bassi \u00e8 possibile contattare\u00a0le autorit\u00e0 olandesi per l&#8217;immigrazione: <a href=\"mailto:vragengrenskantoor@ind.nl\">vragengrenskantoor@ind.nl<\/a><\/p>\n<p style=\"text-align: justify;\"><a href=\"resource\/doc\/2020\/07\/format_flight_klm_23-07-2020_lima_-_amsterdam_1.xlsx\">Format flight KLM 23\/07\/2020 Lima &#8211; Amsterdam<\/a><br \/>\n<a href=\"resource\/doc\/2020\/07\/format_flight_klm_30-07-2020_lima_-_amsterdam.xlsx\">Format flight KLM 30\/07\/2020 Lima &#8211; Amsterdam<\/a><br \/>\n<a href=\"resource\/doc\/2020\/07\/format_flight_klm_06-08-2020_lima_-_amsterdam.xlsx\">Format flight KLM 06\/08\/2020 Lima &#8211; Amsterdam<\/a><br \/>\n<a href=\"resource\/doc\/2020\/07\/format_flight_klm_13-08-2020_lima_-_amsterdam.xlsx\">Format flight KLM 13\/08\/2020 Lima &#8211; Amsterdam<\/a><br \/>\n<a href=\"resource\/doc\/2020\/07\/format_flight_klm_20-08-2020_lima_-_amsterdam.xlsx\">Format flight KLM 20\/08\/2020 Lima &#8211; Amsterdam<\/a><br \/>\n<a href=\"resource\/doc\/2020\/07\/format_flight_klm_27-08-2020_lima_-_amsterdam.xlsx\">Format flight KLM 27\/08\/2020 Lima &#8211; Amsterdam<\/a>\u00a0 &#8220;<\/p>\n<p style=\"text-align: justify;\"><strong>\u00a0Aggiornamento 9 luglio 2020.<\/strong><\/p>\n<p style=\"text-align: justify;\">Si comunica che il Ministro della Salute italiano, di concerto con il<br \/>\nMinistro dei Trasporti e degli Affari Esteri ha appena firmato una nuova<br \/>\nordinanza d\u2019emergenza valida da oggi fino al 14 luglio che ha introdotto le<br \/>\nseguenti nuove limitazioni agli spostamenti DA E PER l\u2019estero:<\/p>\n<p style=\"text-align: justify;\">1. Divieto di ingresso in Italia a chi negli ultimi <strong>14 giorni<\/strong> ha<br \/>\nsoggiornato\/transitato in uno dei seguenti Paesi: <strong>Armenia, Bahrein,<\/strong><br \/>\n<strong>Bangladesh, Brasile, Bosnia Erzegovina, Cile, Kuwait, Macedonia del nord,<\/strong><br \/>\n<strong>Moldova, Oman, Panama, Per\u00f9, Repubblica dominicana.<\/strong><\/p>\n<p style=\"text-align: justify;\">2. Fanno <strong>eccezione<\/strong> al divieto solo i <strong>cittadini europei<\/strong> (UE, Schengen,<br \/>\nUK, microstati europei) e i loro<strong> familiari conviventi<\/strong> (ascendenti e<br \/>\ndiscendenti diretti, coniugi, partner stabili, parti di unione civile) con<br \/>\n<strong>residenza anagrafica in Italia<\/strong> <strong>da data anteriore ad ogg<\/strong>i (non basta cio\u00e8<br \/>\ndichiarazione di voler fissare residenza in Italia, bisogna che la residenza<br \/>\nin Italia risulti dai registri comunali). In ogni caso, si applica sempre<br \/>\n<strong>l\u2019obbligo di quarantena<\/strong>.<\/p>\n<p style=\"text-align: justify;\"><strong>3. Sospensione di voli diretti e indiretti dai Paesi sopra indicati.<\/strong><\/p>\n<p style=\"text-align: justify;\">4. Tutti coloro che entrano in Italia devono compilare il modulo di<br \/>\nautocertificazione pubblicato sul sito del Ministero degli Esteri<br \/>\nattualmente in corso di aggiornamento con cui fanno stato dei loro<br \/>\nspostamenti negli ultimi 14 giorni.<\/p>\n<p style=\"text-align: justify;\">Tutto ci\u00f2 premesso, si sar\u00e0 grati a coloro che intendono viaggiare in Italia<br \/>\nne prossimi giorni (o anche successivamente in caso di proroghe della<br \/>\nordinanza in oggetto) di esaminare la propria situazione e provvedere di<br \/>\nconseguenza contattando le rispettive linee aeree in caso di rientrare nella<br \/>\ncategoria di passeggeri cui \u00e8 fatto divieto di entrare in Italia.<\/p>\n<p style=\"text-align: justify;\">Questa Ambasciata resta disposizione per ogni ulteriore chiarimento sulla<br \/>\nportata della disposizione in parola (ambasciata.lima@esteri.it) mentre<br \/>\nsugli aspetti operativi dei biglietti suggeriamo di contattare le rispettive<br \/>\nlinee aeree.<\/p>\n<p style=\"text-align: justify;\"><strong>AGGIORNAMENTO (7 LUGLIO<\/strong>)<\/p>\n<p style=\"text-align: justify;\">l&#8217;Ambasciata dei Paesi Bassi ci ha informato che la linea aerea KLM \u00e8 stata autorizzata a operare due voli charter,\u00a0Lima-Amsterdam, previsti rispettivamente per il <strong>9 e il 16 luglio<\/strong> prossimi.<\/p>\n<p style=\"text-align: justify;\">In entrambi i voli la partenza \u00e8 prevista alle ore 16.15 da Lima e l\u2019arrivo ad Amsterdem alle ore 11.25 locali del giorno dopo.<\/p>\n<p style=\"text-align: justify;\">Il prezzo dei biglietti \u00e8 stato cos\u00ec fissato:<\/p>\n<p style=\"text-align: justify;\"><strong> In classe economica<\/strong>: da USD 805, che prevede un bagaglio da 23 kg. e di USD 755 senza bagaglio.<\/p>\n<p style=\"text-align: justify;\">In Business class: da USD 2,671 che prevede due bagagli da 23 kg .<\/p>\n<p style=\"text-align: justify;\"><strong>I minori di 2 anni<\/strong> che possono condividere il posto con uno dei genitori pagheranno il<strong> 10%<\/strong> del prezzo del biglietto.<\/p>\n<p style=\"text-align: justify;\">Per questi voli sar\u00e0 possible utilizzare il biglietto di rientro di KLM\/ Air France \u2013 non utilizzato a causa della crisi da Covid-19 gi\u00e0 in possesso dei passeggeri. In questo caso gli interessati dovranno contattare direttamente il centro di attenzione al cliente di KLM al numero: (+ 51 1)708-5576 .<\/p>\n<p style=\"text-align: justify;\">In caso di prenotazioni sul sito Web, il costo di un \/primo bagaglio\/ extra \u00e8 di USD 80, per altri bagagli extra il costo \u00e8 di USD 160 ciascuno.I bambini e\/o adolescenti (di et\u00e0 inferiore ai 18 anni) non possono viaggiare da soli. Nel caso in cui i minori viaggino con uno solo dei genitori, \u00e8 obbligatorio l\u2019atto di assenzo autenticato dell&#8217;altro genitore.<\/p>\n<p style=\"text-align: justify;\">Sono permessi gli animali domestici, purch\u00e9 gi\u00e0 in possesso di \u201cpasaporto\u201d veterinario, (titolazioni, vaccinazioni, ecc.).<\/p>\n<p style=\"text-align: justify;\">Per ottenere maggiori informazioni contattare direttamente la linea aerea o consultare la pagina: www.klm.com\/travel\/us_en\/prepare_for_travel\/travel_planning\/pets\/index.htm &lt;http:\/\/www.klm.com\/travel\/us_en\/prepare_for_travel\/travel_planning\/pets\/index.htm&gt; e https:\/\/english.nvwa.nl\/topics\/travelling-to-the-netherlands-with-your-dog-or -gatto.Prima dell\u2019imbarco tutti i passeggeri dovranno firmare un documento in cui dichiarano di essere di sana costituzione e di non aver avuto alcun sintomo di covid-19 negli ultimi giorni (tosse, febbre ecc.).Come parte delle misure di sicurezza per evitare la diffusione del covid-19, i passeggeri dovranno usare a bordo una mascherina e il servizio pasti sar\u00e0 limitato.I cittadini dell\u2019Unione Europea possono transitare in Olanda e continuare il loro viaggio in aereo o via terrestre (treno, autobus, auto). Si intendono cittadini dell\u2019Unione Europea tutti coloro che posseggono un passaporto o un permesso di soggiorno di uno dei seguenti Paesi: Stati membri dell&#8217;UE, Regno Unito, Norvegia, Liechtenstein, Islanda, Svizzera.I cittadini dell\u2019UE che abbiano un volo di connessione possono soggiornare in un hotel fuori dall&#8217;aeroporto.Molti Paesi UE hanno regole pi\u00f9 severe, quindi \u00e8 indispensabile controllare le regole di ciascun paese.In esito alle misure di sicurezza per prevenire la diffusione del covid-19, attualmente non \u00e8 possibile recarsi nei Paesi Bassi o nell&#8217;UE con un regolare visto per soggiorni di breve durata (Schengen).*Si ricorda che i cittadini peruviani (o di altri stati esentati dal visto Ingresso) nel caso non abbiamo un valido permesso di soggiorno in uno Stato dell&#8217;UE non possono attualmente viaggiare in Europa.*Le autorit\u00e0 olandesi esortano vivamente tutti i viaggiatori che soggiornano nei Paesi Bassi di osservare una quarantena per i primi 14 giorni (o fino alla partenza del loro volo di connessione), a casa o in un hotel. In Olanda, c\u2019\u00e8 l\u2019obbligato di mantenere una distanza di 1,5 metri da altre persone e sono vietati gruppi di oltre 3 persone, a meno che non si tratti di una famiglia (vale a dire: genitori con figli minorenni). Nei trasporti pubblici e nell\u2019aeroporto di Amsterdam, l\u2019uso delle mascherine \u00e8 obbligatorio. Per ulteriori informazioni consultare: https:\/\/www.schiphol.nl\/en\/ohttps:\/\/www.netherlandsandyou.nl\/travel-and-residence\/visas-for-the-netherlands\/qas-travel-restrictions-for-the-netherlandsIl giorno della partenza, tutti i passeggeri dovranno farsi trovare nel punto d\u2019incontro fissato presso il Parque Salazar (centro commerciale Larcomar &#8211; Miraflores) per poi essere trasportati, nei bus dell\u2019Ambasciata Olandese previamente autorizzati, all&#8217;aeroporto militare.L\u2019accesso all\u2019Aeroporto Militare \u00e8 interdetto ai civili.__*_Prenotazioni per cittadini UE e passeggeri in transito_*I cittadini UE + e i passeggeri in transito possono prenotare i biglietti per il volo Lima-Amsterdam sul sito Web di KLM: www.klm.com.pe &lt;http:\/\/www.klm.com.pe\/&gt; owww.airfrance.com.pe &lt;http:\/\/www.airfrance.com.pe\/&gt; .L&#8217;acquisto del biglietto si potr\u00e0 fare direttamente nel sito della compagnia aerea con carta di credito o deposito bancario.In caso di dubbi sul volo (biglietti, prezzi, assistenza speciale, problemi per contattare il centro diattenzione al cliente) si prega di contattare KLM all\u2019indirizzo mail: soportedeventasperu@klm.com &lt;mailto:soportedeventasperu@klm.com&gt;In caso di dubbi relativi all\u2019ingresso nei Paesi Bassi \u00e8 possibile contattare le autorit\u00e0 olandesi per l&#8217;immigrazione: vragengrenskantoor@ind.nl &lt;mailto:vragengrenskantoor@ind.nl&gt;<\/p>\n<p style=\"text-align: justify;\"><strong>AGGIORNAMENTO (2 LUGLIO )<\/strong><\/p>\n<p style=\"text-align: justify;\">Si segnala\u00a0 una comunicazione della Linea Aerea &#8220;Air Europa&#8221;sul prossimo programmato per il 10 luglio da Lima diretto a Madrid. Tale volo, organizzato sotto l&#8217;egida di questa Ambasciata di Spagna, potrebbe essere una valida opportunit\u00e0 per rientrare in Europa. Per comodit\u00e0, si elencano altres\u00ec una serie di voli da Madrid per Roma e Milano che potrebbero essere utilmente utilizzati per volare in connessione da Madrid per l&#8217;Italia nella giornata dell&#8217;11 luglio\u00a0:<\/p>\n<p style=\"text-align: justify;\">administracion.peru@air-europa.com&gt;<\/p>\n<p style=\"text-align: justify;\">&#8220;Hemos gestionado un vuelo de repatriaci\u00f3n para el d\u00eda 10 Julio saliendo a las 12 del mediod\u00eda de Lima y llegando a Madrid el d\u00eda 11 de julio a las 7 de la ma\u00f1ana, aunque la fecha del vuelo puede ser modificada en relaci\u00f3n a la autorizaci\u00f3n obtenida por la autoridad correspondiente.<\/p>\n<p style=\"text-align: justify;\">Queremos ayudar a los ciudadanos europeos a llegar a su destino y los asesoraremos en la compra de su conexi\u00f3n sin cobro de fee de gesti\u00f3n.<\/p>\n<p style=\"text-align: justify;\">Las personas interesadas pueden adquirir un cupo en este vuelo, contamos con dos niveles de tarifas en clase econ\u00f3mica: *Plus a $1,250 y Light a $989*, registr\u00e1ndose en el siguiente enlace donde figuran las condiciones, formas de pago y formulario a completar:<\/p>\n<p style=\"text-align: justify;\">*https:\/\/extranet.continentaltravel.com.pe\/WebIntranet\/Grupos\/Charter ***<\/p>\n<p style=\"text-align: justify;\">**<\/p>\n<p style=\"text-align: justify;\">*O si lo prefieren podemos a*poyarlos con el registro si env\u00edan al correo charters@continentaltravel.com.pe &lt;mailto:charters@continentaltravel.com.pe&gt; imagen fotografiada o escaneada de:<\/p>\n<p style=\"text-align: justify;\">\u2022 La p\u00e1gina de datos de su pasaporte<\/p>\n<p style=\"text-align: justify;\">\u2022 Su DNI comunitario (en caso de residentes)<\/p>\n<p style=\"text-align: justify;\">\u2022 La transferencia o deposito en cuenta si paga con abono en cuenta<\/p>\n<p style=\"text-align: justify;\">\u2022 La tarjeta de cr\u00e9dito por ambas caras y del documento de identidad del tarjeta habiente<\/p>\n<p style=\"text-align: justify;\">En caso enviaran esta informaci\u00f3n, tomaremos por aceptadas las condiciones indicadas en el link<\/p>\n<p style=\"text-align: justify;\">Consultas:<\/p>\n<p style=\"text-align: justify;\">WhatsApp +4155050 mail:charters@continentaltravel.com.pe&#8221;<\/p>\n<p style=\"text-align: justify;\">*Conexiones MAD Roma Fiumicino s\u00e1bado 11 JUL *&gt;&gt; AZ 061 MAD-FCO 1340 \u2013 1610&gt;&gt; IB 3236\u00a0 MAD-FCO 1610 \u2013 1845&gt;&gt;<\/p>\n<p style=\"text-align: justify;\">*Conexiones MAD Mil\u00e1n s\u00e1bado 11 JUL &gt; IB 3250\u00a0 MAD-MXP 0850 \u2013 1100<\/p>\n<p style=\"text-align: justify;\"><strong>AGGIORNAMENTO (27 GIUGNO)<br \/>\n<\/strong><\/p>\n<p style=\"text-align: justify;\">Si segnala il volo del 10 di luglio organizzato dalla <strong>Ambasciata della Spagna a Lima.\u00a0<\/strong> <a href=\"resource\/img\/2020\/07\/ambasciata_spagna_26_giugno_2020.jpg\">Qui la comunicazione ufficiale..<\/a><\/p>\n<p style=\"text-align: justify;\"><strong> AGGIORNAMENTO(26 GIUGNO)\u00a0<\/strong><\/p>\n<p style=\"text-align: justify;\">VOLO CHARTER PER CITTA&#8217; DEL MESSICO, riportiamo l&#8217;annuncio:<\/p>\n<p style=\"text-align: justify;\">La agencia Solange Reps inform\u00f3 que tendr\u00e1 un vuelo especial ch\u00e1rter para repatriaci\u00f3n con destino a la Ciudad de M\u00e9xico, v\u00eda Bogot\u00e1, el lunes 29 de junio, a las 12:00 horas, el cual ser\u00e1 operado por Viva Air.<\/p>\n<p style=\"text-align: justify;\">Para informes y reservaciones del vuelo, as\u00ed como de servicio de traslados desde provincia, los interesados deber\u00e1n contactar a la citada agencia mediante mensaje por Whatsapp a los n\u00fameros +51 935 888 141 y +51 952 396 417 o al correo electr\u00f3nico mexico@solangereps.com . El vuelo cuenta con la autorizaci\u00f3n del Gobierno peruano. Por tratarse de un vuelo extraordinario, est\u00e1 sujeto a cambios de horario por parte de las autoridades aeron\u00e1uticas locales. La salida hacia la base a\u00e9rea se efectuar\u00e1 desde la Embajada de M\u00e9xico en el Per\u00fa (Basadre 710, San Isidro).<\/p>\n<p style=\"text-align: justify;\"><strong>AGGIORNAMENTO (25 GIUGNO)<\/strong><\/p>\n<p style=\"text-align: justify;\">Si pubblica il <strong><em><a href=\"resource\/img\/2020\/06\/photo-2020-06-25-09-53-21-1.pdf\">comunicato dell&#8217;Ambasciata di Spagna sul prossimo volo operato dalla compagnia Euroairlines previsto per il 3 luglio p.v.<\/a>\u00a0<\/em><\/strong><\/p>\n<p style=\"text-align: justify;\"><strong>AGGIORNAMENTO (22 GIUGNO)<\/strong><\/p>\n<p style=\"text-align: justify;\">Si informa che l&#8217;Ambasciata della Svizzera propone questo volo a pagamento <a href=\"https:\/\/drive.google.com\/file\/d\/10wQM9mIbZphX6YpKPDXaUlRAhSbPcstT\/view?usp=sharing\"><strong>LIMA-ZURIGO per il 2 luglio 2020<\/strong><\/a><\/p>\n<p style=\"text-align: justify;\">L\u2019Ambasciata Olandese ha comunicato che sono rimasti ancora pochi posti disponibili sul volo speciale Lima-Amsterdam operato dalla Linea aerea KLM.<\/p>\n<p style=\"text-align: justify;\">La partenza \u00e8 prevista per il prossimo 2 luglio.<\/p>\n<p style=\"text-align: justify;\">Gli interessati possono comprare i biglietti direttamente sul sito web della KLM www.klm.com.pe o www.airfrance.com.pe.<\/p>\n<p style=\"text-align: justify;\">Si segnala che per questo volo sar\u00e0 possible utilizzare il biglietto di rientro con KLM\/Air France \u2013 non utilizzato a causa della crisi da Covid-19 gi\u00e0 in vostro possesso.<\/p>\n<p style=\"text-align: justify;\">Anche in questo caso si tratta di un volo di rimpatrio speciale a cui possono accedere solo i passeggeri di nazionalit\u00e0 olandese, i passeggeri residenti in Olanda con adeguata documentazione, i cittadini europei e i residenti nella Comunit\u00e0 Europea sempre e quando abbiano un volo di collegamento confermato verso il loro paese.<\/p>\n<p style=\"text-align: justify;\">In questo caso contattare direttamente il centro di attenzione al cliente di KLM al numero: (+ 51 1) 708-5576.<\/p>\n<p style=\"text-align: justify;\"><strong>AGGIORNAMENTO (12 GIUGNO)<\/strong><\/p>\n<p style=\"text-align: justify;\">Si informa che la Compagnia aerea IBERIA sta effettuando le corrispondenti procedure per operare un volo da Lima a Madrid, gioved\u00ec 25 giugno 2020 (ancora soggetto all&#8217;autorizzazione del governo). Per maggiore informazione <strong><em><a href=\"http:\/\/amblima.esteri.it\/ambasciata_lima\/resource\/resource\/2020\/05\/comunicato_della_compagnia_aerea_iberia3.pdf\">cliccare qui<\/a>.<\/em><\/strong><\/p>\n<p style=\"text-align: justify;\"><strong>AGGIORNAMENTO (10 GIUGNO ORE 12:30)<\/strong><\/p>\n<p style=\"text-align: justify;\">Segue di seguito il testo della lettera dell&#8217;Ambasciatore Giancarlo Maria Curcio diretta a tutti i connazionali temporanei ancora bloccati in Per\u00f9 a causa della crisi Covid-19.<\/p>\n<p style=\"text-align: justify;\">&#8220;Cari connazionali,<\/p>\n<p style=\"text-align: justify;\">come noto, ieri \u00e8 partito da Lima il sesto volo speciale di rientro diretto a Milano. Con questo volo, la nostra Ambasciata, d\u2019intesa con la Farnesina, ha messo a disposizione dei connazionali temporanei bloccati in Per\u00f9 a seguito della crisi Covid 19 un numero pi\u00f9 che sufficiente di posti per consentire il rimpatrio a tutti.<\/p>\n<p style=\"text-align: justify;\">Ci\u00f2 premesso, le Autorit\u00e0 peruviane hanno segnalato stamane a tutte le Ambasciate qui accreditate che intendono entro inizio luglio sospendere ogni tipo di volo speciale di rimpatrio, avendo autorizzato un numero di voli idoneo al rientro di tutti i turisti stranieri bloccati nel Paese allo scoppio dell\u2019epidemia Covid-19. Parimenti, nessuna indicazione \u00e8 stata data in merito a una riapertura dei voli commerciali. Considerando anche che lo stato di emergenza sanitaria \u00e8 stato prorogato fino al 7 settembre, non si ritiene ora plausibile la ripresa dei voli commerciali prima di tale data. Le Autorit\u00e0 peruviane ci chiedono pertanto di indicare urgentemente il numero di propri cittadini che intendono rimpatriare entro inizio luglio, specificando le localit\u00e0 in cui si trovano.<\/p>\n<p style=\"text-align: justify;\">In considerazione di quanto precede, questa Ambasciata ritiene necessario effettuare con rapidit\u00e0 una mappatura aggiornata dei connazionali entrati in Per\u00f9 temporaneamente e tuttora bloccati a causa della crisi Covid-19 che intendono rientrare in Patria prima della sospensione dei voli speciali (inizio luglio) e le localit\u00e0 dove si trovano anche al fine di richiedere, quando sar\u00e0, le pertinenti autorizzazioni di spostamento. I dati saranno trattati secondo le applicabili norme a tutela della riservatezza dei dati personali.<\/p>\n<p style=\"text-align: justify;\">Invito pertanto tutti i connazionali interessati a registrarsi con ogni consentita urgenza nel nuovo formulario che \u00e8 stato istituito appositamente nella pagina web di questa Ambasciata (<a href=\"https:\/\/forms.gle\/K2aBd8D7ryKu72yr8\">https:\/\/forms.gle\/K2aBd8D7ryKu72yr8<\/a> ), specificando, in particolare,<br \/>\nl\u2019interesse ad usufruire anche di voli speciali di linee europee con scalo per l\u2019Italia nel caso in cui non sia possibile organizzare ulteriori<br \/>\nvoli speciali diretti entro inizio luglio, come peraltro gi\u00e0 anticipato.<\/p>\n<p style=\"text-align: justify;\">Ricordo ad ogni buon fine che sono gi\u00e0 previsti altri voli per capitali europee nelle prossime settimane con possibilit\u00e0 di scalo per l\u2019Italia. Si provveder\u00e0 a informare i connazionali di tali possibilit\u00e0 a mezzo email e sito web, come gi\u00e0 avvenuto per il volo KLM del 16 giugno prossimo diretto ad Amsterdam.<\/p>\n<p style=\"text-align: justify;\">Per informazioni e chiarimenti potete contattare durante l\u2019orario di servizio (8,00-16,00 tenuto conto del coprifuoco) il centralino dell\u2019Ambasciata (0051463272700). Per effettive situazioni di emergenza continua ad essere operativo il cellulare h24 (0051-997232073).<\/p>\n<p style=\"text-align: justify;\">Con i miei pi\u00f9 cordiali saluti,<\/p>\n<p style=\"text-align: justify;\">L\u2019Ambasciatore<\/p>\n<p style=\"text-align: justify;\">Giancarlo Maria Curcio&#8221;<\/p>\n<p style=\"text-align: justify;\"><strong>AGGIORNAMENTO (9 GIUGNO ORE 15:00)<\/strong><\/p>\n<p style=\"text-align: justify;\">Si informa che l\u2019Ambasciata Olandese ha organizzato un volo speciale Lima-Amsterdam operato dalla Linea aerea KLM.<\/p>\n<p style=\"text-align: justify;\">La partenza \u00e8 prevista per le ore 14.30 di Lima con arrivo a Amsterdam alle ore 9:50 di marted\u00ec 16 giugno\u00a0giugno .<\/p>\n<p style=\"text-align: justify;\">Il costo di un biglietto solo andata \u00e8: in classe economica: USD 808.54, che prevede una bagaglio da 23 kg. e di USD 755.44 senza bagaglio.<\/p>\n<p style=\"text-align: justify;\">\u00c8 prevista anche una Business class.<\/p>\n<p style=\"text-align: justify;\">Sar\u00e0 possibile comprare un biglietto di ritorno(con data flessibile, ancora da confermare).<\/p>\n<p style=\"text-align: justify;\">Il costo del bagaglio addizionale sar\u00e0 di 160 EURO.I minori di 2 anni che possono condividere il posto con uno dei genitori pagheranno il 10% del prezzo del biglietto.L&#8217;acquisto del biglietto si potr\u00e0 fare direttamente nel sito della compagnia aerea attraverso carta di cr\u00e9dito o deposito bancario.Sono permessi gli animali domestici, purch\u00e9 gi\u00e0 in possesso di \u201cpasaporto\u201d veterinario, (titolazioni, vaccinazioni, ecc.).<\/p>\n<p style=\"text-align: justify;\">Contattare direttamente la linea aerea o consultare la pagina <a href=\"http:\/\/www.klm.com\/travel\/us_en\/prepare_for_travel\/travel_planning\/pets\/index.htm\">http:\/\/www.klm.com\/travel\/us_en\/prepare_for_travel\/travel_planning\/pets\/index.htm<\/a> \u00a0per ottenere maggiori informazioni.<\/p>\n<p style=\"text-align: justify;\">Gli interessati possono prenotare direttamente dall\u201911 giugno sul sito web della KLM. www.klm.com.pe o www.airfrance.com.pe<\/p>\n<p style=\"text-align: justify;\">Come parte delle misure di sicurezza per evitare la diffusione del covid-19, i passeggeri dovranno usare a bordo una mascherina. Il servizio pasti a bordo \u00e8 limitato.<\/p>\n<p style=\"text-align: justify;\">Si dar\u00e1 una pacchetto con cibo, snack e bevande e sar\u00e0 servita una cena calda (pollo o pasta). Non \u00e8 previsto il servizio di caff\u00e9 o t\u00e9.<\/p>\n<p style=\"text-align: justify;\">Si segnala che per questo volo sar\u00e0 possible utilizzare il biglietto di rientro con KLM\/ Air France \u2013 non utilizzato a causa della crisi da Covid-19 gi\u00e0 in vostro possesso.<\/p>\n<p style=\"text-align: justify;\">In questo caso contattare direttamente il centro di attenzione al cliente di KLM al numero: (+ 51 1) 708-5576 .<\/p>\n<p style=\"text-align: justify;\">I cittadini olandesi e dei paesi UE e\/o diplomatici possono entrare in Olanda e continuare il loro viaggio in aereo o via terrestre (treno, autobus, auto). Molti paesi UE hanno regole pi\u00f9 severe, quindi \u00e8 indispensabile controllare le regole di ciascun paese.<\/p>\n<p style=\"text-align: justify;\">Si intendono cittadini dei paesi UE tutti coloro che hanno un passaporto o un permesso di soggiorno in uno dei seguenti paesi: Stati membri dell&#8217;UE, Regno Unito, Norvegia, Liechtenstein, Islanda, Svizzera.<\/p>\n<p style=\"text-align: justify;\">A causa delle misure di sicurezza per prevenire la diffusione del covid-19, attualmente non \u00e8 possibile recarsi nei Paesi Bassi o nell&#8217;UE con un regolare visto per soggiorni di breve durata (Schengen).<\/p>\n<p style=\"text-align: justify;\">Viaggiare senza un visto per l&#8217;UE non \u00e8 attualmente possibile per i cittadini peruviani o cittadini di altre nazionalit\u00e0.<\/p>\n<p style=\"text-align: justify;\">I cittadini di altri paesi possono tornare al loro paese di origine attraverso l&#8217;aeroporto di Amsterdam. Dovranno rimanere nell&#8217;area di transito dell&#8217;aeroporto e avere gi\u00e0 con se un biglietto per un volo di coincidenza confermato entro le 48 ore dall&#8217;arrivo ad Amsterdam.Solo i passeggeri in possesso di un biglietto per un volo in coincidenza possono salire a bordo del volo KLM Lima-Amsterdam.<\/p>\n<p style=\"text-align: justify;\">Il transito non \u00e8 consentito per le nazionalit\u00e0 che richiedono di un visto di transito (consultare la pagina <a href=\"https:\/\/consular.mfaservices.nl\/schengen-visa\/schengen-advisor\/NBBBEK\/Advisor\/Advisor\/IntendedStay\">https:\/\/consular.mfaservices.nl\/schengen-visa\/schengen-advisor\/NBBBEK\/Advisor\/Advisor\/IntendedStay<\/a> ).<\/p>\n<p style=\"text-align: justify;\">Le autorit\u00e0 olandesi racomandano a tutti i passeggeri con destino finale a Amsterdam di osservare una quarentena di 14 giorni presso il proprio domicilio o in un hotel.<\/p>\n<p style=\"text-align: justify;\">In Olanda \u00e8 obbligatorio mantenere una distanza di 1,5 metri da altre persone e sono proibiti i gruppi di pi\u00f9 di 3 persone a meno che si tratti di uno stesso nucleo familiare (per esempio genitori e figli minori). Nei mezzi pubblici le mascherine sono obbligatorie.Per maggiori informazioni si pu\u00f2 consulare la pagina <a href=\"https:\/\/www.schiphol.nl\/en\/\">https:\/\/www.schiphol.nl\/en\/<\/a> \u00a0o <a href=\"https:\/\/www.netherlandsandyou.nl\">https:\/\/www.netherlandsandyou.nl<\/a> .<\/p>\n<p style=\"text-align: justify;\">Marted\u00ec 16 giugno alle ore 9.30 Tutti i passeggeri dovranno farsi trovare nel punto d\u2019incontro fissato presso il Parque Salazar (centro commerciale Larcomar &#8211; Miraflores) per poi essere trasportati, nei bus previamenti autorizzati, all&#8217;aeroporto militare. L\u2019accesso all\u2019Aeroporto Militare \u00e8 interdetto ai civili.<\/p>\n<p style=\"text-align: justify;\"><strong>AGGIORNAMENTO<\/strong><strong>(5 GIUGNO ORE 16:00)<\/strong><\/p>\n<p style=\"text-align: justify;\">Seguono informazioni operative per coloro che sono in possesso di un biglietto per il prossimo volo speciale Lima-Milano del 9 giugno 2020.<\/p>\n<p style=\"text-align: justify;\"><span style=\"text-decoration: underline;\">1. PARTENZA<\/span><\/p>\n<p style=\"text-align: justify;\">Il decollo dall\u2019Aeroporto Militare di Lima \u00e8 previsto per marted\u00ec 9 giugno alle ore 11:00 AM. L\u2019atterraggio a Malpensa \u00e8 pertanto indicativamente previsto per le ore 6:10 AM di mercoled\u00ec 10 giugno. Dal momento per\u00f2 che non possono escludersi ritardi dovuti alle procedure di imbarco, eventuali coincidenze per le vostre rispettive destinazioni finali dovranno essere pianificate tenendo in conto un adeguato margine di sicurezza.<\/p>\n<p style=\"text-align: justify;\">L\u2019accesso all\u2019Aeroporto Militare \u00e8 interdetto ai civili. Sar\u00e0 possibile l\u2019ingresso unicamente su veicoli previamente autorizzati della Marina da Guerra del Per\u00f9 dietro scorta di polizia. Pertanto, considerato il numero elevato di passeggeri rispetto alle infrastrutture disponibili, con il doppio fine di tutelare la salute di tutti mantenendo le distanze di sicurezza e di agevolare le procedure di controllo documentale e sanitario per l&#8217;imbarco sui bus diretti all&#8217;aeroporto militare, vi chiediamo di presentarvi presso l\u2019Ambasciata d\u2019Italia a Lima (avenida Giuseppe Garibaldi 298, Jesus Maria, Lima) a orari scaglionati secondo la prima lettera del vostro cognome come segue:<\/p>\n<p style=\"text-align: justify;\">ore 6:30 AM lettere A-H<\/p>\n<p style=\"text-align: justify;\">ore 7:00 AM lettere I-P<\/p>\n<p style=\"text-align: justify;\">ore 7:30 AM lettere Q-Z<\/p>\n<p style=\"text-align: justify;\">Priorit\u00e0 nella fila e nell&#8217;imbarco dovr\u00e0 essere accordata a famiglie con bambini, donne, anziani e persone con ridotta capacit\u00e0 motoria.<\/p>\n<p style=\"text-align: justify;\">La presente convocazione non divide i gruppi familiari, che si presenteranno congiunti secondo la lettera del cognome del capofamiglia, n\u00e9 le persone con ridotta capacit\u00e0 motoria dai loro accompagnatori.<\/p>\n<p style=\"text-align: justify;\"><span style=\"text-decoration: underline;\">2. AUTO-CERTIFICAZIONI<\/span><\/p>\n<p style=\"text-align: justify;\">Per la partenza ciascuno di voi dovr\u00e0 compilare, datare e firmare due auto-dichiarazioni. La prima dovr\u00e0 essere fornita alla compagnia aerea. La seconda, unitamente al biglietto aereo che vi verr\u00e0 fornito, dovr\u00e0 essere conservata fino all\u2019arrivo nelle rispettive abitazioni in Italia. Entrambi i modelli di auto-dichiarazione possono essere scaricati e stampati dal sito del Ministero degli Affari Esteri e della Cooperazione Internazionale a questo indirizzo: <a href=\"https:\/\/www.esteri.it\/mae\/it\/ministero\/normativaonline\/decreto-iorestoacasa-domande-frequenti\/focus-cittadini-italiani-in-rientro-dall-estero-e-cittadini-stranieri-in-italia.html\">https:\/\/www.esteri.it\/mae\/it\/ministero\/normativaonline\/decreto-iorestoacasa-domande-frequenti\/focus-cittadini-italiani-in-rientro-dall-estero-e-cittadini-stranieri-in-italia.html<\/a> . All&#8217;ingresso in Ambasciata, forniremo una copia cartacea di tali autocertificazioni a chi non potesse stamparle.<\/p>\n<p style=\"text-align: justify;\"><span style=\"text-decoration: underline;\">3. NORMATIVA MIGRATORIA<\/span><\/p>\n<p style=\"text-align: justify;\">Si ricorda a tutti di prendere attenta visione delle norme da seguire all&#8217;arrivo in Italia reperibili a questa pagina del sito del Ministero degli Affari Esteri e della Cooperazione Internazionale: <a href=\"https:\/\/www.esteri.it\/mae\/it\/ministero\/normativaonline\/decreto-iorestoacasa-domande-frequenti\/focus-cittadini-italiani-in-rientro-dall-estero-e-cittadini-stranieri-in-italia.html\">https:\/\/www.esteri.it\/mae\/it\/ministero\/normativaonline\/decreto-iorestoacasa-domande-frequenti\/focus-cittadini-italiani-in-rientro-dall-estero-e-cittadini-stranieri-in-italia.html<\/a> \u00a0.<\/p>\n<p style=\"text-align: justify;\">Per comodit\u00e0, le copio di seguito in italiano ma on-line sono reperibili in diverse lingue fra cui inglese e spagnolo. Ricordo in ogni caso che, come in precedenza, si proceder\u00e0 a un controllo migratorio preliminare su coloro che avranno acquistato il biglietto. Infatti, anche questo volo speciale sar\u00e0 soggetto alle attuali disposizioni sanitarie italiane volte al contrasto dell\u2019epidemia Covid-19 (da ultimo D.L.<br \/>\n33\/2020 e DPCM 17 maggio 2020). Tali disposizioni limitano i rientri in Italia da Paesi extra UE ai soli casi di necessit\u00e0 legati a comprovate esigenze lavorative, di salute o di assoluta urgenza. Ci\u00f2 implica che, una volta compilate e firmate le necessarie auto-dichiarazioni, i cittadini italiani temporaneamente in Per\u00f9 (turisti, studenti, volontari, cooperanti ecc.) o i cittadini stranieri legalmente residenti in Italia potranno imbarcarsi poich\u00e9 l\u2019assoluta urgenza e la necessit\u00e0 del rientro appaiono implicite nel loro attuale status. Invece, gli italiani iscritti AIRE (ossia residenti in Per\u00f9), i quali hanno sviluppato i propri affari e interessi prevalentemente in questo Paese, non ricadendo immediatamente nella fattispecie di cui sopra, non potranno essere imbarcati, salvo casi specifici che dovranno essere segnalati previamente dagli interessati a questa Ambasciata e valutati caso per caso sulla base di idonea documentazione. Parimenti non potranno essere imbarcati cittadini peruviani o di altri Paesi in mancanza di permesso di soggiorno o visto di ingresso valido (salvo cittadini di paesi UE diretti alla propria residenza).<\/p>\n<p style=\"text-align: justify;\"><span style=\"text-decoration: underline;\">4. COPRIFUOCO<\/span><\/p>\n<p style=\"text-align: justify;\">La quarantena nazionale e il coprifuoco sono stati prorogati da ultimo fino al 30 di giugno. A Lima il coprifuoco \u00e8 in vigore dalle 21:00<br \/>\nalle 04:00. Tuttavia, in altre regioni la durata pu\u00f2 variare. Si raccomanda quindi prudenza negli spostamenti, da ridurre al minimo indispensabile e sempre muniti dei dispositivi di protezione individuale.<\/p>\n<p style=\"text-align: justify;\"><strong>NUOVO VOLO DI RIMPATRIO A GIUGNO<\/strong><\/p>\n<p style=\"text-align: justify;\">Informazioni <a href=\"it\/ambasciata\/noticias\/dall_ambasciata\/2020\/05\/nuovo-volo-di-rimpatrio-in-giugno.html\">qui <\/a><\/p>\n<p style=\"text-align: justify;\"><strong>ULTIMO AGGIORNAMENTO (26 MAGGIO ORE 19:00)<\/strong><\/p>\n<p style=\"text-align: justify;\">I. PARTENZA VOLO SPECIALE 27\/5\/20<\/p>\n<p style=\"text-align: justify;\">La partenza del prossimo volo speciale\u00a0dall\u2019Aeroporto Militare di Lima \u00e8 prevista per mercoled\u00ec 27 maggio alle ore 14:30 PM. L\u2019arrivo a Malpensa \u00e8 pertanto indicativamente previsto per le ore 9 AM di gioved\u00ec 28 maggio. Dal momento per\u00f2 che non possono escludersi ritardi dovuti alle procedure di imbarco, eventuali coincidenze per le vostre rispettive destinazioni finali dovranno essere pianificate tenendo in conto un adeguato margine di sicurezza.<\/p>\n<p style=\"text-align: justify;\">L\u2019accesso all\u2019Aeroporto Militare \u00e8 interdetto ai civili. Sar\u00e0 possibile l\u2019ingresso unicamente su veicoli previamente autorizzati della Marina da Guerra del Per\u00f9 dietro scorta di polizia. Pertanto, considerato il numero elevato di passeggeri rispetto alle infrastrutture disponibili, con il doppio fine di tutelare la salute di tutti mantenendo le distanze di sicurezza e di agevolare le procedure di controllo documentale e sanitario per l&#8217;imbarco sui bus diretti all&#8217;aeroporto militare, vi chiediamo di presentarvi presso l\u2019Ambasciata d\u2019Italia a Lima (avenida Giuseppe Garibaldi 298, Jesus Maria, Lima) a orari scaglionati secondo la prima lettera del vostro cognome come segue:<\/p>\n<p style=\"text-align: justify;\">ore 8:30 AM lettere A-M<\/p>\n<p style=\"text-align: justify;\">ore 9:00 AM lettere M-Z<\/p>\n<p style=\"text-align: justify;\">Priorit\u00e0 nella fila e nell&#8217;imbarco dovr\u00e0 essere accordata a famiglie con bambini, donne, anziani e persone con ridotta capacit\u00e0 motoria. La presente convocazione non divide i gruppi familiari, che si presenteranno congiunti secondo la lettera del cognome del capofamiglia, n\u00e9 le persone con ridotta capacit\u00e0 motoria dai loro accompagnatori.<\/p>\n<p style=\"text-align: justify;\">II. AUTO-CERTIFICAZIONI<\/p>\n<p style=\"text-align: justify;\">Per la partenza ciascuno di voi dovr\u00e0 compilare, datare e firmare due auto-dichiarazioni. La prima dovr\u00e0 essere fornita alla compagnia aerea. La seconda, unitamente al biglietto aereo che vi verr\u00e0 fornito, dovr\u00e0 essere conservata fino all\u2019arrivo nelle rispettive abitazioni in Italia. Entrambi i modelli di auto-dichiarazione possono essere scaricati e stampati dal sito del Ministero degli Affari Esteri e della<br \/>\nCooperazione Internazionale a questo indirizzo: <a href=\"https:\/\/www.esteri.it\/mae\/it\/ministero\/normativaonline\/decreto-iorestoacasa-domande-frequenti\/focus-cittadini-italiani-in-rientro-dall-estero-e-cittadini-stranieri-in-italia.html\">https:\/\/www.esteri.it\/mae\/it\/ministero\/normativaonline\/decreto-iorestoacasa-domande-frequenti\/focus-cittadini-italiani-in-rientro-dall-estero-e-cittadini-stranieri-in-italia.html<\/a>\u00a0All&#8217;ingresso in Ambasciata, forniremo una copia cartacea di tali autocertificazioni a chi non potesse stamparle.<\/p>\n<p style=\"text-align: justify;\">III. NORMATIVA MIGRATORIA<\/p>\n<p style=\"text-align: justify;\">Ricordo a tutti di prendere attenta visione delle norme da seguire all&#8217;arrivo in Italia reperibili a questa pagina del sito del Ministero degli Affari Esteri e della Cooperazione Internazionale: <a href=\"https:\/\/www.esteri.it\/mae\/it\/ministero\/normativaonline\/decreto-iorestoacasa-domande-frequenti\/focus-cittadini-italiani-in-rientro-dall-estero-e-cittadini-stranieri-in-italia.html\">https:\/\/www.esteri.it\/mae\/it\/ministero\/normativaonline\/decreto-iorestoacasa-domande-frequenti\/focus-cittadini-italiani-in-rientro-dall-estero-e-cittadini-stranieri-in-italia.html<\/a><\/p>\n<p style=\"text-align: justify;\">IV. COPRIFUOCO<\/p>\n<p style=\"text-align: justify;\">Lo stato di emergenza \u00e8 stato prorogato fino al 30 di giugno prossimo con il decreto 094-2020-PCM del 23 maggio 2020. Il coprifuoco \u00e8 ora in vigore dalle 21:00 PM alle 4:00 AM<\/p>\n<p style=\"text-align: justify;\">V. COMUNICAZIONI CON L\u2019UFFICIO<\/p>\n<p style=\"text-align: justify;\">Per eventuali ulteriori informazioni e chiarimenti \u00e8 a disposizione il centralino dell\u2019Ambasciata (0051463272700) in orario di<br \/>\nservizio. Per comprovate emergenze potete contattare il cellulare h24 0051-997232073.<\/p>\n<p style=\"text-align: justify;\"><strong>AGGIORNAMENTO (14 MAGGIO ORE 11:20)<\/strong><\/p>\n<p style=\"text-align: justify;\">Si segnala che a causa della necessit\u00e0 di facilitare il rientro degli ultimi turisti italiani tutt\u2019ora bloccati in Per\u00f9 entro la fine del mese di maggio, non potranno essere ricevute analoghe richieste da parte di cittadini peruviani residenti in Italia.<\/p>\n<p style=\"text-align: justify;\">Eventuali gravi e urgenti casi umanitari potranno essere comunque segnalati all\u2019indirizzo <a href=\"mailto:ambasciata.lima@esteri.it\">ambasciata.lima@esteri.it<\/a><\/p>\n<p style=\"text-align: justify;\"><strong>AGGIORNAMENTO (12 MAGGIO H. 17:40)<\/strong><\/p>\n<p style=\"text-align: justify;\">Seguono alcune informazioni operative sul volo speciale Lima-Milano di mercoled\u00ec 13 maggio 2020.<\/p>\n<p style=\"text-align: justify;\"><strong>I. PARTENZA DALL&#8217;AMBASCIATA PER L&#8217;AEROPORTO<\/strong><\/p>\n<p style=\"text-align: justify;\">La partenza dall\u2019Aeroporto Militare di Lima \u00e8 stata ufficialmente fissata per mercoled\u00ec 13 maggio alle ore 11:00 AM. L\u2019arrivo a Malpensa \u00e8 pertanto indicativamente previsto per le ore 7 di gioved\u00ec 14 maggio. Dal momento per\u00f2 che non possono escludersi ritardi dovuti alle procedure di imbarco, eventuali coincidenze per le vostre rispettive destinazioni finali dovranno essere pianificate tenendo in conto un adeguato margine di sicurezza.<\/p>\n<p style=\"text-align: justify;\">L\u2019accesso all\u2019Aeroporto Militare \u00e8 interdetto ai civili. Sar\u00e0 possibile l\u2019ingresso unicamente su veicoli previamente autorizzati dietro scorta di polizia. Pertanto, considerato il numero elevato di passeggeri rispetto alle infrastrutture disponibili, con il doppio fine di tutelare la salute di tutti mantenendo le distanze di sicurezza e di agevolare le procedure di controllo documentale e sanitario per<br \/>\nl&#8217;imbarco sui bus diretti all&#8217;aeroporto militare, vi chiediamo di presentarvi presso l\u2019Ambasciata d\u2019Italia a Lima (avenida Giuseppe Garibaldi 298, Jesus Maria, Lima) a orari scaglionati secondo la prima lettera del vostro cognome come segue:<\/p>\n<p style=\"text-align: justify;\">ore 6:00 AM lettere A-D<\/p>\n<p style=\"text-align: justify;\">ore 6:30 AM lettere E-M<\/p>\n<p style=\"text-align: justify;\">ore 7:00 AM lettere N-Z<\/p>\n<p style=\"text-align: justify;\">Priorit\u00e0 nella fila e nell&#8217;imbarco dovr\u00e0 essere accordata a famiglie con bambini, donne, anziani e persone con ridotta capacit\u00e0 motoria.<\/p>\n<p style=\"text-align: justify;\">La presente convocazione non divide i gruppi familiari, che si presenteranno congiunti secondo la lettera del cognome del capofamiglia, n\u00e9 le persone con ridotta capacit\u00e0 motoria dai loro accompagnatori.<\/p>\n<p style=\"text-align: justify;\"><strong>II. AUTO-CERTIFICAZIONI<\/strong><\/p>\n<p style=\"text-align: justify;\">Per la partenza ciascuno di voi dovr\u00e0 compilare, datare e firmare due auto-dichiarazioni. La prima dovr\u00e0 essere fornita alla compagnia aerea. La seconda, unitamente al biglietto aereo che vi verr\u00e0 fornito, dovr\u00e0 essere conservata fino all\u2019arrivo nelle rispettive abitazioni in Italia. Entrambi i modelli di auto-dichiarazione possono essere scaricati e stampati dal sito del Ministero degli Affari Esteri e della Cooperazione Internazionale a questo indirizzo: <a href=\"https:\/\/www.esteri.it\/mae\/it\/ministero\/normativaonline\/decreto-iorestoacasa-domande-frequenti\/focus-cittadini-italiani-in-rientro-dall-estero-e-cittadini-stranieri-in-italia.html\">https:\/\/www.esteri.it\/mae\/it\/ministero\/normativaonline\/decreto-iorestoacasa-domande-frequenti\/focus-cittadini-italiani-in-rientro-dall-estero-e-cittadini-stranieri-in-italia.html<\/a> . All&#8217;ingresso in Ambasciata, forniremo una copia cartacea di tali autocertificazioni a chi non potesse stamparle.<\/p>\n<p style=\"text-align: justify;\"><strong>III. NORMATIVA MIGRATORIA<\/strong><\/p>\n<p style=\"text-align: justify;\">Ricordiamo\u00a0a tutti di prendere attenta visione delle norme da seguire all&#8217;arrivo in Italia reperibili a questa pagina del sito del Ministero degli Affari Esteri e della Cooperazione Internazionale: <a href=\"https:\/\/www.esteri.it\/mae\/it\/ministero\/normativaonline\/decreto-iorestoacasa-domande-frequenti\/focus-cittadini-italiani-in-rientro-dall-estero-e-cittadini-stranieri-in-italia.html\">https:\/\/www.esteri.it\/mae\/it\/ministero\/normativaonline\/decreto-iorestoacasa-domande-frequenti\/focus-cittadini-italiani-in-rientro-dall-estero-e-cittadini-stranieri-in-italia.html<\/a> \u00a0.<\/p>\n<p style=\"text-align: justify;\">Per comodit\u00e0, le copio di seguito in italiano ma on-line sono reperibili in diverse lingue fra cui inglese e spagnolo.<\/p>\n<p style=\"text-align: justify;\"><strong>IV. COINCIDENZE<\/strong><\/p>\n<p style=\"text-align: justify;\">ALITALIA \u2013 ROMA FIUMICINO<\/p>\n<p style=\"text-align: justify;\">SALE 11:00 \u2013 LLEGA 12:25<\/p>\n<p style=\"text-align: justify;\">SALE 15:15 \u2013 LLEGA 16:30<\/p>\n<p style=\"text-align: justify;\">SALE 19:30 \u2013 LLEGA 20:50<\/p>\n<p style=\"text-align: justify;\">ALITALIA \u2013 CAGLIARI<\/p>\n<p style=\"text-align: justify;\">SALE 13:25 \u2013 LLEGA 14:50<\/p>\n<p style=\"text-align: justify;\">LUFTHANSA \u2013 FRANKFURT<\/p>\n<p style=\"text-align: justify;\">SALE 10:25 \u2013 LLEGA 11:45<\/p>\n<p style=\"text-align: justify;\">SALE 18:40 \u2013 LLEGA 19:55<\/p>\n<p style=\"text-align: justify;\">KLM \u2013 AMSTERDAM<\/p>\n<p style=\"text-align: justify;\">SALE 12:15 \u2013 LLEGA 14:10<\/p>\n<p style=\"text-align: justify;\">Los boletos de Alitalia pueden adquirirlos en <a href=\"https:\/\/www.alitalia.com\/\">https:\/\/www.alitalia.com\/<\/a> \u00a0.<\/p>\n<p style=\"text-align: justify;\">Los boletos de Lufthansa pueden adquirirlos en <a href=\"https:\/\/www.lufthansa.com\/pe\/es\/homepage\">https:\/\/www.lufthansa.com\/pe\/es\/homepage<\/a><\/p>\n<p style=\"text-align: justify;\">Los boletos de KLM pueden adquirirlos en <a href=\"https:\/\/www.klm.com\/home\/pe\/es\">https:\/\/www.klm.com\/home\/pe\/es<\/a><\/p>\n<p style=\"text-align: justify;\"><strong>AGGIORNAMENTO (29 APRILE H 17.00)<\/strong><\/p>\n<p style=\"text-align: justify;\">Si infomano i passeggeri del volo del 1-5-20, con arrivo previsto a Roma alle 06.45 AM che saranno disponibili da Roma le seguenti coincidenze.<\/p>\n<p style=\"text-align: justify;\">\u00a0<img decoding=\"async\" src=\"resource\/doc\/2020\/04\/cc.jpg\" alt=\"cc\" \/><\/p>\n<p style=\"text-align: justify;\">Si ricorda che i bagagli permessi su questi voli operati da <strong>Alitalia<\/strong> sono 1 valigia in stiva di 23 kg max + un bagaglio a mano da 10 kg ( medidas 55x25x35cm).<br \/>\nIn classe business invece\u00a0 2 valigie in stiva e 2 bagagli a mano .<br \/>\nSi ricorda che durante tutti i voli bisognera\u2019 indossare\u00a0 la mascherina .<\/p>\n<p style=\"text-align: justify;\"><strong>AGGIORNAMENTO (28 APRILE h16:30)<\/strong><\/p>\n<p style=\"text-align: justify;\"><strong><span style=\"text-decoration: underline;\">*** INDICAZIONI SU PROSSIMO VOLO SPECIALE PER L&#8217;ITALIA IN FASE DI ORGANIZZAZIONE ***<\/span><\/strong><\/p>\n<p style=\"text-align: justify;\">La\u00a0disponibilit\u00e0 di posti sul\u00a0volo speciale operato da Air Europa diretto a Roma del 1 maggio 2020 si \u00e8 esaurita velocemente per l\u2019enorme richiesta di passeggeri. L\u2019assegnazione dei posti \u00e8 stata eseguita in base all\u2019ordine di registrazione delle prenotazioni.<\/p>\n<p style=\"text-align: justify;\">Per questo motivo, e tenuto conto che\u00a0numerosi connazionali temporaneamente presenti in Per\u00f9\u00a0si sono registrati negli ultimi giorni presso questa Ambasciata per manifestare il proprio interesse al rientro\u00a0in Italia a breve a seguito della cancellazioni dei voli programmati a\u00a0maggio e giugno, \u00e8 stato deciso, d\u2019intesa con la Farnesina, di cercare di organizzare un altro volo per la prossima settimana che sar\u00e0, verosimilmente, operato\u00a0da Air Europa.<\/p>\n<p style=\"text-align: justify;\">Preme segnalare che anche tale volo sar\u00e0 soggetto alle attuali disposizioni sanitarie italiane che prevedono, tra l\u2019altro, una distanza minima tra passeggeri e ci\u00f2 determiner\u00e0, come per il volo di questa settimana, che l\u2019aeromobile non operi alla capacit\u00e0 massima dei posti disponibili. Anche in questa occasione il volo \u00e8 destinato prioritariamente ai connazionali temporaneamente presenti in Per\u00f9 rimasti bloccati dall\u2019emergenza legata al coronavirus.<\/p>\n<p style=\"text-align: justify;\">Per poter rendere operativo il volo sar\u00e0 necessario, come nei casi precedenti, raggiungere una massa critica di adesioni tale da garantirne la sostenibilit\u00e0\u00a0economica. Il costo del biglietto sar\u00e0 in linea con quello fissato per il volo di questa settimana (1200 usd classe turistica e 2150 classe business) anche se speriamo che i costi possano ridursi grazie ad una possibile operazione di rientro di cittadini peruviani dalla Spagna in fase di organizzazione con queste autorit\u00e0. Purtroppo per\u00f2 non vi \u00e8 ancora nessuna assicurazione su tale possibilit\u00e0 e pertanto l\u2019eventuale adesione al volo viene espressa sul costo sopra indicato.<\/p>\n<p style=\"text-align: justify;\">Ci\u00f2 premesso tenuto conto di numerose imprecisioni e mancanze di dati che abbiamo riscontrato nelle mail di conferma inviate per gli altri voli, abbiamo deciso di procedere alla registrazione degli interessati (sia connazionali non iscritti AIRE che peruviani\/stranieri residenti in Italia) attraverso un formulario preordinato a cui sar\u00e0 possibile accedere attraverso la pagina web <a href=\"https:\/\/forms.gle\/7BZRacxVwzuApc3c9\">https:\/\/forms.gle\/7BZRacxVwzuApc3c9<\/a> in cui si dovr\u00e0 indicare in apposite caselle oltre alle generalit\u00e0 l\u2019eventuale<br \/>\ninteresse per l\u2019acquisto di un posto in tale volo alle condizioni sopra descritte.<\/p>\n<p style=\"text-align: justify;\">Per ulteriori informazioni e chiarimenti potete contattare durante l\u2019orario di servizio (8,00-16,00 tenuto conto del coprifuoco) il<br \/>\ncentralino dell\u2019Ambasciata (0051463272700) Per effettive situazioni di emergenza continua ad essere operativo il cellulare h 24 (0051-997232073).<\/p>\n<p style=\"text-align: justify;\"><strong>AGGIORNAMENTO (28 APRILE h16:30)<\/strong><\/p>\n<p style=\"text-align: justify;\"><span style=\"text-decoration: underline;\"><strong>*** INDICAZIONI\u00a0PER I PASSEGGERI SUL VOLO SPECIALE\u00a0LIMA &#8211; ROMA DEL 1 MAGGIO 2020 ***<\/strong><\/span><\/p>\n<p style=\"text-align: justify;\">La partenza dall\u2019Aeroporto Militare di Lima \u00e8 stata test\u00e9 ufficialmente fissata per venerd\u00ec 1 maggio alle ore 11:00 AM. L\u2019arrivo a Fiumicino \u00e8 pertanto indicativamente previsto per le ore 5:45 AM di sabato 2 maggio. Tale cambio di data \u00e8 da imputarsi a ritardi tecnici nelle autorizzazioni internazionali necessarie per operare questo volo speciale. La compagnia aerea si \u00e8 resa disponibile ad assistere coloro che gi\u00e0 avessero previsto connessioni da Roma per altri aeroporti. Ci scusiamo per questo spostamento non dipeso dalla nostra volont\u00e0.<\/p>\n<p style=\"text-align: justify;\">Chiediamo a coloro che gi\u00e0 avessero ricevuto la richiesta di spostamento interno al Paese da parte di questa Ambasciata di operare il trasferimento, ove possibile, secondo la data inizialmente indicata.<\/p>\n<p style=\"text-align: justify;\">Considerato il numero elevato di passeggeri, con il doppio fine di tutelare la salute di tutti mantenendo le distanze di sicurezza e di agevolare le procedure di controllo documentale e sanitario per l&#8217;imbarco sui bus diretti all&#8217;aeroporto militare, vi chiediamo pertanto di presentarvi presso l\u2019Ambasciata d\u2019Italia a Lima (avenida Giuseppe Garibaldi 298, Jesus Maria, Lima) a orari scaglionati secondo la prima lettera del vostro cognome come segue:<\/p>\n<p style=\"text-align: justify;\">ore 6:00 lettere A-D<\/p>\n<p style=\"text-align: justify;\">ore 6:30 lettere E-M<\/p>\n<p style=\"text-align: justify;\">ore 7:00 lettere N-Z<\/p>\n<p style=\"text-align: justify;\">Priorit\u00e0 nella fila e nell&#8217;imbarco dovr\u00e0 essere accordata a famiglie con bambini, donne, anziani e persone con ridotta capacit\u00e0 motoria.<\/p>\n<p style=\"text-align: justify;\">La presente convocazione non divide i gruppi familiari, che si presenteranno congiunti secondo la lettera del cognome del capofamiglia, n\u00e9 le persone con ridotta capacit\u00e0 motoria dai loro accompagnatori.<\/p>\n<p style=\"text-align: justify;\">Per la partenza ciascuno di voi dovr\u00e0 compilare, datare e firmare due auto-dichiarazioni. La prima dovr\u00e0 essere consegnata alla compagnia aerea. La seconda, unitamente al biglietto aereo che vi verr\u00e0 fornito, dovr\u00e0 essere conservata fino all\u2019arrivo nelle rispettive abitazioni in Italia. Entrambe possono essere scaricate e stampate dal sito del Ministero degli Affari Esteri e della Cooperazione Internazionale a questo indirizzo <a href=\"https:\/\/www.esteri.it\/mae\/it\/ministero\/normativaonline\/decreto-iorestoacasa-domande-frequenti\/focus-cittadini-italiani-in-rientro-dall-estero-e-cittadini-stranieri-in-italia.html\">https:\/\/www.esteri.it\/mae\/it\/ministero\/normativaonline\/decreto-iorestoacasa-domande-frequenti\/focus-cittadini-italiani-in-rientro-dall-estero-e-cittadini-stranieri-in-italia.html<\/a> .<\/p>\n<p style=\"text-align: justify;\">All&#8217;ingresso in Ambasciata, forniremo una copia cartacea di autocertificazione per chi non potesse stamparle.<\/p>\n<p style=\"text-align: justify;\">Ricordo a tutti di prendere attenta visione delle norme da seguire all&#8217;arrivo in Italia reperibili a questa pagina del sito del Ministero degli Affari Esteri e della Cooperazione Internazionale:\u00a0 <a href=\"https:\/\/www.esteri.it\/mae\/it\/ministero\/normativaonline\/decreto-iorestoacasa-domande-frequenti\/focus-cittadini-italiani-in-rientro-dall-estero-e-cittadini-stranieri-in-italia.html\">https:\/\/www.esteri.it\/mae\/it\/ministero\/normativaonline\/decreto-iorestoacasa-domande-frequenti\/focus-cittadini-italiani-in-rientro-dall-estero-e-cittadini-stranieri-in-italia.html<\/a> .<\/p>\n<p style=\"text-align: justify;\"><strong><span style=\"text-decoration: underline;\">ULTIMO AGGIORNAMENTO (26 APRILE h15:00)<\/span><\/strong><\/p>\n<p style=\"text-align: justify;\">A seguito delle comunicazioni intercorse in questi giorni con tutti coloro che avevano segnalato a questa Ambasciata la volont\u00e0 di rientro in Patria, si segnala con piacere che le dichiarazioni di interesse e le conferme di acquisto di biglietti in corso hanno consentito di rendere operativo il volo Air Europa del 30 aprile prossimo diretto a Roma. Nel corso della giornata i passeggeri riceveranno conferma dell&#8217;acquisto dei rispettivi biglietti. Seguiranno istruzioni da parte sin questa Ambasciata per il trasporto in Aeroporto il giorno del volo, che avverr\u00e0 su bus messi a disposizione da questa Rappresentanza e che partiranno dalla Ambasciata.<\/p>\n<p style=\"text-align: justify;\">Con l&#8217;occasione, si segnala che Air Europa ha test\u00e9 comunicato che restano ancora alcuni posti in classe business (bambini sotto i due anni non pagano). La classe turistica e&#8217; al momento completa.<\/p>\n<p style=\"text-align: justify;\">Nel caso di interesse ad acquistare tali ultimi biglietti si sara grati di volerlo comunicare subito alla Linea Aerea Air Europa (mail: administracion.peru@air-europa.com) e per conoscenza a questa Ambasciata (ambasciata.lima@esteri.it) indicando il nominativo del passeggero e il numero passaporto.<\/p>\n<p style=\"text-align: justify;\">L&#8217;assegnazione dei posti avverr\u00e0 in base all&#8217;ordine di arrivo delle richieste.<\/p>\n<p style=\"text-align: justify;\">Una volta che sar\u00e0 confermata la prenotazione, la linea Aerea invier\u00e0 tempestivamente istruzioni per acquisto biglietti.<\/p>\n<p style=\"text-align: justify;\"><strong>AGGIORNAMENTO (21 APRILE 16:05) <\/strong><\/p>\n<p style=\"text-align: justify;\">preme segnalare che, a causa di sopraggiunte difficolt\u00e0 connesse all\u2019emergenza globale, non sar\u00e0 purtroppo possibile prevedere l\u2019auspicato volo di rientro per l\u2019Italia nei termini prospettati. Stiamo lavorando per un\u2019alternativa, che peraltro ci permetterebbe di meglio organizzare la complessa logistica relativa agli spostamenti all\u2019interno del Paese.<\/p>\n<p style=\"text-align: justify;\">Ci scusiamo per questo contrattempo, ma il contesto generale \u00e8, come noto, estremamente complesso. Si fa riserva di ulteriori aggiornamenti<\/p>\n<p style=\"text-align: justify;\"><strong> AGGIORNAMENTO (20 APRILE 0RE 08:15)<br \/>\n<\/strong><\/p>\n<p style=\"text-align: justify;\">Questa Ambasciata, d&#8217;intesa con la Farnesina, a seguito delle numerose manifestazioni di interesse ricevute da connazionali di voler usufruire di un ulteriore volo di rientro in Italia, sta verificando la possibilit\u00e0 di organizzare tale volo speciale nei prossimi giorni al fine di consentire il rientro in Italia dei turisti ancora qui presenti prima della chiusura totale dello spazio aereo peruviano.<\/p>\n<p style=\"text-align: justify;\">Si invitano pertanto i connazionali temporaneamente presenti in Per\u00f9 che non si siano ancora registrati in Ambasciata di volerlo effettuare immediatamente inviando una mail all&#8217;indirizzo di posta elettronica <a href=\"mailto:ambasciata.lima@esteri.it\">ambasciata.lima@esteri.it<\/a>\u00a0 indicando il loro interesse a usufruire di tale volo di rientro.<\/p>\n<p style=\"text-align: justify;\">Nella mail si prega di specificare i dati di ogni eventuale passeggero e sopratutto specificare chiaramente la citta&#8217; peruviana in cui si e&#8217; attualmente; comunicazioni che non contengano questa ultima informazione non saranno prese in considerazione.<\/p>\n<p style=\"text-align: justify;\">Si ricorda che tale volo speciale sarebbe, come i precedenti, destinato prioritariamente a turisti italiani bloccati in Per\u00f9.<\/p>\n<p style=\"text-align: justify;\">Si segnala parimenti che, a seguito delle ultime disposizioni normative emanate dal Governo italiano, qualsiasi straniero che non abbia la propria stabile residenza in Italia non sar\u00e0 autorizzato a entrare in Italia e potr\u00e0 quindi essere bloccato alla frontiera.<\/p>\n<p style=\"text-align: justify;\">In previsione di tale volo, questa Ambasciata inizier\u00e0 a contattare i connazionali che hanno gi\u00e0 manifestato la loro disponibilit\u00e0 a prendere un volo di rientro in Italia e che si trovano in zone distanti dalla capitale per favorire la concessione delle pertinenti autorizzazione da parte delle autorit\u00e0 peruviane per il viaggio a Lima.Questa Ambasciata coglie l&#8217;occasione per ricordare che non \u00e8 possibile sapere per quanto tempo ancora si prolungher\u00e0 la quarantena nel Paese e il blocco dei voli per l&#8217;estero anche a seguito della recente disposizione della chiusura totale dello spazio aereo peruviano a partire dai prossimi giorni.<\/p>\n<p style=\"text-align: justify;\">Tale possibile ultimo volo rappresenta dunque l&#8217;<strong>ultima<\/strong> possibilit\u00e0 per rientrare in Italia prima di un blocco totale dei voli di non prevedibile durata.<\/p>\n<p style=\"text-align: justify;\">I connazionali che dovessero decidere di non voler usufruire di tale ultima possibilit\u00e0 di rientro se ne assumono la responsabilit\u00e0 consapevoli che potranno restare in Peru&#8217; per un periodo indefinito.<\/p>\n<p style=\"text-align: justify;\"><strong>AGGIORNAMENTI (11 APRILE ORE 19:40)<\/strong><\/p>\n<p style=\"text-align: justify;\">Si invitano i\u00a0connazionali in possesso di biglietto sul volo speciale Neos di Luned\u00ec 13 aprile con partenza alle ore 10,00 da Lima e diretto a Roma e successivamente a Milano a prendere visione di quanto segue.<\/p>\n<p style=\"text-align: justify;\">L&#8217;aereo partir\u00e0 dalla base militare G8 del Callao.\u00a0Si tratta di una istallazione militare il cui accesso \u00e8 consentito solo ad automezzi previamente autorizzati. Chi dovesse provare entrare a piedi o mezzo proprio rischia di essere fermato compromettendo la possibilit\u00e0\u2019 di potersi imbarcare nel volo.<\/p>\n<p style=\"text-align: justify;\">Tutti dovrete presentarvi con mezzi propri presso la sede dell\u2019Ambasciata (Calle Giuseppe Garibaldi 298, ex Gregorio Escobedo, Distretto di Jesus Maria-Lima) alle ore 06,00 con effetti personali, bagagli e documenti (passaporto in corso di validit\u00e0).\u00a0Verranno distribuite delle auto-dichiarazioni necessarie\u00a0per l&#8217;ingresso in Italia che dovrete compilare, firmare e datare e conservare con\u00a0voi insieme al titolo di viaggio. La linea Aerea consegner\u00e0 poi una seconda auto-dichiarazione che dovr\u00e0 anch\u2019essa essere compilata prima della partenza.<\/p>\n<p style=\"text-align: justify;\">Saranno\u00a0imbarcati nei bus diretti all\u2019aeroporto solo coloro che sono nella lista dei passeggeri e in possesso di passaporto in corso di validit\u00e0. Un preliminare esame verificher\u00e0 che il passeggero non presenti sintomi influenzali. Coloro che dovessero presentare<br \/>\ntali sintomi non potranno imbarcarsi. Ci appelliamo al vostro\u00a0senso di responsabilit\u00e0 per la salute di tutti.<\/p>\n<p style=\"text-align: justify;\">Presso la sede nell\u2019Ambasciata consegneremo ad ogni passeggero mascherine, guanti e una bottiglietta di acqua per il percorso fino all\u2019aeroporto.<\/p>\n<p style=\"text-align: justify;\">Per eventuali ulteriori informazioni e chiarimenti potete contattare il telefono di emergenza della Ambasciata operativo h 24 (0051-997232073).<\/p>\n<p style=\"text-align: justify;\">Buon ritorno a casa!<\/p>\n<p style=\"text-align: justify;\"><strong>AGGIORNAMENTO (10\u00a0 APRILE ORE 08:40)<\/strong><\/p>\n<p style=\"text-align: justify;\">Si ricorda che sono in vendita sul sito <a href=\"http:\/\/www.neosair.it\">www.neosair.it<\/a>\u00a0 gli ultimi biglietti disponibili per il volo speciale di <strong>luned\u00ec 13 aprile prossimo diretto a Roma e Milano<\/strong> della predetta Linea Aerea.<\/p>\n<p style=\"text-align: justify;\">Questa Ambasciata segnala che non \u00e8 prevista l&#8217;organizzazione di ulteriori voli diretti per l&#8217;Italia cos\u00ec come si stanno rendendo sempre pi\u00f9 sporadiche e complesse le possibilit\u00e0 di triangolazioni verso il nostro Paese offerte dalle altre poche Linee Aeree europee che stanno volando dal Peru sotto il coordinamento delle altre Ambasciate UE.<\/p>\n<p style=\"text-align: justify;\">Si invitano i connazionali temporaneamente in questo Paese a usufruire possibilmente di questa opportunit\u00e0, anche perch\u00e9 non si \u00e8 in condizione di sapere quanto durer\u00e0 ancora la quarantena e la sospensione dei voli commerciali da e per l&#8217;Europa.<\/p>\n<p style=\"text-align: justify;\"><strong>\u00a0AGGIORNAMENTO (9 APRILE ORE 12:30)<\/strong><\/p>\n<p style=\"text-align: justify;\">Si informano i connazionali che a minuti\u00a0sar\u00e0 aperto il sito della linea aerea Neos (<a href=\"http:\/\/www.neosair.it\">www.neosair.it<\/a> ) per l\u2019acquisto dei biglietti del prossimo volo Lima-Roma-Milano di luned\u00ec 13 aprile ore 10:00.<\/p>\n<p style=\"text-align: justify;\">Si ricorda che tale volo \u00e8 primariamente indirizzato a cittadini italiani e dell\u2019Unione Europea temporaneamente in Per\u00f9 in possesso di<br \/>\npassaporto in corso di validit\u00e0, salvo casi umanitari.<\/p>\n<p style=\"text-align: justify;\">Si invitano tutti coloro che desiderano acquistare un biglietto, o che dovessero gi\u00e0 averlo acquistato,\u00a0a prendere attenta visione degli obblighi e delle procedure che la normativa vigente prevede per i rientri dall&#8217;estero pubblicate, insieme ai formulri che i viaggiatori dovranno compilare,\u00a0sul sito &#8220;esteri.it&#8221; (<a href=\"https:\/\/www.esteri.it\/mae\/it\/ministero\/normativaonline\/decreto-iorestoacasa-domande-frequenti\/focus-cittadini-italiani-in-rientro-dall-estero-e-cittadini-stranieri-in-italia.html\">https:\/\/www.esteri.it\/mae\/it\/ministero\/normativaonline\/decreto-iorestoacasa-domande-frequenti\/focus-cittadini-italiani-in-rientro-dall-estero-e-cittadini-stranieri-in-italia.html<\/a> )<\/p>\n<p style=\"text-align: justify;\"><strong>AGGIORNAMENTO (5 APRILE ORE 13:00)<\/strong><\/p>\n<p style=\"text-align: justify;\">L&#8217;Ambasciata della Repubblica Federale di Germania ha messo a disposizione gli ultimi biglietti per il volo <strong>Cusco-Francoforte<\/strong> con scalo tecnico a <strong>Santiago del Chile<\/strong>\u00a0 di marted\u00ec 7 aprile. Il costo del volo \u00e9 di <strong>900\u20ac.<\/strong> Gli interessati devono scrivere al Console Onorario a Cusco Miluska del Castillo Vizcarra <strong>milus2211@gmail.com<\/strong> mettendo in copia il Console a questo indirizzo <a href=\"mailto:Lima.vicario@esteri.it\">Lima.vicario@esteri.it&#8221;<\/a><strong>entro <span style=\"text-decoration: underline;\">oggi 05\/4\/2020 alle 14.45<\/span><\/strong><\/p>\n<p style=\"text-align: justify;\"><strong>AGGIORNAMENTO (4 APRILE ORE 20:30)<\/strong><\/p>\n<p style=\"text-align: justify;\">Si informano i connazionali dell&#8217;apertura delle prenotazioni di un volo straordinario operato da <strong>SAS<\/strong> con partenza da <strong>Lima<\/strong> e destinazione <strong>Stoccolma<\/strong> il <strong>7 aprile prossimo<\/strong>.<\/p>\n<p style=\"text-align: justify;\">Possono prenotare anche altri cittadini Europei purch\u00e9 in possesso di un biglietto anche con scalo per raggiungere la destinazione finale. Seguono maggiori informazioni.<\/p>\n<p style=\"text-align: justify;\">The temporary entry ban to Sweden does not apply to Swedish citizens, people with residence permits or right of residence in Sweden, for people who are citizens of another EEA State or are family members of such a person, and for people who need to enter the country to be able to return to their homes.Please find more information via the link below.<\/p>\n<p style=\"text-align: justify;\">https:\/\/www.government.se\/press-releases\/2020\/03\/temporary-ban-on-travel-to-sweden-due-to-covid-19\/Please find the booking link below. Some of the information on the site is still in Swedish so in this mail you will find a rough translation.Questions should be directed to *\/lima@mkairbroker.se\/* &lt;mailto:lima@mkairbroker.se&gt;\/\/www.mkairbroker.se &lt;http:\/\/www.mkairbroker.se\/&gt;\/\/\/\/Payment is made by Visa or Mastercard. All taxes are included. No student or children rates. Children under 24 months travel for free if they sit in a parents lap.Tickets are non-refundable and cannot be rebooked. Up to four tickets can be booked at any one time.Limited meal service on board.Hand luggage 1&#215;8 kgEconomy class 1&#215;23 kg, Plus and Business 2&#215;23 kg*Category*** *Price p\/p*Economy <span style=\"text-decoration: underline;\">11 500 SEK<\/span>Plus <span style=\"text-decoration: underline;\">14 000 SEK<\/span>Business <span style=\"text-decoration: underline;\">18 000 SEK<\/span>Personal information in the form has to be identical to information in the passport.When a booking is made a payment link will be sent out to the traveller. When payment is received a confirmation will be sent that is valid as a proof of travel.Information on the meeting point and airport transport will be provided.&#8221;<\/p>\n<p style=\"text-align: justify;\"><strong>AGGIORNAMENTO (4 APRILE ORE 18:30)<\/strong><\/p>\n<p style=\"text-align: justify;\">Gli olandesi stanno mettendo a disposizione alcuni posti (20 ed eventuali no show) su un ponte aereo Cusco-Lima-Amsterdam la prossima settimana. I costi sono 179$ Cusco-Lima e 900\u20ac Lima-Amsterdam.<\/p>\n<p style=\"text-align: justify;\">Attenzione:<\/p>\n<p style=\"text-align: justify;\">(1) il pacchetto \u00e9 unico: non si pu\u00f2 scendere a Lima ma si va diretti ad Amsterdam;<\/p>\n<p style=\"text-align: justify;\">(2) ad Amsterdam dovete trovare una connessione per l\u2019Italia.<\/p>\n<p style=\"text-align: justify;\">Molti Paesi UE sono interessati. Si va sul first come first served con scadenza domani. Chi di voi ritiene di voler partire mi scriva in privato su <strong>lima.vicario@esteri.it<\/strong> entro le ore 23:59 di oggi indicando i dati del passaporto.<\/p>\n<p style=\"text-align: justify;\">Seguono i dettagli che chiedo di leggere attentamente. Grazie.<\/p>\n<p style=\"text-align: justify;\">Connecting flight Cusco-Lima, Wednesday morning 8 April<\/p>\n<p style=\"text-align: justify;\">\u00b7 Around 20 places available for EU+ citizens. All these passengers must also make use of connecting flight to Amsterdam, since they are not allowed to leave the military airport in Lima.<br \/>\n\u00b7 Charter flight by Viva Air. Departure from Cusco at 10.30 hrs; arrival in Lima at 12.12 hrs.<br \/>\n\u00b7 Ticket costs USD 179. Payment must be done by debit or credit card, to Viva Air. Payment in cash or at the airport is not possible.<br \/>\n\u00b7 Price includes one piece of hand luggage (max. 12 kilo) and one piece of hold luggage (max. 20 kilo).<br \/>\n\u00b7 There will be no \u2018meal service\u2019 on board because of the current circumstances.<br \/>\n\u00b7 Passengers should arrive at the airport at 6.30 hrs.<br \/>\n\u00b7 It is the responsibility of each of your embassies to issue a \u2018salvoconducto\u2019 for your own nationals, for the trip from their hotel to Cusco airport.<\/p>\n<p style=\"text-align: justify;\">Flight Lima-Amsterdam, Wednesday 8 April, 14.30 hrs<br \/>\n\u00b7 Around 60 places available for EU+ citizens.<br \/>\n\u00b7 KL0748 8-apr LIM 14:30 21:30 AMS<br \/>\n\u00b7 Ticket costs EUR 900. Payment can be done from European bank account, for now signature of I.O.U. guarantee letter is sufficient.<br \/>\n\u00b7 It is an official government flight (executed by KLM) so unfortunately KLM\/AF tickets are not valid for this flight.<br \/>\n\u00b7 There is no requirement to show a booking of an onward flight from Amsterdam to the final destination; the Netherlands still allows entry to all EU\/Schengen\/UK citizens as well as their (non EU+) families (i.e. children and partner, if married or with civil partnership).<br \/>\n\u00b7 We will submit your excel sheet list with names to the KLM\/AF office. KLM\/AF will then issue e-tickets and send these by mail to all EU+ passengers.<br \/>\n\u00b7 There will be no \u2018meal service\u2019 on board because of the current circumstances.<br \/>\n\u00b7 Dogs are allowed.<br \/>\n\u00b7 Assembly point: Parque Salazar, at Larcomar shopping centre (Malecon coast boulevard), Miraflores, at 8. 30 hrs. From there with buses to the military airport.<br \/>\n\u00b7 It is advisable for all passengers to reserve a taxi to the assembly point at least a day before departure.<br \/>\n\u00b7 It is the responsibility of each of your embassies to issue a \u2018salvoconducto\u2019 for your own nationals, for the trip from their hotel to the assembly point.<\/p>\n<p style=\"text-align: justify;\"><strong>AGGIORNAMENTO\u00a0 (2 APRILE ORE 18:30)<\/strong><\/p>\n<p style=\"text-align: justify;\">Si avvisano tutti i connazionali che con il decreto supremo N.057-2020-pcm il Presidente Vizcarra ha modificato le modalit\u00e0 di attuazione della quarantena nazionale.<\/p>\n<p style=\"text-align: justify;\">Per il reperimento di medicinali e generi alimentari non potr\u00e0 uscire pi\u00f9 di una persona per nucleo familiare. Inoltre, il luned\u00ec, mercoled\u00ec e venerd\u00ec potranno circolare solo persone di sesso maschile. I marted\u00ec gioved\u00ec e sabato solo persone di sesso femminile. La domenica non \u00e9 in nessun caso consentita l&#8217;uscita di casa.<\/p>\n<p style=\"text-align: justify;\">Si allega il testo del decreto che modifica l&#8217;articolo 3 del Decreto Supremo N\u00b0 051-2020-PCM, che proroga lo stato di emergenza imposto con il <strong><a href=\"http:\/\/amblima.esteri.it\/ambasciata_lima\/resource\/doc\/2020\/04\/decreto_supremo_n_051-2020-pcm.pdf\">Decreto Supremo N\u00b0 044-2020-PCM. Cliccare\u00a0 su questo link per scaricarlo.<\/a><\/strong><\/p>\n<p style=\"text-align: justify;\"><strong>AGGIORNAMENTO (28 MARZO ORE 17:30)<\/strong><\/p>\n<p style=\"text-align: justify;\">Si trascrivono di seguito le indicazioni operative per\u00a0il volo di luned\u00ec 30 marzo diretto a Milano.<\/p>\n<p style=\"text-align: justify;\">Si tratta, infatti, di una infrastruttura militare il cui accesso \u00e8 riservato unicamente a bordo di mezzi<br \/>\npreviamente autorizzati. Chi dovesse provare a entrare a piedi o con mezzo proprio nell\u2019aeroporto rischia di essere fermato compromettendo la sua possibilit\u00e0 di successivo imbarco.<\/p>\n<p style=\"text-align: justify;\">Ad eccezione di coloro che, proveniendo dalla provincia, si trovano presso l\u2019Hotel Holiday Inn del Callao, tutti gli altri dovranno presentarsi alle ore 6:00 AM di luned\u00ec 30 marzo 2020 presso quest\u2019Ambasciata (Calle Giuseppe Garibaldi 298, ex Gregorio Escobedo, distretto di Jesus Maria- Lima) con i propri effetti personali, bagagli e documenti (passaporto in corso di validit\u00e0). In Ambasciata e all\u2019Hotel vi sar\u00e0 consegnata un\u2019auto-dichiarazione per gli spostamenti in Italia da compilare, firmare, datare e conservare fino alla destinazione finale. All\u2019imbarco, la line aerea vi consegner\u00e0 una seconda auto-dichiarazione, in materia sanitaria, che pure dovrete compilare, firmare, datare e consegnare alla stessa compagnia prima dell\u2019imbarco. Entrambe sono obbligatorie.<\/p>\n<p style=\"text-align: justify;\">I passeggeri che, invece, sono alloggiati presso l\u2019Hotel Holiday Inn dovranno farsi trovare pronti nella hall alle ore 6:30 AM. Funzionari dell\u2019Ambasciata saranno presenti presso l\u2019Hotel per effettuare le necessarie verifiche e per farli salire sui bus per l\u2019Aeroporto. Dato lo stato di emergenza sanitaria in Per\u00f9 e in Italia, tutti i passeggeri saranno sottoposti in Ambasciata e all\u2019Hotel a un preliminare controllo della temperatura, volto ad evitare che coloro che presentano sintomi influenzali affrontino il viaggio.<br \/>\nFaccio un appello al senso di responsabilit\u00e0 per la salute di tutti.<\/p>\n<p style=\"text-align: justify;\">Sia presso la sede nell\u2019Ambasciata che presso l\u2019Hotel i nostri funzionari consegneremo ad ogni passeggero mascherine, guanti e una bottiglietta di acqua per il percorso fino all\u2019aeroporto. Per eventuali chiarimenti continuano ad essere operativi 24 ore al giorno ai due numeri di emergenza istituiti a tal fine (0051-997232073 e 0051-967102036).<\/p>\n<p style=\"text-align: justify;\"><strong>AGGIORNAMENTO (26 MARZO ORE 17:00)<\/strong><\/p>\n<p style=\"text-align: justify;\">Cari Connazionali,<\/p>\n<p style=\"text-align: justify;\">\u00e8 un piacere comunicarVi che il prossimo luned\u00ec 30 marzo alle ore 11:00 partir\u00e0 dall\u2019aeroporoto militare di Lima un volo straordinario della compagnia Neos con destinazione a Milano. A breve sar\u00e0 possibile prenotarsi e acquistare i biglietti direttamente sul sito sul sito della societ\u00e0: <a href=\"http:\/\/www.neosair.it\">www.neosair.it<\/a> .<\/p>\n<p style=\"text-align: justify;\">Si ricorda che il volo, in base alle disposizioni delle autorit\u00e0 peruviane, \u00e8 riservato ai soli cittadini italiani e dell\u2019Unione Europea temporaneamente presenti in Per\u00f9 e in possesso di un passaporto in corso di validit\u00e0 timbrato all\u2019ingresso con categoria \u201cturismo\u201d. Le Autorit\u00e0 peruviane non consentiranno l\u2019imbarco di passeggeri che non rientrano nella precedente categoria a causa delle disposizioni dello stato di emergenza, salvo limitate eccezioni umanitarie di particolare gravit\u00e0.<\/p>\n<p style=\"text-align: justify;\"><strong>AGGIORNAMENTO (23 MARZO ORE 16:00)<\/strong><\/p>\n<p style=\"text-align: justify;\">A\u00a0seguito di molti sforzi, questa Ambasciata, in stretto coordinamento con l\u2019Unit\u00e0 di Crisi della Farnesina, sta in queste ore chiedendo le necessarie autorizzazioni per un ponte aereo straordinario che possa riportare in Italia i cittadini che si trovano temporaneamente bloccati in Per\u00f9 a causa della crisi Covid-19 e desiderano fare rientro nel nostro Paese.<\/p>\n<p style=\"text-align: justify;\">Si tratter\u00e0 di un collegamento operato da una societ\u00e0 privata che metter\u00e0 a disposizione uno\/due voli diretti a Milano. I velivoli arriveranno vuoti e caricheranno i viaggiatori all\u2019aeroporto militare di Lima (modalit\u00e0 c.d. ferry).<\/p>\n<p style=\"text-align: justify;\">Abbiamo ottenuto che la compagnia riduca al minimo possibile il prezzo dei biglietti per coprire solo i costi vivi. Come prima previsione, i biglietti di rientro costeranno indicativamente fra i 700 e gli 800 Euro, salvo possibili ulteriori riduzioni su cui pure stiamo lavorando e su cui ci riserviamo, in caso, opportune eventuali comunicazioni. Come noto, ormai tutte le linee aeree commerciali hanno sospeso i voli da e per l\u2019Europe e sono consentiti solo voli in via eccezionale.<\/p>\n<p style=\"text-align: justify;\">In attesa delle autorizzazioni peruviane, che potrebbero chiedere qualche giorno vista la complessit\u00e0 della situazione, vi chiediamo di manifestare l\u2019interesse per questo\/i volo\/i rispondendo unicamente \u201cSI\u201d alla emali che vi \u00e8 stata inviata oppure, in caso per problemi tecnici l&#8217;email non sia arrivata, indicando le vostre generalit\u00e0 e la disponibilit\u00e0 a\u00a0imbarcarsi all&#8217;indirizzo <a href=\"mailto:ambasciata.lima@esteri.it\">ambasciata.lima@esteri.it<\/a>.<\/p>\n<p style=\"text-align: justify;\">Nei prossimi giorni faciliteremo, d\u2019intesa con la Polizia Nazionale Peruviana, l\u2019arrivo nella Capitale di chi di voi si trova fuori da Lima e desidera essere imbarcato. Anche su questo assicuriamo prossimamente ulteriori informazioni.<\/p>\n<p style=\"text-align: justify;\">Infine, dal momento che si sono registrate presso questa Ambasciata diverse centinaia di persone ma che potrebbero esserci ancora Italiani che non sono entrati in contatto con l\u2019Ambasciata, vi chiediamo\u00a0gentilmente di condividere questa informazione a beneficio di chi potrebbe averne bisogno.<\/p>\n<p style=\"text-align: justify;\"><strong>AGGIORNAMENTO (20 MARZO ORE 16:00)<\/strong><\/p>\n<p style=\"text-align: justify;\">Si informano i connazionali che:<\/p>\n<p style=\"text-align: justify;\">1.\u00a0 un volo Iberia operer\u00e0 questa domenica 22 marzo con partenza alle 13,00 dall\u2019aeroporto di Lima e arrivo a Madrid alle 6,30 di luned\u00ec 23 marzo. Iberia non garantisce collegamenti immediati per passeggeri diretti a pesi terzi. Il volo e\u2019 aperto a coloro che<br \/>\nsiano titolari di un biglietto Iberia, e se dovessero esserci posti vacanti questi saranno messi alla vendita.<\/p>\n<p style=\"text-align: justify;\">E\u2019 importante comunicare immediatamente il proprio interesse a viaggiare segnalando il numero di biglietto originario (non il codice di prenotazione) per facilitare l\u2019operatore nella conferma del posto.<\/p>\n<p style=\"text-align: justify;\">I contati di Iberia sono<\/p>\n<p style=\"text-align: justify;\">mail:<\/p>\n<p style=\"text-align: justify;\">ecopa@iberia.es<\/p>\n<p style=\"text-align: justify;\">jlarroyos@iberia.es<\/p>\n<p style=\"text-align: justify;\">telefoni:<\/p>\n<p style=\"text-align: justify;\">+51<br \/>\n998 703 863<\/p>\n<p style=\"text-align: justify;\">+51<br \/>\n995 459 771<\/p>\n<p style=\"text-align: justify;\">In ogni caso comunicate anche a noi il numero di biglietto cos\u00ec da aiutarvi nei contatti con Iberia.<\/p>\n<p style=\"text-align: justify;\">Si prega di informare tempestivamente questa Ambasciata circa le proprie intenzioni.<\/p>\n<p style=\"text-align: justify;\">2. <strong>Il Ministero della Salute Peruviano ha messo a disposizione della collettivit\u00e0 un portale in cui \u00e8 possibile ricercare i farmaci di cui si abbia eventualmente bisogno e la loro reperibilit\u00e0 nei centri di distribuzione sparsi sul territorio. Ecco il link:\u00a0 <a href=\"http:\/\/observatorio.digemid.minsa.gob.pe\/\">http:\/\/observatorio.digemid.minsa.gob.pe\/<\/a> <\/strong><\/p>\n<p style=\"text-align: justify;\">***<\/p>\n<p style=\"text-align: justify;\"><strong>AGGIORNAMENTO (19 MARZO ORE 16:00)<\/strong><\/p>\n<p style=\"text-align: justify;\">Si informano i connazionali che:<\/p>\n<p style=\"text-align: justify;\">1. dopo un intenso negoziato portato avanti da questa\u00a0Ambasciata insieme alle omologhe Rappresentanze dei Paesi membri dell&#8217;Unione Europea, le linee aeree Avianca stanno abilitando dei voli commerciali straordinari per raggiungere l\u2019Europa e altri Paesi dell\u2019America Latina. Le destinazioni in Europa sono al momento Londra e Monaco di Baviera.<\/p>\n<p style=\"text-align: justify;\">Si tratta di una prima soluzione emergenziale per coloro che hanno urgenza di rientrare e possibilit\u00e0 di acquistare un nuovo biglietto. Si tratta infatti di\u00a0voli speciali predisposti appositamente da una societ\u00e0 privata.<\/p>\n<p style=\"text-align: justify;\">Di\u00a0seguito il link di Avianca per chi desiderasse procedere a una prenotazione <a href=\"https:\/\/forms.office.com\/Pages\/ResponsePage.aspx?id=Pt2topeDeUW6MHo4gD_Dv4mrqtZe_DVNm8vVgpDQ9OlUN1I4UFhEOFhQR1VNWjJYQzJBRkYyTFdOSyQlQCN0PWcu\">https:\/\/forms.office.com\/Pages\/ResponsePage.aspx?id=Pt2topeDeUW6MHo4gD_Dv4mrqtZe_DVNm8vVgpDQ9OlUN1I4UFhEOFhQR1VNWjJYQzJBRkYyTFdOSyQlQCN0PWcu<\/a><\/p>\n<p style=\"text-align: justify;\">2. La societ\u00e0 KLM \/ Airfrance sta programmando tre ulteriori voli, oltre a quello di venerd\u00ec 20 marzo p.v. e gi\u00e0 pieno, la prossima settimana nei giorni di marted\u00ec 24, gioved\u00ec 26, sabato 28 marzo. Come gi\u00e0 comunicato, la precedenza sara&#8217; data, dalla compagnia, a coloro gia&#8217; in possesso di un biglietto di ritorno con Air France o KLM, che non dovranno ripagare il viaggio.\u00a0Eventuali posti liberi saranno messi in vendita dalla compagnia aerea.\u00a0Si raccomanda a chiunque sia interessato a questo volo a scrivere all&#8217;indirizzo\u00a0 <a href=\"mailto:soportedeventasperu@klm.com\">soportedeventasperu@klm.com<\/a>.<\/p>\n<p style=\"text-align: justify;\">3. Il Ministero del Turismo peruviano ha messo a disposizione\u00a0una lista di strutture\u00a0alberghiere considerate sicure dove i turisti potranno soggirnare per il periodo della quarantena nazionale.\u00a0Si tratta di un\u00a0file Excel\u00a0con pi\u00f9 fogli, uno per regione, allegato alla presente comunicazione.<\/p>\n<p style=\"text-align: justify;\"><strong>Per chi avr\u00e0 bisogno di raggiungere Lima dalle provincie l\u2019Ambasciata provveder\u00e0 a richiedere alle Autorit\u00e0 peruviane di polizia apposito salvacondotto.<\/strong><\/p>\n<p style=\"text-align: justify;\">***<\/p>\n<p style=\"text-align: justify;\"><strong>AGGIORNAMENTO\u00a0 (18 MARZO ORE 14.00)<\/strong><\/p>\n<p style=\"text-align: justify;\">Si segnala che a mezzogiorno del 18 marzo il Presidente della Repubblica Vizcarra ha annunciato l\u2019istituzione della misura del coprifuoco nell\u2019arco temporale 20,00-05,00 in tutto il Paese. La decisione, ha sottolineato il Capo dello Stato, \u00e8 stata presa perch\u00e9 una limitata parte della popolazione continua a non ottemperare le regole per l\u2019autoisolamento imposte con i precedenti decreti con cui si \u00e8 dichiarata l\u2019emergenza sanitaria. Il Capo dello Sato ha segnalato che \u00e8 stato pure disposto il blocco della circolazione delle autovetture private in tutto il paese a partir dalle 05,00 di domani gioved\u00ec 19 marzo. Dalle 5,00 del 19 marzo dunque circoleranno soltanto i mezzi pubblici e gli autoveicoli debitamente autorizzati. Questa Ambasciata continua a fornire ogni opportuna assistenza ai connazionali presenti nel paese, in particolare aggiornando continuamente la lista dei turisti italiani che intendono far rientro nel nostro Paese nell\u2019auspicato caso della istituzione di voli di rimpatrio verso l\u2019Europa. Si fa riserva di ulteriori informazioni appena possibile sugli sviluppi della situazione.<\/p>\n<p style=\"text-align: justify;\"><strong>AGGIORNAMENTO (17 marzo 2020 ORE 9:00)<\/strong><\/p>\n<p style=\"text-align: justify;\">Si segnala che proseguono gli sforzi della Ambasciata d\u2019Italia e delle Rappresentanze diplomatiche dei Paesi europei qui presenti al fine di organizzare, sulla base di intese con queste autorit\u00e0 e con le singole linee aeree, voli di rimpatrio per i turisti italiani ed europei rimasti in Peru. Grazie alla approvazione di un apposito decreto d\u2019urgenza nella tarda serata di ieri 15 marzo, il governo peruviano ha fornito la cornice giuridica per poter far operare tali voli.<\/p>\n<p style=\"text-align: justify;\">Preme segnalare che se concretizzata, tale possibilit\u00e0 di rimpatrio si applicher\u00e0 solo a turisti europei\/italiani in possesso di un biglietto aereo di ritorno per l\u2019Europa nella finestra temporale 16 marzo-16 aprile prossimo. I cittadini peruviani anche se residenti in paesi Europei\/Italia non potrebbero applicare a tale tipo di voli che si ripete, sarebbero destinati solo al rimpatrio di turisti stranieri (europei\/italiani o altro ma non cittadini peruviani).<\/p>\n<p style=\"text-align: justify;\">Si invitano pertanto tutti i turisti italiani in possesso dei requisiti sopra indicati (entrati in Peru\u2019 come turisti e con biglietto di rientro in Europa nella finestra 16 marzo-.16 aprile) a segnalare quanto prima possibile i propri dati all&#8217;Ambasciata d&#8217;Italia alla mail ambasciata.lima@esteri.it . Tali dati devono consistere in:<\/p>\n<p style=\"text-align: justify;\">nome \/ cognome(i) \/ N\u00ba Passaporte \/ eventuali altre cittadinanze \/ data nascita \/ L\u00ednea a\u00e9rea \/ N\u00ba volo \/ Entrata in Per\u00f9 \/ Uscita programmata \/ Destinazione finale \/ recapiti in Per\u00fa \/ Telefono di contatto \/ Mail \/ attuale domicilio in Per\u00f9 \/ ulteriori osservazioni (eventuali patologie ecc.).<\/p>\n<p style=\"text-align: justify;\">Ricordiamo i nostri numeri di emergenza attivi h24: +51 997-232-073; +51 967-102-036.<\/p>\n<p style=\"text-align: justify;\">Si segnala che dalla mezzanotte del 17 marzo 2020 le frontiere aeree, terrestri e marittime del Peru\u2019 sono state chiuse, salvo per il trasporto merci.<\/p>\n<p style=\"text-align: justify;\">****<\/p>\n<p style=\"text-align: justify;\"><span style=\"text-decoration: underline;\"><strong>ULTIMO AGGIORNAMENTO<\/strong><\/span> (16 marzo 2020 ORE 17:00)<\/p>\n<p style=\"text-align: justify;\">Si segnala che proseguono gli sforzi della Ambasciata d\u2019Italia e delle Rappresentanze diplomatiche dei Paesi europei qui presenti al fine di organizzare, sulla base di intese con queste autorita\u2019 e con le singole linee aeree, voli di rimpatrio per i turisti italiani ed europei rimasti in Peru. Se concretizzata, tale possibilit\u00e0 si applicher\u00e0 solo a turisti in possesso di un biglietto aereo di ritorno per l\u2019Europa nella finestra temporale 16 marzo &#8211; 16 aprile prossimo.<\/p>\n<p style=\"text-align: justify;\">Si invitano pertanto tutti i turisti italiani che rientrano in tale categoria a <span style=\"text-decoration: underline;\">segnalare quanto prima possibile<\/span> i propri dati all&#8217;Ambasciata d&#8217;Italia alla mail <a href=\"mailto:ambasciata.lima@esteri.it\">ambasciata.lima@esteri.it<\/a> . Tali dati devono consistere in:<\/p>\n<p style=\"text-align: justify;\"><strong>nome \/ cognome(i) \/ N\u00ba Passaporte \/ eventuali altre cittadinanze \/ data nascita \/ L\u00ednea a\u00e9rea \/ N\u00ba volo \/ Entrata in Per\u00f9 \/ Uscita programmata \/ Destinazione finale \/ recapiti in Per\u00fa \/ Telefono di contatto \/ Mail \/ attuale domicilio in Per\u00f9 \/ ulteriori osservazioni<\/strong> (eventuali patologie ecc.)<\/p>\n<p style=\"text-align: justify;\">Ricordiamo i nostri numeri di emergenza attivi h24: +51 997-232-073; +51 967-102-036.<\/p>\n<p style=\"text-align: justify;\">Si segnala che dalla mezzanotte del 17 marzo 2020 le frontiere aeree, terrestri e marittime del Peru\u2019 saranno chiuse, salvo per il trasporto merci.<\/p>\n<p style=\"text-align: justify;\">***<\/p>\n<p style=\"text-align: justify;\">Il Presidente della Repubblica ha decretato la quarantena nazionale (<a href=\"resource\/doc\/2020\/03\/ds_pcm.pdf\"><em><strong>vedi Decreto<\/strong><\/em><\/a>) per 15 giorni di calendario a partire da domani luned\u00ec 16 marzo 2020. Le frontiere terrestri marittime e aeree del Paese sono chiuse. Sono vietati gli spostamenti pubblici salvo alcune eccezioni relative, ad esempio, alla salute e all&#8217;approvvigionamento. Invitiamo i connazionali a mantenere la calma, leggere attentamente il testo del decreto, restare in casa, e limitare al massimo gli spostamenti. Reiteriamo la disponibilit\u00e1 dei nostri numeri di emergenza: +51 997-232-073; +51 967-102-036.<\/p>\n<p style=\"text-align: justify;\">Non esistono voli diretti fra Per\u00f9 e Italia. Si segnala che per il giorno 15 marzo 2020 risultano a questa Ambasciata i seguenti voli diretti verso l&#8217;Italia con decollo da Paesi limitrofi:<\/p>\n<p style=\"text-align: justify;\">Da Citt\u00e0 del Messico con Interjet il 15\/3\/20 alle 23.45.<\/p>\n<p style=\"text-align: justify;\">***<\/p>\n<p style=\"text-align: justify;\">COMUNICATO URGENTE PER I CONNAZIONALI<\/p>\n<p style=\"text-align: justify;\">Si informano i connazionali che le autorit\u00e0 peruviane stanno rafforzando le misure per contrastare il rischio di contagio da Coronavirus. Si e\u2019 in attesa della pubblicazione di un nuovo decreto con ulteriori restrizioni. Si ricorda la chiusura dei voli da e per l\u2019Europa a partire da domani, luned\u00ec 16 marzo 2020. Ci\u00f2 premesso, si segnala che l\u2019Ambasciata e\u2019 in costante contatto con le Autorita\u2019 peruviane per cercare ogni possibile soluzione per consentire il rientro dei turisti italiani presenti attualmente in Per\u00f9. Nell\u2019invitare alla calma, pur comprendendo il disagio e la preoccupazione di tutti, si fa riserva di fornire attraverso questo mezzo maggiori elementi appena possibile. Parimenti, questa Ambasciata ha abilitato un secondo numero di emergenza attivo h 24. I numeri di emergenza pertanto sono: +51 997-232-073; +51 967-102-036.<\/p>\n<p style=\"text-align: justify;\">***<\/p>\n<p style=\"text-align: justify;\">Con il Decreto Supremo n. 008-2020-SA dell&#8217;11\/3\/2020 pubblicato in data 12\/3\/2020\u00a0il Presidente della Repubblica del Per\u00f9 ha decretato per 90 giorni una Emergeza Sanitaria Nazionale. In applicazione di t\u00a0 \u00a0 ale decisione, il Decerto Supremo n. 008-2020-MTC del 12\/3\/2020 pubblicato in data 13\/3\/2020 ha disposto la sospesione dei voli internazionali da e per l&#8217;Europa in Per\u00f9 per un iniziale periodo di 30 giorni a partire da luned\u00ec 16\/3\/2020.<\/p>\n<p style=\"text-align: justify;\">Il numero di emergenza per i connazionali in difficolt\u00e0, +51997232073\u00a0\u00e8 attivo 24 ore al giorno 7 giorni su 7 per tutta la durata della crisi.<\/p>\n<p style=\"text-align: justify;\">Si consiglia ai turisti presenti nel territorio della Repubblica del Per\u00f9 di lasciare quanto prima il Paese.<\/p>\n<p style=\"text-align: justify;\">Si segnala che il servizio di emergenza \u00e8\u00a0DEDICATO ESCLUSIVAMENTE A CITTADINI ITALIANI E SOLO PER SITUAZIONI DI COMPROVATA EMERGENZA, BLOCCO AEROPORTUALE, MINACCIA ALLA SICUREZZA E ALL\u2019INCOLUMITA\u2019 DEGLI STESSI: le chiamate per pratiche consolari ordinarie (passaporti, visti, etc.) NON potranno essere prese in considerazione.<\/p>\n<p style=\"text-align: justify;\">IL FUNZIONARIO DI TURNO DEL MINISTERO DEGLI AFFARI ESTERI E DELLA COOPERAZIONE ALLO SVILUPPO, OPERATIVO PER TUTTE LE ALTRE FASCE ORARIE risponde al numero\u00a0: 0039 06 3691 2666<\/p>\n<p style=\"text-align: justify;\">In caso di effettiva necessit\u00e0, il funzionario di turno del Ministero degli Affari Esteri e della Cooperazione allo Sviluppo raggiunger\u00e0 tempestivamente i funzionari dell\u2019Ambasciata d\u2019Italia a Lima.<\/p>\n<p style=\"text-align: justify;\">***<\/p>\n<p style=\"text-align: justify;\">Non esistono voli diretti fra Per\u00f9 e Italia. Si segnala che alle ore 20:40 del giorno 13 marzo 2020 risultano a questa Ambasciata i seguenti voli diretti verso l&#8217;Italia con decollo da Paesi limitrofi:<\/p>\n<p style=\"text-align: justify;\">&#8211; Da San Paolo Alitalia il 14\/3\/20 alle 16.05.<\/p>\n<p style=\"text-align: justify;\">&#8211; Da Buenos Aires il 15\/3\/20 due voli Alitalia alle 14.05\u00a0e 22.45.<\/p>\n<p style=\"text-align: justify;\">&#8211; Da Citt\u00e0 del Messico con Interjet il 15\/3\/20 alle\u00a023.45.<\/p>\n<p style=\"text-align: justify;\">&#8211; Da Citt\u00e0 del Messico con KLM il 16 marzo (via\u00a0amsterdam) alle 21:55<\/p>\n<p style=\"text-align: justify;\">&#8211; Da Toronto via AIRCANADA via Francoforte alle ore 17:55\u00a0del 15\/03<\/p>\n<p style=\"text-align: justify;\">&#8211; Da Toronto via Aircanada via Francoforte alle ore\u00a020:50 via Monaco di Baviera del 16\/03<\/p>\n<p style=\"text-align: justify;\">***<\/p>\n<p style=\"text-align: justify;\">ULTIMO AGGIORNAMENTO ORE 22,00 DEL 14 MARZO<\/p>\n<p style=\"text-align: justify;\">La situazione \u00e9 fluida e in continua evoluzione in tutto il Sud America. Alle 21:00 del 14 marzo i seguenti Paesi non hanno ancora adottato restrizioni e quindi \u00e8 ancora possibile trovare voli che permettano di raggiungere l&#8217;Europa:<\/p>\n<p style=\"text-align: justify;\">&#8211; Aruba: for a few more days flights to enable tourists to return to the Netherlands<\/p>\n<p style=\"text-align: justify;\">&#8211; Brazil: still regular flight schedule, but new measures expected at the beginning of next week<\/p>\n<p style=\"text-align: justify;\">&#8211; Canada<\/p>\n<p style=\"text-align: justify;\">&#8211; Costa Rica<\/p>\n<p style=\"text-align: justify;\">&#8211; Cuba<\/p>\n<p style=\"text-align: justify;\">&#8211; Cura\u00e7ao: for a few more days flights to enable tourists to return to the Netherlands<\/p>\n<p style=\"text-align: justify;\">&#8211; Dominican Republic: still flights, but announcement of new measures next week<\/p>\n<p style=\"text-align: justify;\">&#8211; Jamaica: No more flights to\/from the United Kingdom, Germany, France. Still a direct flight to the Netherlands.<\/p>\n<p style=\"text-align: justify;\">&#8211; Mexico: still daily flights to the Netherlands \/Europe, but might change.<\/p>\n<p style=\"text-align: justify;\">&#8211; United States: There are still flights to Europe, but anyone who stayed in the Schengen area at some point during the last 14 days, is not allowed to enter (also not for transit).<\/p>\n<p style=\"text-align: justify;\">I seguenti paesi a partire da luned\u00ec 16 marzo compreso hanno bloccato i voli da e per l&#8217;Europa:<\/p>\n<p style=\"text-align: justify;\">&#8211; Argentina<\/p>\n<p style=\"text-align: justify;\">&#8211; Bolivia (dal 14\/3)<\/p>\n<p style=\"text-align: justify;\">&#8211; Colombia<\/p>\n<p style=\"text-align: justify;\">&#8211; Ecuador<\/p>\n<p style=\"text-align: justify;\">&#8211; Panama (dal 14\/3)<\/p>\n<p style=\"text-align: justify;\">&#8211; Per\u00fa<\/p>\n<p style=\"text-align: justify;\">&#8211; Venezuela<\/p>\n<p class=\"western\" lang=\"es-PE\" style=\"margin-bottom: 0.28cm; line-height: 0.41cm; background: #ffffff; text-align: justify;\"><span style=\"color: #212121;\"><span style=\"font-family: Calibri, serif;\"><span lang=\"es-ES\">Si infomano i passeggeri del volo del 1-5-20 che dovrebbe arrivare a Roma alle 06.45 AM che saranno disponibili a Roma le seguenti coincidenze.<\/span><\/span> <\/span><\/p>\n<table style=\"width: 502px;\" cellspacing=\"0\" cellpadding=\"5\">\n<colgroup>\n<col width=\"68\" \/>\n<col width=\"70\" \/>\n<col width=\"48\" \/>\n<col width=\"157\" \/>\n<col width=\"43\" \/>\n<col width=\"54\" \/> <\/colgroup>\n<tbody>\n<tr>\n<td style=\"background: #8ea9db;\" bgcolor=\"#8ea9db\" width=\"68\" height=\"28\">\n<p class=\"western\" lang=\"es-PE\" align=\"center\"><span style=\"color: #000000;\"><span style=\"font-family: Calibri, serif;\"><span lang=\"es-ES\"><strong>AEROLINEA<\/strong><\/span><\/span> <\/span><\/p>\n<\/td>\n<td style=\"background: #8ea9db;\" bgcolor=\"#8ea9db\" width=\"70\">\n<p class=\"western\" lang=\"es-PE\" align=\"center\"><span style=\"color: #000000;\"><span style=\"font-family: Calibri, serif;\"><span lang=\"es-ES\"><strong>Nro VUELO<\/strong><\/span><\/span> <\/span><\/p>\n<\/td>\n<td style=\"background: #8ea9db;\" bgcolor=\"#8ea9db\" width=\"48\">\n<p class=\"western\" lang=\"es-PE\" align=\"center\"><span style=\"color: #000000;\"><span style=\"font-family: Calibri, serif;\"><span lang=\"es-ES\"><strong>ORIGEN<\/strong><\/span><\/span> <\/span><\/p>\n<\/td>\n<td style=\"background: #8ea9db;\" bgcolor=\"#8ea9db\" width=\"157\">\n<p class=\"western\" lang=\"es-PE\" align=\"center\"><span style=\"color: #000000;\"><span style=\"font-family: Calibri, serif;\"><span lang=\"es-ES\"><strong>DESTINO<\/strong><\/span><\/span> <\/span><\/p>\n<\/td>\n<td style=\"background: #8ea9db;\" bgcolor=\"#8ea9db\" width=\"43\">\n<p class=\"western\" lang=\"es-PE\" align=\"center\"><span style=\"color: #000000;\"><span style=\"font-family: Calibri, serif;\"><span lang=\"es-ES\"><strong>SALIDA<\/strong><\/span><\/span> <\/span><\/p>\n<\/td>\n<td style=\"background: #8ea9db;\" bgcolor=\"#8ea9db\" width=\"54\">\n<p class=\"western\" lang=\"es-PE\" align=\"center\"><span style=\"color: #000000;\"><span style=\"font-family: Calibri, serif;\"><span lang=\"es-ES\"><strong>LLEGADA<\/strong><\/span><\/span> <\/span><\/p>\n<\/td>\n<\/tr>\n<tr valign=\"bottom\">\n<td style=\"border-top: none; border-bottom: 1.00pt solid #000000; border-left: 1.00pt solid #000000; border-right: 1.00pt solid #000000; padding: 0cm 0.12cm;\" width=\"68\" height=\"10\">\n<p class=\"western\" lang=\"es-PE\"><span style=\"color: #000000;\"><span style=\"font-family: Calibri, serif;\"><span lang=\"es-ES\">ALITALIA<\/span><\/span> <\/span><\/p>\n<\/td>\n<td style=\"border-top: none; border-bottom: 1.00pt solid #000000; border-left: none; border-right: 1.00pt solid #000000; padding: 0cm 0.12cm 0cm 0cm;\" width=\"70\">\n<p class=\"western\" lang=\"es-PE\" align=\"center\"><span style=\"color: #000000;\"><span style=\"font-family: Calibri, serif;\"><span lang=\"es-ES\">AZ 1731<\/span><\/span> <\/span><\/p>\n<\/td>\n<td style=\"border-top: none; border-bottom: 1.00pt solid #000000; border-left: none; border-right: 1.00pt solid #000000; padding: 0cm 0.12cm 0cm 0cm;\" width=\"48\">\n<p class=\"western\" lang=\"es-PE\" align=\"center\"><span style=\"color: #000000;\"><span style=\"font-family: Calibri, serif;\"><span lang=\"es-ES\">ROMA<\/span><\/span> <\/span><\/p>\n<\/td>\n<td style=\"border-top: none; border-bottom: 1.00pt solid #000000; border-left: none; border-right: 1.00pt solid #000000; padding: 0cm 0.12cm 0cm 0cm;\" width=\"157\">\n<p class=\"western\" lang=\"es-PE\" align=\"center\"><span style=\"color: #000000;\"><span style=\"font-family: Calibri, serif;\"><span lang=\"es-ES\">CATANIA<\/span><\/span> <\/span><\/p>\n<\/td>\n<td style=\"border-top: none; border-bottom: 1.00pt solid #000000; border-left: none; border-right: 1.00pt solid #000000; padding: 0cm 0.12cm 0cm 0cm;\" width=\"43\">\n<p class=\"western\" lang=\"es-PE\" align=\"center\"><span style=\"color: #000000;\"><span style=\"font-family: Calibri, serif;\"><span lang=\"es-ES\">09:05<\/span><\/span> <\/span><\/p>\n<\/td>\n<td style=\"border-top: none; border-bottom: 1.00pt solid #000000; border-left: none; border-right: 1.00pt solid #000000; padding: 0cm 0.12cm 0cm 0cm;\" width=\"54\">\n<p class=\"western\" lang=\"es-PE\" align=\"center\"><span style=\"color: #000000;\"><span style=\"font-family: Calibri, serif;\"><span lang=\"es-ES\">10:20<\/span><\/span> <\/span><\/p>\n<\/td>\n<\/tr>\n<tr valign=\"bottom\">\n<td style=\"border-top: none; border-bottom: 1.00pt solid #000000; border-left: 1.00pt solid #000000; border-right: 1.00pt solid #000000; padding: 0cm 0.12cm;\" width=\"68\" height=\"10\">\n<p class=\"western\" lang=\"es-PE\"><span style=\"color: #000000;\"><span style=\"font-family: Calibri, serif;\"><span lang=\"es-ES\">ALITALIA<\/span><\/span> <\/span><\/p>\n<\/td>\n<td style=\"border-top: none; border-bottom: 1.00pt solid #000000; border-left: none; border-right: 1.00pt solid #000000; padding: 0cm 0.12cm 0cm 0cm;\" width=\"70\">\n<p class=\"western\" lang=\"es-PE\" align=\"center\"><span style=\"color: #000000;\"><span style=\"font-family: Calibri, serif;\"><span lang=\"es-ES\">AZ 1024<\/span><\/span> <\/span><\/p>\n<\/td>\n<td style=\"border-top: none; border-bottom: 1.00pt solid #000000; border-left: none; border-right: 1.00pt solid #000000; padding: 0cm 0.12cm 0cm 0cm;\" width=\"48\">\n<p class=\"western\" lang=\"es-PE\" align=\"center\"><span style=\"color: #000000;\"><span style=\"font-family: Calibri, serif;\"><span lang=\"es-ES\">ROMA<\/span><\/span> <\/span><\/p>\n<\/td>\n<td style=\"border-top: none; border-bottom: 1.00pt solid #000000; border-left: none; border-right: 1.00pt solid #000000; padding: 0cm 0.12cm 0cm 0cm;\" width=\"157\">\n<p class=\"western\" lang=\"es-PE\" align=\"center\"><span style=\"color: #000000;\"><span style=\"font-family: Calibri, serif;\"><span lang=\"es-ES\">MILAN<\/span><\/span> <\/span><\/p>\n<\/td>\n<td style=\"border-top: none; border-bottom: 1.00pt solid #000000; border-left: none; border-right: 1.00pt solid #000000; padding: 0cm 0.12cm 0cm 0cm;\" width=\"43\">\n<p class=\"western\" lang=\"es-PE\" align=\"center\"><span style=\"color: #000000;\"><span style=\"font-family: Calibri, serif;\"><span lang=\"es-ES\">09:10<\/span><\/span> <\/span><\/p>\n<\/td>\n<td style=\"border-top: none; border-bottom: 1.00pt solid #000000; border-left: none; border-right: 1.00pt solid #000000; padding: 0cm 0.12cm 0cm 0cm;\" width=\"54\">\n<p class=\"western\" lang=\"es-PE\" align=\"center\"><span style=\"color: #000000;\"><span style=\"font-family: Calibri, serif;\"><span lang=\"es-ES\">10:25<\/span><\/span> <\/span><\/p>\n<\/td>\n<\/tr>\n<tr valign=\"bottom\">\n<td style=\"border-top: none; border-bottom: 1.00pt solid #000000; border-left: 1.00pt solid #000000; border-right: 1.00pt solid #000000; padding: 0cm 0.12cm;\" width=\"68\" height=\"10\">\n<p class=\"western\" lang=\"es-PE\"><span style=\"color: #000000;\"><span style=\"font-family: Calibri, serif;\"><span lang=\"es-ES\">ALITALIA<\/span><\/span> <\/span><\/p>\n<\/td>\n<td style=\"border-top: none; border-bottom: 1.00pt solid #000000; border-left: none; border-right: 1.00pt solid #000000; padding: 0cm 0.12cm 0cm 0cm;\" width=\"70\">\n<p class=\"western\" lang=\"es-PE\" align=\"center\"><span style=\"color: #000000;\"><span style=\"font-family: Calibri, serif;\"><span lang=\"es-ES\">AZ 1785<\/span><\/span> <\/span><\/p>\n<\/td>\n<td style=\"border-top: none; border-bottom: 1.00pt solid #000000; border-left: none; border-right: 1.00pt solid #000000; padding: 0cm 0.12cm 0cm 0cm;\" width=\"48\">\n<p class=\"western\" lang=\"es-PE\" align=\"center\"><span style=\"color: #000000;\"><span style=\"font-family: Calibri, serif;\"><span lang=\"es-ES\">ROMA<\/span><\/span> <\/span><\/p>\n<\/td>\n<td style=\"border-top: none; border-bottom: 1.00pt solid #000000; border-left: none; border-right: 1.00pt solid #000000; padding: 0cm 0.12cm 0cm 0cm;\" width=\"157\">\n<p class=\"western\" lang=\"es-PE\" align=\"center\"><span style=\"color: #000000;\"><span style=\"font-family: Calibri, serif;\"><span lang=\"es-ES\">PALERMO<\/span><\/span> <\/span><\/p>\n<\/td>\n<td style=\"border-top: none; border-bottom: 1.00pt solid #000000; border-left: none; border-right: 1.00pt solid #000000; padding: 0cm 0.12cm 0cm 0cm;\" width=\"43\">\n<p class=\"western\" lang=\"es-PE\" align=\"center\"><span style=\"color: #000000;\"><span style=\"font-family: Calibri, serif;\"><span lang=\"es-ES\">09:15<\/span><\/span> <\/span><\/p>\n<\/td>\n<td style=\"border-top: none; border-bottom: 1.00pt solid #000000; border-left: none; border-right: 1.00pt solid #000000; padding: 0cm 0.12cm 0cm 0cm;\" width=\"54\">\n<p class=\"western\" lang=\"es-PE\" align=\"center\"><span style=\"color: #000000;\"><span style=\"font-family: Calibri, serif;\"><span lang=\"es-ES\">10:25<\/span><\/span> <\/span><\/p>\n<\/td>\n<\/tr>\n<tr valign=\"bottom\">\n<td style=\"border-top: none; border-bottom: 1.00pt solid #000000; border-left: 1.00pt solid #000000; border-right: 1.00pt solid #000000; padding: 0cm 0.12cm;\" width=\"68\" height=\"10\">\n<p class=\"western\" lang=\"es-PE\"><span style=\"color: #000000;\"><span style=\"font-family: Calibri, serif;\"><span lang=\"es-ES\">ALITALIA<\/span><\/span> <\/span><\/p>\n<\/td>\n<td style=\"border-top: none; border-bottom: 1.00pt solid #000000; border-left: none; border-right: 1.00pt solid #000000; padding: 0cm 0.12cm 0cm 0cm;\" width=\"70\">\n<p class=\"western\" lang=\"es-PE\" align=\"center\"><span style=\"color: #000000;\"><span style=\"font-family: Calibri, serif;\"><span lang=\"es-ES\">AZ 1593<\/span><\/span> <\/span><\/p>\n<\/td>\n<td style=\"border-top: none; border-bottom: 1.00pt solid #000000; border-left: none; border-right: 1.00pt solid #000000; padding: 0cm 0.12cm 0cm 0cm;\" width=\"48\">\n<p class=\"western\" lang=\"es-PE\" align=\"center\"><span style=\"color: #000000;\"><span style=\"font-family: Calibri, serif;\"><span lang=\"es-ES\">ROMA<\/span><\/span> <\/span><\/p>\n<\/td>\n<td style=\"border-top: none; border-bottom: 1.00pt solid #000000; border-left: none; border-right: 1.00pt solid #000000; padding: 0cm 0.12cm 0cm 0cm;\" width=\"157\">\n<p class=\"western\" lang=\"es-PE\" align=\"center\"><span style=\"color: #000000;\"><span style=\"font-family: Calibri, serif;\"><span lang=\"es-ES\">CAGLIARI<\/span><\/span> <\/span><\/p>\n<\/td>\n<td style=\"border-top: none; border-bottom: 1.00pt solid #000000; border-left: none; border-right: 1.00pt solid #000000; padding: 0cm 0.12cm 0cm 0cm;\" width=\"43\">\n<p class=\"western\" lang=\"es-PE\" align=\"center\"><span style=\"color: #000000;\"><span style=\"font-family: Calibri, serif;\"><span lang=\"es-ES\">09:15<\/span><\/span> <\/span><\/p>\n<\/td>\n<td style=\"border-top: none; border-bottom: 1.00pt solid #000000; border-left: none; border-right: 1.00pt solid #000000; padding: 0cm 0.12cm 0cm 0cm;\" width=\"54\">\n<p class=\"western\" lang=\"es-PE\" align=\"center\"><span style=\"color: #000000;\"><span style=\"font-family: Calibri, serif;\"><span lang=\"es-ES\">10:20<\/span><\/span> <\/span><\/p>\n<\/td>\n<\/tr>\n<tr valign=\"bottom\">\n<td style=\"border-top: none; border-bottom: 1.00pt solid #000000; border-left: 1.00pt solid #000000; border-right: 1.00pt solid #000000; padding: 0cm 0.12cm;\" width=\"68\" height=\"10\">\n<p class=\"western\" lang=\"es-PE\"><span style=\"color: #000000;\"><span style=\"font-family: Calibri, serif;\"><span lang=\"es-ES\">ALITALIA<\/span><\/span> <\/span><\/p>\n<\/td>\n<td style=\"border-top: none; border-bottom: 1.00pt solid #000000; border-left: none; border-right: 1.00pt solid #000000; padding: 0cm 0.12cm 0cm 0cm;\" width=\"70\">\n<p class=\"western\" lang=\"es-PE\" align=\"center\"><span style=\"color: #000000;\"><span style=\"font-family: Calibri, serif;\"><span lang=\"es-ES\">AZ 1617<\/span><\/span> <\/span><\/p>\n<\/td>\n<td style=\"border-top: none; border-bottom: 1.00pt solid #000000; border-left: none; border-right: 1.00pt solid #000000; padding: 0cm 0.12cm 0cm 0cm;\" width=\"48\">\n<p class=\"western\" lang=\"es-PE\" align=\"center\"><span style=\"color: #000000;\"><span style=\"font-family: Calibri, serif;\"><span lang=\"es-ES\">ROMA<\/span><\/span> <\/span><\/p>\n<\/td>\n<td style=\"border-top: none; border-bottom: 1.00pt solid #000000; border-left: none; border-right: 1.00pt solid #000000; padding: 0cm 0.12cm 0cm 0cm;\" width=\"157\">\n<p class=\"western\" lang=\"es-PE\" align=\"center\"><span style=\"color: #000000;\"><span style=\"font-family: Calibri, serif;\"><span lang=\"es-ES\">BARI<\/span><\/span> <\/span><\/p>\n<\/td>\n<td style=\"border-top: none; border-bottom: 1.00pt solid #000000; border-left: none; border-right: 1.00pt solid #000000; padding: 0cm 0.12cm 0cm 0cm;\" width=\"43\">\n<p class=\"western\" lang=\"es-PE\" align=\"center\"><span style=\"color: #000000;\"><span style=\"font-family: Calibri, serif;\"><span lang=\"es-ES\">09:20<\/span><\/span> <\/span><\/p>\n<\/td>\n<td style=\"border-top: none; border-bottom: 1.00pt solid #000000; border-left: none; border-right: 1.00pt solid #000000; padding: 0cm 0.12cm 0cm 0cm;\" width=\"54\">\n<p class=\"western\" lang=\"es-PE\" align=\"center\"><span style=\"color: #000000;\"><span style=\"font-family: Calibri, serif;\"><span lang=\"es-ES\">10:25<\/span><\/span> <\/span><\/p>\n<\/td>\n<\/tr>\n<tr valign=\"bottom\">\n<td style=\"border-top: none; border-bottom: 1.00pt solid #000000; border-left: 1.00pt solid #000000; border-right: 1.00pt solid #000000; padding: 0cm 0.12cm;\" width=\"68\" height=\"10\">\n<p class=\"western\" lang=\"es-PE\"><span style=\"color: #000000;\"><span style=\"font-family: Calibri, serif;\"><span lang=\"es-ES\">ALITALIA<\/span><\/span> <\/span><\/p>\n<\/td>\n<td style=\"border-top: none; border-bottom: 1.00pt solid #000000; border-left: none; border-right: 1.00pt solid #000000; padding: 0cm 0.12cm 0cm 0cm;\" width=\"70\">\n<p class=\"western\" lang=\"es-PE\" align=\"center\"><span style=\"color: #000000;\"><span style=\"font-family: Calibri, serif;\"><span lang=\"es-ES\">AZ 202<\/span><\/span> <\/span><\/p>\n<\/td>\n<td style=\"border-top: none; border-bottom: 1.00pt solid #000000; border-left: none; border-right: 1.00pt solid #000000; padding: 0cm 0.12cm 0cm 0cm;\" width=\"48\">\n<p class=\"western\" lang=\"es-PE\" align=\"center\"><span style=\"color: #000000;\"><span style=\"font-family: Calibri, serif;\"><span lang=\"es-ES\">ROMA<\/span><\/span> <\/span><\/p>\n<\/td>\n<td style=\"border-top: none; border-bottom: 1.00pt solid #000000; border-left: none; border-right: 1.00pt solid #000000; padding: 0cm 0.12cm 0cm 0cm;\" width=\"157\">\n<p class=\"western\" lang=\"es-PE\" align=\"center\"><span style=\"color: #000000;\"><span style=\"font-family: Calibri, serif;\"><span lang=\"es-ES\">LONDRES<\/span><\/span> <\/span><\/p>\n<\/td>\n<td style=\"border-top: none; border-bottom: 1.00pt solid #000000; border-left: none; border-right: 1.00pt solid #000000; padding: 0cm 0.12cm 0cm 0cm;\" width=\"43\">\n<p class=\"western\" lang=\"es-PE\" align=\"center\"><span style=\"color: #000000;\"><span style=\"font-family: Calibri, serif;\"><span lang=\"es-ES\">09:30<\/span><\/span> <\/span><\/p>\n<\/td>\n<td style=\"border-top: none; border-bottom: 1.00pt solid #000000; border-left: none; border-right: 1.00pt solid #000000; padding: 0cm 0.12cm 0cm 0cm;\" width=\"54\">\n<p class=\"western\" lang=\"es-PE\" align=\"center\"><span style=\"color: #000000;\"><span style=\"font-family: Calibri, serif;\"><span lang=\"es-ES\">11:25<\/span><\/span> <\/span><\/p>\n<\/td>\n<\/tr>\n<tr valign=\"bottom\">\n<td style=\"border-top: none; border-bottom: 1.00pt solid #000000; border-left: 1.00pt solid #000000; border-right: 1.00pt solid #000000; padding: 0cm 0.12cm;\" width=\"68\" height=\"10\">\n<p class=\"western\" lang=\"es-PE\"><span style=\"color: #000000;\"><span style=\"font-family: Calibri, serif;\"><span lang=\"es-ES\">ALITALIA<\/span><\/span> <\/span><\/p>\n<\/td>\n<td style=\"border-top: none; border-bottom: 1.00pt solid #000000; border-left: none; border-right: 1.00pt solid #000000; padding: 0cm 0.12cm 0cm 0cm;\" width=\"70\">\n<p class=\"western\" lang=\"es-PE\" align=\"center\"><span style=\"color: #000000;\"><span style=\"font-family: Calibri, serif;\"><span lang=\"es-ES\">AZ\u00a0 318<\/span><\/span> <\/span><\/p>\n<\/td>\n<td style=\"border-top: none; border-bottom: 1.00pt solid #000000; border-left: none; border-right: 1.00pt solid #000000; padding: 0cm 0.12cm 0cm 0cm;\" width=\"48\">\n<p class=\"western\" lang=\"es-PE\" align=\"center\"><span style=\"color: #000000;\"><span style=\"font-family: Calibri, serif;\"><span lang=\"es-ES\">ROMA<\/span><\/span> <\/span><\/p>\n<\/td>\n<td style=\"border-top: none; border-bottom: 1.00pt solid #000000; border-left: none; border-right: 1.00pt solid #000000; padding: 0cm 0.12cm 0cm 0cm;\" width=\"157\">\n<p class=\"western\" lang=\"es-PE\" align=\"center\"><span style=\"color: #000000;\"><span style=\"font-family: Calibri, serif;\"><span lang=\"es-ES\">PARIS (Charles de Gaulle)<\/span><\/span> <\/span><\/p>\n<\/td>\n<td style=\"border-top: none; border-bottom: 1.00pt solid #000000; border-left: none; border-right: 1.00pt solid #000000; padding: 0cm 0.12cm 0cm 0cm;\" width=\"43\">\n<p class=\"western\" lang=\"es-PE\" align=\"center\"><span style=\"color: #000000;\"><span style=\"font-family: Calibri, serif;\"><span lang=\"es-ES\">09:50<\/span><\/span> <\/span><\/p>\n<\/td>\n<td style=\"border-top: none; border-bottom: 1.00pt solid #000000; border-left: none; border-right: 1.00pt solid #000000; padding: 0cm 0.12cm 0cm 0cm;\" width=\"54\">\n<p class=\"western\" lang=\"es-PE\" align=\"center\"><span style=\"color: #000000;\"><span style=\"font-family: Calibri, serif;\"><span lang=\"es-ES\">12:05<\/span><\/span> <\/span><\/p>\n<\/td>\n<\/tr>\n<tr valign=\"bottom\">\n<td style=\"border-top: none; border-bottom: 1.00pt solid #000000; border-left: 1.00pt solid #000000; border-right: 1.00pt solid #000000; padding: 0cm 0.12cm;\" width=\"68\" height=\"10\">\n<p class=\"western\" lang=\"es-PE\"><span style=\"color: #000000;\"><span style=\"font-family: Calibri, serif;\"><span lang=\"es-ES\">ALITALIA<\/span><\/span> <\/span><\/p>\n<\/td>\n<td style=\"border-top: none; border-bottom: 1.00pt solid #000000; border-left: none; border-right: 1.00pt solid #000000; padding: 0cm 0.12cm 0cm 0cm;\" width=\"70\">\n<p class=\"western\" lang=\"es-PE\" align=\"center\"><span style=\"color: #000000;\"><span style=\"font-family: Calibri, serif;\"><span lang=\"es-ES\">AZ 1417<\/span><\/span> <\/span><\/p>\n<\/td>\n<td style=\"border-top: none; border-bottom: 1.00pt solid #000000; border-left: none; border-right: 1.00pt solid #000000; padding: 0cm 0.12cm 0cm 0cm;\" width=\"48\">\n<p class=\"western\" lang=\"es-PE\" align=\"center\"><span style=\"color: #000000;\"><span style=\"font-family: Calibri, serif;\"><span lang=\"es-ES\">ROMA<\/span><\/span> <\/span><\/p>\n<\/td>\n<td style=\"border-top: none; border-bottom: 1.00pt solid #000000; border-left: none; border-right: 1.00pt solid #000000; padding: 0cm 0.12cm 0cm 0cm;\" width=\"157\">\n<p class=\"western\" lang=\"es-PE\" align=\"center\"><span style=\"color: #000000;\"><span style=\"font-family: Calibri, serif;\"><span lang=\"es-ES\">TURIN<\/span><\/span> <\/span><\/p>\n<\/td>\n<td style=\"border-top: none; border-bottom: 1.00pt solid #000000; border-left: none; border-right: 1.00pt solid #000000; padding: 0cm 0.12cm 0cm 0cm;\" width=\"43\">\n<p class=\"western\" lang=\"es-PE\" align=\"center\"><span style=\"color: #000000;\"><span style=\"font-family: Calibri, serif;\"><span lang=\"es-ES\">13:15<\/span><\/span> <\/span><\/p>\n<\/td>\n<td style=\"border-top: none; border-bottom: 1.00pt solid #000000; border-left: none; border-right: 1.00pt solid #000000; padding: 0cm 0.12cm 0cm 0cm;\" width=\"54\">\n<p class=\"western\" lang=\"es-PE\" align=\"center\"><span style=\"color: #000000;\"><span style=\"font-family: Calibri, serif;\"><span lang=\"es-ES\">14:30<\/span><\/span> <\/span><\/p>\n<\/td>\n<\/tr>\n<tr valign=\"bottom\">\n<td style=\"border-top: none; border-bottom: 1.00pt solid #000000; border-left: 1.00pt solid #000000; border-right: 1.00pt solid #000000; padding: 0cm 0.12cm;\" width=\"68\" height=\"10\">\n<p class=\"western\" lang=\"es-PE\"><span style=\"color: #000000;\"><span style=\"font-family: Calibri, serif;\"><span lang=\"es-ES\">ALITALIA<\/span><\/span> <\/span><\/p>\n<\/td>\n<td style=\"border-top: none; border-bottom: 1.00pt solid #000000; border-left: none; border-right: 1.00pt solid #000000; padding: 0cm 0.12cm 0cm 0cm;\" width=\"70\">\n<p class=\"western\" lang=\"es-PE\" align=\"center\"><span style=\"color: #000000;\"><span style=\"font-family: Calibri, serif;\"><span lang=\"es-ES\">AZ 1475<\/span><\/span> <\/span><\/p>\n<\/td>\n<td style=\"border-top: none; border-bottom: 1.00pt solid #000000; border-left: none; border-right: 1.00pt solid #000000; padding: 0cm 0.12cm 0cm 0cm;\" width=\"48\">\n<p class=\"western\" lang=\"es-PE\" align=\"center\"><span style=\"color: #000000;\"><span style=\"font-family: Calibri, serif;\"><span lang=\"es-ES\">ROMA<\/span><\/span> <\/span><\/p>\n<\/td>\n<td style=\"border-top: none; border-bottom: 1.00pt solid #000000; border-left: none; border-right: 1.00pt solid #000000; padding: 0cm 0.12cm 0cm 0cm;\" width=\"157\">\n<p class=\"western\" lang=\"es-PE\" align=\"center\"><span style=\"color: #000000;\"><span style=\"font-family: Calibri, serif;\"><span lang=\"es-ES\">VENECIA<\/span><\/span> <\/span><\/p>\n<\/td>\n<td style=\"border-top: none; border-bottom: 1.00pt solid #000000; border-left: none; border-right: 1.00pt solid #000000; padding: 0cm 0.12cm 0cm 0cm;\" width=\"43\">\n<p class=\"western\" lang=\"es-PE\" align=\"center\"><span style=\"color: #000000;\"><span style=\"font-family: Calibri, serif;\"><span lang=\"es-ES\">13:20<\/span><\/span> <\/span><\/p>\n<\/td>\n<td style=\"border-top: none; border-bottom: 1.00pt solid #000000; border-left: none; border-right: 1.00pt solid #000000; padding: 0cm 0.12cm 0cm 0cm;\" width=\"54\">\n<p class=\"western\" lang=\"es-PE\" align=\"center\"><span style=\"color: #000000;\"><span style=\"font-family: Calibri, serif;\"><span lang=\"es-ES\">14:30<\/span><\/span> <\/span><\/p>\n<\/td>\n<\/tr>\n<tr valign=\"bottom\">\n<td style=\"border-top: none; border-bottom: 1.00pt solid #000000; border-left: 1.00pt solid #000000; border-right: 1.00pt solid #000000; padding: 0cm 0.12cm;\" width=\"68\" height=\"10\">\n<p class=\"western\" lang=\"es-PE\"><span style=\"color: #000000;\"><span style=\"font-family: Calibri, serif;\"><span lang=\"es-ES\">ALITALIA<\/span><\/span> <\/span><\/p>\n<\/td>\n<td style=\"border-top: none; border-bottom: 1.00pt solid #000000; border-left: none; border-right: 1.00pt solid #000000; padding: 0cm 0.12cm 0cm 0cm;\" width=\"70\">\n<p class=\"western\" lang=\"es-PE\" align=\"center\"><span style=\"color: #000000;\"><span style=\"font-family: Calibri, serif;\"><span lang=\"es-ES\">AZ 1026<\/span><\/span> <\/span><\/p>\n<\/td>\n<td style=\"border-top: none; border-bottom: 1.00pt solid #000000; border-left: none; border-right: 1.00pt solid #000000; padding: 0cm 0.12cm 0cm 0cm;\" width=\"48\">\n<p class=\"western\" lang=\"es-PE\" align=\"center\"><span style=\"color: #000000;\"><span style=\"font-family: Calibri, serif;\"><span lang=\"es-ES\">ROMA<\/span><\/span> <\/span><\/p>\n<\/td>\n<td style=\"border-top: none; border-bottom: 1.00pt solid #000000; border-left: none; border-right: 1.00pt solid #000000; padding: 0cm 0.12cm 0cm 0cm;\" width=\"157\">\n<p class=\"western\" lang=\"es-PE\" align=\"center\"><span style=\"color: #000000;\"><span style=\"font-family: Calibri, serif;\"><span lang=\"es-ES\">MILAN<\/span><\/span> <\/span><\/p>\n<\/td>\n<td style=\"border-top: none; border-bottom: 1.00pt solid #000000; border-left: none; border-right: 1.00pt solid #000000; padding: 0cm 0.12cm 0cm 0cm;\" width=\"43\">\n<p class=\"western\" lang=\"es-PE\" align=\"center\"><span style=\"color: #000000;\"><span style=\"font-family: Calibri, serif;\"><span lang=\"es-ES\">13:20<\/span><\/span> <\/span><\/p>\n<\/td>\n<td style=\"border-top: none; border-bottom: 1.00pt solid #000000; border-left: none; border-right: 1.00pt solid #000000; padding: 0cm 0.12cm 0cm 0cm;\" width=\"54\">\n<p class=\"western\" lang=\"es-PE\" align=\"center\"><span style=\"color: #000000;\"><span style=\"font-family: Calibri, serif;\"><span lang=\"es-ES\">14:30<\/span><\/span> <\/span><\/p>\n<\/td>\n<\/tr>\n<tr valign=\"bottom\">\n<td style=\"border-top: none; border-bottom: 1.00pt solid #000000; border-left: 1.00pt solid #000000; border-right: 1.00pt solid #000000; padding: 0cm 0.12cm;\" width=\"68\" height=\"10\">\n<p class=\"western\" lang=\"es-PE\"><span style=\"color: #000000;\"><span style=\"font-family: Calibri, serif;\"><span lang=\"es-ES\">ALITALIA<\/span><\/span> <\/span><\/p>\n<\/td>\n<td style=\"border-top: none; border-bottom: 1.00pt solid #000000; border-left: none; border-right: 1.00pt solid #000000; padding: 0cm 0.12cm 0cm 0cm;\" width=\"70\">\n<p class=\"western\" lang=\"es-PE\" align=\"center\"><span style=\"color: #000000;\"><span style=\"font-family: Calibri, serif;\"><span lang=\"es-ES\">AZ 1319<\/span><\/span> <\/span><\/p>\n<\/td>\n<td style=\"border-top: none; border-bottom: 1.00pt solid #000000; border-left: none; border-right: 1.00pt solid #000000; padding: 0cm 0.12cm 0cm 0cm;\" width=\"48\">\n<p class=\"western\" lang=\"es-PE\" align=\"center\"><span style=\"color: #000000;\"><span style=\"font-family: Calibri, serif;\"><span lang=\"es-ES\">ROMA<\/span><\/span> <\/span><\/p>\n<\/td>\n<td style=\"border-top: none; border-bottom: 1.00pt solid #000000; border-left: none; border-right: 1.00pt solid #000000; padding: 0cm 0.12cm 0cm 0cm;\" width=\"157\">\n<p class=\"western\" lang=\"es-PE\" align=\"center\"><span style=\"color: #000000;\"><span style=\"font-family: Calibri, serif;\"><span lang=\"es-ES\">BOLOGNA<\/span><\/span> <\/span><\/p>\n<\/td>\n<td style=\"border-top: none; border-bottom: 1.00pt solid #000000; border-left: none; border-right: 1.00pt solid #000000; padding: 0cm 0.12cm 0cm 0cm;\" width=\"43\">\n<p class=\"western\" lang=\"es-PE\" align=\"center\"><span style=\"color: #000000;\"><span style=\"font-family: Calibri, serif;\"><span lang=\"es-ES\">13:30<\/span><\/span> <\/span><\/p>\n<\/td>\n<td style=\"border-top: none; border-bottom: 1.00pt solid #000000; border-left: none; border-right: 1.00pt solid #000000; padding: 0cm 0.12cm 0cm 0cm;\" width=\"54\">\n<p class=\"western\" lang=\"es-PE\" align=\"center\"><span style=\"color: #000000;\"><span style=\"font-family: Calibri, serif;\"><span lang=\"es-ES\">14:30<\/span><\/span> <\/span><\/p>\n<\/td>\n<\/tr>\n<tr valign=\"bottom\">\n<td style=\"border-top: none; border-bottom: 1.00pt solid #000000; border-left: 1.00pt solid #000000; border-right: 1.00pt solid #000000; padding: 0cm 0.12cm;\" width=\"68\" height=\"10\">\n<p class=\"western\" lang=\"es-PE\"><span style=\"color: #000000;\"><span style=\"font-family: Calibri, serif;\"><span lang=\"es-ES\">ALITALIA<\/span><\/span> <\/span><\/p>\n<\/td>\n<td style=\"border-top: none; border-bottom: 1.00pt solid #000000; border-left: none; border-right: 1.00pt solid #000000; padding: 0cm 0.12cm 0cm 0cm;\" width=\"70\">\n<p class=\"western\" lang=\"es-PE\" align=\"center\"><span style=\"color: #000000;\"><span style=\"font-family: Calibri, serif;\"><span lang=\"es-ES\">AZ1667<\/span><\/span> <\/span><\/p>\n<\/td>\n<td style=\"border-top: none; border-bottom: 1.00pt solid #000000; border-left: none; border-right: 1.00pt solid #000000; padding: 0cm 0.12cm 0cm 0cm;\" width=\"48\">\n<p class=\"western\" lang=\"es-PE\" align=\"center\"><span style=\"color: #000000;\"><span style=\"font-family: Calibri, serif;\"><span lang=\"es-ES\">ROMA<\/span><\/span> <\/span><\/p>\n<\/td>\n<td style=\"border-top: none; border-bottom: 1.00pt solid #000000; border-left: none; border-right: 1.00pt solid #000000; padding: 0cm 0.12cm 0cm 0cm;\" width=\"157\">\n<p class=\"western\" lang=\"es-PE\" align=\"center\"><span style=\"color: #000000;\"><span style=\"font-family: Calibri, serif;\"><span lang=\"es-ES\">PISA<\/span><\/span> <\/span><\/p>\n<\/td>\n<td style=\"border-top: none; border-bottom: 1.00pt solid #000000; border-left: none; border-right: 1.00pt solid #000000; padding: 0cm 0.12cm 0cm 0cm;\" width=\"43\">\n<p class=\"western\" lang=\"es-PE\" align=\"center\"><span style=\"color: #000000;\"><span style=\"font-family: Calibri, serif;\"><span lang=\"es-ES\">14:00<\/span><\/span> <\/span><\/p>\n<\/td>\n<td style=\"border-top: none; border-bottom: 1.00pt solid #000000; border-left: none; border-right: 1.00pt solid #000000; padding: 0cm 0.12cm 0cm 0cm;\" width=\"54\">\n<p class=\"western\" lang=\"es-PE\" align=\"center\"><span style=\"color: #000000;\"><span style=\"font-family: Calibri, serif;\"><span lang=\"es-ES\">14:55<\/span><\/span> <\/span><\/p>\n<\/td>\n<\/tr>\n<tr valign=\"bottom\">\n<td style=\"border-top: none; border-bottom: 1.00pt solid #000000; border-left: 1.00pt solid #000000; border-right: 1.00pt solid #000000; padding: 0cm 0.12cm;\" width=\"68\" height=\"10\">\n<p class=\"western\" lang=\"es-PE\"><span style=\"color: #000000;\"><span style=\"font-family: Calibri, serif;\"><span lang=\"es-ES\">ALITALIA<\/span><\/span> <\/span><\/p>\n<\/td>\n<td style=\"border-top: none; border-bottom: 1.00pt solid #000000; border-left: none; border-right: 1.00pt solid #000000; padding: 0cm 0.12cm 0cm 0cm;\" width=\"70\">\n<p class=\"western\" lang=\"es-PE\" align=\"center\"><span style=\"color: #000000;\"><span style=\"font-family: Calibri, serif;\"><span lang=\"es-ES\">AZ 204<\/span><\/span> <\/span><\/p>\n<\/td>\n<td style=\"border-top: none; border-bottom: 1.00pt solid #000000; border-left: none; border-right: 1.00pt solid #000000; padding: 0cm 0.12cm 0cm 0cm;\" width=\"48\">\n<p class=\"western\" lang=\"es-PE\" align=\"center\"><span style=\"color: #000000;\"><span style=\"font-family: Calibri, serif;\"><span lang=\"es-ES\">ROMA<\/span><\/span> <\/span><\/p>\n<\/td>\n<td style=\"border-top: none; border-bottom: 1.00pt solid #000000; border-left: none; border-right: 1.00pt solid #000000; padding: 0cm 0.12cm 0cm 0cm;\" width=\"157\">\n<p class=\"western\" lang=\"es-PE\" align=\"center\"><span style=\"color: #000000;\"><span style=\"font-family: Calibri, serif;\"><span lang=\"es-ES\">LONDRES<\/span><\/span> <\/span><\/p>\n<\/td>\n<td style=\"border-top: none; border-bottom: 1.00pt solid #000000; border-left: none; border-right: 1.00pt solid #000000; padding: 0cm 0.12cm 0cm 0cm;\" width=\"43\">\n<p class=\"western\" lang=\"es-PE\" align=\"center\"><span style=\"color: #000000;\"><span style=\"font-family: Calibri, serif;\"><span lang=\"es-ES\">14:15<\/span><\/span> <\/span><\/p>\n<\/td>\n<td style=\"border-top: none; border-bottom: 1.00pt solid #000000; border-left: none; border-right: 1.00pt solid #000000; padding: 0cm 0.12cm 0cm 0cm;\" width=\"54\">\n<p class=\"western\" lang=\"es-PE\" align=\"center\"><span style=\"color: #000000;\"><span style=\"font-family: Calibri, serif;\"><span lang=\"es-ES\">16:05<\/span><\/span> <\/span><\/p>\n<\/td>\n<\/tr>\n<tr valign=\"bottom\">\n<td style=\"border-top: none; border-bottom: 1.00pt solid #000000; border-left: 1.00pt solid #000000; border-right: 1.00pt solid #000000; padding: 0cm 0.12cm;\" width=\"68\" height=\"10\">\n<p class=\"western\" lang=\"es-PE\"><span style=\"color: #000000;\"><span style=\"font-family: Calibri, serif;\"><span lang=\"es-ES\">ALITALIA<\/span><\/span> <\/span><\/p>\n<\/td>\n<td style=\"border-top: none; border-bottom: 1.00pt solid #000000; border-left: none; border-right: 1.00pt solid #000000; padding: 0cm 0.12cm 0cm 0cm;\" width=\"70\">\n<p class=\"western\" lang=\"es-PE\" align=\"center\"><span style=\"color: #000000;\"><span style=\"font-family: Calibri, serif;\"><span lang=\"es-ES\">AZ 160<\/span><\/span> <\/span><\/p>\n<\/td>\n<td style=\"border-top: none; border-bottom: 1.00pt solid #000000; border-left: none; border-right: 1.00pt solid #000000; padding: 0cm 0.12cm 0cm 0cm;\" width=\"48\">\n<p class=\"western\" lang=\"es-PE\" align=\"center\"><span style=\"color: #000000;\"><span style=\"font-family: Calibri, serif;\"><span lang=\"es-ES\">ROMA<\/span><\/span> <\/span><\/p>\n<\/td>\n<td style=\"border-top: none; border-bottom: 1.00pt solid #000000; border-left: none; border-right: 1.00pt solid #000000; padding: 0cm 0.12cm 0cm 0cm;\" width=\"157\">\n<p class=\"western\" lang=\"es-PE\" align=\"center\"><span style=\"color: #000000;\"><span style=\"font-family: Calibri, serif;\"><span lang=\"es-ES\">BRUSSELS<\/span><\/span> <\/span><\/p>\n<\/td>\n<td style=\"border-top: none; border-bottom: 1.00pt solid #000000; border-left: none; border-right: 1.00pt solid #000000; padding: 0cm 0.12cm 0cm 0cm;\" width=\"43\">\n<p class=\"western\" lang=\"es-PE\" align=\"center\"><span style=\"color: #000000;\"><span style=\"font-family: Calibri, serif;\"><span lang=\"es-ES\">14:40<\/span><\/span> <\/span><\/p>\n<\/td>\n<td style=\"border-top: none; border-bottom: 1.00pt solid #000000; border-left: none; border-right: 1.00pt solid #000000; padding: 0cm 0.12cm 0cm 0cm;\" width=\"54\">\n<p class=\"western\" lang=\"es-PE\" align=\"center\"><span style=\"color: #000000;\"><span style=\"font-family: Calibri, serif;\"><span lang=\"es-ES\">16:55<\/span><\/span> <\/span><\/p>\n<\/td>\n<\/tr>\n<tr valign=\"bottom\">\n<td style=\"border-top: none; border-bottom: 1.00pt solid #000000; border-left: 1.00pt solid #000000; border-right: 1.00pt solid #000000; padding: 0cm 0.12cm;\" width=\"68\" height=\"10\">\n<p class=\"western\" lang=\"es-PE\"><span style=\"color: #000000;\"><span style=\"font-family: Calibri, serif;\"><span lang=\"es-ES\">ALITALIA<\/span><\/span> <\/span><\/p>\n<\/td>\n<td style=\"border-top: none; border-bottom: 1.00pt solid #000000; border-left: none; border-right: 1.00pt solid #000000; padding: 0cm 0.12cm 0cm 0cm;\" width=\"70\">\n<p class=\"western\" lang=\"es-PE\" align=\"center\"><span style=\"color: #000000;\"><span style=\"font-family: Calibri, serif;\"><span lang=\"es-ES\">AZ 324<\/span><\/span> <\/span><\/p>\n<\/td>\n<td style=\"border-top: none; border-bottom: 1.00pt solid #000000; border-left: none; border-right: 1.00pt solid #000000; padding: 0cm 0.12cm 0cm 0cm;\" width=\"48\">\n<p class=\"western\" lang=\"es-PE\" align=\"center\"><span style=\"color: #000000;\"><span style=\"font-family: Calibri, serif;\"><span lang=\"es-ES\">ROMA<\/span><\/span> <\/span><\/p>\n<\/td>\n<td style=\"border-top: none; border-bottom: 1.00pt solid #000000; border-left: none; border-right: 1.00pt solid #000000; padding: 0cm 0.12cm 0cm 0cm;\" width=\"157\">\n<p class=\"western\" lang=\"es-PE\" align=\"center\"><span style=\"color: #000000;\"><span style=\"font-family: Calibri, serif;\"><span lang=\"es-ES\">PARIS (Charles de Gaulle)<\/span><\/span> <\/span><\/p>\n<\/td>\n<td style=\"border-top: none; border-bottom: 1.00pt solid #000000; border-left: none; border-right: 1.00pt solid #000000; padding: 0cm 0.12cm 0cm 0cm;\" width=\"43\">\n<p class=\"western\" lang=\"es-PE\" align=\"center\"><span style=\"color: #000000;\"><span style=\"font-family: Calibri, serif;\"><span lang=\"es-ES\">15:15<\/span><\/span> <\/span><\/p>\n<\/td>\n<td style=\"border-top: none; border-bottom: 1.00pt solid #000000; border-left: none; border-right: 1.00pt solid #000000; padding: 0cm 0.12cm 0cm 0cm;\" width=\"54\">\n<p class=\"western\" lang=\"es-PE\" align=\"center\"><span style=\"color: #000000;\"><span style=\"font-family: Calibri, serif;\"><span lang=\"es-ES\">17:25<\/span><\/span> <\/span><\/p>\n<\/td>\n<\/tr>\n<tr valign=\"bottom\">\n<td style=\"border-top: none; border-bottom: 1.00pt solid #000000; border-left: 1.00pt solid #000000; border-right: 1.00pt solid #000000; padding: 0cm 0.12cm;\" width=\"68\" height=\"10\">\n<p class=\"western\" lang=\"es-PE\"><span style=\"color: #000000;\"><span style=\"font-family: Calibri, serif;\"><span lang=\"es-ES\">ALITALIA<\/span><\/span> <\/span><\/p>\n<\/td>\n<td style=\"border-top: none; border-bottom: 1.00pt solid #000000; border-left: none; border-right: 1.00pt solid #000000; padding: 0cm 0.12cm 0cm 0cm;\" width=\"70\">\n<p class=\"western\" lang=\"es-PE\" align=\"center\"><span style=\"color: #000000;\"><span style=\"font-family: Calibri, serif;\"><span lang=\"es-ES\">AZ 436<\/span><\/span> <\/span><\/p>\n<\/td>\n<td style=\"border-top: none; border-bottom: 1.00pt solid #000000; border-left: none; border-right: 1.00pt solid #000000; padding: 0cm 0.12cm 0cm 0cm;\" width=\"48\">\n<p class=\"western\" lang=\"es-PE\" align=\"center\"><span style=\"color: #000000;\"><span style=\"font-family: Calibri, serif;\"><span lang=\"es-ES\">ROMA<\/span><\/span> <\/span><\/p>\n<\/td>\n<td style=\"border-top: none; border-bottom: 1.00pt solid #000000; border-left: none; border-right: 1.00pt solid #000000; padding: 0cm 0.12cm 0cm 0cm;\" width=\"157\">\n<p class=\"western\" lang=\"es-PE\" align=\"center\"><span style=\"color: #000000;\"><span style=\"font-family: Calibri, serif;\"><span lang=\"es-ES\">MUNICH<\/span><\/span> <\/span><\/p>\n<\/td>\n<td style=\"border-top: none; border-bottom: 1.00pt solid #000000; border-left: none; border-right: 1.00pt solid #000000; padding: 0cm 0.12cm 0cm 0cm;\" width=\"43\">\n<p class=\"western\" lang=\"es-PE\" align=\"center\"><span style=\"color: #000000;\"><span style=\"font-family: Calibri, serif;\"><span lang=\"es-ES\">15:35<\/span><\/span> <\/span><\/p>\n<\/td>\n<td style=\"border-top: none; border-bottom: 1.00pt solid #000000; border-left: none; border-right: 1.00pt solid #000000; padding: 0cm 0.12cm 0cm 0cm;\" width=\"54\">\n<p class=\"western\" lang=\"es-PE\" align=\"center\"><span style=\"color: #000000;\"><span style=\"font-family: Calibri, serif;\"><span lang=\"es-ES\">17:10<\/span><\/span> <\/span><\/p>\n<\/td>\n<\/tr>\n<tr valign=\"bottom\">\n<td style=\"border-top: none; border-bottom: 1.00pt solid #000000; border-left: 1.00pt solid #000000; border-right: 1.00pt solid #000000; padding: 0cm 0.12cm;\" width=\"68\" height=\"10\">\n<p class=\"western\" lang=\"es-PE\"><span style=\"color: #000000;\"><span style=\"font-family: Calibri, serif;\"><span lang=\"es-ES\">ALITALIA<\/span><\/span> <\/span><\/p>\n<\/td>\n<td style=\"border-top: none; border-bottom: 1.00pt solid #000000; border-left: none; border-right: 1.00pt solid #000000; padding: 0cm 0.12cm 0cm 0cm;\" width=\"70\">\n<p class=\"western\" lang=\"es-PE\" align=\"center\"><span style=\"color: #000000;\"><span style=\"font-family: Calibri, serif;\"><span lang=\"es-ES\">AZ 208<\/span><\/span> <\/span><\/p>\n<\/td>\n<td style=\"border-top: none; border-bottom: 1.00pt solid #000000; border-left: none; border-right: 1.00pt solid #000000; padding: 0cm 0.12cm 0cm 0cm;\" width=\"48\">\n<p class=\"western\" lang=\"es-PE\" align=\"center\"><span style=\"color: #000000;\"><span style=\"font-family: Calibri, serif;\"><span lang=\"es-ES\">ROMA<\/span><\/span> <\/span><\/p>\n<\/td>\n<td style=\"border-top: none; border-bottom: 1.00pt solid #000000; border-left: none; border-right: 1.00pt solid #000000; padding: 0cm 0.12cm 0cm 0cm;\" width=\"157\">\n<p class=\"western\" lang=\"es-PE\" align=\"center\"><span style=\"color: #000000;\"><span style=\"font-family: Calibri, serif;\"><span lang=\"es-ES\">LONDRES<\/span><\/span> <\/span><\/p>\n<\/td>\n<td style=\"border-top: none; border-bottom: 1.00pt solid #000000; border-left: none; border-right: 1.00pt solid #000000; padding: 0cm 0.12cm 0cm 0cm;\" width=\"43\">\n<p class=\"western\" lang=\"es-PE\" align=\"center\"><span style=\"color: #000000;\"><span style=\"font-family: Calibri, serif;\"><span lang=\"es-ES\">17:20<\/span><\/span> <\/span><\/p>\n<\/td>\n<td style=\"border-top: none; border-bottom: 1.00pt solid #000000; border-left: none; border-right: 1.00pt solid #000000; padding: 0cm 0.12cm 0cm 0cm;\" width=\"54\">\n<p class=\"western\" lang=\"es-PE\" align=\"center\"><span style=\"color: #000000;\"><span style=\"font-family: Calibri, serif;\"><span lang=\"es-ES\">19:10<\/span><\/span> <\/span><\/p>\n<\/td>\n<\/tr>\n<tr valign=\"bottom\">\n<td style=\"border-top: none; border-bottom: 1.00pt solid #000000; border-left: 1.00pt solid #000000; border-right: 1.00pt solid #000000; padding: 0cm 0.12cm;\" width=\"68\" height=\"10\">\n<p class=\"western\" lang=\"es-PE\"><span style=\"color: #000000;\"><span style=\"font-family: Calibri, serif;\"><span lang=\"es-ES\">ALITALIA<\/span><\/span> <\/span><\/p>\n<\/td>\n<td style=\"border-top: none; border-bottom: 1.00pt solid #000000; border-left: none; border-right: 1.00pt solid #000000; padding: 0cm 0.12cm 0cm 0cm;\" width=\"70\">\n<p class=\"western\" lang=\"es-PE\" align=\"center\"><span style=\"color: #000000;\"><span style=\"font-family: Calibri, serif;\"><span lang=\"es-ES\">AZ 1795<\/span><\/span> <\/span><\/p>\n<\/td>\n<td style=\"border-top: none; border-bottom: 1.00pt solid #000000; border-left: none; border-right: 1.00pt solid #000000; padding: 0cm 0.12cm 0cm 0cm;\" width=\"48\">\n<p class=\"western\" lang=\"es-PE\" align=\"center\"><span style=\"color: #000000;\"><span style=\"font-family: Calibri, serif;\"><span lang=\"es-ES\">ROMA<\/span><\/span> <\/span><\/p>\n<\/td>\n<td style=\"border-top: none; border-bottom: 1.00pt solid #000000; border-left: none; border-right: 1.00pt solid #000000; padding: 0cm 0.12cm 0cm 0cm;\" width=\"157\">\n<p class=\"western\" lang=\"es-PE\" align=\"center\"><span style=\"color: #000000;\"><span style=\"font-family: Calibri, serif;\"><span lang=\"es-ES\">PALERMO<\/span><\/span> <\/span><\/p>\n<\/td>\n<td style=\"border-top: none; border-bottom: 1.00pt solid #000000; border-left: none; border-right: 1.00pt solid #000000; padding: 0cm 0.12cm 0cm 0cm;\" width=\"43\">\n<p class=\"western\" lang=\"es-PE\" align=\"center\"><span style=\"color: #000000;\"><span style=\"font-family: Calibri, serif;\"><span lang=\"es-ES\">1725<\/span><\/span> <\/span><\/p>\n<\/td>\n<td style=\"border-top: none; border-bottom: 1.00pt solid #000000; border-left: none; border-right: 1.00pt solid #000000; padding: 0cm 0.12cm 0cm 0cm;\" width=\"54\">\n<p class=\"western\" lang=\"es-PE\" align=\"center\"><span style=\"color: #000000;\"><span style=\"font-family: Calibri, serif;\"><span lang=\"es-ES\">1830<\/span><\/span> <\/span><\/p>\n<\/td>\n<\/tr>\n<tr valign=\"bottom\">\n<td style=\"border-top: none; border-bottom: 1.00pt solid #000000; border-left: 1.00pt solid #000000; border-right: 1.00pt solid #000000; padding: 0cm 0.12cm;\" width=\"68\" height=\"10\">\n<p class=\"western\" lang=\"es-PE\"><span style=\"color: #000000;\"><span style=\"font-family: Calibri, serif;\"><span lang=\"es-ES\">ALITALIA<\/span><\/span> <\/span><\/p>\n<\/td>\n<td style=\"border-top: none; border-bottom: 1.00pt solid #000000; border-left: none; border-right: 1.00pt solid #000000; padding: 0cm 0.12cm 0cm 0cm;\" width=\"70\">\n<p class=\"western\" lang=\"es-PE\" align=\"center\"><span style=\"color: #000000;\"><span style=\"font-family: Calibri, serif;\"><span lang=\"es-ES\">AZ1167<\/span><\/span> <\/span><\/p>\n<\/td>\n<td style=\"border-top: none; border-bottom: 1.00pt solid #000000; border-left: none; border-right: 1.00pt solid #000000; padding: 0cm 0.12cm 0cm 0cm;\" width=\"48\">\n<p class=\"western\" lang=\"es-PE\" align=\"center\"><span style=\"color: #000000;\"><span style=\"font-family: Calibri, serif;\"><span lang=\"es-ES\">ROMA<\/span><\/span> <\/span><\/p>\n<\/td>\n<td style=\"border-top: none; border-bottom: 1.00pt solid #000000; border-left: none; border-right: 1.00pt solid #000000; padding: 0cm 0.12cm 0cm 0cm;\" width=\"157\">\n<p class=\"western\" lang=\"es-PE\" align=\"center\"><span style=\"color: #000000;\"><span style=\"font-family: Calibri, serif;\"><span lang=\"es-ES\">LAMEZIA TERME\u00a0<\/span><\/span> <\/span><\/p>\n<\/td>\n<td style=\"border-top: none; border-bottom: 1.00pt solid #000000; border-left: none; border-right: 1.00pt solid #000000; padding: 0cm 0.12cm 0cm 0cm;\" width=\"43\">\n<p class=\"western\" lang=\"es-PE\" align=\"center\"><span style=\"color: #000000;\"><span style=\"font-family: Calibri, serif;\"><span lang=\"es-ES\">1725<\/span><\/span> <\/span><\/p>\n<\/td>\n<td style=\"border-top: none; border-bottom: 1.00pt solid #000000; border-left: none; border-right: 1.00pt solid #000000; padding: 0cm 0.12cm 0cm 0cm;\" width=\"54\">\n<p class=\"western\" lang=\"es-PE\" align=\"center\"><span style=\"color: #000000;\"><span style=\"font-family: Calibri, serif;\"><span lang=\"es-ES\">1830<\/span><\/span> <\/span><\/p>\n<\/td>\n<\/tr>\n<tr valign=\"bottom\">\n<td style=\"border-top: none; border-bottom: 1.00pt solid #000000; border-left: 1.00pt solid #000000; border-right: 1.00pt solid #000000; padding: 0cm 0.12cm;\" width=\"68\" height=\"10\">\n<p class=\"western\" lang=\"es-PE\"><span style=\"color: #000000;\"><span style=\"font-family: Calibri, serif;\"><span lang=\"es-ES\">ALITALIA<\/span><\/span> <\/span><\/p>\n<\/td>\n<td style=\"border-top: none; border-bottom: 1.00pt solid #000000; border-left: none; border-right: 1.00pt solid #000000; padding: 0cm 0.12cm 0cm 0cm;\" width=\"70\">\n<p class=\"western\" lang=\"es-PE\" align=\"center\"><span style=\"color: #000000;\"><span style=\"font-family: Calibri, serif;\"><span lang=\"es-ES\">AZ1733<\/span><\/span> <\/span><\/p>\n<\/td>\n<td style=\"border-top: none; border-bottom: 1.00pt solid #000000; border-left: none; border-right: 1.00pt solid #000000; padding: 0cm 0.12cm 0cm 0cm;\" width=\"48\">\n<p class=\"western\" lang=\"es-PE\" align=\"center\"><span style=\"color: #000000;\"><span style=\"font-family: Calibri, serif;\"><span lang=\"es-ES\">ROMA<\/span><\/span> <\/span><\/p>\n<\/td>\n<td style=\"border-top: none; border-bottom: 1.00pt solid #000000; border-left: none; border-right: 1.00pt solid #000000; padding: 0cm 0.12cm 0cm 0cm;\" width=\"157\">\n<p class=\"western\" lang=\"es-PE\" align=\"center\"><span style=\"color: #000000;\"><span style=\"font-family: Calibri, serif;\"><span lang=\"es-ES\">CATANIA<\/span><\/span> <\/span><\/p>\n<\/td>\n<td style=\"border-top: none; border-bottom: 1.00pt solid #000000; border-left: none; border-right: 1.00pt solid #000000; padding: 0cm 0.12cm 0cm 0cm;\" width=\"43\">\n<p class=\"western\" lang=\"es-PE\" align=\"center\"><span style=\"color: #000000;\"><span style=\"font-family: Calibri, serif;\"><span lang=\"es-ES\">1725<\/span><\/span> <\/span><\/p>\n<\/td>\n<td style=\"border-top: none; border-bottom: 1.00pt solid #000000; border-left: none; border-right: 1.00pt solid #000000; padding: 0cm 0.12cm 0cm 0cm;\" width=\"54\">\n<p class=\"western\" lang=\"es-PE\" align=\"center\"><span style=\"color: #000000;\"><span style=\"font-family: Calibri, serif;\"><span lang=\"es-ES\">1840<\/span><\/span> <\/span><\/p>\n<\/td>\n<\/tr>\n<tr valign=\"bottom\">\n<td style=\"border-top: none; border-bottom: 1.00pt solid #000000; border-left: 1.00pt solid #000000; border-right: 1.00pt solid #000000; padding: 0cm 0.12cm;\" width=\"68\" height=\"10\">\n<p class=\"western\" lang=\"es-PE\"><span style=\"color: #000000;\"><span style=\"font-family: Calibri, serif;\"><span lang=\"es-ES\">ALITALIA<\/span><\/span> <\/span><\/p>\n<\/td>\n<td style=\"border-top: none; border-bottom: 1.00pt solid #000000; border-left: none; border-right: 1.00pt solid #000000; padding: 0cm 0.12cm 0cm 0cm;\" width=\"70\">\n<p class=\"western\" lang=\"es-PE\" align=\"center\"><span style=\"color: #000000;\"><span style=\"font-family: Calibri, serif;\"><span lang=\"es-ES\">AZ1271<\/span><\/span> <\/span><\/p>\n<\/td>\n<td style=\"border-top: none; border-bottom: 1.00pt solid #000000; border-left: none; border-right: 1.00pt solid #000000; padding: 0cm 0.12cm 0cm 0cm;\" width=\"48\">\n<p class=\"western\" lang=\"es-PE\" align=\"center\"><span style=\"color: #000000;\"><span style=\"font-family: Calibri, serif;\"><span lang=\"es-ES\">ROMA<\/span><\/span> <\/span><\/p>\n<\/td>\n<td style=\"border-top: none; border-bottom: 1.00pt solid #000000; border-left: none; border-right: 1.00pt solid #000000; padding: 0cm 0.12cm 0cm 0cm;\" width=\"157\">\n<p class=\"western\" lang=\"es-PE\" align=\"center\"><span style=\"color: #000000;\"><span style=\"font-family: Calibri, serif;\"><span lang=\"es-ES\">NAPOLES<\/span><\/span> <\/span><\/p>\n<\/td>\n<td style=\"border-top: none; border-bottom: 1.00pt solid #000000; border-left: none; border-right: 1.00pt solid #000000; padding: 0cm 0.12cm 0cm 0cm;\" width=\"43\">\n<p class=\"western\" lang=\"es-PE\" align=\"center\"><span style=\"color: #000000;\"><span style=\"font-family: Calibri, serif;\"><span lang=\"es-ES\">1730<\/span><\/span> <\/span><\/p>\n<\/td>\n<td style=\"border-top: none; border-bottom: 1.00pt solid #000000; border-left: none; border-right: 1.00pt solid #000000; padding: 0cm 0.12cm 0cm 0cm;\" width=\"54\">\n<p class=\"western\" lang=\"es-PE\" align=\"center\"><span style=\"color: #000000;\"><span style=\"font-family: Calibri, serif;\"><span lang=\"es-ES\">1820<\/span><\/span> <\/span><\/p>\n<\/td>\n<\/tr>\n<tr valign=\"bottom\">\n<td style=\"border-top: none; border-bottom: 1.00pt solid #000000; border-left: 1.00pt solid #000000; border-right: 1.00pt solid #000000; padding: 0cm 0.12cm;\" width=\"68\" height=\"10\">\n<p class=\"western\" lang=\"es-PE\"><span style=\"color: #000000;\"><span style=\"font-family: Calibri, serif;\"><span lang=\"es-ES\">ALITALIA<\/span><\/span> <\/span><\/p>\n<\/td>\n<td style=\"border-top: none; border-bottom: 1.00pt solid #000000; border-left: none; border-right: 1.00pt solid #000000; padding: 0cm 0.12cm 0cm 0cm;\" width=\"70\">\n<p class=\"western\" lang=\"es-PE\" align=\"center\"><span style=\"color: #000000;\"><span style=\"font-family: Calibri, serif;\"><span lang=\"es-ES\">AZ1030<\/span><\/span> <\/span><\/p>\n<\/td>\n<td style=\"border-top: none; border-bottom: 1.00pt solid #000000; border-left: none; border-right: 1.00pt solid #000000; padding: 0cm 0.12cm 0cm 0cm;\" width=\"48\">\n<p class=\"western\" lang=\"es-PE\" align=\"center\"><span style=\"color: #000000;\"><span style=\"font-family: Calibri, serif;\"><span lang=\"es-ES\">ROMA<\/span><\/span> <\/span><\/p>\n<\/td>\n<td style=\"border-top: none; border-bottom: 1.00pt solid #000000; border-left: none; border-right: 1.00pt solid #000000; padding: 0cm 0.12cm 0cm 0cm;\" width=\"157\">\n<p class=\"western\" lang=\"es-PE\" align=\"center\"><span style=\"color: #000000;\"><span style=\"font-family: Calibri, serif;\"><span lang=\"es-ES\">MILAN<\/span><\/span> <\/span><\/p>\n<\/td>\n<td style=\"border-top: none; border-bottom: 1.00pt solid #000000; border-left: none; border-right: 1.00pt solid #000000; padding: 0cm 0.12cm 0cm 0cm;\" width=\"43\">\n<p class=\"western\" lang=\"es-PE\" align=\"center\"><span style=\"color: #000000;\"><span style=\"font-family: Calibri, serif;\"><span lang=\"es-ES\">2140<\/span><\/span> <\/span><\/p>\n<\/td>\n<td style=\"border-top: none; border-bottom: 1.00pt solid #000000; border-left: none; border-right: 1.00pt solid #000000; padding: 0cm 0.12cm 0cm 0cm;\" width=\"54\">\n<p class=\"western\" lang=\"es-PE\" align=\"center\"><span style=\"color: #000000;\"><span style=\"font-family: Calibri, serif;\"><span lang=\"es-ES\">2255<\/span><\/span> <\/span><\/p>\n<\/td>\n<\/tr>\n<tr valign=\"bottom\">\n<td style=\"border-top: none; border-bottom: 1.00pt solid #000000; border-left: 1.00pt solid #000000; border-right: 1.00pt solid #000000; padding: 0cm 0.12cm;\" width=\"68\" height=\"9\">\n<p class=\"western\" lang=\"es-PE\"><span style=\"color: #000000;\"><span style=\"font-family: Calibri, serif;\"><span lang=\"es-ES\">ALITALIA<\/span><\/span> <\/span><\/p>\n<\/td>\n<td style=\"border-top: none; border-bottom: 1.00pt solid #000000; border-left: none; border-right: 1.00pt solid #000000; padding: 0cm 0.12cm 0cm 0cm;\" width=\"70\">\n<p class=\"western\" lang=\"es-PE\" align=\"center\"><span style=\"color: #000000;\"><span style=\"font-family: Calibri, serif;\"><span lang=\"es-ES\">AZ1599<\/span><\/span> <\/span><\/p>\n<\/td>\n<td style=\"border-top: none; border-bottom: 1.00pt solid #000000; border-left: none; border-right: 1.00pt solid #000000; padding: 0cm 0.12cm 0cm 0cm;\" width=\"48\">\n<p class=\"western\" lang=\"es-PE\" align=\"center\"><span style=\"color: #000000;\"><span style=\"font-family: Calibri, serif;\"><span lang=\"es-ES\">ROMA<\/span><\/span> <\/span><\/p>\n<\/td>\n<td style=\"border-top: none; border-bottom: 1.00pt solid #000000; border-left: none; border-right: 1.00pt solid #000000; padding: 0cm 0.12cm 0cm 0cm;\" width=\"157\">\n<p class=\"western\" lang=\"es-PE\" align=\"center\"><span style=\"color: #000000;\"><span style=\"font-family: Calibri, serif;\"><span lang=\"es-ES\">CAGLIARI<\/span><\/span> <\/span><\/p>\n<\/td>\n<td style=\"border-top: none; border-bottom: 1.00pt solid #000000; border-left: none; border-right: 1.00pt solid #000000; padding: 0cm 0.12cm 0cm 0cm;\" width=\"43\">\n<p class=\"western\" lang=\"es-PE\" align=\"center\"><span style=\"color: #000000;\"><span style=\"font-family: Calibri, serif;\"><span lang=\"es-ES\">2150<\/span><\/span> <\/span><\/p>\n<\/td>\n<td style=\"border-top: none; border-bottom: 1.00pt solid #000000; border-left: none; border-right: 1.00pt solid #000000; padding: 0cm 0.12cm 0cm 0cm;\" width=\"54\">\n<p class=\"western\" lang=\"es-PE\" align=\"center\"><span style=\"color: #000000;\"><span style=\"font-family: Calibri, serif;\"><span lang=\"es-ES\">2255<\/span><\/span> <\/span><\/p>\n<\/td>\n<\/tr>\n<\/tbody>\n<\/table>\n<p class=\"western\" style=\"margin-bottom: 0.28cm; line-height: 0.41cm; background: #ffffff; text-align: justify;\"><span style=\"color: #212121;\"><span style=\"font-family: Calibri, serif;\">Si ricorda che i bagagli permessi su questi voli operati da Alitalia sono 1 valigia in stiva di 23 kg max + un bagaglio a mano da 10 kg ( medidas 55x25x35cm).<\/span><\/span><\/p>\n<p class=\"western\" style=\"margin-bottom: 0.28cm; line-height: 0.41cm; background: #ffffff; text-align: justify;\"><span style=\"color: #212121;\"><span style=\"font-family: Calibri, serif;\">In classe business 2 valigie in stiva e 2 bagagli a mano <\/span><\/span><\/p>\n<p class=\"western\" style=\"margin-bottom: 0.28cm; line-height: 0.41cm; background: #ffffff; text-align: justify;\"><span style=\"color: #212121;\"><span style=\"font-family: Calibri, serif;\">Si ricorda che durante tutti i voli bisognera\u2019 indossare la mascherina .<\/span><\/span><\/p>\n<table class=\"MsoNormalTable\" style=\"width: 572px; border-collapse: collapse;\" border=\"0\" cellspacing=\"0\" cellpadding=\"0\">\n<tbody>\n<tr style=\"mso-yfti-irow: 0; mso-yfti-firstrow: yes; height: 15.75pt;\">\n<td style=\"width: 70.65pt; border: solid windowtext 1.0pt; mso-border-alt: solid windowtext .5pt; background: white; padding: 0cm 3.5pt 0cm 3.5pt; height: 15.75pt;\" valign=\"bottom\" nowrap=\"nowrap\" width=\"94\">\n<p class=\"MsoNormal\" style=\"margin-bottom: .0001pt; line-height: normal;\"><span style=\"mso-ascii-font-family: Calibri; mso-fareast-font-family: 'Times New Roman'; mso-hansi-font-family: Calibri; mso-bidi-font-family: Calibri; color: black; mso-ansi-language: ES; mso-fareast-language: ES;\">Francia<\/span><\/p>\n<\/td>\n<td style=\"width: 104.35pt; border: solid windowtext 1.0pt; border-left: none; mso-border-top-alt: solid windowtext .5pt; mso-border-bottom-alt: solid windowtext .5pt; mso-border-right-alt: solid windowtext .5pt; background: white; padding: 0cm 3.5pt 0cm 3.5pt; height: 15.75pt;\" valign=\"bottom\" nowrap=\"nowrap\" width=\"139\">\n<p class=\"MsoNormal\" style=\"margin-bottom: .0001pt; text-align: center; line-height: normal;\" align=\"center\"><span style=\"mso-ascii-font-family: Calibri; mso-fareast-font-family: 'Times New Roman'; mso-hansi-font-family: Calibri; mso-bidi-font-family: Calibri; color: black; mso-ansi-language: ES; mso-fareast-language: ES;\">Lima<\/span><\/p>\n<\/td>\n<td style=\"width: 70.0pt; border: solid windowtext 1.0pt; border-left: none; mso-border-top-alt: solid windowtext .5pt; mso-border-bottom-alt: solid windowtext .5pt; mso-border-right-alt: solid windowtext .5pt; background: white; padding: 0cm 3.5pt 0cm 3.5pt; height: 15.75pt;\" valign=\"bottom\" nowrap=\"nowrap\" width=\"93\">\n<p class=\"MsoNormal\" style=\"margin-bottom: .0001pt; text-align: center; line-height: normal;\" align=\"center\"><span style=\"mso-ascii-font-family: Calibri; mso-fareast-font-family: 'Times New Roman'; mso-hansi-font-family: Calibri; mso-bidi-font-family: Calibri; color: black; mso-ansi-language: ES; mso-fareast-language: ES;\">Parigi<\/span><\/p>\n<\/td>\n<td style=\"width: 78.0pt; border: solid windowtext 1.0pt; border-left: none; mso-border-top-alt: solid windowtext .5pt; mso-border-bottom-alt: solid windowtext .5pt; mso-border-right-alt: solid windowtext .5pt; background: white; padding: 0cm 3.5pt 0cm 3.5pt; height: 15.75pt;\" valign=\"bottom\" nowrap=\"nowrap\" width=\"104\">\n<p class=\"MsoNormal\" style=\"margin-bottom: .0001pt; text-align: center; line-height: normal;\" align=\"center\"><span style=\"mso-ascii-font-family: Calibri; mso-fareast-font-family: 'Times New Roman'; mso-hansi-font-family: Calibri; mso-bidi-font-family: Calibri; color: black; mso-ansi-language: ES; mso-fareast-language: ES;\">Air France<\/span><\/p>\n<\/td>\n<td style=\"width: 106.0pt; border: solid windowtext 1.0pt; border-left: none; mso-border-top-alt: solid windowtext .5pt; mso-border-bottom-alt: solid windowtext .5pt; mso-border-right-alt: solid windowtext .5pt; background: #B8CCE4; padding: 0cm 3.5pt 0cm 3.5pt; height: 15.75pt;\" nowrap=\"nowrap\" width=\"141\">\n<p class=\"MsoNormal\" style=\"margin-bottom: .0001pt; text-align: center; line-height: normal;\" align=\"center\"><span style=\"mso-ascii-font-family: Calibri; mso-fareast-font-family: 'Times New Roman'; mso-hansi-font-family: Calibri; mso-bidi-font-family: Calibri; color: black; mso-ansi-language: ES; mso-fareast-language: ES;\">28\/08\/2020<\/span><\/p>\n<\/td>\n<\/tr>\n<tr style=\"mso-yfti-irow: 1; height: 15.75pt;\">\n<td style=\"width: 70.65pt; border: solid windowtext 1.0pt; border-top: none; mso-border-left-alt: solid windowtext .5pt; mso-border-bottom-alt: solid windowtext .5pt; mso-border-right-alt: solid windowtext .5pt; background: white; padding: 0cm 3.5pt 0cm 3.5pt; height: 15.75pt;\" valign=\"bottom\" nowrap=\"nowrap\" width=\"94\">\n<p class=\"MsoNormal\" style=\"margin-bottom: .0001pt; line-height: normal;\"><span style=\"mso-ascii-font-family: Calibri; mso-fareast-font-family: 'Times New Roman'; mso-hansi-font-family: Calibri; mso-bidi-font-family: Calibri; color: black; mso-ansi-language: ES; mso-fareast-language: ES;\">Spagna<\/span><\/p>\n<\/td>\n<td style=\"width: 104.35pt; border-top: none; border-left: none; border-bottom: solid windowtext 1.0pt; border-right: solid windowtext 1.0pt; mso-border-bottom-alt: solid windowtext .5pt; mso-border-right-alt: solid windowtext .5pt; background: white; padding: 0cm 3.5pt 0cm 3.5pt; height: 15.75pt;\" valign=\"bottom\" nowrap=\"nowrap\" width=\"139\">\n<p class=\"MsoNormal\" style=\"margin-bottom: .0001pt; text-align: center; line-height: normal;\" align=\"center\"><span style=\"mso-ascii-font-family: Calibri; mso-fareast-font-family: 'Times New Roman'; mso-hansi-font-family: Calibri; mso-bidi-font-family: Calibri; color: black; mso-ansi-language: ES; mso-fareast-language: ES;\">Madrid<\/span><\/p>\n<\/td>\n<td style=\"width: 70.0pt; border-top: none; border-left: none; border-bottom: solid windowtext 1.0pt; border-right: solid windowtext 1.0pt; mso-border-bottom-alt: solid windowtext .5pt; mso-border-right-alt: solid windowtext .5pt; background: white; padding: 0cm 3.5pt 0cm 3.5pt; height: 15.75pt;\" valign=\"bottom\" nowrap=\"nowrap\" width=\"93\">\n<p class=\"MsoNormal\" style=\"margin-bottom: .0001pt; text-align: center; line-height: normal;\" align=\"center\"><span style=\"mso-ascii-font-family: Calibri; mso-fareast-font-family: 'Times New Roman'; mso-hansi-font-family: Calibri; mso-bidi-font-family: Calibri; color: black; mso-ansi-language: ES; mso-fareast-language: ES;\">Lima<\/span><\/p>\n<\/td>\n<td style=\"width: 78.0pt; border-top: none; border-left: none; border-bottom: solid windowtext 1.0pt; border-right: solid windowtext 1.0pt; mso-border-bottom-alt: solid windowtext .5pt; mso-border-right-alt: solid windowtext .5pt; background: white; padding: 0cm 3.5pt 0cm 3.5pt; height: 15.75pt;\" valign=\"bottom\" nowrap=\"nowrap\" width=\"104\">\n<p class=\"MsoNormal\" style=\"margin-bottom: .0001pt; text-align: center; line-height: normal;\" align=\"center\"><span style=\"mso-ascii-font-family: Calibri; mso-fareast-font-family: 'Times New Roman'; mso-hansi-font-family: Calibri; mso-bidi-font-family: Calibri; color: black; mso-ansi-language: ES; mso-fareast-language: ES;\">Iberia<\/span><\/p>\n<\/td>\n<td style=\"width: 106.0pt; border-top: none; border-left: none; border-bottom: solid windowtext 1.0pt; border-right: solid windowtext 1.0pt; mso-border-bottom-alt: solid windowtext .5pt; mso-border-right-alt: solid windowtext .5pt; background: #FF99FF; padding: 0cm 3.5pt 0cm 3.5pt; height: 15.75pt;\" nowrap=\"nowrap\" width=\"141\">\n<p class=\"MsoNormal\" style=\"margin-bottom: .0001pt; text-align: center; line-height: normal;\" align=\"center\"><span style=\"mso-ascii-font-family: Calibri; mso-fareast-font-family: 'Times New Roman'; mso-hansi-font-family: Calibri; mso-bidi-font-family: Calibri; color: black; mso-ansi-language: ES; mso-fareast-language: ES;\">28\/08\/2020<\/span><\/p>\n<\/td>\n<\/tr>\n<tr style=\"mso-yfti-irow: 2; height: 15.75pt;\">\n<td style=\"width: 70.65pt; border: solid windowtext 1.0pt; border-top: none; mso-border-left-alt: solid windowtext .5pt; mso-border-bottom-alt: solid windowtext .5pt; mso-border-right-alt: solid windowtext .5pt; background: white; padding: 0cm 3.5pt 0cm 3.5pt; height: 15.75pt;\" valign=\"bottom\" nowrap=\"nowrap\" width=\"94\">\n<p class=\"MsoNormal\" style=\"margin-bottom: .0001pt; line-height: normal;\"><span style=\"mso-ascii-font-family: Calibri; mso-fareast-font-family: 'Times New Roman'; mso-hansi-font-family: Calibri; mso-bidi-font-family: Calibri; color: black; mso-ansi-language: ES; mso-fareast-language: ES;\">Spagna<\/span><\/p>\n<\/td>\n<td style=\"width: 104.35pt; border-top: none; border-left: none; border-bottom: solid windowtext 1.0pt; border-right: solid windowtext 1.0pt; mso-border-bottom-alt: solid windowtext .5pt; mso-border-right-alt: solid windowtext .5pt; background: white; padding: 0cm 3.5pt 0cm 3.5pt; height: 15.75pt;\" valign=\"bottom\" nowrap=\"nowrap\" width=\"139\">\n<p class=\"MsoNormal\" style=\"margin-bottom: .0001pt; text-align: center; line-height: normal;\" align=\"center\"><span style=\"mso-ascii-font-family: Calibri; mso-fareast-font-family: 'Times New Roman'; mso-hansi-font-family: Calibri; mso-bidi-font-family: Calibri; color: black; mso-ansi-language: ES; mso-fareast-language: ES;\">Lima<\/span><\/p>\n<\/td>\n<td style=\"width: 70.0pt; border-top: none; border-left: none; border-bottom: solid windowtext 1.0pt; border-right: solid windowtext 1.0pt; mso-border-bottom-alt: solid windowtext .5pt; mso-border-right-alt: solid windowtext .5pt; background: white; padding: 0cm 3.5pt 0cm 3.5pt; height: 15.75pt;\" valign=\"bottom\" nowrap=\"nowrap\" width=\"93\">\n<p class=\"MsoNormal\" style=\"margin-bottom: .0001pt; text-align: center; line-height: normal;\" align=\"center\"><span style=\"mso-ascii-font-family: Calibri; mso-fareast-font-family: 'Times New Roman'; mso-hansi-font-family: Calibri; mso-bidi-font-family: Calibri; color: black; mso-ansi-language: ES; mso-fareast-language: ES;\">Madrid<\/span><\/p>\n<\/td>\n<td style=\"width: 78.0pt; border-top: none; border-left: none; border-bottom: solid windowtext 1.0pt; border-right: solid windowtext 1.0pt; mso-border-bottom-alt: solid windowtext .5pt; mso-border-right-alt: solid windowtext .5pt; background: white; padding: 0cm 3.5pt 0cm 3.5pt; height: 15.75pt;\" valign=\"bottom\" nowrap=\"nowrap\" width=\"104\">\n<p class=\"MsoNormal\" style=\"margin-bottom: .0001pt; text-align: center; line-height: normal;\" align=\"center\"><span style=\"mso-ascii-font-family: Calibri; mso-fareast-font-family: 'Times New Roman'; mso-hansi-font-family: Calibri; mso-bidi-font-family: Calibri; color: black; mso-ansi-language: ES; mso-fareast-language: ES;\">Iberia<\/span><\/p>\n<\/td>\n<td style=\"width: 106.0pt; border-top: none; border-left: none; border-bottom: solid windowtext 1.0pt; border-right: solid windowtext 1.0pt; mso-border-bottom-alt: solid windowtext .5pt; mso-border-right-alt: solid windowtext .5pt; background: #FF99FF; padding: 0cm 3.5pt 0cm 3.5pt; height: 15.75pt;\" nowrap=\"nowrap\" width=\"141\">\n<p class=\"MsoNormal\" style=\"margin-bottom: .0001pt; text-align: center; line-height: normal;\" align=\"center\"><span style=\"mso-ascii-font-family: Calibri; mso-fareast-font-family: 'Times New Roman'; mso-hansi-font-family: Calibri; mso-bidi-font-family: Calibri; color: black; mso-ansi-language: ES; mso-fareast-language: ES;\">29\/08\/2020<\/span><\/p>\n<\/td>\n<\/tr>\n<tr style=\"mso-yfti-irow: 3; height: 15.75pt;\">\n<td style=\"width: 70.65pt; border: solid windowtext 1.0pt; border-top: none; mso-border-left-alt: solid windowtext .5pt; mso-border-bottom-alt: solid windowtext .5pt; mso-border-right-alt: solid windowtext .5pt; background: white; padding: 0cm 3.5pt 0cm 3.5pt; height: 15.75pt;\" valign=\"bottom\" nowrap=\"nowrap\" width=\"94\">\n<p class=\"MsoNormal\" style=\"margin-bottom: .0001pt; line-height: normal;\"><span style=\"mso-ascii-font-family: Calibri; mso-fareast-font-family: 'Times New Roman'; mso-hansi-font-family: Calibri; mso-bidi-font-family: Calibri; color: black; mso-ansi-language: ES; mso-fareast-language: ES;\">Olanda<\/span><\/p>\n<\/td>\n<td style=\"width: 104.35pt; border-top: none; border-left: none; border-bottom: solid windowtext 1.0pt; border-right: solid windowtext 1.0pt; mso-border-bottom-alt: solid windowtext .5pt; mso-border-right-alt: solid windowtext .5pt; background: white; padding: 0cm 3.5pt 0cm 3.5pt; height: 15.75pt;\" valign=\"bottom\" nowrap=\"nowrap\" width=\"139\">\n<p class=\"MsoNormal\" style=\"margin-bottom: .0001pt; text-align: center; line-height: normal;\" align=\"center\"><span style=\"mso-ascii-font-family: Calibri; mso-fareast-font-family: 'Times New Roman'; mso-hansi-font-family: Calibri; mso-bidi-font-family: Calibri; color: black; mso-ansi-language: ES; mso-fareast-language: ES;\">Amsterdam<\/span><\/p>\n<\/td>\n<td style=\"width: 70.0pt; border-top: none; border-left: none; border-bottom: solid windowtext 1.0pt; border-right: solid windowtext 1.0pt; mso-border-bottom-alt: solid windowtext .5pt; mso-border-right-alt: solid windowtext .5pt; background: white; padding: 0cm 3.5pt 0cm 3.5pt; height: 15.75pt;\" valign=\"bottom\" nowrap=\"nowrap\" width=\"93\">\n<p class=\"MsoNormal\" style=\"margin-bottom: .0001pt; text-align: center; line-height: normal;\" align=\"center\"><span style=\"mso-ascii-font-family: Calibri; mso-fareast-font-family: 'Times New Roman'; mso-hansi-font-family: Calibri; mso-bidi-font-family: Calibri; color: black; mso-ansi-language: ES; mso-fareast-language: ES;\">Lima<\/span><\/p>\n<\/td>\n<td style=\"width: 78.0pt; border-top: none; border-left: none; border-bottom: solid windowtext 1.0pt; border-right: solid windowtext 1.0pt; mso-border-bottom-alt: solid windowtext .5pt; mso-border-right-alt: solid windowtext .5pt; background: white; padding: 0cm 3.5pt 0cm 3.5pt; height: 15.75pt;\" valign=\"bottom\" nowrap=\"nowrap\" width=\"104\">\n<p class=\"MsoNormal\" style=\"margin-bottom: .0001pt; text-align: center; line-height: normal;\" align=\"center\"><span style=\"mso-ascii-font-family: Calibri; mso-fareast-font-family: 'Times New Roman'; mso-hansi-font-family: Calibri; mso-bidi-font-family: Calibri; color: black; mso-ansi-language: ES; mso-fareast-language: ES;\">KLM<\/span><\/p>\n<\/td>\n<td style=\"width: 106.0pt; border-top: none; border-left: none; border-bottom: solid windowtext 1.0pt; border-right: solid windowtext 1.0pt; mso-border-bottom-alt: solid windowtext .5pt; mso-border-right-alt: solid windowtext .5pt; background: #DA9694; padding: 0cm 3.5pt 0cm 3.5pt; height: 15.75pt;\" nowrap=\"nowrap\" width=\"141\">\n<p class=\"MsoNormal\" style=\"margin-bottom: .0001pt; text-align: center; line-height: normal;\" align=\"center\"><span style=\"mso-ascii-font-family: Calibri; mso-fareast-font-family: 'Times New Roman'; mso-hansi-font-family: Calibri; mso-bidi-font-family: Calibri; color: black; mso-ansi-language: ES; mso-fareast-language: ES;\">02\/09\/2020<\/span><\/p>\n<\/td>\n<\/tr>\n<tr style=\"mso-yfti-irow: 4; height: 15.75pt;\">\n<td style=\"width: 70.65pt; border: solid windowtext 1.0pt; border-top: none; mso-border-left-alt: solid windowtext .5pt; mso-border-bottom-alt: solid windowtext .5pt; mso-border-right-alt: solid windowtext .5pt; background: white; padding: 0cm 3.5pt 0cm 3.5pt; height: 15.75pt;\" valign=\"bottom\" nowrap=\"nowrap\" width=\"94\">\n<p class=\"MsoNormal\" style=\"margin-bottom: .0001pt; line-height: normal;\"><span style=\"mso-ascii-font-family: Calibri; mso-fareast-font-family: 'Times New Roman'; mso-hansi-font-family: Calibri; mso-bidi-font-family: Calibri; color: black; mso-ansi-language: ES; mso-fareast-language: ES;\">Olanda<\/span><\/p>\n<\/td>\n<td style=\"width: 104.35pt; border-top: none; border-left: none; border-bottom: solid windowtext 1.0pt; border-right: solid windowtext 1.0pt; mso-border-bottom-alt: solid windowtext .5pt; mso-border-right-alt: solid windowtext .5pt; background: white; padding: 0cm 3.5pt 0cm 3.5pt; height: 15.75pt;\" valign=\"bottom\" nowrap=\"nowrap\" width=\"139\">\n<p class=\"MsoNormal\" style=\"margin-bottom: .0001pt; text-align: center; line-height: normal;\" align=\"center\"><span style=\"mso-ascii-font-family: Calibri; mso-fareast-font-family: 'Times New Roman'; mso-hansi-font-family: Calibri; mso-bidi-font-family: Calibri; color: black; mso-ansi-language: ES; mso-fareast-language: ES;\">Lima<\/span><\/p>\n<\/td>\n<td style=\"width: 70.0pt; border-top: none; border-left: none; border-bottom: solid windowtext 1.0pt; border-right: solid windowtext 1.0pt; mso-border-bottom-alt: solid windowtext .5pt; mso-border-right-alt: solid windowtext .5pt; background: white; padding: 0cm 3.5pt 0cm 3.5pt; height: 15.75pt;\" valign=\"bottom\" nowrap=\"nowrap\" width=\"93\">\n<p class=\"MsoNormal\" style=\"margin-bottom: .0001pt; text-align: center; line-height: normal;\" align=\"center\"><span style=\"mso-ascii-font-family: Calibri; mso-fareast-font-family: 'Times New Roman'; mso-hansi-font-family: Calibri; mso-bidi-font-family: Calibri; color: black; mso-ansi-language: ES; mso-fareast-language: ES;\">Amsterdam<\/span><\/p>\n<\/td>\n<td style=\"width: 78.0pt; border-top: none; border-left: none; border-bottom: solid windowtext 1.0pt; border-right: solid windowtext 1.0pt; mso-border-bottom-alt: solid windowtext .5pt; mso-border-right-alt: solid windowtext .5pt; background: white; padding: 0cm 3.5pt 0cm 3.5pt; height: 15.75pt;\" valign=\"bottom\" nowrap=\"nowrap\" width=\"104\">\n<p class=\"MsoNormal\" style=\"margin-bottom: .0001pt; text-align: center; line-height: normal;\" align=\"center\"><span style=\"mso-ascii-font-family: Calibri; mso-fareast-font-family: 'Times New Roman'; mso-hansi-font-family: Calibri; mso-bidi-font-family: Calibri; color: black; mso-ansi-language: ES; mso-fareast-language: ES;\">KLM<\/span><\/p>\n<\/td>\n<td style=\"width: 106.0pt; border-top: none; border-left: none; border-bottom: solid windowtext 1.0pt; border-right: solid windowtext 1.0pt; mso-border-bottom-alt: solid windowtext .5pt; mso-border-right-alt: solid windowtext .5pt; background: #DA9694; padding: 0cm 3.5pt 0cm 3.5pt; height: 15.75pt;\" nowrap=\"nowrap\" width=\"141\">\n<p class=\"MsoNormal\" style=\"margin-bottom: .0001pt; text-align: center; line-height: normal;\" align=\"center\"><span style=\"mso-ascii-font-family: Calibri; mso-fareast-font-family: 'Times New Roman'; mso-hansi-font-family: Calibri; mso-bidi-font-family: Calibri; color: black; mso-ansi-language: ES; mso-fareast-language: ES;\">03\/09\/2020<\/span><\/p>\n<\/td>\n<\/tr>\n<tr style=\"mso-yfti-irow: 5; height: 15.75pt;\">\n<td style=\"width: 70.65pt; border: solid windowtext 1.0pt; border-top: none; mso-border-left-alt: solid windowtext .5pt; mso-border-bottom-alt: solid windowtext .5pt; mso-border-right-alt: solid windowtext .5pt; background: white; padding: 0cm 3.5pt 0cm 3.5pt; height: 15.75pt;\" valign=\"bottom\" nowrap=\"nowrap\" width=\"94\">\n<p class=\"MsoNormal\" style=\"margin-bottom: .0001pt; line-height: normal;\"><span style=\"mso-ascii-font-family: Calibri; mso-fareast-font-family: 'Times New Roman'; mso-hansi-font-family: Calibri; mso-bidi-font-family: Calibri; color: black; mso-ansi-language: ES; mso-fareast-language: ES;\">Francia<\/span><\/p>\n<\/td>\n<td style=\"width: 104.35pt; border-top: none; border-left: none; border-bottom: solid windowtext 1.0pt; border-right: solid windowtext 1.0pt; mso-border-bottom-alt: solid windowtext .5pt; mso-border-right-alt: solid windowtext .5pt; background: white; padding: 0cm 3.5pt 0cm 3.5pt; height: 15.75pt;\" valign=\"bottom\" nowrap=\"nowrap\" width=\"139\">\n<p class=\"MsoNormal\" style=\"margin-bottom: .0001pt; text-align: center; line-height: normal;\" align=\"center\"><span style=\"mso-ascii-font-family: Calibri; mso-fareast-font-family: 'Times New Roman'; mso-hansi-font-family: Calibri; mso-bidi-font-family: Calibri; color: black; mso-ansi-language: ES; mso-fareast-language: ES;\">Lima<\/span><\/p>\n<\/td>\n<td style=\"width: 70.0pt; border-top: none; border-left: none; border-bottom: solid windowtext 1.0pt; border-right: solid windowtext 1.0pt; mso-border-bottom-alt: solid windowtext .5pt; mso-border-right-alt: solid windowtext .5pt; background: white; padding: 0cm 3.5pt 0cm 3.5pt; height: 15.75pt;\" valign=\"bottom\" nowrap=\"nowrap\" width=\"93\">\n<p class=\"MsoNormal\" style=\"margin-bottom: .0001pt; text-align: center; line-height: normal;\" align=\"center\"><span style=\"mso-ascii-font-family: Calibri; mso-fareast-font-family: 'Times New Roman'; mso-hansi-font-family: Calibri; mso-bidi-font-family: Calibri; color: black; mso-ansi-language: ES; mso-fareast-language: ES;\">Parigi<\/span><\/p>\n<\/td>\n<td style=\"width: 78.0pt; border-top: none; border-left: none; border-bottom: solid windowtext 1.0pt; border-right: solid windowtext 1.0pt; mso-border-bottom-alt: solid windowtext .5pt; mso-border-right-alt: solid windowtext .5pt; background: white; padding: 0cm 3.5pt 0cm 3.5pt; height: 15.75pt;\" valign=\"bottom\" nowrap=\"nowrap\" width=\"104\">\n<p class=\"MsoNormal\" style=\"margin-bottom: .0001pt; text-align: center; line-height: normal;\" align=\"center\"><span style=\"mso-ascii-font-family: Calibri; mso-fareast-font-family: 'Times New Roman'; mso-hansi-font-family: Calibri; mso-bidi-font-family: Calibri; color: black; mso-ansi-language: ES; mso-fareast-language: ES;\">Air France<\/span><\/p>\n<\/td>\n<td style=\"width: 106.0pt; border-top: none; border-left: none; border-bottom: solid windowtext 1.0pt; border-right: solid windowtext 1.0pt; mso-border-bottom-alt: solid windowtext .5pt; mso-border-right-alt: solid windowtext .5pt; background: #B8CCE4; padding: 0cm 3.5pt 0cm 3.5pt; height: 15.75pt;\" nowrap=\"nowrap\" width=\"141\">\n<p class=\"MsoNormal\" style=\"margin-bottom: .0001pt; text-align: center; line-height: normal;\" align=\"center\"><span style=\"mso-ascii-font-family: Calibri; mso-fareast-font-family: 'Times New Roman'; mso-hansi-font-family: Calibri; mso-bidi-font-family: Calibri; color: black; mso-ansi-language: ES; mso-fareast-language: ES;\">04\/09\/2020<\/span><\/p>\n<\/td>\n<\/tr>\n<tr style=\"mso-yfti-irow: 6; height: 15.75pt;\">\n<td style=\"width: 70.65pt; border: solid windowtext 1.0pt; border-top: none; mso-border-left-alt: solid windowtext .5pt; mso-border-bottom-alt: solid windowtext .5pt; mso-border-right-alt: solid windowtext .5pt; background: white; padding: 0cm 3.5pt 0cm 3.5pt; height: 15.75pt;\" valign=\"bottom\" nowrap=\"nowrap\" width=\"94\">\n<p class=\"MsoNormal\" style=\"margin-bottom: .0001pt; line-height: normal;\"><span style=\"mso-ascii-font-family: Calibri; mso-fareast-font-family: 'Times New Roman'; mso-hansi-font-family: Calibri; mso-bidi-font-family: Calibri; color: black; mso-ansi-language: ES; mso-fareast-language: ES;\">Spagna<\/span><\/p>\n<\/td>\n<td style=\"width: 104.35pt; border-top: none; border-left: none; border-bottom: solid windowtext 1.0pt; border-right: solid windowtext 1.0pt; mso-border-bottom-alt: solid windowtext .5pt; mso-border-right-alt: solid windowtext .5pt; background: white; padding: 0cm 3.5pt 0cm 3.5pt; height: 15.75pt;\" valign=\"bottom\" nowrap=\"nowrap\" width=\"139\">\n<p class=\"MsoNormal\" style=\"margin-bottom: .0001pt; text-align: center; line-height: normal;\" align=\"center\"><span style=\"mso-ascii-font-family: Calibri; mso-fareast-font-family: 'Times New Roman'; mso-hansi-font-family: Calibri; mso-bidi-font-family: Calibri; color: black; mso-ansi-language: ES; mso-fareast-language: ES;\">Madrid<\/span><\/p>\n<\/td>\n<td style=\"width: 70.0pt; border-top: none; border-left: none; border-bottom: solid windowtext 1.0pt; border-right: solid windowtext 1.0pt; mso-border-bottom-alt: solid windowtext .5pt; mso-border-right-alt: solid windowtext .5pt; background: white; padding: 0cm 3.5pt 0cm 3.5pt; height: 15.75pt;\" valign=\"bottom\" nowrap=\"nowrap\" width=\"93\">\n<p class=\"MsoNormal\" style=\"margin-bottom: .0001pt; text-align: center; line-height: normal;\" align=\"center\"><span style=\"mso-ascii-font-family: Calibri; mso-fareast-font-family: 'Times New Roman'; mso-hansi-font-family: Calibri; mso-bidi-font-family: Calibri; color: black; mso-ansi-language: ES; mso-fareast-language: ES;\">Lima<\/span><\/p>\n<\/td>\n<td style=\"width: 78.0pt; border-top: none; border-left: none; border-bottom: solid windowtext 1.0pt; border-right: solid windowtext 1.0pt; mso-border-bottom-alt: solid windowtext .5pt; mso-border-right-alt: solid windowtext .5pt; background: white; padding: 0cm 3.5pt 0cm 3.5pt; height: 15.75pt;\" valign=\"bottom\" nowrap=\"nowrap\" width=\"104\">\n<p class=\"MsoNormal\" style=\"margin-bottom: .0001pt; text-align: center; line-height: normal;\" align=\"center\"><span style=\"mso-ascii-font-family: Calibri; mso-fareast-font-family: 'Times New Roman'; mso-hansi-font-family: Calibri; mso-bidi-font-family: Calibri; color: black; mso-ansi-language: ES; mso-fareast-language: ES;\">Iberia<\/span><\/p>\n<\/td>\n<td style=\"width: 106.0pt; border-top: none; border-left: none; border-bottom: solid windowtext 1.0pt; border-right: solid windowtext 1.0pt; mso-border-bottom-alt: solid windowtext .5pt; mso-border-right-alt: solid windowtext .5pt; background: #FF99FF; padding: 0cm 3.5pt 0cm 3.5pt; height: 15.75pt;\" nowrap=\"nowrap\" width=\"141\">\n<p class=\"MsoNormal\" style=\"margin-bottom: .0001pt; text-align: center; line-height: normal;\" align=\"center\"><span style=\"mso-ascii-font-family: Calibri; mso-fareast-font-family: 'Times New Roman'; mso-hansi-font-family: Calibri; mso-bidi-font-family: Calibri; color: black; mso-ansi-language: ES; mso-fareast-language: ES;\">04\/09\/2020<\/span><\/p>\n<\/td>\n<\/tr>\n<tr style=\"mso-yfti-irow: 7; height: 15.75pt;\">\n<td style=\"width: 70.65pt; border: solid windowtext 1.0pt; border-top: none; mso-border-left-alt: solid windowtext .5pt; mso-border-bottom-alt: solid windowtext .5pt; mso-border-right-alt: solid windowtext .5pt; background: white; padding: 0cm 3.5pt 0cm 3.5pt; height: 15.75pt;\" valign=\"bottom\" nowrap=\"nowrap\" width=\"94\">\n<p class=\"MsoNormal\" style=\"margin-bottom: .0001pt; line-height: normal;\"><span style=\"mso-ascii-font-family: Calibri; mso-fareast-font-family: 'Times New Roman'; mso-hansi-font-family: Calibri; mso-bidi-font-family: Calibri; color: black; mso-ansi-language: ES; mso-fareast-language: ES;\">Spagna<\/span><\/p>\n<\/td>\n<td style=\"width: 104.35pt; border-top: none; border-left: none; border-bottom: solid windowtext 1.0pt; border-right: solid windowtext 1.0pt; mso-border-bottom-alt: solid windowtext .5pt; mso-border-right-alt: solid windowtext .5pt; background: white; padding: 0cm 3.5pt 0cm 3.5pt; height: 15.75pt;\" valign=\"bottom\" nowrap=\"nowrap\" width=\"139\">\n<p class=\"MsoNormal\" style=\"margin-bottom: .0001pt; text-align: center; line-height: normal;\" align=\"center\"><span style=\"mso-ascii-font-family: Calibri; mso-fareast-font-family: 'Times New Roman'; mso-hansi-font-family: Calibri; mso-bidi-font-family: Calibri; color: black; mso-ansi-language: ES; mso-fareast-language: ES;\">Lima<\/span><\/p>\n<\/td>\n<td style=\"width: 70.0pt; border-top: none; border-left: none; border-bottom: solid windowtext 1.0pt; border-right: solid windowtext 1.0pt; mso-border-bottom-alt: solid windowtext .5pt; mso-border-right-alt: solid windowtext .5pt; background: white; padding: 0cm 3.5pt 0cm 3.5pt; height: 15.75pt;\" valign=\"bottom\" nowrap=\"nowrap\" width=\"93\">\n<p class=\"MsoNormal\" style=\"margin-bottom: .0001pt; text-align: center; line-height: normal;\" align=\"center\"><span style=\"mso-ascii-font-family: Calibri; mso-fareast-font-family: 'Times New Roman'; mso-hansi-font-family: Calibri; mso-bidi-font-family: Calibri; color: black; mso-ansi-language: ES; mso-fareast-language: ES;\">Madrid<\/span><\/p>\n<\/td>\n<td style=\"width: 78.0pt; border-top: none; border-left: none; border-bottom: solid windowtext 1.0pt; border-right: solid windowtext 1.0pt; mso-border-bottom-alt: solid windowtext .5pt; mso-border-right-alt: solid windowtext .5pt; background: white; padding: 0cm 3.5pt 0cm 3.5pt; height: 15.75pt;\" valign=\"bottom\" nowrap=\"nowrap\" width=\"104\">\n<p class=\"MsoNormal\" style=\"margin-bottom: .0001pt; text-align: center; line-height: normal;\" align=\"center\"><span style=\"mso-ascii-font-family: Calibri; mso-fareast-font-family: 'Times New Roman'; mso-hansi-font-family: Calibri; mso-bidi-font-family: Calibri; color: black; mso-ansi-language: ES; mso-fareast-language: ES;\">Iberia<\/span><\/p>\n<\/td>\n<td style=\"width: 106.0pt; border-top: none; border-left: none; border-bottom: solid windowtext 1.0pt; border-right: solid windowtext 1.0pt; mso-border-bottom-alt: solid windowtext .5pt; mso-border-right-alt: solid windowtext .5pt; background: #FF99FF; padding: 0cm 3.5pt 0cm 3.5pt; height: 15.75pt;\" nowrap=\"nowrap\" width=\"141\">\n<p class=\"MsoNormal\" style=\"margin-bottom: .0001pt; text-align: center; line-height: normal;\" align=\"center\"><span style=\"mso-ascii-font-family: Calibri; mso-fareast-font-family: 'Times New Roman'; mso-hansi-font-family: Calibri; mso-bidi-font-family: Calibri; color: black; mso-ansi-language: ES; mso-fareast-language: ES;\">05\/09\/2020<\/span><\/p>\n<\/td>\n<\/tr>\n<tr style=\"mso-yfti-irow: 8; height: 15.75pt;\">\n<td style=\"width: 70.65pt; border: solid windowtext 1.0pt; border-top: none; mso-border-left-alt: solid windowtext .5pt; mso-border-bottom-alt: solid windowtext .5pt; mso-border-right-alt: solid windowtext .5pt; background: white; padding: 0cm 3.5pt 0cm 3.5pt; height: 15.75pt;\" valign=\"bottom\" nowrap=\"nowrap\" width=\"94\">\n<p class=\"MsoNormal\" style=\"margin-bottom: .0001pt; line-height: normal;\"><span style=\"mso-ascii-font-family: Calibri; mso-fareast-font-family: 'Times New Roman'; mso-hansi-font-family: Calibri; mso-bidi-font-family: Calibri; color: black; mso-ansi-language: ES; mso-fareast-language: ES;\">Olanda<\/span><\/p>\n<\/td>\n<td style=\"width: 104.35pt; border-top: none; border-left: none; border-bottom: solid windowtext 1.0pt; border-right: solid windowtext 1.0pt; mso-border-bottom-alt: solid windowtext .5pt; mso-border-right-alt: solid windowtext .5pt; background: white; padding: 0cm 3.5pt 0cm 3.5pt; height: 15.75pt;\" valign=\"bottom\" nowrap=\"nowrap\" width=\"139\">\n<p class=\"MsoNormal\" style=\"margin-bottom: .0001pt; text-align: center; line-height: normal;\" align=\"center\"><span style=\"mso-ascii-font-family: Calibri; mso-fareast-font-family: 'Times New Roman'; mso-hansi-font-family: Calibri; mso-bidi-font-family: Calibri; color: black; mso-ansi-language: ES; mso-fareast-language: ES;\">Amsterdam<\/span><\/p>\n<\/td>\n<td style=\"width: 70.0pt; border-top: none; border-left: none; border-bottom: solid windowtext 1.0pt; border-right: solid windowtext 1.0pt; mso-border-bottom-alt: solid windowtext .5pt; mso-border-right-alt: solid windowtext .5pt; background: white; padding: 0cm 3.5pt 0cm 3.5pt; height: 15.75pt;\" valign=\"bottom\" nowrap=\"nowrap\" width=\"93\">\n<p class=\"MsoNormal\" style=\"margin-bottom: .0001pt; text-align: center; line-height: normal;\" align=\"center\"><span style=\"mso-ascii-font-family: Calibri; mso-fareast-font-family: 'Times New Roman'; mso-hansi-font-family: Calibri; mso-bidi-font-family: Calibri; color: black; mso-ansi-language: ES; mso-fareast-language: ES;\">Lima<\/span><\/p>\n<\/td>\n<td style=\"width: 78.0pt; border-top: none; border-left: none; border-bottom: solid windowtext 1.0pt; border-right: solid windowtext 1.0pt; mso-border-bottom-alt: solid windowtext .5pt; mso-border-right-alt: solid windowtext .5pt; background: white; padding: 0cm 3.5pt 0cm 3.5pt; height: 15.75pt;\" valign=\"bottom\" nowrap=\"nowrap\" width=\"104\">\n<p class=\"MsoNormal\" style=\"margin-bottom: .0001pt; text-align: center; line-height: normal;\" align=\"center\"><span style=\"mso-ascii-font-family: Calibri; mso-fareast-font-family: 'Times New Roman'; mso-hansi-font-family: Calibri; mso-bidi-font-family: Calibri; color: black; mso-ansi-language: ES; mso-fareast-language: ES;\">KLM<\/span><\/p>\n<\/td>\n<td style=\"width: 106.0pt; border-top: none; border-left: none; border-bottom: solid windowtext 1.0pt; border-right: solid windowtext 1.0pt; mso-border-bottom-alt: solid windowtext .5pt; mso-border-right-alt: solid windowtext .5pt; background: #DA9694; padding: 0cm 3.5pt 0cm 3.5pt; height: 15.75pt;\" nowrap=\"nowrap\" width=\"141\">\n<p class=\"MsoNormal\" style=\"margin-bottom: .0001pt; text-align: center; line-height: normal;\" align=\"center\"><span style=\"mso-ascii-font-family: Calibri; mso-fareast-font-family: 'Times New Roman'; mso-hansi-font-family: Calibri; mso-bidi-font-family: Calibri; color: black; mso-ansi-language: ES; mso-fareast-language: ES;\">09\/09\/2020<\/span><\/p>\n<\/td>\n<\/tr>\n<tr style=\"mso-yfti-irow: 9; height: 15.75pt;\">\n<td style=\"width: 70.65pt; border: solid windowtext 1.0pt; border-top: none; mso-border-left-alt: solid windowtext .5pt; mso-border-bottom-alt: solid windowtext .5pt; mso-border-right-alt: solid windowtext .5pt; background: white; padding: 0cm 3.5pt 0cm 3.5pt; height: 15.75pt;\" valign=\"bottom\" nowrap=\"nowrap\" width=\"94\">\n<p class=\"MsoNormal\" style=\"margin-bottom: .0001pt; line-height: normal;\"><span style=\"mso-ascii-font-family: Calibri; mso-fareast-font-family: 'Times New Roman'; mso-hansi-font-family: Calibri; mso-bidi-font-family: Calibri; color: black; mso-ansi-language: ES; mso-fareast-language: ES;\">Olanda<\/span><\/p>\n<\/td>\n<td style=\"width: 104.35pt; border-top: none; border-left: none; border-bottom: solid windowtext 1.0pt; border-right: solid windowtext 1.0pt; mso-border-bottom-alt: solid windowtext .5pt; mso-border-right-alt: solid windowtext .5pt; background: white; padding: 0cm 3.5pt 0cm 3.5pt; height: 15.75pt;\" valign=\"bottom\" nowrap=\"nowrap\" width=\"139\">\n<p class=\"MsoNormal\" style=\"margin-bottom: .0001pt; text-align: center; line-height: normal;\" align=\"center\"><span style=\"mso-ascii-font-family: Calibri; mso-fareast-font-family: 'Times New Roman'; mso-hansi-font-family: Calibri; mso-bidi-font-family: Calibri; color: black; mso-ansi-language: ES; mso-fareast-language: ES;\">Lima<\/span><\/p>\n<\/td>\n<td style=\"width: 70.0pt; border-top: none; border-left: none; border-bottom: solid windowtext 1.0pt; border-right: solid windowtext 1.0pt; mso-border-bottom-alt: solid windowtext .5pt; mso-border-right-alt: solid windowtext .5pt; background: white; padding: 0cm 3.5pt 0cm 3.5pt; height: 15.75pt;\" valign=\"bottom\" nowrap=\"nowrap\" width=\"93\">\n<p class=\"MsoNormal\" style=\"margin-bottom: .0001pt; text-align: center; line-height: normal;\" align=\"center\"><span style=\"mso-ascii-font-family: Calibri; mso-fareast-font-family: 'Times New Roman'; mso-hansi-font-family: Calibri; mso-bidi-font-family: Calibri; color: black; mso-ansi-language: ES; mso-fareast-language: ES;\">Amsterdam<\/span><\/p>\n<\/td>\n<td style=\"width: 78.0pt; border-top: none; border-left: none; border-bottom: solid windowtext 1.0pt; border-right: solid windowtext 1.0pt; mso-border-bottom-alt: solid windowtext .5pt; mso-border-right-alt: solid windowtext .5pt; background: white; padding: 0cm 3.5pt 0cm 3.5pt; height: 15.75pt;\" valign=\"bottom\" nowrap=\"nowrap\" width=\"104\">\n<p class=\"MsoNormal\" style=\"margin-bottom: .0001pt; text-align: center; line-height: normal;\" align=\"center\"><span style=\"mso-ascii-font-family: Calibri; mso-fareast-font-family: 'Times New Roman'; mso-hansi-font-family: Calibri; mso-bidi-font-family: Calibri; color: black; mso-ansi-language: ES; mso-fareast-language: ES;\">KLM<\/span><\/p>\n<\/td>\n<td style=\"width: 106.0pt; border-top: none; border-left: none; border-bottom: solid windowtext 1.0pt; border-right: solid windowtext 1.0pt; mso-border-bottom-alt: solid windowtext .5pt; mso-border-right-alt: solid windowtext .5pt; background: #DA9694; padding: 0cm 3.5pt 0cm 3.5pt; height: 15.75pt;\" nowrap=\"nowrap\" width=\"141\">\n<p class=\"MsoNormal\" style=\"margin-bottom: .0001pt; text-align: center; line-height: normal;\" align=\"center\"><span style=\"mso-ascii-font-family: Calibri; mso-fareast-font-family: 'Times New Roman'; mso-hansi-font-family: Calibri; mso-bidi-font-family: Calibri; color: black; mso-ansi-language: ES; mso-fareast-language: ES;\">10\/09\/2020<\/span><\/p>\n<\/td>\n<\/tr>\n<tr style=\"mso-yfti-irow: 10; height: 15.75pt;\">\n<td style=\"width: 70.65pt; border: solid windowtext 1.0pt; border-top: none; mso-border-left-alt: solid windowtext .5pt; mso-border-bottom-alt: solid windowtext .5pt; mso-border-right-alt: solid windowtext .5pt; background: white; padding: 0cm 3.5pt 0cm 3.5pt; height: 15.75pt;\" valign=\"bottom\" nowrap=\"nowrap\" width=\"94\">\n<p class=\"MsoNormal\" style=\"margin-bottom: .0001pt; line-height: normal;\"><span style=\"mso-ascii-font-family: Calibri; mso-fareast-font-family: 'Times New Roman'; mso-hansi-font-family: Calibri; mso-bidi-font-family: Calibri; color: black; mso-ansi-language: ES; mso-fareast-language: ES;\">Francia<\/span><\/p>\n<\/td>\n<td style=\"width: 104.35pt; border-top: none; border-left: none; border-bottom: solid windowtext 1.0pt; border-right: solid windowtext 1.0pt; mso-border-bottom-alt: solid windowtext .5pt; mso-border-right-alt: solid windowtext .5pt; background: white; padding: 0cm 3.5pt 0cm 3.5pt; height: 15.75pt;\" valign=\"bottom\" nowrap=\"nowrap\" width=\"139\">\n<p class=\"MsoNormal\" style=\"margin-bottom: .0001pt; text-align: center; line-height: normal;\" align=\"center\"><span style=\"mso-ascii-font-family: Calibri; mso-fareast-font-family: 'Times New Roman'; mso-hansi-font-family: Calibri; mso-bidi-font-family: Calibri; color: black; mso-ansi-language: ES; mso-fareast-language: ES;\">Lima<\/span><\/p>\n<\/td>\n<td style=\"width: 70.0pt; border-top: none; border-left: none; border-bottom: solid windowtext 1.0pt; border-right: solid windowtext 1.0pt; mso-border-bottom-alt: solid windowtext .5pt; mso-border-right-alt: solid windowtext .5pt; background: white; padding: 0cm 3.5pt 0cm 3.5pt; height: 15.75pt;\" valign=\"bottom\" nowrap=\"nowrap\" width=\"93\">\n<p class=\"MsoNormal\" style=\"margin-bottom: .0001pt; text-align: center; line-height: normal;\" align=\"center\"><span style=\"mso-ascii-font-family: Calibri; mso-fareast-font-family: 'Times New Roman'; mso-hansi-font-family: Calibri; mso-bidi-font-family: Calibri; color: black; mso-ansi-language: ES; mso-fareast-language: ES;\">Parigi<\/span><\/p>\n<\/td>\n<td style=\"width: 78.0pt; border-top: none; border-left: none; border-bottom: solid windowtext 1.0pt; border-right: solid windowtext 1.0pt; mso-border-bottom-alt: solid windowtext .5pt; mso-border-right-alt: solid windowtext .5pt; background: white; padding: 0cm 3.5pt 0cm 3.5pt; height: 15.75pt;\" valign=\"bottom\" nowrap=\"nowrap\" width=\"104\">\n<p class=\"MsoNormal\" style=\"margin-bottom: .0001pt; text-align: center; line-height: normal;\" align=\"center\"><span style=\"mso-ascii-font-family: Calibri; mso-fareast-font-family: 'Times New Roman'; mso-hansi-font-family: Calibri; mso-bidi-font-family: Calibri; color: black; mso-ansi-language: ES; mso-fareast-language: ES;\">Air France<\/span><\/p>\n<\/td>\n<td style=\"width: 106.0pt; border-top: none; border-left: none; border-bottom: solid windowtext 1.0pt; border-right: solid windowtext 1.0pt; mso-border-bottom-alt: solid windowtext .5pt; mso-border-right-alt: solid windowtext .5pt; background: #B8CCE4; padding: 0cm 3.5pt 0cm 3.5pt; height: 15.75pt;\" nowrap=\"nowrap\" width=\"141\">\n<p class=\"MsoNormal\" style=\"margin-bottom: .0001pt; text-align: center; line-height: normal;\" align=\"center\"><span style=\"mso-ascii-font-family: Calibri; mso-fareast-font-family: 'Times New Roman'; mso-hansi-font-family: Calibri; mso-bidi-font-family: Calibri; color: black; mso-ansi-language: ES; mso-fareast-language: ES;\">11\/09\/2020<\/span><\/p>\n<\/td>\n<\/tr>\n<tr style=\"mso-yfti-irow: 11; height: 15.75pt;\">\n<td style=\"width: 70.65pt; border: solid windowtext 1.0pt; border-top: none; mso-border-left-alt: solid windowtext .5pt; mso-border-bottom-alt: solid windowtext .5pt; mso-border-right-alt: solid windowtext .5pt; background: white; padding: 0cm 3.5pt 0cm 3.5pt; height: 15.75pt;\" valign=\"bottom\" nowrap=\"nowrap\" width=\"94\">\n<p class=\"MsoNormal\" style=\"margin-bottom: .0001pt; line-height: normal;\"><span style=\"mso-ascii-font-family: Calibri; mso-fareast-font-family: 'Times New Roman'; mso-hansi-font-family: Calibri; mso-bidi-font-family: Calibri; color: black; mso-ansi-language: ES; mso-fareast-language: ES;\">Spagna<\/span><\/p>\n<\/td>\n<td style=\"width: 104.35pt; border-top: none; border-left: none; border-bottom: solid windowtext 1.0pt; border-right: solid windowtext 1.0pt; mso-border-bottom-alt: solid windowtext .5pt; mso-border-right-alt: solid windowtext .5pt; background: white; padding: 0cm 3.5pt 0cm 3.5pt; height: 15.75pt;\" valign=\"bottom\" nowrap=\"nowrap\" width=\"139\">\n<p class=\"MsoNormal\" style=\"margin-bottom: .0001pt; text-align: center; line-height: normal;\" align=\"center\"><span style=\"mso-ascii-font-family: Calibri; mso-fareast-font-family: 'Times New Roman'; mso-hansi-font-family: Calibri; mso-bidi-font-family: Calibri; color: black; mso-ansi-language: ES; mso-fareast-language: ES;\">Madrid<\/span><\/p>\n<\/td>\n<td style=\"width: 70.0pt; border-top: none; border-left: none; border-bottom: solid windowtext 1.0pt; border-right: solid windowtext 1.0pt; mso-border-bottom-alt: solid windowtext .5pt; mso-border-right-alt: solid windowtext .5pt; background: white; padding: 0cm 3.5pt 0cm 3.5pt; height: 15.75pt;\" valign=\"bottom\" nowrap=\"nowrap\" width=\"93\">\n<p class=\"MsoNormal\" style=\"margin-bottom: .0001pt; text-align: center; line-height: normal;\" align=\"center\"><span style=\"mso-ascii-font-family: Calibri; mso-fareast-font-family: 'Times New Roman'; mso-hansi-font-family: Calibri; mso-bidi-font-family: Calibri; color: black; mso-ansi-language: ES; mso-fareast-language: ES;\">Lima<\/span><\/p>\n<\/td>\n<td style=\"width: 78.0pt; border-top: none; border-left: none; border-bottom: solid windowtext 1.0pt; border-right: solid windowtext 1.0pt; mso-border-bottom-alt: solid windowtext .5pt; mso-border-right-alt: solid windowtext .5pt; background: white; padding: 0cm 3.5pt 0cm 3.5pt; height: 15.75pt;\" valign=\"bottom\" nowrap=\"nowrap\" width=\"104\">\n<p class=\"MsoNormal\" style=\"margin-bottom: .0001pt; text-align: center; line-height: normal;\" align=\"center\"><span style=\"mso-ascii-font-family: Calibri; mso-fareast-font-family: 'Times New Roman'; mso-hansi-font-family: Calibri; mso-bidi-font-family: Calibri; color: black; mso-ansi-language: ES; mso-fareast-language: ES;\">Iberia<\/span><\/p>\n<\/td>\n<td style=\"width: 106.0pt; border-top: none; border-left: none; border-bottom: solid windowtext 1.0pt; border-right: solid windowtext 1.0pt; mso-border-bottom-alt: solid windowtext .5pt; mso-border-right-alt: solid windowtext .5pt; background: #FF99FF; padding: 0cm 3.5pt 0cm 3.5pt; height: 15.75pt;\" nowrap=\"nowrap\" width=\"141\">\n<p class=\"MsoNormal\" style=\"margin-bottom: .0001pt; text-align: center; line-height: normal;\" align=\"center\"><span style=\"mso-ascii-font-family: Calibri; mso-fareast-font-family: 'Times New Roman'; mso-hansi-font-family: Calibri; mso-bidi-font-family: Calibri; color: black; mso-ansi-language: ES; mso-fareast-language: ES;\">11\/09\/2020<\/span><\/p>\n<\/td>\n<\/tr>\n<tr style=\"mso-yfti-irow: 12; height: 15.75pt;\">\n<td style=\"width: 70.65pt; border: solid windowtext 1.0pt; border-top: none; mso-border-left-alt: solid windowtext .5pt; mso-border-bottom-alt: solid windowtext .5pt; mso-border-right-alt: solid windowtext .5pt; background: white; padding: 0cm 3.5pt 0cm 3.5pt; height: 15.75pt;\" valign=\"bottom\" nowrap=\"nowrap\" width=\"94\">\n<p class=\"MsoNormal\" style=\"margin-bottom: .0001pt; line-height: normal;\"><span style=\"mso-ascii-font-family: Calibri; mso-fareast-font-family: 'Times New Roman'; mso-hansi-font-family: Calibri; mso-bidi-font-family: Calibri; color: black; mso-ansi-language: ES; mso-fareast-language: ES;\">Spagna<\/span><\/p>\n<\/td>\n<td style=\"width: 104.35pt; border-top: none; border-left: none; border-bottom: solid windowtext 1.0pt; border-right: solid windowtext 1.0pt; mso-border-bottom-alt: solid windowtext .5pt; mso-border-right-alt: solid windowtext .5pt; background: white; padding: 0cm 3.5pt 0cm 3.5pt; height: 15.75pt;\" valign=\"bottom\" nowrap=\"nowrap\" width=\"139\">\n<p class=\"MsoNormal\" style=\"margin-bottom: .0001pt; text-align: center; line-height: normal;\" align=\"center\"><span style=\"mso-ascii-font-family: Calibri; mso-fareast-font-family: 'Times New Roman'; mso-hansi-font-family: Calibri; mso-bidi-font-family: Calibri; color: black; mso-ansi-language: ES; mso-fareast-language: ES;\">Lima<\/span><\/p>\n<\/td>\n<td style=\"width: 70.0pt; border-top: none; border-left: none; border-bottom: solid windowtext 1.0pt; border-right: solid windowtext 1.0pt; mso-border-bottom-alt: solid windowtext .5pt; mso-border-right-alt: solid windowtext .5pt; background: white; padding: 0cm 3.5pt 0cm 3.5pt; height: 15.75pt;\" valign=\"bottom\" nowrap=\"nowrap\" width=\"93\">\n<p class=\"MsoNormal\" style=\"margin-bottom: .0001pt; text-align: center; line-height: normal;\" align=\"center\"><span style=\"mso-ascii-font-family: Calibri; mso-fareast-font-family: 'Times New Roman'; mso-hansi-font-family: Calibri; mso-bidi-font-family: Calibri; color: black; mso-ansi-language: ES; mso-fareast-language: ES;\">Madrid<\/span><\/p>\n<\/td>\n<td style=\"width: 78.0pt; border-top: none; border-left: none; border-bottom: solid windowtext 1.0pt; border-right: solid windowtext 1.0pt; mso-border-bottom-alt: solid windowtext .5pt; mso-border-right-alt: solid windowtext .5pt; background: white; padding: 0cm 3.5pt 0cm 3.5pt; height: 15.75pt;\" valign=\"bottom\" nowrap=\"nowrap\" width=\"104\">\n<p class=\"MsoNormal\" style=\"margin-bottom: .0001pt; text-align: center; line-height: normal;\" align=\"center\"><span style=\"mso-ascii-font-family: Calibri; mso-fareast-font-family: 'Times New Roman'; mso-hansi-font-family: Calibri; mso-bidi-font-family: Calibri; color: black; mso-ansi-language: ES; mso-fareast-language: ES;\">Iberia<\/span><\/p>\n<\/td>\n<td style=\"width: 106.0pt; border-top: none; border-left: none; border-bottom: solid windowtext 1.0pt; border-right: solid windowtext 1.0pt; mso-border-bottom-alt: solid windowtext .5pt; mso-border-right-alt: solid windowtext .5pt; background: #FF99FF; padding: 0cm 3.5pt 0cm 3.5pt; height: 15.75pt;\" nowrap=\"nowrap\" width=\"141\">\n<p class=\"MsoNormal\" style=\"margin-bottom: .0001pt; text-align: center; line-height: normal;\" align=\"center\"><span style=\"mso-ascii-font-family: Calibri; mso-fareast-font-family: 'Times New Roman'; mso-hansi-font-family: Calibri; mso-bidi-font-family: Calibri; color: black; mso-ansi-language: ES; mso-fareast-language: ES;\">12\/09\/2020<\/span><\/p>\n<\/td>\n<\/tr>\n<tr style=\"mso-yfti-irow: 13; mso-yfti-lastrow: yes; height: 15.75pt;\">\n<td style=\"width: 70.65pt; border: solid windowtext 1.0pt; border-top: none; mso-border-left-alt: solid windowtext .5pt; mso-border-bottom-alt: solid windowtext .5pt; mso-border-right-alt: solid windowtext .5pt; background: white; padding: 0cm 3.5pt 0cm 3.5pt; height: 15.75pt;\" valign=\"bottom\" nowrap=\"nowrap\" width=\"94\">\n<p class=\"MsoNormal\" style=\"margin-bottom: .0001pt; line-height: normal;\"><span style=\"mso-ascii-font-family: Calibri; mso-fareast-font-family: 'Times New Roman'; mso-hansi-font-family: Calibri; mso-bidi-font-family: Calibri; color: black; mso-ansi-language: ES; mso-fareast-language: ES;\">Francia<\/span><\/p>\n<\/td>\n<td style=\"width: 104.35pt; border-top: none; border-left: none; border-bottom: solid windowtext 1.0pt; border-right: solid windowtext 1.0pt; mso-border-bottom-alt: solid windowtext .5pt; mso-border-right-alt: solid windowtext .5pt; background: white; padding: 0cm 3.5pt 0cm 3.5pt; height: 15.75pt;\" valign=\"bottom\" nowrap=\"nowrap\" width=\"139\">\n<p class=\"MsoNormal\" style=\"margin-bottom: .0001pt; text-align: center; line-height: normal;\" align=\"center\"><span style=\"mso-ascii-font-family: Calibri; mso-fareast-font-family: 'Times New Roman'; mso-hansi-font-family: Calibri; mso-bidi-font-family: Calibri; color: black; mso-ansi-language: ES; mso-fareast-language: ES;\">Lima<\/span><\/p>\n<\/td>\n<td style=\"width: 70.0pt; border-top: none; border-left: none; border-bottom: solid windowtext 1.0pt; border-right: solid windowtext 1.0pt; mso-border-bottom-alt: solid windowtext .5pt; mso-border-right-alt: solid windowtext .5pt; background: white; padding: 0cm 3.5pt 0cm 3.5pt; height: 15.75pt;\" valign=\"bottom\" nowrap=\"nowrap\" width=\"93\">\n<p class=\"MsoNormal\" style=\"margin-bottom: .0001pt; text-align: center; line-height: normal;\" align=\"center\"><span style=\"mso-ascii-font-family: Calibri; mso-fareast-font-family: 'Times New Roman'; mso-hansi-font-family: Calibri; mso-bidi-font-family: Calibri; color: black; mso-ansi-language: ES; mso-fareast-language: ES;\">Parigi<\/span><\/p>\n<\/td>\n<td style=\"width: 78.0pt; border-top: none; border-left: none; border-bottom: solid windowtext 1.0pt; border-right: solid windowtext 1.0pt; mso-border-bottom-alt: solid windowtext .5pt; mso-border-right-alt: solid windowtext .5pt; background: white; padding: 0cm 3.5pt 0cm 3.5pt; height: 15.75pt;\" valign=\"bottom\" nowrap=\"nowrap\" width=\"104\">\n<p class=\"MsoNormal\" style=\"margin-bottom: .0001pt; text-align: center; line-height: normal;\" align=\"center\"><span style=\"mso-ascii-font-family: Calibri; mso-fareast-font-family: 'Times New Roman'; mso-hansi-font-family: Calibri; mso-bidi-font-family: Calibri; color: black; mso-ansi-language: ES; mso-fareast-language: ES;\">Air France<\/span><\/p>\n<\/td>\n<td style=\"width: 106.0pt; border-top: none; border-left: none; border-bottom: solid windowtext 1.0pt; border-right: solid windowtext 1.0pt; mso-border-bottom-alt: solid windowtext .5pt; mso-border-right-alt: solid windowtext .5pt; background: #B8CCE4; padding: 0cm 3.5pt 0cm 3.5pt; height: 15.75pt;\" nowrap=\"nowrap\" width=\"141\">\n<p class=\"MsoNormal\" style=\"margin-bottom: .0001pt; text-align: center; line-height: normal;\" align=\"center\"><span style=\"mso-ascii-font-family: Calibri; mso-fareast-font-family: 'Times New Roman'; mso-hansi-font-family: Calibri; mso-bidi-font-family: Calibri; color: black; mso-ansi-language: ES; mso-fareast-language: ES;\">18\/09\/2020<\/span><\/p>\n<\/td>\n<\/tr>\n<\/tbody>\n<\/table>\n","protected":false},"excerpt":{"rendered":"Si invitano tutti i connazionali temporaneamente presenti in Per\u00f9 a qualsiasi titolo a registrare la loro presenza sul portale \u201cDove Siamo nel Mondo\u201d (https:\/\/www.dovesiamonelmondo.it\/home.html) e a consultare regolarmente la pagina di Viaggiare Sicuri (http:\/\/www.viaggiaresicuri.it\/country\/PER). Per approfondimenti sui rientri in Italia e per scaricare l\u2019Autocertificazione per l\u2019ingresso in Italia consultare il sito del Ministro degli Esteri [&hellip;]","protected":false},"author":1,"featured_media":0,"comment_status":"closed","ping_status":"closed","sticky":false,"template":"","format":"standard","meta":{"footnotes":""},"tags":[],"class_list":["post-1042","post","type-post","status-publish","format-standard","hentry"],"_links":{"self":[{"href":"https:\/\/amblima.esteri.it\/it\/wp-json\/wp\/v2\/posts\/1042","targetHints":{"allow":["GET"]}}],"collection":[{"href":"https:\/\/amblima.esteri.it\/it\/wp-json\/wp\/v2\/posts"}],"about":[{"href":"https:\/\/amblima.esteri.it\/it\/wp-json\/wp\/v2\/types\/post"}],"author":[{"embeddable":true,"href":"https:\/\/amblima.esteri.it\/it\/wp-json\/wp\/v2\/users\/1"}],"replies":[{"embeddable":true,"href":"https:\/\/amblima.esteri.it\/it\/wp-json\/wp\/v2\/comments?post=1042"}],"version-history":[{"count":6,"href":"https:\/\/amblima.esteri.it\/it\/wp-json\/wp\/v2\/posts\/1042\/revisions"}],"predecessor-version":[{"id":7576,"href":"https:\/\/amblima.esteri.it\/it\/wp-json\/wp\/v2\/posts\/1042\/revisions\/7576"}],"wp:attachment":[{"href":"https:\/\/amblima.esteri.it\/it\/wp-json\/wp\/v2\/media?parent=1042"}],"wp:term":[{"taxonomy":"post_tag","embeddable":true,"href":"https:\/\/amblima.esteri.it\/it\/wp-json\/wp\/v2\/tags?post=1042"}],"curies":[{"name":"wp","href":"https:\/\/api.w.org\/{rel}","templated":true}]}}