{"id":2060,"date":"2016-04-14T22:11:04","date_gmt":"2016-04-15T03:11:04","guid":{"rendered":"https:\/\/amblima.esteri.it\/news\/dall_ambasciata\/2016\/04\/iniziativa-millennials-lab\/"},"modified":"2016-04-14T22:11:04","modified_gmt":"2016-04-15T03:11:04","slug":"iniziativa-millennials-lab","status":"publish","type":"post","link":"https:\/\/amblima.esteri.it\/it\/news\/dall_ambasciata\/2016\/04\/iniziativa-millennials-lab\/","title":{"rendered":"INIZIATIVA &#8220;MILLENNIALS LAB\u201d, DEDICATA ALL&#8217;EUROPA, UNIVERSIT\u00c0 DI SIENA, 13-18 MAGGIO 2016"},"content":{"rendered":"<p align=\"justify\">Dal 13 al 18 maggio 2016 si terr\u00e0 presso l&#8217;Universit\u00e0 di Siena il primo &#8216;Millennials Lab&#8217;, dedicato all&#8217;Europa. <\/p>\n<p>Per l&#8217;occasione saranno selezionati 35 &#8220;nativi europei&#8221; che parteciperanno ad una esperienza di formazione nel corso della quale imparare a concepire e sviluppare possibili attivit\u00e0 di aggregazione tra comunit\u00e0 appartenenti a diversi Paesi, su temi centrali per la cittadinanza europea e l&#8217;integrazione del continente. <\/p>\n<p>Particolare attenzione nella selezione dei partecipanti sar\u00e0 data a coloro i quali stiano gi\u00e0 sviluppando &#8220;consapevolezza&#8221; e cambiamento nelle loro rispettive comunit\u00e0: associazioni, fondazioni, universit\u00e0, istituzioni pubbliche e imprese. <\/p>\n<p>Per ulteriori informazioni si prega di visitare il sito: <a href=\"http:\/\/www.siylab.eu\/\" target=\"_blank\" rel=\"noopener\"><em><strong>http:\/\/www.siylab.eu\/<\/strong><\/em><\/a><\/p>\n","protected":false},"excerpt":{"rendered":"Dal 13 al 18 maggio 2016 si terr\u00e0 presso l&#8217;Universit\u00e0 di Siena il primo &#8216;Millennials Lab&#8217;, dedicato all&#8217;Europa. Per l&#8217;occasione saranno selezionati 35 &#8220;nativi europei&#8221; che parteciperanno ad una esperienza di formazione nel corso della quale imparare a concepire e sviluppare possibili attivit\u00e0 di aggregazione tra comunit\u00e0 appartenenti a diversi Paesi, su temi centrali per [&hellip;]","protected":false},"author":1,"featured_media":0,"comment_status":"","ping_status":"","sticky":false,"template":"","format":"standard","meta":{"footnotes":""},"tags":[],"class_list":["post-2060","post","type-post","status-publish","format-standard","hentry"],"_links":{"self":[{"href":"https:\/\/amblima.esteri.it\/it\/wp-json\/wp\/v2\/posts\/2060","targetHints":{"allow":["GET"]}}],"collection":[{"href":"https:\/\/amblima.esteri.it\/it\/wp-json\/wp\/v2\/posts"}],"about":[{"href":"https:\/\/amblima.esteri.it\/it\/wp-json\/wp\/v2\/types\/post"}],"author":[{"embeddable":true,"href":"https:\/\/amblima.esteri.it\/it\/wp-json\/wp\/v2\/users\/1"}],"replies":[{"embeddable":true,"href":"https:\/\/amblima.esteri.it\/it\/wp-json\/wp\/v2\/comments?post=2060"}],"version-history":[{"count":0,"href":"https:\/\/amblima.esteri.it\/it\/wp-json\/wp\/v2\/posts\/2060\/revisions"}],"wp:attachment":[{"href":"https:\/\/amblima.esteri.it\/it\/wp-json\/wp\/v2\/media?parent=2060"}],"wp:term":[{"taxonomy":"post_tag","embeddable":true,"href":"https:\/\/amblima.esteri.it\/it\/wp-json\/wp\/v2\/tags?post=2060"}],"curies":[{"name":"wp","href":"https:\/\/api.w.org\/{rel}","templated":true}]}}