{"id":3929,"date":"2024-01-29T23:54:13","date_gmt":"2024-01-30T04:54:13","guid":{"rendered":"https:\/\/amblima.esteri.it\/?p=3929"},"modified":"2024-01-29T23:54:13","modified_gmt":"2024-01-30T04:54:13","slug":"peru-aggiornamento-situazione-di-sicurezza","status":"publish","type":"post","link":"https:\/\/amblima.esteri.it\/it\/news\/dall_ambasciata\/2024\/01\/peru-aggiornamento-situazione-di-sicurezza\/","title":{"rendered":"PERU&#8217;: AGGIORNAMENTO SITUAZIONE DI SICUREZZA"},"content":{"rendered":"<div class=\"col-12 mt-5 fst-italic\"><span style=\"text-decoration: underline;\"><strong>29.01.2024<\/strong><\/span><\/div>\n<div class=\"col-12 title\"><strong>PERU&#8217;: situazione di sicurezza.<\/strong><\/div>\n<div style=\"text-align: justify;\"><\/div>\n<div class=\"col-12\" style=\"text-align: justify;\">A causa dei violenti disordini politici e sociali, che si stanno registrando in Per\u00f9, dopo il fallito Colpo di Stato dell\u2019ex Presidente Castillo, ampie aree del Paese si trovano ancora in stato di emergenza, per minacce all\u2019ordine interno e per terrorismo.<br \/>\nDa ultimo, collettivi rurali spontanei hanno bloccato l\u2019accesso al sito archeologico di <strong>Macchu Picchu<\/strong>, che risulta quindi inaccessibile, in aperta opposizione al Governo centrale. Al momento, la situazione generale di sicurezza nel Distretto di Cusco \u00e8 sotto controllo, tuttavia\u00a0si invitano i connazionali eventualmente presenti in loco ad esercitare <span style=\"text-decoration: underline;\">massima prudenza<\/span>, in vista di un possibile aggravarsi delle proteste e, ove possibile, prevedere altre destinazioni di viaggio.<\/p>\n<p>E&#8217; stato altres\u00ec dichiarato uno specifico stato di emergenza, al momento in vigore fino al 10 marzo 2024, alla frontiera con l\u2019Ecuador, in cui si trovano i dipartimenti di Tumbes, Piura, Cajamarca, Amazonas e Loreto (Decreto Supremo N\u00b0 003-2024-PCM), per narcotraffico e per criminalit\u00e0 organizzata.<\/p><\/div>\n<div class=\"col-12\" style=\"text-align: justify;\">\nE&#8217; stato poi prorogato lo stato d\u2019emergenza nella quasi totalit\u00e0 dei seguenti Dipartimenti: La Libertad fino al 14 febbraio 2024 (Decreto Supremo N\u00b0 002-2024-PCM), Loreto fino al 29 febbraio (Decreto Supremo N\u00b0 147-2023-PCM), Tumbes, Piura e Tacna fino al 10 marzo 2024 (Decreto Supremo N\u00b0 003-2024-PCM), Madre de Dios fino al 1 febbraio 2024\u00a0 (Decreto Supremo N\u00b0 131-2023-PCM), Ayacucho, Huancavelica, Cusco, Jun\u00edn H\u00faanuco, Pasco e Ucayali fino 05 febbraio 2024 (Decreto Supremo N\u00b0 132-2023-PCM e N\u00b0 134-2023-PCM).<\/p>\n<p>Inoltre, alla luce di potenziali nuove ondate di protesta, \u00e8 stato prorogato fino al 5 febbraio 2024 lo stato di emergenza su tutta la rete stradale peruviana (Decreto Supremo N\u00b0 001-2024-PCM): nell\u2019ultima proroga sono stati ampliati i poteri di controllo conferiti all\u2019Esercito e alla Polizia. In questo contesto, si segnala che potrebbe non essere sempre garantita la piena operativit\u00e0 degli aeroporti interni, soprattutto di Cusco, di Arequipa e di Puno.<br \/>\nCon un nuovo Decreto Supremo (N\u00b0130-2023-PCM), le Autorit\u00e0 peruviane hanno dichiarato lo stato di emergenza, con scadenza al 04 febbraio 2024, nei Dipartimenti di Amazonas, \u00c1ncash, Arequipa, Ayacucho, Cajamarca, Huancavelica, Hu\u00e1nuco, Ica, Jun\u00edn, La Libertad, Lambayeque, Lima, Moquegua, Pasco, Piura, San Mart\u00edn, Tacna e Tumbes a causa del concreto pericolo di nuove alluvioni. \u00a0Inoltre, \u00e8 in stato di emergenza fino al 3 febbraio 2024 il Dipartimento di Cusco a causa dei gravi danni delle recenti piogge (Decreto Supremo N\u00ba 135-2023-PCM). Infine, a causa della grave siccit\u00e0 causata dal fenomeno del Ni\u00f1o, sono in stato di emergenza i Dipartimenti di \u00c1ncash, Apur\u00edmac, Arequipa, Ayacucho, Cusco, Huancavelica, Hu\u00e1nuco, Ica, Jun\u00edn, Lima, Pasco, Puno e Tacna fino al 29 febbraio 2024 (Decreto Supremo N\u00b0 142-2023-PCM).<\/p>\n<p>Dato il deterioramento generale della situazione di sicurezza, si invitano i connazionali &#8211; temporaneamente presenti nel Paese o che intendano pianificare un viaggio &#8211; ad evitare per qualsiasi ragione di recarsi nelle zone periferiche delle principali citt\u00e0, cos\u00ec come nelle zone all\u2019interno del Paese o comunque di difficile accesso, ad evitare sempre ogni forma di assembramento, ad adottare estrema prudenza, ad attenersi alle indicazioni delle Autorit\u00e0 locali e a mantenersi in contatto con le Forze dell\u2019Ordine del luogo in cui ci si trovi, in modo da poter essere pi\u00f9 facilmente raggiunti in caso di emergenza. I viaggiatori possono, inoltre, scaricare l&#8217;applicazione della Polizia Turistica del Per\u00f9 sul proprio smartphone o laptop (POLTUR Central Lima 01 4601060; IPER\u00da WhatsApp +51 944492314; mail <a href=\"mailto:proteccionalturista@mincetur.gob.pe\" target=\"_blank\" rel=\"noopener\">proteccionalturista@mincetur.gob.pe<\/a> ).<\/p>\n<p>Si invitano, parimenti, tutti i connazionali temporaneamente presenti a scaricare la APP \u201cUnit\u00e0 di Crisi\u201d, attivando la geolocalizzazione, e a registrare il proprio viaggio sul sito \u201cDove Siamo nel Mondo\u201d. Per comprovate emergenze, l&#8217;Ambasciata a Lima \u00e8 reperibile 24\/7 al\u00a0 numero di emergenza +51 997232073.<\/p><\/div>\n","protected":false},"excerpt":{"rendered":"29.01.2024 PERU&#8217;: situazione di sicurezza. A causa dei violenti disordini politici e sociali, che si stanno registrando in Per\u00f9, dopo il fallito Colpo di Stato dell\u2019ex Presidente Castillo, ampie aree del Paese si trovano ancora in stato di emergenza, per minacce all\u2019ordine interno e per terrorismo. Da ultimo, collettivi rurali spontanei hanno bloccato l\u2019accesso al [&hellip;]","protected":false},"author":6,"featured_media":0,"comment_status":"closed","ping_status":"closed","sticky":false,"template":"","format":"standard","meta":{"footnotes":""},"tags":[],"class_list":["post-3929","post","type-post","status-publish","format-standard","hentry"],"_links":{"self":[{"href":"https:\/\/amblima.esteri.it\/it\/wp-json\/wp\/v2\/posts\/3929","targetHints":{"allow":["GET"]}}],"collection":[{"href":"https:\/\/amblima.esteri.it\/it\/wp-json\/wp\/v2\/posts"}],"about":[{"href":"https:\/\/amblima.esteri.it\/it\/wp-json\/wp\/v2\/types\/post"}],"author":[{"embeddable":true,"href":"https:\/\/amblima.esteri.it\/it\/wp-json\/wp\/v2\/users\/6"}],"replies":[{"embeddable":true,"href":"https:\/\/amblima.esteri.it\/it\/wp-json\/wp\/v2\/comments?post=3929"}],"version-history":[{"count":2,"href":"https:\/\/amblima.esteri.it\/it\/wp-json\/wp\/v2\/posts\/3929\/revisions"}],"predecessor-version":[{"id":3932,"href":"https:\/\/amblima.esteri.it\/it\/wp-json\/wp\/v2\/posts\/3929\/revisions\/3932"}],"wp:attachment":[{"href":"https:\/\/amblima.esteri.it\/it\/wp-json\/wp\/v2\/media?parent=3929"}],"wp:term":[{"taxonomy":"post_tag","embeddable":true,"href":"https:\/\/amblima.esteri.it\/it\/wp-json\/wp\/v2\/tags?post=3929"}],"curies":[{"name":"wp","href":"https:\/\/api.w.org\/{rel}","templated":true}]}}