{"id":5217,"date":"2024-09-23T09:58:52","date_gmt":"2024-09-23T14:58:52","guid":{"rendered":"https:\/\/amblima.esteri.it\/?p=5217"},"modified":"2024-09-23T10:00:29","modified_gmt":"2024-09-23T15:00:29","slug":"sds-tripodi-in-peru-inaugura-anno-scolastico-australe-e-incontra-la-comunita-italiana","status":"publish","type":"post","link":"https:\/\/amblima.esteri.it\/it\/news\/dall_ambasciata\/2024\/09\/sds-tripodi-in-peru-inaugura-anno-scolastico-australe-e-incontra-la-comunita-italiana\/","title":{"rendered":"SdS Tripodi in Peru\u2019 inaugura anno scolastico australe e incontra la comunit\u00e0 italiana"},"content":{"rendered":"<p style=\"text-align: justify;\">Il Sottosegretario di Stato agli Affari Esteri e alla Cooperazione Internazionale Maria Tripodi, in missione in Peru\u2019 per una visita di due giorni, accompagnata dall\u2019Ambasciatore Massimiliano Mazzanti , \u00e8 intervenuta alla Cerimonia di apertura dell\u2019anno scolastico australe delle scuole italiane \u201cAntonio Raimondi\u201d e \u201cDante Alighieri\u201d tenutasi a Lima.<\/p>\n<p style=\"text-align: justify;\">\u201c Non posso nascondere una certa emozione nel vedere riunita cos\u00ec tanta giovent\u00f9, a conferma della qualit\u00e0 espressa dai nostri due istituti scolastici, unit\u00e0 ai valori educativi che i docenti sono riusciti a trasmettere agli studenti\u201d, ha affermato il SdS. Per poi proseguire -\u201c La mia missione in Per\u00f9, avviene in un anno caratterizzato da importanti ricorrenze. Tra queste il Bicentenario dalla nascita proprio di Antonio Raimondi, esploratore, ricercatore, scienziato, il primo a concepire un nuovo modello educativo, realizzando quella fusione fra la cultura italiana e peruviana che oggi trova qui l\u2019espressione pi\u00f9 alta. La scuola \u00e8 studio, conoscenza, apprendimento del sapere.<\/p>\n<p style=\"text-align: justify;\">Teatro di crescita civile dove si forma la classe dirigente del Paese, ed \u00e8 libert\u00e0, perch\u00e9 care ragazze e ragazzi, la cultura rende liberi. Sognate in grande!\u201d Il SdS ha successivamente visitato il sito archeologico precolombiano della Huaca Pucllana e ha incontrato il Sindaco di Miraflores Carlos Canales e a latere numerosi rappresentanti del Sistema Italia: Comites, CGIE e Camera di Commercio.<\/p>\n<p>Articolo: <a href=\"https:\/\/www.esteri.it\/it\/sala_stampa\/archivionotizie\/comunicati\/2024\/09\/farnesina-sds-tripodi-in-peru-inaugura-anno-scolastico-australe-e-incontra-ministro-della-cultura-e-comunita-italiana\/\">Farnesina<\/a><\/p>\n","protected":false},"excerpt":{"rendered":"Il Sottosegretario di Stato agli Affari Esteri e alla Cooperazione Internazionale Maria Tripodi, in missione in Peru\u2019 per una visita di due giorni, accompagnata dall\u2019Ambasciatore Massimiliano Mazzanti , \u00e8 intervenuta alla Cerimonia di apertura dell\u2019anno scolastico australe delle scuole italiane \u201cAntonio Raimondi\u201d e \u201cDante Alighieri\u201d tenutasi a Lima. \u201c Non posso nascondere una certa emozione [&hellip;]","protected":false},"author":6,"featured_media":5218,"comment_status":"closed","ping_status":"closed","sticky":false,"template":"","format":"standard","meta":{"footnotes":""},"tags":[],"class_list":["post-5217","post","type-post","status-publish","format-standard","has-post-thumbnail","hentry"],"_links":{"self":[{"href":"https:\/\/amblima.esteri.it\/it\/wp-json\/wp\/v2\/posts\/5217","targetHints":{"allow":["GET"]}}],"collection":[{"href":"https:\/\/amblima.esteri.it\/it\/wp-json\/wp\/v2\/posts"}],"about":[{"href":"https:\/\/amblima.esteri.it\/it\/wp-json\/wp\/v2\/types\/post"}],"author":[{"embeddable":true,"href":"https:\/\/amblima.esteri.it\/it\/wp-json\/wp\/v2\/users\/6"}],"replies":[{"embeddable":true,"href":"https:\/\/amblima.esteri.it\/it\/wp-json\/wp\/v2\/comments?post=5217"}],"version-history":[{"count":2,"href":"https:\/\/amblima.esteri.it\/it\/wp-json\/wp\/v2\/posts\/5217\/revisions"}],"predecessor-version":[{"id":5233,"href":"https:\/\/amblima.esteri.it\/it\/wp-json\/wp\/v2\/posts\/5217\/revisions\/5233"}],"wp:featuredmedia":[{"embeddable":true,"href":"https:\/\/amblima.esteri.it\/it\/wp-json\/wp\/v2\/media\/5218"}],"wp:attachment":[{"href":"https:\/\/amblima.esteri.it\/it\/wp-json\/wp\/v2\/media?parent=5217"}],"wp:term":[{"taxonomy":"post_tag","embeddable":true,"href":"https:\/\/amblima.esteri.it\/it\/wp-json\/wp\/v2\/tags?post=5217"}],"curies":[{"name":"wp","href":"https:\/\/api.w.org\/{rel}","templated":true}]}}