{"id":7538,"date":"2026-03-05T17:04:12","date_gmt":"2026-03-05T22:04:12","guid":{"rendered":"https:\/\/amblima.esteri.it\/?p=7538"},"modified":"2026-03-05T17:04:12","modified_gmt":"2026-03-05T22:04:12","slug":"attenzione-situazione-migratoria-di-cooperanti-in-peru-2","status":"publish","type":"post","link":"https:\/\/amblima.esteri.it\/it\/news\/dall_ambasciata\/2026\/03\/attenzione-situazione-migratoria-di-cooperanti-in-peru-2\/","title":{"rendered":"Attenzione \u2013 Situazione migratoria di cooperanti in Per\u00f9"},"content":{"rendered":"<p style=\"text-align: justify;\">Si comunica ai connazionali residenti in Italia ed intenzionati a recarsi in Per\u00f9 in qualit\u00e0 di volontari, per prendere parte di progetti promossi da ONG o altre entit\u00e0\/istituzioni, che l\u2019iter amministrativo finalizzato ad ottenere il regolare status migratorio in Per\u00f9 \u00e8 a cura degli stessi interessati presso le competenti Autorit\u00e0 peruviane. In particolare, si ricorda che tale situazione migratoria \u00e8 garantita previo ottenimento del relativo visto con categoria \u201cCooperante\u201d presso l\u2019Ambasciata peruviana territorialmente competente.<\/p>\n<p style=\"text-align: justify;\">In tale contesto, occorre segnalare che, sulla base del Decreto Legislativo N\u00ba 1350, Decreto Legislativo di Migraciones, e il Regolamento approvato con Decreto Supremo N.\u00ba 007-2017-IN, lo Stato peruviano valuta la concessione di visto cooperante ai cittadini stranieri previa idonea documentazione attestante le seguenti circostanze:<\/p>\n<ul style=\"text-align: justify;\">\n<li>Persone che, in virt\u00f9 di trattati e convenzioni internazionali, entrano nel territorio peruviano come esperti o volontari in cooperazione.<\/li>\n<li>Membri di enti e istituzioni di cooperazione tecnica internazionale costituiti all&#8217;estero, iscritti nel Registro ENIEX (Entidades e Instituciones de Cooperaci\u00f3n T\u00e9cnica Internacional constituidas en el Extranjero), a cura dell&#8217;Agenzia Peruviana per la Cooperazione Internazionale \u2013 APCI (Agencia Peruana de Cooperaci\u00f3n Internacional).<\/li>\n<li>Cittadini stranieri che svolgono attivit\u00e0 di assistenza, nell&#8217;ambito degli aiuti umanitari o in caso di calamit\u00e0 naturali, debitamente documentati.<\/li>\n<\/ul>\n<p style=\"text-align: justify;\">Al riguardo, si precisa che le Autorit\u00e0 peruviane hanno informato che <strong>non \u00e8 assolutamente<\/strong> possibile richiedere la concessione del visto in loco, comportando cos\u00ec l\u2019irregolarit\u00e0 migratoria per permanenze superiori ai tre mesi in categoria \u201cTuristica\u201d prevista per i cittadini italiani. In proposito, si raccomanda fortemente di assicurarsi circa il tempo limite di permanenza nel Paese autorizzata da Migraciones, tramite l\u2019apposita Tajeta Andina de Migraci\u00f3n (TAM) Virtual consultabile al seguente link : <a href=\"https:\/\/cel.migraciones.gob.pe\/ConsultaTAMVirtual\/VerificarTAM\">https:\/\/cel.migraciones.gob.pe\/ConsultaTAMVirtual\/VerificarTAM<\/a><\/p>\n<p style=\"text-align: justify;\"><a href=\"https:\/\/amblima.esteri.it\/it\/news\/dall_ambasciata\/2025\/10\/attenzione-situazione-migratoria-di-cooperanti-in-peru\/\">Comunicato del 20\/10\/2025<\/a><\/p>\n","protected":false},"excerpt":{"rendered":"Si comunica ai connazionali residenti in Italia ed intenzionati a recarsi in Per\u00f9 in qualit\u00e0 di volontari, per prendere parte di progetti promossi da ONG o altre entit\u00e0\/istituzioni, che l\u2019iter amministrativo finalizzato ad ottenere il regolare status migratorio in Per\u00f9 \u00e8 a cura degli stessi interessati presso le competenti Autorit\u00e0 peruviane. In particolare, si ricorda [&hellip;]","protected":false},"author":6,"featured_media":0,"comment_status":"closed","ping_status":"closed","sticky":false,"template":"","format":"standard","meta":{"footnotes":""},"tags":[],"class_list":["post-7538","post","type-post","status-publish","format-standard","hentry"],"_links":{"self":[{"href":"https:\/\/amblima.esteri.it\/it\/wp-json\/wp\/v2\/posts\/7538","targetHints":{"allow":["GET"]}}],"collection":[{"href":"https:\/\/amblima.esteri.it\/it\/wp-json\/wp\/v2\/posts"}],"about":[{"href":"https:\/\/amblima.esteri.it\/it\/wp-json\/wp\/v2\/types\/post"}],"author":[{"embeddable":true,"href":"https:\/\/amblima.esteri.it\/it\/wp-json\/wp\/v2\/users\/6"}],"replies":[{"embeddable":true,"href":"https:\/\/amblima.esteri.it\/it\/wp-json\/wp\/v2\/comments?post=7538"}],"version-history":[{"count":1,"href":"https:\/\/amblima.esteri.it\/it\/wp-json\/wp\/v2\/posts\/7538\/revisions"}],"predecessor-version":[{"id":7541,"href":"https:\/\/amblima.esteri.it\/it\/wp-json\/wp\/v2\/posts\/7538\/revisions\/7541"}],"wp:attachment":[{"href":"https:\/\/amblima.esteri.it\/it\/wp-json\/wp\/v2\/media?parent=7538"}],"wp:term":[{"taxonomy":"post_tag","embeddable":true,"href":"https:\/\/amblima.esteri.it\/it\/wp-json\/wp\/v2\/tags?post=7538"}],"curies":[{"name":"wp","href":"https:\/\/api.w.org\/{rel}","templated":true}]}}